{"id":460725,"date":"2026-04-29T03:18:07","date_gmt":"2026-04-29T06:18:07","guid":{"rendered":"https:\/\/portaltela.pt\/noticias\/2026\/04\/29\/conflito-na-universidade-nova-da-guerra-dos-nomes-a-luta-de-poder\/"},"modified":"2026-04-29T03:18:07","modified_gmt":"2026-04-29T06:18:07","slug":"conflito-na-universidade-nova-da-guerra-dos-nomes-a-luta-de-poder","status":"publish","type":"post","link":"https:\/\/portaltela.pt\/sociedade\/2026\/04\/29\/conflito-na-universidade-nova-da-guerra-dos-nomes-a-luta-de-poder\/","title":{"rendered":"Conflito na Universidade Nova: da guerra dos nomes \u00e0 luta de poder"},"content":{"rendered":"<p>A pol\u00e9mica que envolve a Universidade Nova de Lisboa mant\u00e9m-se em reprodu\u00e7\u00e3o, com a designa\u00e7\u00e3o de um novo reitor sob escrut\u00ednio interno. O debate cruza epis\u00f3dios de poder entre a administra\u00e7\u00e3o central e as escolas que integram o complexo universit\u00e1rio.<\/p>\n<p>Entre as refer\u00eancias p\u00fablicas, o atual reitor rejeita qualquer ideia de que possa haver limita\u00e7\u00e3o de autonomia para as unidades org\u00e2nicas, enquanto dirigentes acad\u00e9micos criticam a gest\u00e3o e a lideran\u00e7a. A tens\u00e3o \u00e9 descrita como nunca vista no universo acad\u00e9mico da institui\u00e7\u00e3o.<\/p>\n<h3>Desdobramentos da crise<\/h3>\n<p>Candidatos \u00e0s elei\u00e7\u00f5es para reitor solicitaram a marca\u00e7\u00e3o de nova data, argumentando necessidade de processos transparentes e inclusivos. A disputa envolve v\u00e1rias escolas, com impacto na governa\u00e7\u00e3o interna da Nova e no planeamento institucional.<\/p>\n<p>A discuss\u00e3o j\u00e1 ganhou protagonismo medi\u00e1tico e acad\u00e9mico, com diversas perspetivas sobre a rela\u00e7\u00e3o entre r\u00e9gia e autonomia acad\u00e9mica. A comunidade universit\u00e1ria aguarda clarifica\u00e7\u00f5es oficiais sobre os pr\u00f3ximos passos do processo de elei\u00e7\u00e3o.<\/p>\n","protected":false},"excerpt":{"rendered":"<ul>\n<li>A pol\u00e9mica entre o reitor e os diretores da Universidade Nova aumenta, com Amaro de Matos a afirmar que o reitor n\u00e3o \u00e9 patr\u00e3o dos diretores.<\/li>\n<li>Jos\u00e9 Alferes descreve uma crispa\u00e7\u00e3o na institui\u00e7\u00e3o como nunca antes vista.<\/li>\n<li>O reitor garante que retirar autonomia a unidades org\u00e2nicas nunca esteve em cima da mesa.<\/li>\n<li>A discuss\u00e3o sobre as elei\u00e7\u00f5es para reitor da Universidade Nova continua, com os candidatos a pedir nova data.<\/li>\n<li>A situa\u00e7\u00e3o envolve a Universidade Nova (Carcavelos) e o processo eleitoral em curso.<\/li>\n<\/ul>\n","protected":false},"author":2,"featured_media":460730,"comment_status":"closed","ping_status":"closed","sticky":false,"template":"","format":"standard","meta":{"footnotes":""},"categories":[1,6871],"tags":[7927,7795,7997,7952,7913,58],"class_list":["post-460725","post","type-post","status-publish","format-standard","has-post-thumbnail","hentry","category-noticias","category-sociedade","tag-_administracao-publica","tag-_educacao","tag-_gestao","tag-_governo","tag-_politica","tag-universidades"],"yoast_head":"<!-- This site is optimized with the Yoast SEO plugin v27.2 - https:\/\/yoast.com\/product\/yoast-seo-wordpress\/ -->\n<title>Conflito na Universidade Nova: da guerra dos nomes \u00e0 luta de poder - Portal Tela Portugal<\/title>\n<meta name=\"robots\" content=\"index, follow, max-snippet:-1, max-image-preview:large, max-video-preview:-1\" \/>\n<meta property=\"og:locale\" content=\"pt_PT\" \/>\n<meta property=\"og:type\" content=\"article\" \/>\n<meta property=\"og:title\" content=\"Conflito na Universidade Nova: da guerra dos nomes \u00e0 luta de poder - Portal Tela Portugal\" \/>\n<meta property=\"og:description\" content=\"A pol\u00e9mica entre o reitor e os diretores da Universidade Nova aumenta, com Amaro de Matos a afirmar que o reitor n\u00e3o \u00e9 patr\u00e3o dos diretores. Jos\u00e9 Alferes descreve uma crispa\u00e7\u00e3o na institui\u00e7\u00e3o como nunca antes vista. O reitor garante que retirar autonomia a unidades org\u00e2nicas nunca esteve em cima da mesa. A discuss\u00e3o sobre as elei\u00e7\u00f5es para reitor da Universidade Nova continua, com os candidatos a pedir nova data. A situa\u00e7\u00e3o envolve a Universidade Nova (Carcavelos) e o processo eleitoral em curso.\" \/>\n<meta property=\"og:url\" content=\"https:\/\/portaltela.pt\/noticias\/2026\/04\/29\/conflito-na-universidade-nova-da-guerra-dos-nomes-a-luta-de-poder\/\" \/>\n<meta property=\"og:site_name\" content=\"Portal Tela Portugal\" \/>\n<meta property=\"article:published_time\" content=\"2026-04-29T06:18:07+00:00\" \/>\n<meta name=\"author\" content=\"Telinha\" \/>\n<meta name=\"twitter:card\" content=\"summary_large_image\" \/>\n<meta name=\"twitter:label1\" content=\"Escrito por\" \/>\n\t<meta name=\"twitter:data1\" content=\"Telinha\" \/>\n\t<meta name=\"twitter:label2\" content=\"Tempo estimado de leitura\" \/>\n\t<meta name=\"twitter:data2\" content=\"1 minuto\" \/>\n<script type=\"application\/ld+json\" class=\"yoast-schema-graph\">{\"@context\":\"https:\/\/schema.org\",\"@graph\":[{\"@type\":\"Article\",\"@id\":\"https:\/\/portaltela.pt\/noticias\/2026\/04\/29\/conflito-na-universidade-nova-da-guerra-dos-nomes-a-luta-de-poder\/#article\",\"isPartOf\":{\"@id\":\"https:\/\/portaltela.pt\/noticias\/2026\/04\/29\/conflito-na-universidade-nova-da-guerra-dos-nomes-a-luta-de-poder\/\"},\"author\":{\"name\":\"Telinha\",\"@id\":\"https:\/\/portaltela.pt\/#\/schema\/person\/c4278d4a6028830caff9ee44b42d32ed\"},\"headline\":\"Conflito na Universidade Nova: da guerra dos nomes \u00e0 luta de poder\",\"datePublished\":\"2026-04-29T06:18:07+00:00\",\"mainEntityOfPage\":{\"@id\":\"https:\/\/portaltela.pt\/noticias\/2026\/04\/29\/conflito-na-universidade-nova-da-guerra-dos-nomes-a-luta-de-poder\/\"},\"wordCount\":194,\"image\":{\"@id\":\"https:\/\/portaltela.pt\/noticias\/2026\/04\/29\/conflito-na-universidade-nova-da-guerra-dos-nomes-a-luta-de-poder\/#primaryimage\"},\"thumbnailUrl\":\"https:\/\/portaltela.pt\/s.01k8rhncp4jt1\/2026\/04\/2084705.jpg\",\"keywords\":[\"_administra\u00e7\u00e3o p\u00fablica\",\"_educa\u00e7\u00e3o\",\"_gest\u00e3o\",\"_governo\",\"_pol\u00edtica\",\"universidades\"],\"articleSection\":[\"Not\u00edcias\",\"Sociedade\"],\"inLanguage\":\"pt-PT\"},{\"@type\":\"WebPage\",\"@id\":\"https:\/\/portaltela.pt\/noticias\/2026\/04\/29\/conflito-na-universidade-nova-da-guerra-dos-nomes-a-luta-de-poder\/\",\"url\":\"https:\/\/portaltela.pt\/noticias\/2026\/04\/29\/conflito-na-universidade-nova-da-guerra-dos-nomes-a-luta-de-poder\/\",\"name\":\"Conflito na Universidade Nova: da guerra dos nomes \u00e0 luta de poder - Portal Tela Portugal\",\"isPartOf\":{\"@id\":\"https:\/\/portaltela.pt\/#website\"},\"primaryImageOfPage\":{\"@id\":\"https:\/\/portaltela.pt\/noticias\/2026\/04\/29\/conflito-na-universidade-nova-da-guerra-dos-nomes-a-luta-de-poder\/#primaryimage\"},\"image\":{\"@id\":\"https:\/\/portaltela.pt\/noticias\/2026\/04\/29\/conflito-na-universidade-nova-da-guerra-dos-nomes-a-luta-de-poder\/#primaryimage\"},\"thumbnailUrl\":\"https:\/\/portaltela.pt\/s.01k8rhncp4jt1\/2026\/04\/2084705.jpg\",\"datePublished\":\"2026-04-29T06:18:07+00:00\",\"author\":{\"@id\":\"https:\/\/portaltela.pt\/#\/schema\/person\/c4278d4a6028830caff9ee44b42d32ed\"},\"breadcrumb\":{\"@id\":\"https:\/\/portaltela.pt\/noticias\/2026\/04\/29\/conflito-na-universidade-nova-da-guerra-dos-nomes-a-luta-de-poder\/#breadcrumb\"},\"inLanguage\":\"pt-PT\",\"potentialAction\":[{\"@type\":\"ReadAction\",\"target\":[\"https:\/\/portaltela.pt\/noticias\/2026\/04\/29\/conflito-na-universidade-nova-da-guerra-dos-nomes-a-luta-de-poder\/\"]}]},{\"@type\":\"ImageObject\",\"inLanguage\":\"pt-PT\",\"@id\":\"https:\/\/portaltela.pt\/noticias\/2026\/04\/29\/conflito-na-universidade-nova-da-guerra-dos-nomes-a-luta-de-poder\/#primaryimage\",\"url\":\"https:\/\/portaltela.pt\/s.01k8rhncp4jt1\/2026\/04\/2084705.jpg\",\"contentUrl\":\"https:\/\/portaltela.pt\/s.01k8rhncp4jt1\/2026\/04\/2084705.jpg\",\"width\":796,\"height\":448,\"caption\":\"MAM Maria Abranches - 12 Abril 2023 - PORTUGAL, Cascais, Carcavelos - Edificio da Nova SBE, Nova School of Business and Economics (Faculdade de Economia da Universidade Nova de Lisboa), estudantes\"},{\"@type\":\"BreadcrumbList\",\"@id\":\"https:\/\/portaltela.pt\/noticias\/2026\/04\/29\/conflito-na-universidade-nova-da-guerra-dos-nomes-a-luta-de-poder\/#breadcrumb\",\"itemListElement\":[{\"@type\":\"ListItem\",\"position\":1,\"name\":\"In\u00edcio\",\"item\":\"https:\/\/portaltela.pt\/\"},{\"@type\":\"ListItem\",\"position\":2,\"name\":\"Conflito na Universidade Nova: da guerra dos nomes \u00e0 luta de poder\"}]},{\"@type\":\"WebSite\",\"@id\":\"https:\/\/portaltela.pt\/#website\",\"url\":\"https:\/\/portaltela.pt\/\",\"name\":\"Portal Tela Portugal\",\"description\":\"\",\"potentialAction\":[{\"@type\":\"SearchAction\",\"target\":{\"@type\":\"EntryPoint\",\"urlTemplate\":\"https:\/\/portaltela.pt\/?s={search_term_string}\"},\"query-input\":{\"@type\":\"PropertyValueSpecification\",\"valueRequired\":true,\"valueName\":\"search_term_string\"}}],\"inLanguage\":\"pt-PT\"},{\"@type\":\"Person\",\"@id\":\"https:\/\/portaltela.pt\/#\/schema\/person\/c4278d4a6028830caff9ee44b42d32ed\",\"name\":\"Telinha\",\"image\":{\"@type\":\"ImageObject\",\"inLanguage\":\"pt-PT\",\"@id\":\"https:\/\/portaltela.pt\/s.01k8rhncp4jt1\/2025\/11\/talking-bot-125x125.png\",\"url\":\"https:\/\/portaltela.pt\/s.01k8rhncp4jt1\/2025\/11\/talking-bot-125x125.png\",\"contentUrl\":\"https:\/\/portaltela.pt\/s.01k8rhncp4jt1\/2025\/11\/talking-bot-125x125.png\",\"caption\":\"Telinha\"},\"sameAs\":[\"https:\/\/portaltela.pt\/\"],\"url\":\"https:\/\/portaltela.pt\/por\/367410592786\/\"}]}<\/script>\n<!-- \/ Yoast SEO plugin. -->","yoast_head_json":{"title":"Conflito na Universidade Nova: da guerra dos nomes \u00e0 luta de poder - Portal Tela Portugal","robots":{"index":"index","follow":"follow","max-snippet":"max-snippet:-1","max-image-preview":"max-image-preview:large","max-video-preview":"max-video-preview:-1"},"og_locale":"pt_PT","og_type":"article","og_title":"Conflito na Universidade Nova: da guerra dos nomes \u00e0 luta de poder - Portal Tela Portugal","og_description":"A pol\u00e9mica entre o reitor e os diretores da Universidade Nova aumenta, com Amaro de Matos a afirmar que o reitor n\u00e3o \u00e9 patr\u00e3o dos diretores. Jos\u00e9 Alferes descreve uma crispa\u00e7\u00e3o na institui\u00e7\u00e3o como nunca antes vista. O reitor garante que retirar autonomia a unidades org\u00e2nicas nunca esteve em cima da mesa. A discuss\u00e3o sobre as elei\u00e7\u00f5es para reitor da Universidade Nova continua, com os candidatos a pedir nova data. A situa\u00e7\u00e3o envolve a Universidade Nova (Carcavelos) e o processo eleitoral em curso.","og_url":"https:\/\/portaltela.pt\/noticias\/2026\/04\/29\/conflito-na-universidade-nova-da-guerra-dos-nomes-a-luta-de-poder\/","og_site_name":"Portal Tela Portugal","article_published_time":"2026-04-29T06:18:07+00:00","author":"Telinha","twitter_card":"summary_large_image","twitter_misc":{"Escrito por":"Telinha","Tempo estimado de leitura":"1 minuto"},"schema":{"@context":"https:\/\/schema.org","@graph":[{"@type":"Article","@id":"https:\/\/portaltela.pt\/noticias\/2026\/04\/29\/conflito-na-universidade-nova-da-guerra-dos-nomes-a-luta-de-poder\/#article","isPartOf":{"@id":"https:\/\/portaltela.pt\/noticias\/2026\/04\/29\/conflito-na-universidade-nova-da-guerra-dos-nomes-a-luta-de-poder\/"},"author":{"name":"Telinha","@id":"https:\/\/portaltela.pt\/#\/schema\/person\/c4278d4a6028830caff9ee44b42d32ed"},"headline":"Conflito na Universidade Nova: da guerra dos nomes \u00e0 luta de poder","datePublished":"2026-04-29T06:18:07+00:00","mainEntityOfPage":{"@id":"https:\/\/portaltela.pt\/noticias\/2026\/04\/29\/conflito-na-universidade-nova-da-guerra-dos-nomes-a-luta-de-poder\/"},"wordCount":194,"image":{"@id":"https:\/\/portaltela.pt\/noticias\/2026\/04\/29\/conflito-na-universidade-nova-da-guerra-dos-nomes-a-luta-de-poder\/#primaryimage"},"thumbnailUrl":"https:\/\/portaltela.pt\/s.01k8rhncp4jt1\/2026\/04\/2084705.jpg","keywords":["_administra\u00e7\u00e3o p\u00fablica","_educa\u00e7\u00e3o","_gest\u00e3o","_governo","_pol\u00edtica","universidades"],"articleSection":["Not\u00edcias","Sociedade"],"inLanguage":"pt-PT"},{"@type":"WebPage","@id":"https:\/\/portaltela.pt\/noticias\/2026\/04\/29\/conflito-na-universidade-nova-da-guerra-dos-nomes-a-luta-de-poder\/","url":"https:\/\/portaltela.pt\/noticias\/2026\/04\/29\/conflito-na-universidade-nova-da-guerra-dos-nomes-a-luta-de-poder\/","name":"Conflito na Universidade Nova: da guerra dos nomes \u00e0 luta de poder - Portal Tela Portugal","isPartOf":{"@id":"https:\/\/portaltela.pt\/#website"},"primaryImageOfPage":{"@id":"https:\/\/portaltela.pt\/noticias\/2026\/04\/29\/conflito-na-universidade-nova-da-guerra-dos-nomes-a-luta-de-poder\/#primaryimage"},"image":{"@id":"https:\/\/portaltela.pt\/noticias\/2026\/04\/29\/conflito-na-universidade-nova-da-guerra-dos-nomes-a-luta-de-poder\/#primaryimage"},"thumbnailUrl":"https:\/\/portaltela.pt\/s.01k8rhncp4jt1\/2026\/04\/2084705.jpg","datePublished":"2026-04-29T06:18:07+00:00","author":{"@id":"https:\/\/portaltela.pt\/#\/schema\/person\/c4278d4a6028830caff9ee44b42d32ed"},"breadcrumb":{"@id":"https:\/\/portaltela.pt\/noticias\/2026\/04\/29\/conflito-na-universidade-nova-da-guerra-dos-nomes-a-luta-de-poder\/#breadcrumb"},"inLanguage":"pt-PT","potentialAction":[{"@type":"ReadAction","target":["https:\/\/portaltela.pt\/noticias\/2026\/04\/29\/conflito-na-universidade-nova-da-guerra-dos-nomes-a-luta-de-poder\/"]}]},{"@type":"ImageObject","inLanguage":"pt-PT","@id":"https:\/\/portaltela.pt\/noticias\/2026\/04\/29\/conflito-na-universidade-nova-da-guerra-dos-nomes-a-luta-de-poder\/#primaryimage","url":"https:\/\/portaltela.pt\/s.01k8rhncp4jt1\/2026\/04\/2084705.jpg","contentUrl":"https:\/\/portaltela.pt\/s.01k8rhncp4jt1\/2026\/04\/2084705.jpg","width":796,"height":448,"caption":"MAM Maria Abranches - 12 Abril 2023 - PORTUGAL, Cascais, Carcavelos - Edificio da Nova SBE, Nova School of Business and Economics (Faculdade de Economia da Universidade Nova de Lisboa), estudantes"},{"@type":"BreadcrumbList","@id":"https:\/\/portaltela.pt\/noticias\/2026\/04\/29\/conflito-na-universidade-nova-da-guerra-dos-nomes-a-luta-de-poder\/#breadcrumb","itemListElement":[{"@type":"ListItem","position":1,"name":"In\u00edcio","item":"https:\/\/portaltela.pt\/"},{"@type":"ListItem","position":2,"name":"Conflito na Universidade Nova: da guerra dos nomes \u00e0 luta de poder"}]},{"@type":"WebSite","@id":"https:\/\/portaltela.pt\/#website","url":"https:\/\/portaltela.pt\/","name":"Portal Tela Portugal","description":"","potentialAction":[{"@type":"SearchAction","target":{"@type":"EntryPoint","urlTemplate":"https:\/\/portaltela.pt\/?s={search_term_string}"},"query-input":{"@type":"PropertyValueSpecification","valueRequired":true,"valueName":"search_term_string"}}],"inLanguage":"pt-PT"},{"@type":"Person","@id":"https:\/\/portaltela.pt\/#\/schema\/person\/c4278d4a6028830caff9ee44b42d32ed","name":"Telinha","image":{"@type":"ImageObject","inLanguage":"pt-PT","@id":"https:\/\/portaltela.pt\/s.01k8rhncp4jt1\/2025\/11\/talking-bot-125x125.png","url":"https:\/\/portaltela.pt\/s.01k8rhncp4jt1\/2025\/11\/talking-bot-125x125.png","contentUrl":"https:\/\/portaltela.pt\/s.01k8rhncp4jt1\/2025\/11\/talking-bot-125x125.png","caption":"Telinha"},"sameAs":["https:\/\/portaltela.pt\/"],"url":"https:\/\/portaltela.pt\/por\/367410592786\/"}]}},"_links":{"self":[{"href":"https:\/\/portaltela.pt\/api\/wp\/v2\/posts\/460725","targetHints":{"allow":["GET"]}}],"collection":[{"href":"https:\/\/portaltela.pt\/api\/wp\/v2\/posts"}],"about":[{"href":"https:\/\/portaltela.pt\/api\/wp\/v2\/types\/post"}],"author":[{"embeddable":true,"href":"https:\/\/portaltela.pt\/api\/wp\/v2\/users\/2"}],"replies":[{"embeddable":true,"href":"https:\/\/portaltela.pt\/api\/wp\/v2\/comments?post=460725"}],"version-history":[{"count":0,"href":"https:\/\/portaltela.pt\/api\/wp\/v2\/posts\/460725\/revisions"}],"wp:featuredmedia":[{"embeddable":true,"href":"https:\/\/portaltela.pt\/api\/wp\/v2\/media\/460730"}],"wp:attachment":[{"href":"https:\/\/portaltela.pt\/api\/wp\/v2\/media?parent=460725"}],"wp:term":[{"taxonomy":"category","embeddable":true,"href":"https:\/\/portaltela.pt\/api\/wp\/v2\/categories?post=460725"},{"taxonomy":"post_tag","embeddable":true,"href":"https:\/\/portaltela.pt\/api\/wp\/v2\/tags?post=460725"}],"curies":[{"name":"wp","href":"https:\/\/api.w.org\/{rel}","templated":true}]}}