{"id":460718,"date":"2026-04-29T03:03:01","date_gmt":"2026-04-29T06:03:01","guid":{"rendered":"https:\/\/portaltela.pt\/noticias\/2026\/04\/29\/marco-silva-agrada-no-benfica-contrato-com-o-fulham-esta-no-fim\/"},"modified":"2026-04-29T03:03:01","modified_gmt":"2026-04-29T06:03:01","slug":"marco-silva-agrada-no-benfica-contrato-com-o-fulham-esta-no-fim","status":"publish","type":"post","link":"https:\/\/portaltela.pt\/desporto\/futebol\/2026\/04\/29\/marco-silva-agrada-no-benfica-contrato-com-o-fulham-esta-no-fim\/","title":{"rendered":"Marco Silva agrada no Benfica; contrato com o Fulham est\u00e1 no fim"},"content":{"rendered":"<p>O Benfica est\u00e1 a avaliar Marco Silva como op\u00e7\u00e3o para o comando t\u00e9cnico, mesmo com a poss\u00edvel continuidade de Jos\u00e9 Mourinho na pr\u00f3xima \u00e9poca. A informa\u00e7\u00e3o aponta para o interesse da dire\u00e7\u00e3o encarnada em ter um treinador preparado para v\u00e1rios cen\u00e1rios.<\/p>\n<p>Quem est\u00e1 envolvido: o diretor-geral M\u00e1rio Branco, que j\u00e1 trabalhou com Marco Silva no Estoril, identifica o t\u00e9cnico do Fulham como perfil adequado para o clube. O portugu\u00eas tem 48 anos e conhece bem o futebol portugu\u00eas.<\/p>\n<p>Quando e onde: Marco Silva encontra-se em fim de contrato com o Fulham, o que alimenta a expectativa sobre uma poss\u00edvel mudan\u00e7a. A avalia\u00e7\u00e3o ocorre no contexto da prepara\u00e7\u00e3o para a temporada seguinte, com o Benfica a analisar alternativas internas e externas.<\/p>\n<p>Porqu\u00ea: o perfil do treinador agrada pela experi\u00eancia no futebol europeu e pela capacidade de se adaptar a diferentes campeonatos, caracter\u00edsticas valorizadas pela dire\u00e7\u00e3o do Benfica. A an\u00e1lise concentra-se na eventual necessidade de uma solu\u00e7\u00e3o para a equipa t\u00e9cnica.<\/p>\n","protected":false},"excerpt":{"rendered":"<ul>\n<li>Marco Silva agrada ao Benfica como poss\u00edvel treinador, caso seja necess\u00e1rio substituir ou refor\u00e7ar o comando t\u00e9cnico.<\/li>\n<li>O t\u00e9cnico do Fulham est\u00e1 em final de contrato, o que facilita a avalia\u00e7\u00e3o de uma poss\u00edvel mudan\u00e7a no futuro.<\/li>\n<li>O perfil do treinador portugu\u00eas \u00e9 visto como adequado pelos respons\u00e1veis do clube, incluindo o diretor-geral M\u00e1rio Branco.<\/li>\n<li>O Benfica j\u00e1 tem Jos\u00e9 Mourinho identificado para a pr\u00f3xima temporada, mantendo a op\u00e7\u00e3o de manter o atual cen\u00e1rio de procura de solu\u00e7\u00f5es.<\/li>\n<li>M\u00e1rio Branco j\u00e1 trabalhou com Marco Silva no Estoril, o que refor\u00e7a a perce\u00e7\u00e3o de familiaridade e conhecimento do futebol portugu\u00eas.<\/li>\n<\/ul>\n","protected":false},"author":2,"featured_media":460719,"comment_status":"closed","ping_status":"closed","sticky":false,"template":"","format":"standard","meta":{"footnotes":""},"categories":[21,24],"tags":[8566,7902,7755,9794,9055,8120],"class_list":["post-460718","post","type-post","status-publish","format-standard","has-post-thumbnail","hentry","category-desporto","category-futebol","tag-_benfica","tag-_desporto","tag-_futebol","tag-_jose-mourinho","tag-_mercado-da-bola","tag-_treinadores"],"yoast_head":"<!-- This site is optimized with the Yoast SEO plugin v27.2 - https:\/\/yoast.com\/product\/yoast-seo-wordpress\/ -->\n<title>Marco Silva agrada no Benfica; contrato com o Fulham est\u00e1 no fim - Portal Tela Portugal<\/title>\n<meta name=\"robots\" content=\"index, follow, max-snippet:-1, max-image-preview:large, max-video-preview:-1\" \/>\n<meta property=\"og:locale\" content=\"pt_PT\" \/>\n<meta property=\"og:type\" content=\"article\" \/>\n<meta property=\"og:title\" content=\"Marco Silva agrada no Benfica; contrato com o Fulham est\u00e1 no fim - Portal Tela Portugal\" \/>\n<meta property=\"og:description\" content=\"Marco Silva agrada ao Benfica como poss\u00edvel treinador, caso seja necess\u00e1rio substituir ou refor\u00e7ar o comando t\u00e9cnico. O t\u00e9cnico do Fulham est\u00e1 em final de contrato, o que facilita a avalia\u00e7\u00e3o de uma poss\u00edvel mudan\u00e7a no futuro. O perfil do treinador portugu\u00eas \u00e9 visto como adequado pelos respons\u00e1veis do clube, incluindo o diretor-geral M\u00e1rio Branco. O Benfica j\u00e1 tem Jos\u00e9 Mourinho identificado para a pr\u00f3xima temporada, mantendo a op\u00e7\u00e3o de manter o atual cen\u00e1rio de procura de solu\u00e7\u00f5es. M\u00e1rio Branco j\u00e1 trabalhou com Marco Silva no Estoril, o que refor\u00e7a a perce\u00e7\u00e3o de familiaridade e conhecimento do futebol portugu\u00eas.\" \/>\n<meta property=\"og:url\" content=\"https:\/\/portaltela.pt\/noticias\/2026\/04\/29\/marco-silva-agrada-no-benfica-contrato-com-o-fulham-esta-no-fim\/\" \/>\n<meta property=\"og:site_name\" content=\"Portal Tela Portugal\" \/>\n<meta property=\"article:published_time\" content=\"2026-04-29T06:03:01+00:00\" \/>\n<meta name=\"author\" content=\"Telinha\" \/>\n<meta name=\"twitter:card\" content=\"summary_large_image\" \/>\n<meta name=\"twitter:label1\" content=\"Escrito por\" \/>\n\t<meta name=\"twitter:data1\" content=\"Telinha\" \/>\n\t<meta name=\"twitter:label2\" content=\"Tempo estimado de leitura\" \/>\n\t<meta name=\"twitter:data2\" content=\"1 minuto\" \/>\n<script type=\"application\/ld+json\" class=\"yoast-schema-graph\">{\"@context\":\"https:\/\/schema.org\",\"@graph\":[{\"@type\":\"Article\",\"@id\":\"https:\/\/portaltela.pt\/noticias\/2026\/04\/29\/marco-silva-agrada-no-benfica-contrato-com-o-fulham-esta-no-fim\/#article\",\"isPartOf\":{\"@id\":\"https:\/\/portaltela.pt\/noticias\/2026\/04\/29\/marco-silva-agrada-no-benfica-contrato-com-o-fulham-esta-no-fim\/\"},\"author\":{\"name\":\"Telinha\",\"@id\":\"https:\/\/portaltela.pt\/#\/schema\/person\/c4278d4a6028830caff9ee44b42d32ed\"},\"headline\":\"Marco Silva agrada no Benfica; contrato com o Fulham est\u00e1 no fim\",\"datePublished\":\"2026-04-29T06:03:01+00:00\",\"mainEntityOfPage\":{\"@id\":\"https:\/\/portaltela.pt\/noticias\/2026\/04\/29\/marco-silva-agrada-no-benfica-contrato-com-o-fulham-esta-no-fim\/\"},\"wordCount\":192,\"image\":{\"@id\":\"https:\/\/portaltela.pt\/noticias\/2026\/04\/29\/marco-silva-agrada-no-benfica-contrato-com-o-fulham-esta-no-fim\/#primaryimage\"},\"thumbnailUrl\":\"https:\/\/portaltela.pt\/s.01k8rhncp4jt1\/2026\/04\/img_920x518uu2025-11-11-19-26-16-2401992.jpg\",\"keywords\":[\"_Benfica\",\"_desporto\",\"_futebol\",\"_Jos\u00e9 Mourinho\",\"_mercado da bola\",\"_treinadores\"],\"articleSection\":[\"Desporto\",\"Futebol\"],\"inLanguage\":\"pt-PT\"},{\"@type\":\"WebPage\",\"@id\":\"https:\/\/portaltela.pt\/noticias\/2026\/04\/29\/marco-silva-agrada-no-benfica-contrato-com-o-fulham-esta-no-fim\/\",\"url\":\"https:\/\/portaltela.pt\/noticias\/2026\/04\/29\/marco-silva-agrada-no-benfica-contrato-com-o-fulham-esta-no-fim\/\",\"name\":\"Marco Silva agrada no Benfica; contrato com o Fulham est\u00e1 no fim - Portal Tela Portugal\",\"isPartOf\":{\"@id\":\"https:\/\/portaltela.pt\/#website\"},\"primaryImageOfPage\":{\"@id\":\"https:\/\/portaltela.pt\/noticias\/2026\/04\/29\/marco-silva-agrada-no-benfica-contrato-com-o-fulham-esta-no-fim\/#primaryimage\"},\"image\":{\"@id\":\"https:\/\/portaltela.pt\/noticias\/2026\/04\/29\/marco-silva-agrada-no-benfica-contrato-com-o-fulham-esta-no-fim\/#primaryimage\"},\"thumbnailUrl\":\"https:\/\/portaltela.pt\/s.01k8rhncp4jt1\/2026\/04\/img_920x518uu2025-11-11-19-26-16-2401992.jpg\",\"datePublished\":\"2026-04-29T06:03:01+00:00\",\"author\":{\"@id\":\"https:\/\/portaltela.pt\/#\/schema\/person\/c4278d4a6028830caff9ee44b42d32ed\"},\"breadcrumb\":{\"@id\":\"https:\/\/portaltela.pt\/noticias\/2026\/04\/29\/marco-silva-agrada-no-benfica-contrato-com-o-fulham-esta-no-fim\/#breadcrumb\"},\"inLanguage\":\"pt-PT\",\"potentialAction\":[{\"@type\":\"ReadAction\",\"target\":[\"https:\/\/portaltela.pt\/noticias\/2026\/04\/29\/marco-silva-agrada-no-benfica-contrato-com-o-fulham-esta-no-fim\/\"]}]},{\"@type\":\"ImageObject\",\"inLanguage\":\"pt-PT\",\"@id\":\"https:\/\/portaltela.pt\/noticias\/2026\/04\/29\/marco-silva-agrada-no-benfica-contrato-com-o-fulham-esta-no-fim\/#primaryimage\",\"url\":\"https:\/\/portaltela.pt\/s.01k8rhncp4jt1\/2026\/04\/img_920x518uu2025-11-11-19-26-16-2401992.jpg\",\"contentUrl\":\"https:\/\/portaltela.pt\/s.01k8rhncp4jt1\/2026\/04\/img_920x518uu2025-11-11-19-26-16-2401992.jpg\",\"width\":796,\"height\":448,\"caption\":\"Marco Silva\"},{\"@type\":\"BreadcrumbList\",\"@id\":\"https:\/\/portaltela.pt\/noticias\/2026\/04\/29\/marco-silva-agrada-no-benfica-contrato-com-o-fulham-esta-no-fim\/#breadcrumb\",\"itemListElement\":[{\"@type\":\"ListItem\",\"position\":1,\"name\":\"In\u00edcio\",\"item\":\"https:\/\/portaltela.pt\/\"},{\"@type\":\"ListItem\",\"position\":2,\"name\":\"Marco Silva agrada no Benfica; contrato com o Fulham est\u00e1 no fim\"}]},{\"@type\":\"WebSite\",\"@id\":\"https:\/\/portaltela.pt\/#website\",\"url\":\"https:\/\/portaltela.pt\/\",\"name\":\"Portal Tela Portugal\",\"description\":\"\",\"potentialAction\":[{\"@type\":\"SearchAction\",\"target\":{\"@type\":\"EntryPoint\",\"urlTemplate\":\"https:\/\/portaltela.pt\/?s={search_term_string}\"},\"query-input\":{\"@type\":\"PropertyValueSpecification\",\"valueRequired\":true,\"valueName\":\"search_term_string\"}}],\"inLanguage\":\"pt-PT\"},{\"@type\":\"Person\",\"@id\":\"https:\/\/portaltela.pt\/#\/schema\/person\/c4278d4a6028830caff9ee44b42d32ed\",\"name\":\"Telinha\",\"image\":{\"@type\":\"ImageObject\",\"inLanguage\":\"pt-PT\",\"@id\":\"https:\/\/portaltela.pt\/s.01k8rhncp4jt1\/2025\/11\/talking-bot-125x125.png\",\"url\":\"https:\/\/portaltela.pt\/s.01k8rhncp4jt1\/2025\/11\/talking-bot-125x125.png\",\"contentUrl\":\"https:\/\/portaltela.pt\/s.01k8rhncp4jt1\/2025\/11\/talking-bot-125x125.png\",\"caption\":\"Telinha\"},\"sameAs\":[\"https:\/\/portaltela.pt\/\"],\"url\":\"https:\/\/portaltela.pt\/por\/367410592786\/\"}]}<\/script>\n<!-- \/ Yoast SEO plugin. -->","yoast_head_json":{"title":"Marco Silva agrada no Benfica; contrato com o Fulham est\u00e1 no fim - Portal Tela Portugal","robots":{"index":"index","follow":"follow","max-snippet":"max-snippet:-1","max-image-preview":"max-image-preview:large","max-video-preview":"max-video-preview:-1"},"og_locale":"pt_PT","og_type":"article","og_title":"Marco Silva agrada no Benfica; contrato com o Fulham est\u00e1 no fim - Portal Tela Portugal","og_description":"Marco Silva agrada ao Benfica como poss\u00edvel treinador, caso seja necess\u00e1rio substituir ou refor\u00e7ar o comando t\u00e9cnico. O t\u00e9cnico do Fulham est\u00e1 em final de contrato, o que facilita a avalia\u00e7\u00e3o de uma poss\u00edvel mudan\u00e7a no futuro. O perfil do treinador portugu\u00eas \u00e9 visto como adequado pelos respons\u00e1veis do clube, incluindo o diretor-geral M\u00e1rio Branco. O Benfica j\u00e1 tem Jos\u00e9 Mourinho identificado para a pr\u00f3xima temporada, mantendo a op\u00e7\u00e3o de manter o atual cen\u00e1rio de procura de solu\u00e7\u00f5es. M\u00e1rio Branco j\u00e1 trabalhou com Marco Silva no Estoril, o que refor\u00e7a a perce\u00e7\u00e3o de familiaridade e conhecimento do futebol portugu\u00eas.","og_url":"https:\/\/portaltela.pt\/noticias\/2026\/04\/29\/marco-silva-agrada-no-benfica-contrato-com-o-fulham-esta-no-fim\/","og_site_name":"Portal Tela Portugal","article_published_time":"2026-04-29T06:03:01+00:00","author":"Telinha","twitter_card":"summary_large_image","twitter_misc":{"Escrito por":"Telinha","Tempo estimado de leitura":"1 minuto"},"schema":{"@context":"https:\/\/schema.org","@graph":[{"@type":"Article","@id":"https:\/\/portaltela.pt\/noticias\/2026\/04\/29\/marco-silva-agrada-no-benfica-contrato-com-o-fulham-esta-no-fim\/#article","isPartOf":{"@id":"https:\/\/portaltela.pt\/noticias\/2026\/04\/29\/marco-silva-agrada-no-benfica-contrato-com-o-fulham-esta-no-fim\/"},"author":{"name":"Telinha","@id":"https:\/\/portaltela.pt\/#\/schema\/person\/c4278d4a6028830caff9ee44b42d32ed"},"headline":"Marco Silva agrada no Benfica; contrato com o Fulham est\u00e1 no fim","datePublished":"2026-04-29T06:03:01+00:00","mainEntityOfPage":{"@id":"https:\/\/portaltela.pt\/noticias\/2026\/04\/29\/marco-silva-agrada-no-benfica-contrato-com-o-fulham-esta-no-fim\/"},"wordCount":192,"image":{"@id":"https:\/\/portaltela.pt\/noticias\/2026\/04\/29\/marco-silva-agrada-no-benfica-contrato-com-o-fulham-esta-no-fim\/#primaryimage"},"thumbnailUrl":"https:\/\/portaltela.pt\/s.01k8rhncp4jt1\/2026\/04\/img_920x518uu2025-11-11-19-26-16-2401992.jpg","keywords":["_Benfica","_desporto","_futebol","_Jos\u00e9 Mourinho","_mercado da bola","_treinadores"],"articleSection":["Desporto","Futebol"],"inLanguage":"pt-PT"},{"@type":"WebPage","@id":"https:\/\/portaltela.pt\/noticias\/2026\/04\/29\/marco-silva-agrada-no-benfica-contrato-com-o-fulham-esta-no-fim\/","url":"https:\/\/portaltela.pt\/noticias\/2026\/04\/29\/marco-silva-agrada-no-benfica-contrato-com-o-fulham-esta-no-fim\/","name":"Marco Silva agrada no Benfica; contrato com o Fulham est\u00e1 no fim - Portal Tela Portugal","isPartOf":{"@id":"https:\/\/portaltela.pt\/#website"},"primaryImageOfPage":{"@id":"https:\/\/portaltela.pt\/noticias\/2026\/04\/29\/marco-silva-agrada-no-benfica-contrato-com-o-fulham-esta-no-fim\/#primaryimage"},"image":{"@id":"https:\/\/portaltela.pt\/noticias\/2026\/04\/29\/marco-silva-agrada-no-benfica-contrato-com-o-fulham-esta-no-fim\/#primaryimage"},"thumbnailUrl":"https:\/\/portaltela.pt\/s.01k8rhncp4jt1\/2026\/04\/img_920x518uu2025-11-11-19-26-16-2401992.jpg","datePublished":"2026-04-29T06:03:01+00:00","author":{"@id":"https:\/\/portaltela.pt\/#\/schema\/person\/c4278d4a6028830caff9ee44b42d32ed"},"breadcrumb":{"@id":"https:\/\/portaltela.pt\/noticias\/2026\/04\/29\/marco-silva-agrada-no-benfica-contrato-com-o-fulham-esta-no-fim\/#breadcrumb"},"inLanguage":"pt-PT","potentialAction":[{"@type":"ReadAction","target":["https:\/\/portaltela.pt\/noticias\/2026\/04\/29\/marco-silva-agrada-no-benfica-contrato-com-o-fulham-esta-no-fim\/"]}]},{"@type":"ImageObject","inLanguage":"pt-PT","@id":"https:\/\/portaltela.pt\/noticias\/2026\/04\/29\/marco-silva-agrada-no-benfica-contrato-com-o-fulham-esta-no-fim\/#primaryimage","url":"https:\/\/portaltela.pt\/s.01k8rhncp4jt1\/2026\/04\/img_920x518uu2025-11-11-19-26-16-2401992.jpg","contentUrl":"https:\/\/portaltela.pt\/s.01k8rhncp4jt1\/2026\/04\/img_920x518uu2025-11-11-19-26-16-2401992.jpg","width":796,"height":448,"caption":"Marco Silva"},{"@type":"BreadcrumbList","@id":"https:\/\/portaltela.pt\/noticias\/2026\/04\/29\/marco-silva-agrada-no-benfica-contrato-com-o-fulham-esta-no-fim\/#breadcrumb","itemListElement":[{"@type":"ListItem","position":1,"name":"In\u00edcio","item":"https:\/\/portaltela.pt\/"},{"@type":"ListItem","position":2,"name":"Marco Silva agrada no Benfica; contrato com o Fulham est\u00e1 no fim"}]},{"@type":"WebSite","@id":"https:\/\/portaltela.pt\/#website","url":"https:\/\/portaltela.pt\/","name":"Portal Tela Portugal","description":"","potentialAction":[{"@type":"SearchAction","target":{"@type":"EntryPoint","urlTemplate":"https:\/\/portaltela.pt\/?s={search_term_string}"},"query-input":{"@type":"PropertyValueSpecification","valueRequired":true,"valueName":"search_term_string"}}],"inLanguage":"pt-PT"},{"@type":"Person","@id":"https:\/\/portaltela.pt\/#\/schema\/person\/c4278d4a6028830caff9ee44b42d32ed","name":"Telinha","image":{"@type":"ImageObject","inLanguage":"pt-PT","@id":"https:\/\/portaltela.pt\/s.01k8rhncp4jt1\/2025\/11\/talking-bot-125x125.png","url":"https:\/\/portaltela.pt\/s.01k8rhncp4jt1\/2025\/11\/talking-bot-125x125.png","contentUrl":"https:\/\/portaltela.pt\/s.01k8rhncp4jt1\/2025\/11\/talking-bot-125x125.png","caption":"Telinha"},"sameAs":["https:\/\/portaltela.pt\/"],"url":"https:\/\/portaltela.pt\/por\/367410592786\/"}]}},"_links":{"self":[{"href":"https:\/\/portaltela.pt\/api\/wp\/v2\/posts\/460718","targetHints":{"allow":["GET"]}}],"collection":[{"href":"https:\/\/portaltela.pt\/api\/wp\/v2\/posts"}],"about":[{"href":"https:\/\/portaltela.pt\/api\/wp\/v2\/types\/post"}],"author":[{"embeddable":true,"href":"https:\/\/portaltela.pt\/api\/wp\/v2\/users\/2"}],"replies":[{"embeddable":true,"href":"https:\/\/portaltela.pt\/api\/wp\/v2\/comments?post=460718"}],"version-history":[{"count":0,"href":"https:\/\/portaltela.pt\/api\/wp\/v2\/posts\/460718\/revisions"}],"wp:featuredmedia":[{"embeddable":true,"href":"https:\/\/portaltela.pt\/api\/wp\/v2\/media\/460719"}],"wp:attachment":[{"href":"https:\/\/portaltela.pt\/api\/wp\/v2\/media?parent=460718"}],"wp:term":[{"taxonomy":"category","embeddable":true,"href":"https:\/\/portaltela.pt\/api\/wp\/v2\/categories?post=460718"},{"taxonomy":"post_tag","embeddable":true,"href":"https:\/\/portaltela.pt\/api\/wp\/v2\/tags?post=460718"}],"curies":[{"name":"wp","href":"https:\/\/api.w.org\/{rel}","templated":true}]}}