{"id":460717,"date":"2026-04-29T03:03:00","date_gmt":"2026-04-29T06:03:00","guid":{"rendered":"https:\/\/portaltela.pt\/noticias\/2026\/04\/29\/organizadores-da-cimeira-climatica-na-colombia-defendem-abandonar-combustiveis-fosseis\/"},"modified":"2026-04-29T03:03:00","modified_gmt":"2026-04-29T06:03:00","slug":"organizadores-da-cimeira-climatica-na-colombia-defendem-abandonar-combustiveis-fosseis","status":"publish","type":"post","link":"https:\/\/portaltela.pt\/meio-ambiente\/2026\/04\/29\/organizadores-da-cimeira-climatica-na-colombia-defendem-abandonar-combustiveis-fosseis\/","title":{"rendered":"Organizadores da cimeira clim\u00e1tica na Col\u00f4mbia defendem abandonar combust\u00edveis f\u00f3sseis"},"content":{"rendered":"<p>L\u00edderes mundiais re\u00fanem-se em Santa Marta, Col\u00f4mbia, para iniciar conversa\u00e7\u00f5es globais sobre abandonar os combust\u00edveis f\u00f3sseis. O encontro de dois dias envolve ministros e altos funcion\u00e1rios de mais de 50 pa\u00edses. O objetivo \u00e9 acelerar a transi\u00e7\u00e3o para energias mais limpas.<\/p>\n<p>A cimeira, coordenada pela Col\u00f4mbia e pela Holanda, surge ap\u00f3s a COP30 no Brasil n\u00e3o ter inclu\u00eddo men\u00e7\u00e3o expl\u00edcita aos combust\u00edveis f\u00f3sseis no acordo final. O objetivo \u00e9 criar uma resposta pol\u00edtica r\u00e1pida fora do formato da ONU.<\/p>\n<p>Organizadores dizem que o debate visa consolidar a independ\u00eancia energ\u00e9tica como motivo adicional para reduzir a depend\u00eancia de petr\u00f3leo, g\u00e1s e carv\u00e3o, j\u00e1 que a seguran\u00e7a energ\u00e9tica \u00e9 cada vez mais crucial em contextos de conflito global.<\/p>\n<h3>Independ\u00eancia energ\u00e9tica em foco<\/h3>\n<p>A situa\u00e7\u00e3o internacional, incluindo restri\u00e7\u00f5es de exporta\u00e7\u00e3o no M\u00e9dio Oriente, \u00e9 apresentada como catalisador para acelerar a transi\u00e7\u00e3o para energias limpas. A reuni\u00e3o pretende fomentar compromissos n\u00e3o vinculativos que orientem a mudan\u00e7a em v\u00e1rios pa\u00edses.<\/p>\n<p>Entre os participantes est\u00e3o grandes produtores de combust\u00edveis f\u00f3sseis e economias emergentes, mas alguns dos maiores emissores hist\u00f3ricos n\u00e3o marcam presen\u00e7a, incluindo EUA, China e \u00cdndia. A aus\u00eancia de grandes emissores pode limitar acordos formais.<\/p>\n<h3>Desafios e perspetivas<\/h3>\n<p>Os organizadores reconhecem que a transi\u00e7\u00e3o envolve custos, pol\u00edticas de subs\u00eddios e financiamento para renov\u00e1veis. Fran\u00e7a j\u00e1 apresentou um roteiro com prazos para eliminar carv\u00e3o at\u00e9 2030, petr\u00f3leo at\u00e9 2045 e g\u00e1s at\u00e9 2050, como refer\u00eancia para debates.<\/p>\n<p>A confer\u00eancia pretende, sobretudo, gerar uma din\u00e2mica pol\u00edtica que mobilize pa\u00edses dispostos a avan\u00e7ar rapidamente fora da agenda da ONU. Os participantes discutir\u00e3o financiamento, prazos e reformas regulat\u00f3rias.<\/p>\n<h3>Perspetivas para o futuro<\/h3>\n<p>Especialistas alertam que o ritmo global de redu\u00e7\u00e3o pode continuar abaixo do necess\u00e1rio para limitar o aquecimento. A cimeira \u00e9 descrita como trampolim para futuras negocia\u00e7\u00f5es clim\u00e1ticas, com foco em financiamento e prazos de redu\u00e7\u00e3o de f\u00f3sseis.<\/p>\n<p>A anfitri\u00e3 Col\u00f4mbia enfrenta desafios internos, dado o peso econ\u00f3mico do petr\u00f3leo e do g\u00e1s. autoridades locais esperam que as discuss\u00f5es gerem a\u00e7\u00f5es concretas e maior coopera\u00e7\u00e3o entre Estados.<\/p>\n","protected":false},"excerpt":{"rendered":"<ul>\n<li>Organizadores reuniram-se em Santa Marta, Col\u00f4mbia, para uma cimeira de dois dias sobre a transi\u00e7\u00e3o para longe dos combust\u00edveis f\u00f3sseis, com participa\u00e7\u00e3o de mais de cinquenta pa\u00edses.<\/li>\n<li>O objetivo \u00e9 abandonar petr\u00f3leo, g\u00e1s e carv\u00e3o para refor\u00e7ar a independ\u00eancia e a seguran\u00e7a energ\u00e9ticas, al\u00e9m de enfrentar o aquecimento global.<\/li>\n<li>Fran\u00e7a revelou um roteiro com prazos para eliminar progressivamente o carv\u00e3o at\u00e9 2030, o petr\u00f3leo at\u00e9 2045 e o g\u00e1s at\u00e9 2050, com discuss\u00e3o sobre a reforma de subs\u00eddios aos combust\u00edveis f\u00f3sseis.<\/li>\n<li>Entre os participantes encontram-se produtores de f\u00f3sseis como Canad\u00e1, Noruega, Austr\u00e1lia e fluxos emergentes como Nig\u00e9ria, Angola e Brasil; grandes emissores como Estados Unidos, China e \u00cdndia n\u00e3o estiveram presentes.<\/li>\n<li>A confer\u00eancia visa gerar propostas para acelerar a transi\u00e7\u00e3o fora do formato da ONU, servindo de impulso para futuras negocia\u00e7\u00f5es clim\u00e1ticas globais.<\/li>\n<\/ul>\n","protected":false},"author":2,"featured_media":460722,"comment_status":"closed","ping_status":"closed","sticky":false,"template":"","format":"standard","meta":{"footnotes":""},"categories":[7380,6725],"tags":[8291,8238,7991,8051,8286,8254],"class_list":["post-460717","post","type-post","status-publish","format-standard","has-post-thumbnail","hentry","category-clima","category-meio-ambiente","tag-_alteracoes-climaticas","tag-_ambiente","tag-_cooperacao-internacional","tag-_energias-renovaveis","tag-_protecao-ambiental","tag-_transicao-climatica"],"yoast_head":"<!-- This site is optimized with the Yoast SEO plugin v27.2 - https:\/\/yoast.com\/product\/yoast-seo-wordpress\/ -->\n<title>Organizadores da cimeira clim\u00e1tica na Col\u00f4mbia defendem abandonar combust\u00edveis f\u00f3sseis - Portal Tela Portugal<\/title>\n<meta name=\"robots\" content=\"index, follow, max-snippet:-1, max-image-preview:large, max-video-preview:-1\" \/>\n<meta property=\"og:locale\" content=\"pt_PT\" \/>\n<meta property=\"og:type\" content=\"article\" \/>\n<meta property=\"og:title\" content=\"Organizadores da cimeira clim\u00e1tica na Col\u00f4mbia defendem abandonar combust\u00edveis f\u00f3sseis - Portal Tela Portugal\" \/>\n<meta property=\"og:description\" content=\"Organizadores reuniram-se em Santa Marta, Col\u00f4mbia, para uma cimeira de dois dias sobre a transi\u00e7\u00e3o para longe dos combust\u00edveis f\u00f3sseis, com participa\u00e7\u00e3o de mais de cinquenta pa\u00edses. O objetivo \u00e9 abandonar petr\u00f3leo, g\u00e1s e carv\u00e3o para refor\u00e7ar a independ\u00eancia e a seguran\u00e7a energ\u00e9ticas, al\u00e9m de enfrentar o aquecimento global. Fran\u00e7a revelou um roteiro com prazos para eliminar progressivamente o carv\u00e3o at\u00e9 2030, o petr\u00f3leo at\u00e9 2045 e o g\u00e1s at\u00e9 2050, com discuss\u00e3o sobre a reforma de subs\u00eddios aos combust\u00edveis f\u00f3sseis. Entre os participantes encontram-se produtores de f\u00f3sseis como Canad\u00e1, Noruega, Austr\u00e1lia e fluxos emergentes como Nig\u00e9ria, Angola e Brasil; grandes emissores como Estados Unidos, China e \u00cdndia n\u00e3o estiveram presentes. A confer\u00eancia visa gerar propostas para acelerar a transi\u00e7\u00e3o fora do formato da ONU, servindo de impulso para futuras negocia\u00e7\u00f5es clim\u00e1ticas globais.\" \/>\n<meta property=\"og:url\" content=\"https:\/\/portaltela.pt\/noticias\/2026\/04\/29\/organizadores-da-cimeira-climatica-na-colombia-defendem-abandonar-combustiveis-fosseis\/\" \/>\n<meta property=\"og:site_name\" content=\"Portal Tela Portugal\" \/>\n<meta property=\"article:published_time\" content=\"2026-04-29T06:03:00+00:00\" \/>\n<meta name=\"author\" content=\"Telinha\" \/>\n<meta name=\"twitter:card\" content=\"summary_large_image\" \/>\n<meta name=\"twitter:label1\" content=\"Escrito por\" \/>\n\t<meta name=\"twitter:data1\" content=\"Telinha\" \/>\n\t<meta name=\"twitter:label2\" content=\"Tempo estimado de leitura\" \/>\n\t<meta name=\"twitter:data2\" content=\"2 minutos\" \/>\n<script type=\"application\/ld+json\" class=\"yoast-schema-graph\">{\"@context\":\"https:\/\/schema.org\",\"@graph\":[{\"@type\":\"Article\",\"@id\":\"https:\/\/portaltela.pt\/noticias\/2026\/04\/29\/organizadores-da-cimeira-climatica-na-colombia-defendem-abandonar-combustiveis-fosseis\/#article\",\"isPartOf\":{\"@id\":\"https:\/\/portaltela.pt\/noticias\/2026\/04\/29\/organizadores-da-cimeira-climatica-na-colombia-defendem-abandonar-combustiveis-fosseis\/\"},\"author\":{\"name\":\"Telinha\",\"@id\":\"https:\/\/portaltela.pt\/#\/schema\/person\/c4278d4a6028830caff9ee44b42d32ed\"},\"headline\":\"Organizadores da cimeira clim\u00e1tica na Col\u00f4mbia defendem abandonar combust\u00edveis f\u00f3sseis\",\"datePublished\":\"2026-04-29T06:03:00+00:00\",\"mainEntityOfPage\":{\"@id\":\"https:\/\/portaltela.pt\/noticias\/2026\/04\/29\/organizadores-da-cimeira-climatica-na-colombia-defendem-abandonar-combustiveis-fosseis\/\"},\"wordCount\":409,\"image\":{\"@id\":\"https:\/\/portaltela.pt\/noticias\/2026\/04\/29\/organizadores-da-cimeira-climatica-na-colombia-defendem-abandonar-combustiveis-fosseis\/#primaryimage\"},\"thumbnailUrl\":\"https:\/\/portaltela.pt\/s.01k8rhncp4jt1\/2026\/04\/1536x864_cmsv2_ef06c048-323d-5a28-833e-ce70f15150e2-9739940.jpg\",\"keywords\":[\"_Altera\u00e7\u00f5es Clim\u00e1ticas\",\"_ambiente\",\"_coopera\u00e7\u00e3o internacional\",\"_energias renov\u00e1veis\",\"_prote\u00e7\u00e3o ambiental\",\"_transi\u00e7\u00e3o clim\u00e1tica\"],\"articleSection\":[\"Clima\",\"Meio Ambiente\"],\"inLanguage\":\"pt-PT\"},{\"@type\":\"WebPage\",\"@id\":\"https:\/\/portaltela.pt\/noticias\/2026\/04\/29\/organizadores-da-cimeira-climatica-na-colombia-defendem-abandonar-combustiveis-fosseis\/\",\"url\":\"https:\/\/portaltela.pt\/noticias\/2026\/04\/29\/organizadores-da-cimeira-climatica-na-colombia-defendem-abandonar-combustiveis-fosseis\/\",\"name\":\"Organizadores da cimeira clim\u00e1tica na Col\u00f4mbia defendem abandonar combust\u00edveis f\u00f3sseis - Portal Tela Portugal\",\"isPartOf\":{\"@id\":\"https:\/\/portaltela.pt\/#website\"},\"primaryImageOfPage\":{\"@id\":\"https:\/\/portaltela.pt\/noticias\/2026\/04\/29\/organizadores-da-cimeira-climatica-na-colombia-defendem-abandonar-combustiveis-fosseis\/#primaryimage\"},\"image\":{\"@id\":\"https:\/\/portaltela.pt\/noticias\/2026\/04\/29\/organizadores-da-cimeira-climatica-na-colombia-defendem-abandonar-combustiveis-fosseis\/#primaryimage\"},\"thumbnailUrl\":\"https:\/\/portaltela.pt\/s.01k8rhncp4jt1\/2026\/04\/1536x864_cmsv2_ef06c048-323d-5a28-833e-ce70f15150e2-9739940.jpg\",\"datePublished\":\"2026-04-29T06:03:00+00:00\",\"author\":{\"@id\":\"https:\/\/portaltela.pt\/#\/schema\/person\/c4278d4a6028830caff9ee44b42d32ed\"},\"breadcrumb\":{\"@id\":\"https:\/\/portaltela.pt\/noticias\/2026\/04\/29\/organizadores-da-cimeira-climatica-na-colombia-defendem-abandonar-combustiveis-fosseis\/#breadcrumb\"},\"inLanguage\":\"pt-PT\",\"potentialAction\":[{\"@type\":\"ReadAction\",\"target\":[\"https:\/\/portaltela.pt\/noticias\/2026\/04\/29\/organizadores-da-cimeira-climatica-na-colombia-defendem-abandonar-combustiveis-fosseis\/\"]}]},{\"@type\":\"ImageObject\",\"inLanguage\":\"pt-PT\",\"@id\":\"https:\/\/portaltela.pt\/noticias\/2026\/04\/29\/organizadores-da-cimeira-climatica-na-colombia-defendem-abandonar-combustiveis-fosseis\/#primaryimage\",\"url\":\"https:\/\/portaltela.pt\/s.01k8rhncp4jt1\/2026\/04\/1536x864_cmsv2_ef06c048-323d-5a28-833e-ce70f15150e2-9739940.jpg\",\"contentUrl\":\"https:\/\/portaltela.pt\/s.01k8rhncp4jt1\/2026\/04\/1536x864_cmsv2_ef06c048-323d-5a28-833e-ce70f15150e2-9739940.jpg\",\"width\":796,\"height\":448,\"caption\":\"Activistas participam numa manifesta\u00e7\u00e3o durante uma confer\u00eancia que visa a transi\u00e7\u00e3o para o abandono dos combust\u00edveis f\u00f3sseis, segunda-feira, 27 de abril de 2026, em Santa Marta, Col\u00f4mbia.\"},{\"@type\":\"BreadcrumbList\",\"@id\":\"https:\/\/portaltela.pt\/noticias\/2026\/04\/29\/organizadores-da-cimeira-climatica-na-colombia-defendem-abandonar-combustiveis-fosseis\/#breadcrumb\",\"itemListElement\":[{\"@type\":\"ListItem\",\"position\":1,\"name\":\"In\u00edcio\",\"item\":\"https:\/\/portaltela.pt\/\"},{\"@type\":\"ListItem\",\"position\":2,\"name\":\"Organizadores da cimeira clim\u00e1tica na Col\u00f4mbia defendem abandonar combust\u00edveis f\u00f3sseis\"}]},{\"@type\":\"WebSite\",\"@id\":\"https:\/\/portaltela.pt\/#website\",\"url\":\"https:\/\/portaltela.pt\/\",\"name\":\"Portal Tela Portugal\",\"description\":\"\",\"potentialAction\":[{\"@type\":\"SearchAction\",\"target\":{\"@type\":\"EntryPoint\",\"urlTemplate\":\"https:\/\/portaltela.pt\/?s={search_term_string}\"},\"query-input\":{\"@type\":\"PropertyValueSpecification\",\"valueRequired\":true,\"valueName\":\"search_term_string\"}}],\"inLanguage\":\"pt-PT\"},{\"@type\":\"Person\",\"@id\":\"https:\/\/portaltela.pt\/#\/schema\/person\/c4278d4a6028830caff9ee44b42d32ed\",\"name\":\"Telinha\",\"image\":{\"@type\":\"ImageObject\",\"inLanguage\":\"pt-PT\",\"@id\":\"https:\/\/portaltela.pt\/s.01k8rhncp4jt1\/2025\/11\/talking-bot-125x125.png\",\"url\":\"https:\/\/portaltela.pt\/s.01k8rhncp4jt1\/2025\/11\/talking-bot-125x125.png\",\"contentUrl\":\"https:\/\/portaltela.pt\/s.01k8rhncp4jt1\/2025\/11\/talking-bot-125x125.png\",\"caption\":\"Telinha\"},\"sameAs\":[\"https:\/\/portaltela.pt\/\"],\"url\":\"https:\/\/portaltela.pt\/por\/367410592786\/\"}]}<\/script>\n<!-- \/ Yoast SEO plugin. -->","yoast_head_json":{"title":"Organizadores da cimeira clim\u00e1tica na Col\u00f4mbia defendem abandonar combust\u00edveis f\u00f3sseis - Portal Tela Portugal","robots":{"index":"index","follow":"follow","max-snippet":"max-snippet:-1","max-image-preview":"max-image-preview:large","max-video-preview":"max-video-preview:-1"},"og_locale":"pt_PT","og_type":"article","og_title":"Organizadores da cimeira clim\u00e1tica na Col\u00f4mbia defendem abandonar combust\u00edveis f\u00f3sseis - Portal Tela Portugal","og_description":"Organizadores reuniram-se em Santa Marta, Col\u00f4mbia, para uma cimeira de dois dias sobre a transi\u00e7\u00e3o para longe dos combust\u00edveis f\u00f3sseis, com participa\u00e7\u00e3o de mais de cinquenta pa\u00edses. O objetivo \u00e9 abandonar petr\u00f3leo, g\u00e1s e carv\u00e3o para refor\u00e7ar a independ\u00eancia e a seguran\u00e7a energ\u00e9ticas, al\u00e9m de enfrentar o aquecimento global. Fran\u00e7a revelou um roteiro com prazos para eliminar progressivamente o carv\u00e3o at\u00e9 2030, o petr\u00f3leo at\u00e9 2045 e o g\u00e1s at\u00e9 2050, com discuss\u00e3o sobre a reforma de subs\u00eddios aos combust\u00edveis f\u00f3sseis. Entre os participantes encontram-se produtores de f\u00f3sseis como Canad\u00e1, Noruega, Austr\u00e1lia e fluxos emergentes como Nig\u00e9ria, Angola e Brasil; grandes emissores como Estados Unidos, China e \u00cdndia n\u00e3o estiveram presentes. A confer\u00eancia visa gerar propostas para acelerar a transi\u00e7\u00e3o fora do formato da ONU, servindo de impulso para futuras negocia\u00e7\u00f5es clim\u00e1ticas globais.","og_url":"https:\/\/portaltela.pt\/noticias\/2026\/04\/29\/organizadores-da-cimeira-climatica-na-colombia-defendem-abandonar-combustiveis-fosseis\/","og_site_name":"Portal Tela Portugal","article_published_time":"2026-04-29T06:03:00+00:00","author":"Telinha","twitter_card":"summary_large_image","twitter_misc":{"Escrito por":"Telinha","Tempo estimado de leitura":"2 minutos"},"schema":{"@context":"https:\/\/schema.org","@graph":[{"@type":"Article","@id":"https:\/\/portaltela.pt\/noticias\/2026\/04\/29\/organizadores-da-cimeira-climatica-na-colombia-defendem-abandonar-combustiveis-fosseis\/#article","isPartOf":{"@id":"https:\/\/portaltela.pt\/noticias\/2026\/04\/29\/organizadores-da-cimeira-climatica-na-colombia-defendem-abandonar-combustiveis-fosseis\/"},"author":{"name":"Telinha","@id":"https:\/\/portaltela.pt\/#\/schema\/person\/c4278d4a6028830caff9ee44b42d32ed"},"headline":"Organizadores da cimeira clim\u00e1tica na Col\u00f4mbia defendem abandonar combust\u00edveis f\u00f3sseis","datePublished":"2026-04-29T06:03:00+00:00","mainEntityOfPage":{"@id":"https:\/\/portaltela.pt\/noticias\/2026\/04\/29\/organizadores-da-cimeira-climatica-na-colombia-defendem-abandonar-combustiveis-fosseis\/"},"wordCount":409,"image":{"@id":"https:\/\/portaltela.pt\/noticias\/2026\/04\/29\/organizadores-da-cimeira-climatica-na-colombia-defendem-abandonar-combustiveis-fosseis\/#primaryimage"},"thumbnailUrl":"https:\/\/portaltela.pt\/s.01k8rhncp4jt1\/2026\/04\/1536x864_cmsv2_ef06c048-323d-5a28-833e-ce70f15150e2-9739940.jpg","keywords":["_Altera\u00e7\u00f5es Clim\u00e1ticas","_ambiente","_coopera\u00e7\u00e3o internacional","_energias renov\u00e1veis","_prote\u00e7\u00e3o ambiental","_transi\u00e7\u00e3o clim\u00e1tica"],"articleSection":["Clima","Meio Ambiente"],"inLanguage":"pt-PT"},{"@type":"WebPage","@id":"https:\/\/portaltela.pt\/noticias\/2026\/04\/29\/organizadores-da-cimeira-climatica-na-colombia-defendem-abandonar-combustiveis-fosseis\/","url":"https:\/\/portaltela.pt\/noticias\/2026\/04\/29\/organizadores-da-cimeira-climatica-na-colombia-defendem-abandonar-combustiveis-fosseis\/","name":"Organizadores da cimeira clim\u00e1tica na Col\u00f4mbia defendem abandonar combust\u00edveis f\u00f3sseis - Portal Tela Portugal","isPartOf":{"@id":"https:\/\/portaltela.pt\/#website"},"primaryImageOfPage":{"@id":"https:\/\/portaltela.pt\/noticias\/2026\/04\/29\/organizadores-da-cimeira-climatica-na-colombia-defendem-abandonar-combustiveis-fosseis\/#primaryimage"},"image":{"@id":"https:\/\/portaltela.pt\/noticias\/2026\/04\/29\/organizadores-da-cimeira-climatica-na-colombia-defendem-abandonar-combustiveis-fosseis\/#primaryimage"},"thumbnailUrl":"https:\/\/portaltela.pt\/s.01k8rhncp4jt1\/2026\/04\/1536x864_cmsv2_ef06c048-323d-5a28-833e-ce70f15150e2-9739940.jpg","datePublished":"2026-04-29T06:03:00+00:00","author":{"@id":"https:\/\/portaltela.pt\/#\/schema\/person\/c4278d4a6028830caff9ee44b42d32ed"},"breadcrumb":{"@id":"https:\/\/portaltela.pt\/noticias\/2026\/04\/29\/organizadores-da-cimeira-climatica-na-colombia-defendem-abandonar-combustiveis-fosseis\/#breadcrumb"},"inLanguage":"pt-PT","potentialAction":[{"@type":"ReadAction","target":["https:\/\/portaltela.pt\/noticias\/2026\/04\/29\/organizadores-da-cimeira-climatica-na-colombia-defendem-abandonar-combustiveis-fosseis\/"]}]},{"@type":"ImageObject","inLanguage":"pt-PT","@id":"https:\/\/portaltela.pt\/noticias\/2026\/04\/29\/organizadores-da-cimeira-climatica-na-colombia-defendem-abandonar-combustiveis-fosseis\/#primaryimage","url":"https:\/\/portaltela.pt\/s.01k8rhncp4jt1\/2026\/04\/1536x864_cmsv2_ef06c048-323d-5a28-833e-ce70f15150e2-9739940.jpg","contentUrl":"https:\/\/portaltela.pt\/s.01k8rhncp4jt1\/2026\/04\/1536x864_cmsv2_ef06c048-323d-5a28-833e-ce70f15150e2-9739940.jpg","width":796,"height":448,"caption":"Activistas participam numa manifesta\u00e7\u00e3o durante uma confer\u00eancia que visa a transi\u00e7\u00e3o para o abandono dos combust\u00edveis f\u00f3sseis, segunda-feira, 27 de abril de 2026, em Santa Marta, Col\u00f4mbia."},{"@type":"BreadcrumbList","@id":"https:\/\/portaltela.pt\/noticias\/2026\/04\/29\/organizadores-da-cimeira-climatica-na-colombia-defendem-abandonar-combustiveis-fosseis\/#breadcrumb","itemListElement":[{"@type":"ListItem","position":1,"name":"In\u00edcio","item":"https:\/\/portaltela.pt\/"},{"@type":"ListItem","position":2,"name":"Organizadores da cimeira clim\u00e1tica na Col\u00f4mbia defendem abandonar combust\u00edveis f\u00f3sseis"}]},{"@type":"WebSite","@id":"https:\/\/portaltela.pt\/#website","url":"https:\/\/portaltela.pt\/","name":"Portal Tela Portugal","description":"","potentialAction":[{"@type":"SearchAction","target":{"@type":"EntryPoint","urlTemplate":"https:\/\/portaltela.pt\/?s={search_term_string}"},"query-input":{"@type":"PropertyValueSpecification","valueRequired":true,"valueName":"search_term_string"}}],"inLanguage":"pt-PT"},{"@type":"Person","@id":"https:\/\/portaltela.pt\/#\/schema\/person\/c4278d4a6028830caff9ee44b42d32ed","name":"Telinha","image":{"@type":"ImageObject","inLanguage":"pt-PT","@id":"https:\/\/portaltela.pt\/s.01k8rhncp4jt1\/2025\/11\/talking-bot-125x125.png","url":"https:\/\/portaltela.pt\/s.01k8rhncp4jt1\/2025\/11\/talking-bot-125x125.png","contentUrl":"https:\/\/portaltela.pt\/s.01k8rhncp4jt1\/2025\/11\/talking-bot-125x125.png","caption":"Telinha"},"sameAs":["https:\/\/portaltela.pt\/"],"url":"https:\/\/portaltela.pt\/por\/367410592786\/"}]}},"_links":{"self":[{"href":"https:\/\/portaltela.pt\/api\/wp\/v2\/posts\/460717","targetHints":{"allow":["GET"]}}],"collection":[{"href":"https:\/\/portaltela.pt\/api\/wp\/v2\/posts"}],"about":[{"href":"https:\/\/portaltela.pt\/api\/wp\/v2\/types\/post"}],"author":[{"embeddable":true,"href":"https:\/\/portaltela.pt\/api\/wp\/v2\/users\/2"}],"replies":[{"embeddable":true,"href":"https:\/\/portaltela.pt\/api\/wp\/v2\/comments?post=460717"}],"version-history":[{"count":0,"href":"https:\/\/portaltela.pt\/api\/wp\/v2\/posts\/460717\/revisions"}],"wp:featuredmedia":[{"embeddable":true,"href":"https:\/\/portaltela.pt\/api\/wp\/v2\/media\/460722"}],"wp:attachment":[{"href":"https:\/\/portaltela.pt\/api\/wp\/v2\/media?parent=460717"}],"wp:term":[{"taxonomy":"category","embeddable":true,"href":"https:\/\/portaltela.pt\/api\/wp\/v2\/categories?post=460717"},{"taxonomy":"post_tag","embeddable":true,"href":"https:\/\/portaltela.pt\/api\/wp\/v2\/tags?post=460717"}],"curies":[{"name":"wp","href":"https:\/\/api.w.org\/{rel}","templated":true}]}}