{"id":460716,"date":"2026-04-29T03:02:59","date_gmt":"2026-04-29T06:02:59","guid":{"rendered":"https:\/\/portaltela.pt\/noticias\/2026\/04\/29\/conflito-no-irao-e-mau-tempo-atrasam-o-pais\/"},"modified":"2026-04-29T03:02:59","modified_gmt":"2026-04-29T06:02:59","slug":"conflito-no-irao-e-mau-tempo-atrasam-o-pais","status":"publish","type":"post","link":"https:\/\/portaltela.pt\/noticias\/economia\/2026\/04\/29\/conflito-no-irao-e-mau-tempo-atrasam-o-pais\/","title":{"rendered":"Conflito no Ir\u00e3o e mau tempo atrasam o pa\u00eds"},"content":{"rendered":"<p>A economia portuguesa arrancou 2026 a estagnar, entre tempestades e tens\u00e3o no Golfo P\u00e9rsico. No primeiro trimestre, o PIB manteve-se sem crescimento em cadeia, avan\u00e7ando apenas 2,2% em termos hom\u00f3logos, segundo o bar\u00f3metro da CIP em parceria com o ISEG.<\/p>\n<p>As tempestades de janeiro e fevereiro paralisaram setores inteiros, travando produ\u00e7\u00e3o e consumo. A guerra no M\u00e9dio Oriente, iniciada no final de fevereiro, elevou custos empresariais, sobretudo na energia, levando a uma quebra da produ\u00e7\u00e3o industrial de 4,4% em fevereiro (7,6% sem energia).<\/p>\n<h3>Choque energ\u00e9tico<\/h3>\n<p>A CIP alerta que a persist\u00eancia do choque energ\u00e9tico pode contaminar toda a economia, elevando custos de produ\u00e7\u00e3o, adiando investimentos e reduzindo rendimentos dispon\u00edveis das fam\u00edlias.<\/p>\n<h3>Interven\u00e7\u00e3o governamental e perspetivas<\/h3>\n<p>Patronato aponta falhas de apoio \u00e0s empresas mais expostas ao choque energ\u00e9tico; compara\u00e7\u00f5es com pa\u00edses vizinhos mostram maior atua\u00e7\u00e3o de est\u00edmulos noutros destinos, o que afeta a competitividade portuguesa.<\/p>\n<h3>Confian\u00e7a em queda<\/h3>\n<p>Indicadores de confian\u00e7a, de consumidores e empresas, pioraram ao longo do trimestre, com queda mais acentuada em mar\u00e7o, alimentando incerteza devido a custos elevados.<\/p>\n<h3>Setores com resist\u00eancia<\/h3>\n<p>Apesar do cen\u00e1rio, alguns setores mostram din\u00e2mica. A produ\u00e7\u00e3o e venda de autom\u00f3veis ligeiros melhoraram, e as vendas de cimento subiram 26,1% em mar\u00e7o, apontando \u00e1reas de resist\u00eancia.<\/p>\n","protected":false},"excerpt":{"rendered":"<ul>\n<li>No primeiro trimestre, o PIB de Portugal n\u00e3o registou crescimento em cadeia, mantendo um avan\u00e7o hom\u00f3logo de 2,2% segundo o bar\u00f3metro da CIP e do ISEG.<\/li>\n<li>Tempestades, inunda\u00e7\u00f5es em in\u00edcio de ano e a Guerra no Golfo P\u00e9rsico aceleraram custos e reduziram produ\u00e7\u00e3o, com a produ\u00e7\u00e3o industrial a cair 4,4% em fevereiro (7,6% excluindo energia).<\/li>\n<li>Em mar\u00e7o, a infla\u00e7\u00e3o subiu 0,6 pontos percentuais e a produ\u00e7\u00e3o industrial aumentou 3,5% em termos hom\u00f3logos, explicado principalmente pela energia.<\/li>\n<li>A CIP alerta para um choque energ\u00e9tico persistente que pode contaminar toda a economia, levando a custos de produ\u00e7\u00e3o mais elevados, investimento adiado e menor rendimento dispon\u00edvel das fam\u00edlias.<\/li>\n<li>Embora haja dinamismo em alguns setores (produ\u00e7\u00e3o de autom\u00f3veis ligeiros e cimento com alta de 26,1% em mar\u00e7o), o quadro geral permanece cr\u00edtico, com confian\u00e7a de consumidores e empresas a deteriorar-se no trimestre.<\/li>\n<\/ul>\n","protected":false},"author":2,"featured_media":460721,"comment_status":"closed","ping_status":"closed","sticky":false,"template":"","format":"standard","meta":{"footnotes":""},"categories":[2,6735],"tags":[8239,8270,6115,7775,8098,8062],"class_list":["post-460716","post","type-post","status-publish","format-standard","has-post-thumbnail","hentry","category-economia","category-negocios","tag-_comercio","tag-_crises-internacionais","tag-_economia","tag-_energia","tag-_industria","tag-_portugal"],"yoast_head":"<!-- This site is optimized with the Yoast SEO plugin v27.2 - https:\/\/yoast.com\/product\/yoast-seo-wordpress\/ -->\n<title>Conflito no Ir\u00e3o e mau tempo atrasam o pa\u00eds - Portal Tela Portugal<\/title>\n<meta name=\"robots\" content=\"index, follow, max-snippet:-1, max-image-preview:large, max-video-preview:-1\" \/>\n<meta property=\"og:locale\" content=\"pt_PT\" \/>\n<meta property=\"og:type\" content=\"article\" \/>\n<meta property=\"og:title\" content=\"Conflito no Ir\u00e3o e mau tempo atrasam o pa\u00eds - Portal Tela Portugal\" \/>\n<meta property=\"og:description\" content=\"No primeiro trimestre, o PIB de Portugal n\u00e3o registou crescimento em cadeia, mantendo um avan\u00e7o hom\u00f3logo de 2,2% segundo o bar\u00f3metro da CIP e do ISEG. Tempestades, inunda\u00e7\u00f5es em in\u00edcio de ano e a Guerra no Golfo P\u00e9rsico aceleraram custos e reduziram produ\u00e7\u00e3o, com a produ\u00e7\u00e3o industrial a cair 4,4% em fevereiro (7,6% excluindo energia). Em mar\u00e7o, a infla\u00e7\u00e3o subiu 0,6 pontos percentuais e a produ\u00e7\u00e3o industrial aumentou 3,5% em termos hom\u00f3logos, explicado principalmente pela energia. A CIP alerta para um choque energ\u00e9tico persistente que pode contaminar toda a economia, levando a custos de produ\u00e7\u00e3o mais elevados, investimento adiado e menor rendimento dispon\u00edvel das fam\u00edlias. Embora haja dinamismo em alguns setores (produ\u00e7\u00e3o de autom\u00f3veis ligeiros e cimento com alta de 26,1% em mar\u00e7o), o quadro geral permanece cr\u00edtico, com confian\u00e7a de consumidores e empresas a deteriorar-se no trimestre.\" \/>\n<meta property=\"og:url\" content=\"https:\/\/portaltela.pt\/noticias\/2026\/04\/29\/conflito-no-irao-e-mau-tempo-atrasam-o-pais\/\" \/>\n<meta property=\"og:site_name\" content=\"Portal Tela Portugal\" \/>\n<meta property=\"article:published_time\" content=\"2026-04-29T06:02:59+00:00\" \/>\n<meta name=\"author\" content=\"Telinha\" \/>\n<meta name=\"twitter:card\" content=\"summary_large_image\" \/>\n<meta name=\"twitter:label1\" content=\"Escrito por\" \/>\n\t<meta name=\"twitter:data1\" content=\"Telinha\" \/>\n\t<meta name=\"twitter:label2\" content=\"Tempo estimado de leitura\" \/>\n\t<meta name=\"twitter:data2\" content=\"1 minuto\" \/>\n<script type=\"application\/ld+json\" class=\"yoast-schema-graph\">{\"@context\":\"https:\/\/schema.org\",\"@graph\":[{\"@type\":\"Article\",\"@id\":\"https:\/\/portaltela.pt\/noticias\/2026\/04\/29\/conflito-no-irao-e-mau-tempo-atrasam-o-pais\/#article\",\"isPartOf\":{\"@id\":\"https:\/\/portaltela.pt\/noticias\/2026\/04\/29\/conflito-no-irao-e-mau-tempo-atrasam-o-pais\/\"},\"author\":{\"name\":\"Telinha\",\"@id\":\"https:\/\/portaltela.pt\/#\/schema\/person\/c4278d4a6028830caff9ee44b42d32ed\"},\"headline\":\"Conflito no Ir\u00e3o e mau tempo atrasam o pa\u00eds\",\"datePublished\":\"2026-04-29T06:02:59+00:00\",\"mainEntityOfPage\":{\"@id\":\"https:\/\/portaltela.pt\/noticias\/2026\/04\/29\/conflito-no-irao-e-mau-tempo-atrasam-o-pais\/\"},\"wordCount\":238,\"image\":{\"@id\":\"https:\/\/portaltela.pt\/noticias\/2026\/04\/29\/conflito-no-irao-e-mau-tempo-atrasam-o-pais\/#primaryimage\"},\"thumbnailUrl\":\"https:\/\/portaltela.pt\/s.01k8rhncp4jt1\/2026\/04\/image-1633.jpg\",\"keywords\":[\"_com\u00e9rcio\",\"_crises internacionais\",\"_economia\",\"_energia\",\"_ind\u00fastria\",\"_Portugal\"],\"articleSection\":[\"Economia\",\"Neg\u00f3cios\"],\"inLanguage\":\"pt-PT\"},{\"@type\":\"WebPage\",\"@id\":\"https:\/\/portaltela.pt\/noticias\/2026\/04\/29\/conflito-no-irao-e-mau-tempo-atrasam-o-pais\/\",\"url\":\"https:\/\/portaltela.pt\/noticias\/2026\/04\/29\/conflito-no-irao-e-mau-tempo-atrasam-o-pais\/\",\"name\":\"Conflito no Ir\u00e3o e mau tempo atrasam o pa\u00eds - Portal Tela Portugal\",\"isPartOf\":{\"@id\":\"https:\/\/portaltela.pt\/#website\"},\"primaryImageOfPage\":{\"@id\":\"https:\/\/portaltela.pt\/noticias\/2026\/04\/29\/conflito-no-irao-e-mau-tempo-atrasam-o-pais\/#primaryimage\"},\"image\":{\"@id\":\"https:\/\/portaltela.pt\/noticias\/2026\/04\/29\/conflito-no-irao-e-mau-tempo-atrasam-o-pais\/#primaryimage\"},\"thumbnailUrl\":\"https:\/\/portaltela.pt\/s.01k8rhncp4jt1\/2026\/04\/image-1633.jpg\",\"datePublished\":\"2026-04-29T06:02:59+00:00\",\"author\":{\"@id\":\"https:\/\/portaltela.pt\/#\/schema\/person\/c4278d4a6028830caff9ee44b42d32ed\"},\"breadcrumb\":{\"@id\":\"https:\/\/portaltela.pt\/noticias\/2026\/04\/29\/conflito-no-irao-e-mau-tempo-atrasam-o-pais\/#breadcrumb\"},\"inLanguage\":\"pt-PT\",\"potentialAction\":[{\"@type\":\"ReadAction\",\"target\":[\"https:\/\/portaltela.pt\/noticias\/2026\/04\/29\/conflito-no-irao-e-mau-tempo-atrasam-o-pais\/\"]}]},{\"@type\":\"ImageObject\",\"inLanguage\":\"pt-PT\",\"@id\":\"https:\/\/portaltela.pt\/noticias\/2026\/04\/29\/conflito-no-irao-e-mau-tempo-atrasam-o-pais\/#primaryimage\",\"url\":\"https:\/\/portaltela.pt\/s.01k8rhncp4jt1\/2026\/04\/image-1633.jpg\",\"contentUrl\":\"https:\/\/portaltela.pt\/s.01k8rhncp4jt1\/2026\/04\/image-1633.jpg\",\"width\":796,\"height\":448,\"caption\":\"Tempestades e chuva cont\u00ednua afetaram a produ\u00e7\u00e3o industrial nos primeiro tr\u00eas meses do ano\"},{\"@type\":\"BreadcrumbList\",\"@id\":\"https:\/\/portaltela.pt\/noticias\/2026\/04\/29\/conflito-no-irao-e-mau-tempo-atrasam-o-pais\/#breadcrumb\",\"itemListElement\":[{\"@type\":\"ListItem\",\"position\":1,\"name\":\"In\u00edcio\",\"item\":\"https:\/\/portaltela.pt\/\"},{\"@type\":\"ListItem\",\"position\":2,\"name\":\"Conflito no Ir\u00e3o e mau tempo atrasam o pa\u00eds\"}]},{\"@type\":\"WebSite\",\"@id\":\"https:\/\/portaltela.pt\/#website\",\"url\":\"https:\/\/portaltela.pt\/\",\"name\":\"Portal Tela Portugal\",\"description\":\"\",\"potentialAction\":[{\"@type\":\"SearchAction\",\"target\":{\"@type\":\"EntryPoint\",\"urlTemplate\":\"https:\/\/portaltela.pt\/?s={search_term_string}\"},\"query-input\":{\"@type\":\"PropertyValueSpecification\",\"valueRequired\":true,\"valueName\":\"search_term_string\"}}],\"inLanguage\":\"pt-PT\"},{\"@type\":\"Person\",\"@id\":\"https:\/\/portaltela.pt\/#\/schema\/person\/c4278d4a6028830caff9ee44b42d32ed\",\"name\":\"Telinha\",\"image\":{\"@type\":\"ImageObject\",\"inLanguage\":\"pt-PT\",\"@id\":\"https:\/\/portaltela.pt\/s.01k8rhncp4jt1\/2025\/11\/talking-bot-125x125.png\",\"url\":\"https:\/\/portaltela.pt\/s.01k8rhncp4jt1\/2025\/11\/talking-bot-125x125.png\",\"contentUrl\":\"https:\/\/portaltela.pt\/s.01k8rhncp4jt1\/2025\/11\/talking-bot-125x125.png\",\"caption\":\"Telinha\"},\"sameAs\":[\"https:\/\/portaltela.pt\/\"],\"url\":\"https:\/\/portaltela.pt\/por\/367410592786\/\"}]}<\/script>\n<!-- \/ Yoast SEO plugin. -->","yoast_head_json":{"title":"Conflito no Ir\u00e3o e mau tempo atrasam o pa\u00eds - Portal Tela Portugal","robots":{"index":"index","follow":"follow","max-snippet":"max-snippet:-1","max-image-preview":"max-image-preview:large","max-video-preview":"max-video-preview:-1"},"og_locale":"pt_PT","og_type":"article","og_title":"Conflito no Ir\u00e3o e mau tempo atrasam o pa\u00eds - Portal Tela Portugal","og_description":"No primeiro trimestre, o PIB de Portugal n\u00e3o registou crescimento em cadeia, mantendo um avan\u00e7o hom\u00f3logo de 2,2% segundo o bar\u00f3metro da CIP e do ISEG. Tempestades, inunda\u00e7\u00f5es em in\u00edcio de ano e a Guerra no Golfo P\u00e9rsico aceleraram custos e reduziram produ\u00e7\u00e3o, com a produ\u00e7\u00e3o industrial a cair 4,4% em fevereiro (7,6% excluindo energia). Em mar\u00e7o, a infla\u00e7\u00e3o subiu 0,6 pontos percentuais e a produ\u00e7\u00e3o industrial aumentou 3,5% em termos hom\u00f3logos, explicado principalmente pela energia. A CIP alerta para um choque energ\u00e9tico persistente que pode contaminar toda a economia, levando a custos de produ\u00e7\u00e3o mais elevados, investimento adiado e menor rendimento dispon\u00edvel das fam\u00edlias. Embora haja dinamismo em alguns setores (produ\u00e7\u00e3o de autom\u00f3veis ligeiros e cimento com alta de 26,1% em mar\u00e7o), o quadro geral permanece cr\u00edtico, com confian\u00e7a de consumidores e empresas a deteriorar-se no trimestre.","og_url":"https:\/\/portaltela.pt\/noticias\/2026\/04\/29\/conflito-no-irao-e-mau-tempo-atrasam-o-pais\/","og_site_name":"Portal Tela Portugal","article_published_time":"2026-04-29T06:02:59+00:00","author":"Telinha","twitter_card":"summary_large_image","twitter_misc":{"Escrito por":"Telinha","Tempo estimado de leitura":"1 minuto"},"schema":{"@context":"https:\/\/schema.org","@graph":[{"@type":"Article","@id":"https:\/\/portaltela.pt\/noticias\/2026\/04\/29\/conflito-no-irao-e-mau-tempo-atrasam-o-pais\/#article","isPartOf":{"@id":"https:\/\/portaltela.pt\/noticias\/2026\/04\/29\/conflito-no-irao-e-mau-tempo-atrasam-o-pais\/"},"author":{"name":"Telinha","@id":"https:\/\/portaltela.pt\/#\/schema\/person\/c4278d4a6028830caff9ee44b42d32ed"},"headline":"Conflito no Ir\u00e3o e mau tempo atrasam o pa\u00eds","datePublished":"2026-04-29T06:02:59+00:00","mainEntityOfPage":{"@id":"https:\/\/portaltela.pt\/noticias\/2026\/04\/29\/conflito-no-irao-e-mau-tempo-atrasam-o-pais\/"},"wordCount":238,"image":{"@id":"https:\/\/portaltela.pt\/noticias\/2026\/04\/29\/conflito-no-irao-e-mau-tempo-atrasam-o-pais\/#primaryimage"},"thumbnailUrl":"https:\/\/portaltela.pt\/s.01k8rhncp4jt1\/2026\/04\/image-1633.jpg","keywords":["_com\u00e9rcio","_crises internacionais","_economia","_energia","_ind\u00fastria","_Portugal"],"articleSection":["Economia","Neg\u00f3cios"],"inLanguage":"pt-PT"},{"@type":"WebPage","@id":"https:\/\/portaltela.pt\/noticias\/2026\/04\/29\/conflito-no-irao-e-mau-tempo-atrasam-o-pais\/","url":"https:\/\/portaltela.pt\/noticias\/2026\/04\/29\/conflito-no-irao-e-mau-tempo-atrasam-o-pais\/","name":"Conflito no Ir\u00e3o e mau tempo atrasam o pa\u00eds - Portal Tela Portugal","isPartOf":{"@id":"https:\/\/portaltela.pt\/#website"},"primaryImageOfPage":{"@id":"https:\/\/portaltela.pt\/noticias\/2026\/04\/29\/conflito-no-irao-e-mau-tempo-atrasam-o-pais\/#primaryimage"},"image":{"@id":"https:\/\/portaltela.pt\/noticias\/2026\/04\/29\/conflito-no-irao-e-mau-tempo-atrasam-o-pais\/#primaryimage"},"thumbnailUrl":"https:\/\/portaltela.pt\/s.01k8rhncp4jt1\/2026\/04\/image-1633.jpg","datePublished":"2026-04-29T06:02:59+00:00","author":{"@id":"https:\/\/portaltela.pt\/#\/schema\/person\/c4278d4a6028830caff9ee44b42d32ed"},"breadcrumb":{"@id":"https:\/\/portaltela.pt\/noticias\/2026\/04\/29\/conflito-no-irao-e-mau-tempo-atrasam-o-pais\/#breadcrumb"},"inLanguage":"pt-PT","potentialAction":[{"@type":"ReadAction","target":["https:\/\/portaltela.pt\/noticias\/2026\/04\/29\/conflito-no-irao-e-mau-tempo-atrasam-o-pais\/"]}]},{"@type":"ImageObject","inLanguage":"pt-PT","@id":"https:\/\/portaltela.pt\/noticias\/2026\/04\/29\/conflito-no-irao-e-mau-tempo-atrasam-o-pais\/#primaryimage","url":"https:\/\/portaltela.pt\/s.01k8rhncp4jt1\/2026\/04\/image-1633.jpg","contentUrl":"https:\/\/portaltela.pt\/s.01k8rhncp4jt1\/2026\/04\/image-1633.jpg","width":796,"height":448,"caption":"Tempestades e chuva cont\u00ednua afetaram a produ\u00e7\u00e3o industrial nos primeiro tr\u00eas meses do ano"},{"@type":"BreadcrumbList","@id":"https:\/\/portaltela.pt\/noticias\/2026\/04\/29\/conflito-no-irao-e-mau-tempo-atrasam-o-pais\/#breadcrumb","itemListElement":[{"@type":"ListItem","position":1,"name":"In\u00edcio","item":"https:\/\/portaltela.pt\/"},{"@type":"ListItem","position":2,"name":"Conflito no Ir\u00e3o e mau tempo atrasam o pa\u00eds"}]},{"@type":"WebSite","@id":"https:\/\/portaltela.pt\/#website","url":"https:\/\/portaltela.pt\/","name":"Portal Tela Portugal","description":"","potentialAction":[{"@type":"SearchAction","target":{"@type":"EntryPoint","urlTemplate":"https:\/\/portaltela.pt\/?s={search_term_string}"},"query-input":{"@type":"PropertyValueSpecification","valueRequired":true,"valueName":"search_term_string"}}],"inLanguage":"pt-PT"},{"@type":"Person","@id":"https:\/\/portaltela.pt\/#\/schema\/person\/c4278d4a6028830caff9ee44b42d32ed","name":"Telinha","image":{"@type":"ImageObject","inLanguage":"pt-PT","@id":"https:\/\/portaltela.pt\/s.01k8rhncp4jt1\/2025\/11\/talking-bot-125x125.png","url":"https:\/\/portaltela.pt\/s.01k8rhncp4jt1\/2025\/11\/talking-bot-125x125.png","contentUrl":"https:\/\/portaltela.pt\/s.01k8rhncp4jt1\/2025\/11\/talking-bot-125x125.png","caption":"Telinha"},"sameAs":["https:\/\/portaltela.pt\/"],"url":"https:\/\/portaltela.pt\/por\/367410592786\/"}]}},"_links":{"self":[{"href":"https:\/\/portaltela.pt\/api\/wp\/v2\/posts\/460716","targetHints":{"allow":["GET"]}}],"collection":[{"href":"https:\/\/portaltela.pt\/api\/wp\/v2\/posts"}],"about":[{"href":"https:\/\/portaltela.pt\/api\/wp\/v2\/types\/post"}],"author":[{"embeddable":true,"href":"https:\/\/portaltela.pt\/api\/wp\/v2\/users\/2"}],"replies":[{"embeddable":true,"href":"https:\/\/portaltela.pt\/api\/wp\/v2\/comments?post=460716"}],"version-history":[{"count":0,"href":"https:\/\/portaltela.pt\/api\/wp\/v2\/posts\/460716\/revisions"}],"wp:featuredmedia":[{"embeddable":true,"href":"https:\/\/portaltela.pt\/api\/wp\/v2\/media\/460721"}],"wp:attachment":[{"href":"https:\/\/portaltela.pt\/api\/wp\/v2\/media?parent=460716"}],"wp:term":[{"taxonomy":"category","embeddable":true,"href":"https:\/\/portaltela.pt\/api\/wp\/v2\/categories?post=460716"},{"taxonomy":"post_tag","embeddable":true,"href":"https:\/\/portaltela.pt\/api\/wp\/v2\/tags?post=460716"}],"curies":[{"name":"wp","href":"https:\/\/api.w.org\/{rel}","templated":true}]}}