{"id":460713,"date":"2026-04-29T03:02:52","date_gmt":"2026-04-29T06:02:52","guid":{"rendered":"https:\/\/portaltela.pt\/noticias\/2026\/04\/29\/fpf-avanca-com-o-final-four-da-taca-de-portugal-para-a-proxima-epoca\/"},"modified":"2026-04-29T03:02:52","modified_gmt":"2026-04-29T06:02:52","slug":"fpf-avanca-com-o-final-four-da-taca-de-portugal-para-a-proxima-epoca","status":"publish","type":"post","link":"https:\/\/portaltela.pt\/desporto\/futebol\/2026\/04\/29\/fpf-avanca-com-o-final-four-da-taca-de-portugal-para-a-proxima-epoca\/","title":{"rendered":"FPF avan\u00e7a com o final four da Ta\u00e7a de Portugal para a pr\u00f3xima \u00e9poca"},"content":{"rendered":"<p>A Federa\u00e7\u00e3o Portuguesa de Futebol vai alterar o formato da Ta\u00e7a de Portugal na \u00e9poca 2026\/27. As meias-finais e a final v\u00e3o ser disputadas num modelo de final four, ap\u00f3s a conclus\u00e3o da I Liga. A mudan\u00e7a surge para tornar as fases finais mais competitivas e decisivas.<\/p>\n<p>Segundo informa\u00e7\u00f5es recolhidas, as meias-finais passam a jogar-se a uma m\u00e3o, em campo neutro, reduzindo o n\u00famero de encontros at\u00e9 \u00e0 final. A final continuar\u00e1 a realizar-se no Est\u00e1dio Nacional, mantendo a tradi\u00e7\u00e3o no Jamor.<\/p>\n<p>A ado\u00e7\u00e3o do formato final four j\u00e1 est\u00e1 definida no calend\u00e1rio da pr\u00f3xima \u00e9poca, com a observa\u00e7\u00e3o de que a conclus\u00e3o da competi\u00e7\u00e3o ocorre apenas ap\u00f3s o t\u00e9rmino da I Liga. A decis\u00e3o enquadra-se numa calendariza\u00e7\u00e3o global do futebol portugu\u00eas que est\u00e1 a ser estruturada pela FPF.<\/p>\n","protected":false},"excerpt":{"rendered":"<ul>\n<li>A Federa\u00e7\u00e3o Portuguesa de Futebol planeia alterar a Ta\u00e7a de Portugal para a \u00e9poca 2026\/27, com as meias-finais e a final num formato de final four.<\/li>\n<li>As meias-finais passam a ser disputadas numa s\u00f3 m\u00e3o, em campo neutro, com a final a ocorrer no Jamor.<\/li>\n<li>A implementa\u00e7\u00e3o desta mudan\u00e7a ser\u00e1 efetuada ap\u00f3s a conclus\u00e3o da 1.\u00aa Liga.<\/li>\n<li>O calend\u00e1rio para 2026\/27 j\u00e1 est\u00e1 definido pela FPF, incluindo a nova organiza\u00e7\u00e3o da Ta\u00e7a de Portugal, segundo o Record.<\/li>\n<li>A final da Ta\u00e7a de Portugal mant\u00e9m-se no Est\u00e1dio Nacional (Jamor).<\/li>\n<\/ul>\n","protected":false},"author":2,"featured_media":460715,"comment_status":"closed","ping_status":"closed","sticky":false,"template":"","format":"standard","meta":{"footnotes":""},"categories":[21,24],"tags":[8756,2705,32,1786,1014,1266],"class_list":["post-460713","post","type-post","status-publish","format-standard","has-post-thumbnail","hentry","category-desporto","category-futebol","tag-_1-a-liga","tag-federacao-portuguesa-de-futebol","tag-futebol","tag-liga","tag-portugal","tag-taca-de-portugal"],"yoast_head":"<!-- This site is optimized with the Yoast SEO plugin v27.2 - https:\/\/yoast.com\/product\/yoast-seo-wordpress\/ -->\n<title>FPF avan\u00e7a com o final four da Ta\u00e7a de Portugal para a pr\u00f3xima \u00e9poca - Portal Tela Portugal<\/title>\n<meta name=\"robots\" content=\"index, follow, max-snippet:-1, max-image-preview:large, max-video-preview:-1\" \/>\n<meta property=\"og:locale\" content=\"pt_PT\" \/>\n<meta property=\"og:type\" content=\"article\" \/>\n<meta property=\"og:title\" content=\"FPF avan\u00e7a com o final four da Ta\u00e7a de Portugal para a pr\u00f3xima \u00e9poca - Portal Tela Portugal\" \/>\n<meta property=\"og:description\" content=\"A Federa\u00e7\u00e3o Portuguesa de Futebol planeia alterar a Ta\u00e7a de Portugal para a \u00e9poca 2026\/27, com as meias-finais e a final num formato de final four. As meias-finais passam a ser disputadas numa s\u00f3 m\u00e3o, em campo neutro, com a final a ocorrer no Jamor. A implementa\u00e7\u00e3o desta mudan\u00e7a ser\u00e1 efetuada ap\u00f3s a conclus\u00e3o da 1.\u00aa Liga. O calend\u00e1rio para 2026\/27 j\u00e1 est\u00e1 definido pela FPF, incluindo a nova organiza\u00e7\u00e3o da Ta\u00e7a de Portugal, segundo o Record. A final da Ta\u00e7a de Portugal mant\u00e9m-se no Est\u00e1dio Nacional (Jamor).\" \/>\n<meta property=\"og:url\" content=\"https:\/\/portaltela.pt\/noticias\/2026\/04\/29\/fpf-avanca-com-o-final-four-da-taca-de-portugal-para-a-proxima-epoca\/\" \/>\n<meta property=\"og:site_name\" content=\"Portal Tela Portugal\" \/>\n<meta property=\"article:published_time\" content=\"2026-04-29T06:02:52+00:00\" \/>\n<meta name=\"author\" content=\"Telinha\" \/>\n<meta name=\"twitter:card\" content=\"summary_large_image\" \/>\n<meta name=\"twitter:label1\" content=\"Escrito por\" \/>\n\t<meta name=\"twitter:data1\" content=\"Telinha\" \/>\n\t<meta name=\"twitter:label2\" content=\"Tempo estimado de leitura\" \/>\n\t<meta name=\"twitter:data2\" content=\"1 minuto\" \/>\n<script type=\"application\/ld+json\" class=\"yoast-schema-graph\">{\"@context\":\"https:\/\/schema.org\",\"@graph\":[{\"@type\":\"Article\",\"@id\":\"https:\/\/portaltela.pt\/noticias\/2026\/04\/29\/fpf-avanca-com-o-final-four-da-taca-de-portugal-para-a-proxima-epoca\/#article\",\"isPartOf\":{\"@id\":\"https:\/\/portaltela.pt\/noticias\/2026\/04\/29\/fpf-avanca-com-o-final-four-da-taca-de-portugal-para-a-proxima-epoca\/\"},\"author\":{\"name\":\"Telinha\",\"@id\":\"https:\/\/portaltela.pt\/#\/schema\/person\/c4278d4a6028830caff9ee44b42d32ed\"},\"headline\":\"FPF avan\u00e7a com o final four da Ta\u00e7a de Portugal para a pr\u00f3xima \u00e9poca\",\"datePublished\":\"2026-04-29T06:02:52+00:00\",\"mainEntityOfPage\":{\"@id\":\"https:\/\/portaltela.pt\/noticias\/2026\/04\/29\/fpf-avanca-com-o-final-four-da-taca-de-portugal-para-a-proxima-epoca\/\"},\"wordCount\":166,\"image\":{\"@id\":\"https:\/\/portaltela.pt\/noticias\/2026\/04\/29\/fpf-avanca-com-o-final-four-da-taca-de-portugal-para-a-proxima-epoca\/#primaryimage\"},\"thumbnailUrl\":\"https:\/\/portaltela.pt\/s.01k8rhncp4jt1\/2026\/04\/img_920x518uu2026-04-28-20-19-20-2435804-im-639130044062502764.jpg\",\"keywords\":[\"_1.\u00aa Liga\",\"Federa\u00e7\u00e3o Portuguesa de Futebol\",\"futebol\",\"Liga\",\"Portugal\",\"Ta\u00e7a de Portugal\"],\"articleSection\":[\"Desporto\",\"Futebol\"],\"inLanguage\":\"pt-PT\"},{\"@type\":\"WebPage\",\"@id\":\"https:\/\/portaltela.pt\/noticias\/2026\/04\/29\/fpf-avanca-com-o-final-four-da-taca-de-portugal-para-a-proxima-epoca\/\",\"url\":\"https:\/\/portaltela.pt\/noticias\/2026\/04\/29\/fpf-avanca-com-o-final-four-da-taca-de-portugal-para-a-proxima-epoca\/\",\"name\":\"FPF avan\u00e7a com o final four da Ta\u00e7a de Portugal para a pr\u00f3xima \u00e9poca - Portal Tela Portugal\",\"isPartOf\":{\"@id\":\"https:\/\/portaltela.pt\/#website\"},\"primaryImageOfPage\":{\"@id\":\"https:\/\/portaltela.pt\/noticias\/2026\/04\/29\/fpf-avanca-com-o-final-four-da-taca-de-portugal-para-a-proxima-epoca\/#primaryimage\"},\"image\":{\"@id\":\"https:\/\/portaltela.pt\/noticias\/2026\/04\/29\/fpf-avanca-com-o-final-four-da-taca-de-portugal-para-a-proxima-epoca\/#primaryimage\"},\"thumbnailUrl\":\"https:\/\/portaltela.pt\/s.01k8rhncp4jt1\/2026\/04\/img_920x518uu2026-04-28-20-19-20-2435804-im-639130044062502764.jpg\",\"datePublished\":\"2026-04-29T06:02:52+00:00\",\"author\":{\"@id\":\"https:\/\/portaltela.pt\/#\/schema\/person\/c4278d4a6028830caff9ee44b42d32ed\"},\"breadcrumb\":{\"@id\":\"https:\/\/portaltela.pt\/noticias\/2026\/04\/29\/fpf-avanca-com-o-final-four-da-taca-de-portugal-para-a-proxima-epoca\/#breadcrumb\"},\"inLanguage\":\"pt-PT\",\"potentialAction\":[{\"@type\":\"ReadAction\",\"target\":[\"https:\/\/portaltela.pt\/noticias\/2026\/04\/29\/fpf-avanca-com-o-final-four-da-taca-de-portugal-para-a-proxima-epoca\/\"]}]},{\"@type\":\"ImageObject\",\"inLanguage\":\"pt-PT\",\"@id\":\"https:\/\/portaltela.pt\/noticias\/2026\/04\/29\/fpf-avanca-com-o-final-four-da-taca-de-portugal-para-a-proxima-epoca\/#primaryimage\",\"url\":\"https:\/\/portaltela.pt\/s.01k8rhncp4jt1\/2026\/04\/img_920x518uu2026-04-28-20-19-20-2435804-im-639130044062502764.jpg\",\"contentUrl\":\"https:\/\/portaltela.pt\/s.01k8rhncp4jt1\/2026\/04\/img_920x518uu2026-04-28-20-19-20-2435804-im-639130044062502764.jpg\",\"width\":796,\"height\":448,\"caption\":\"Final continuar\u00e1 a realizar-se no Est\u00e1dio Nacional\"},{\"@type\":\"BreadcrumbList\",\"@id\":\"https:\/\/portaltela.pt\/noticias\/2026\/04\/29\/fpf-avanca-com-o-final-four-da-taca-de-portugal-para-a-proxima-epoca\/#breadcrumb\",\"itemListElement\":[{\"@type\":\"ListItem\",\"position\":1,\"name\":\"In\u00edcio\",\"item\":\"https:\/\/portaltela.pt\/\"},{\"@type\":\"ListItem\",\"position\":2,\"name\":\"FPF avan\u00e7a com o final four da Ta\u00e7a de Portugal para a pr\u00f3xima \u00e9poca\"}]},{\"@type\":\"WebSite\",\"@id\":\"https:\/\/portaltela.pt\/#website\",\"url\":\"https:\/\/portaltela.pt\/\",\"name\":\"Portal Tela Portugal\",\"description\":\"\",\"potentialAction\":[{\"@type\":\"SearchAction\",\"target\":{\"@type\":\"EntryPoint\",\"urlTemplate\":\"https:\/\/portaltela.pt\/?s={search_term_string}\"},\"query-input\":{\"@type\":\"PropertyValueSpecification\",\"valueRequired\":true,\"valueName\":\"search_term_string\"}}],\"inLanguage\":\"pt-PT\"},{\"@type\":\"Person\",\"@id\":\"https:\/\/portaltela.pt\/#\/schema\/person\/c4278d4a6028830caff9ee44b42d32ed\",\"name\":\"Telinha\",\"image\":{\"@type\":\"ImageObject\",\"inLanguage\":\"pt-PT\",\"@id\":\"https:\/\/portaltela.pt\/s.01k8rhncp4jt1\/2025\/11\/talking-bot-125x125.png\",\"url\":\"https:\/\/portaltela.pt\/s.01k8rhncp4jt1\/2025\/11\/talking-bot-125x125.png\",\"contentUrl\":\"https:\/\/portaltela.pt\/s.01k8rhncp4jt1\/2025\/11\/talking-bot-125x125.png\",\"caption\":\"Telinha\"},\"sameAs\":[\"https:\/\/portaltela.pt\/\"],\"url\":\"https:\/\/portaltela.pt\/por\/367410592786\/\"}]}<\/script>\n<!-- \/ Yoast SEO plugin. -->","yoast_head_json":{"title":"FPF avan\u00e7a com o final four da Ta\u00e7a de Portugal para a pr\u00f3xima \u00e9poca - Portal Tela Portugal","robots":{"index":"index","follow":"follow","max-snippet":"max-snippet:-1","max-image-preview":"max-image-preview:large","max-video-preview":"max-video-preview:-1"},"og_locale":"pt_PT","og_type":"article","og_title":"FPF avan\u00e7a com o final four da Ta\u00e7a de Portugal para a pr\u00f3xima \u00e9poca - Portal Tela Portugal","og_description":"A Federa\u00e7\u00e3o Portuguesa de Futebol planeia alterar a Ta\u00e7a de Portugal para a \u00e9poca 2026\/27, com as meias-finais e a final num formato de final four. As meias-finais passam a ser disputadas numa s\u00f3 m\u00e3o, em campo neutro, com a final a ocorrer no Jamor. A implementa\u00e7\u00e3o desta mudan\u00e7a ser\u00e1 efetuada ap\u00f3s a conclus\u00e3o da 1.\u00aa Liga. O calend\u00e1rio para 2026\/27 j\u00e1 est\u00e1 definido pela FPF, incluindo a nova organiza\u00e7\u00e3o da Ta\u00e7a de Portugal, segundo o Record. A final da Ta\u00e7a de Portugal mant\u00e9m-se no Est\u00e1dio Nacional (Jamor).","og_url":"https:\/\/portaltela.pt\/noticias\/2026\/04\/29\/fpf-avanca-com-o-final-four-da-taca-de-portugal-para-a-proxima-epoca\/","og_site_name":"Portal Tela Portugal","article_published_time":"2026-04-29T06:02:52+00:00","author":"Telinha","twitter_card":"summary_large_image","twitter_misc":{"Escrito por":"Telinha","Tempo estimado de leitura":"1 minuto"},"schema":{"@context":"https:\/\/schema.org","@graph":[{"@type":"Article","@id":"https:\/\/portaltela.pt\/noticias\/2026\/04\/29\/fpf-avanca-com-o-final-four-da-taca-de-portugal-para-a-proxima-epoca\/#article","isPartOf":{"@id":"https:\/\/portaltela.pt\/noticias\/2026\/04\/29\/fpf-avanca-com-o-final-four-da-taca-de-portugal-para-a-proxima-epoca\/"},"author":{"name":"Telinha","@id":"https:\/\/portaltela.pt\/#\/schema\/person\/c4278d4a6028830caff9ee44b42d32ed"},"headline":"FPF avan\u00e7a com o final four da Ta\u00e7a de Portugal para a pr\u00f3xima \u00e9poca","datePublished":"2026-04-29T06:02:52+00:00","mainEntityOfPage":{"@id":"https:\/\/portaltela.pt\/noticias\/2026\/04\/29\/fpf-avanca-com-o-final-four-da-taca-de-portugal-para-a-proxima-epoca\/"},"wordCount":166,"image":{"@id":"https:\/\/portaltela.pt\/noticias\/2026\/04\/29\/fpf-avanca-com-o-final-four-da-taca-de-portugal-para-a-proxima-epoca\/#primaryimage"},"thumbnailUrl":"https:\/\/portaltela.pt\/s.01k8rhncp4jt1\/2026\/04\/img_920x518uu2026-04-28-20-19-20-2435804-im-639130044062502764.jpg","keywords":["_1.\u00aa Liga","Federa\u00e7\u00e3o Portuguesa de Futebol","futebol","Liga","Portugal","Ta\u00e7a de Portugal"],"articleSection":["Desporto","Futebol"],"inLanguage":"pt-PT"},{"@type":"WebPage","@id":"https:\/\/portaltela.pt\/noticias\/2026\/04\/29\/fpf-avanca-com-o-final-four-da-taca-de-portugal-para-a-proxima-epoca\/","url":"https:\/\/portaltela.pt\/noticias\/2026\/04\/29\/fpf-avanca-com-o-final-four-da-taca-de-portugal-para-a-proxima-epoca\/","name":"FPF avan\u00e7a com o final four da Ta\u00e7a de Portugal para a pr\u00f3xima \u00e9poca - Portal Tela Portugal","isPartOf":{"@id":"https:\/\/portaltela.pt\/#website"},"primaryImageOfPage":{"@id":"https:\/\/portaltela.pt\/noticias\/2026\/04\/29\/fpf-avanca-com-o-final-four-da-taca-de-portugal-para-a-proxima-epoca\/#primaryimage"},"image":{"@id":"https:\/\/portaltela.pt\/noticias\/2026\/04\/29\/fpf-avanca-com-o-final-four-da-taca-de-portugal-para-a-proxima-epoca\/#primaryimage"},"thumbnailUrl":"https:\/\/portaltela.pt\/s.01k8rhncp4jt1\/2026\/04\/img_920x518uu2026-04-28-20-19-20-2435804-im-639130044062502764.jpg","datePublished":"2026-04-29T06:02:52+00:00","author":{"@id":"https:\/\/portaltela.pt\/#\/schema\/person\/c4278d4a6028830caff9ee44b42d32ed"},"breadcrumb":{"@id":"https:\/\/portaltela.pt\/noticias\/2026\/04\/29\/fpf-avanca-com-o-final-four-da-taca-de-portugal-para-a-proxima-epoca\/#breadcrumb"},"inLanguage":"pt-PT","potentialAction":[{"@type":"ReadAction","target":["https:\/\/portaltela.pt\/noticias\/2026\/04\/29\/fpf-avanca-com-o-final-four-da-taca-de-portugal-para-a-proxima-epoca\/"]}]},{"@type":"ImageObject","inLanguage":"pt-PT","@id":"https:\/\/portaltela.pt\/noticias\/2026\/04\/29\/fpf-avanca-com-o-final-four-da-taca-de-portugal-para-a-proxima-epoca\/#primaryimage","url":"https:\/\/portaltela.pt\/s.01k8rhncp4jt1\/2026\/04\/img_920x518uu2026-04-28-20-19-20-2435804-im-639130044062502764.jpg","contentUrl":"https:\/\/portaltela.pt\/s.01k8rhncp4jt1\/2026\/04\/img_920x518uu2026-04-28-20-19-20-2435804-im-639130044062502764.jpg","width":796,"height":448,"caption":"Final continuar\u00e1 a realizar-se no Est\u00e1dio Nacional"},{"@type":"BreadcrumbList","@id":"https:\/\/portaltela.pt\/noticias\/2026\/04\/29\/fpf-avanca-com-o-final-four-da-taca-de-portugal-para-a-proxima-epoca\/#breadcrumb","itemListElement":[{"@type":"ListItem","position":1,"name":"In\u00edcio","item":"https:\/\/portaltela.pt\/"},{"@type":"ListItem","position":2,"name":"FPF avan\u00e7a com o final four da Ta\u00e7a de Portugal para a pr\u00f3xima \u00e9poca"}]},{"@type":"WebSite","@id":"https:\/\/portaltela.pt\/#website","url":"https:\/\/portaltela.pt\/","name":"Portal Tela Portugal","description":"","potentialAction":[{"@type":"SearchAction","target":{"@type":"EntryPoint","urlTemplate":"https:\/\/portaltela.pt\/?s={search_term_string}"},"query-input":{"@type":"PropertyValueSpecification","valueRequired":true,"valueName":"search_term_string"}}],"inLanguage":"pt-PT"},{"@type":"Person","@id":"https:\/\/portaltela.pt\/#\/schema\/person\/c4278d4a6028830caff9ee44b42d32ed","name":"Telinha","image":{"@type":"ImageObject","inLanguage":"pt-PT","@id":"https:\/\/portaltela.pt\/s.01k8rhncp4jt1\/2025\/11\/talking-bot-125x125.png","url":"https:\/\/portaltela.pt\/s.01k8rhncp4jt1\/2025\/11\/talking-bot-125x125.png","contentUrl":"https:\/\/portaltela.pt\/s.01k8rhncp4jt1\/2025\/11\/talking-bot-125x125.png","caption":"Telinha"},"sameAs":["https:\/\/portaltela.pt\/"],"url":"https:\/\/portaltela.pt\/por\/367410592786\/"}]}},"_links":{"self":[{"href":"https:\/\/portaltela.pt\/api\/wp\/v2\/posts\/460713","targetHints":{"allow":["GET"]}}],"collection":[{"href":"https:\/\/portaltela.pt\/api\/wp\/v2\/posts"}],"about":[{"href":"https:\/\/portaltela.pt\/api\/wp\/v2\/types\/post"}],"author":[{"embeddable":true,"href":"https:\/\/portaltela.pt\/api\/wp\/v2\/users\/2"}],"replies":[{"embeddable":true,"href":"https:\/\/portaltela.pt\/api\/wp\/v2\/comments?post=460713"}],"version-history":[{"count":0,"href":"https:\/\/portaltela.pt\/api\/wp\/v2\/posts\/460713\/revisions"}],"wp:featuredmedia":[{"embeddable":true,"href":"https:\/\/portaltela.pt\/api\/wp\/v2\/media\/460715"}],"wp:attachment":[{"href":"https:\/\/portaltela.pt\/api\/wp\/v2\/media?parent=460713"}],"wp:term":[{"taxonomy":"category","embeddable":true,"href":"https:\/\/portaltela.pt\/api\/wp\/v2\/categories?post=460713"},{"taxonomy":"post_tag","embeddable":true,"href":"https:\/\/portaltela.pt\/api\/wp\/v2\/tags?post=460713"}],"curies":[{"name":"wp","href":"https:\/\/api.w.org\/{rel}","templated":true}]}}