{"id":460705,"date":"2026-04-29T02:47:49","date_gmt":"2026-04-29T05:47:49","guid":{"rendered":"https:\/\/portaltela.pt\/noticias\/2026\/04\/29\/policia-contradiz-chanceler-merz-sobre-a-solucao-do-problema-do-asilo\/"},"modified":"2026-04-29T02:47:49","modified_gmt":"2026-04-29T05:47:49","slug":"policia-contradiz-chanceler-merz-sobre-a-solucao-do-problema-do-asilo","status":"publish","type":"post","link":"https:\/\/portaltela.pt\/politica-internacional\/2026\/04\/29\/policia-contradiz-chanceler-merz-sobre-a-solucao-do-problema-do-asilo\/","title":{"rendered":"Pol\u00edcia contradiz chanceler Merz sobre a solu\u00e7\u00e3o do problema do asilo"},"content":{"rendered":"<p>O chanceler federal Friedrich Merz (CDU) afirma que o governo est\u00e1 a avan\u00e7ar na pol\u00edtica de migra\u00e7\u00e3o, com n\u00fameros a baixar de forma clara. Diz que j\u00e1 se resolveu grande parte do problema. A avalia\u00e7\u00e3o n\u00e3o \u00e9 partilhada pela pol\u00edcia.<\/p>\n<p>O novo presidente do Sindicato da Pol\u00edcia Alem\u00e3, Heiko Teggatz, disse ao Bild que o decl\u00ednio n\u00e3o resulta do chanceler, mas da a\u00e7\u00e3o do ministro do Interior. Observa ainda que a maior parte do problema continua por resolver.<\/p>\n<p>Para melhorar a seguran\u00e7a de forma sustent\u00e1vel, Teggatz defende repatriar sistematicamente pessoas cujo estatuto tenha caducado. Tamb\u00e9m insistiu que quem abuse do direito de acolhimento ou cometa crimes deve abandonar a Alemanha.<\/p>\n<p>A Pol\u00edcia Federal est\u00e1 sob press\u00e3o nos controlos fronteiri\u00e7os. O presidente do sindicato da PF, Manuel Ostermann, reconhece melhorias, mas n\u00e3o considera o al\u00edvio como definitivo. Os controlos nas fronteiras parecem ter sido decisivos.<\/p>\n<h3>Dados sobre deporta\u00e7\u00f5es e tend\u00eancias<\/h3>\n<p>Ainda assim, n\u00e3o h\u00e1 uma viragem total na pol\u00edtica de migra\u00e7\u00e3o. Em 2025, as deporta\u00e7\u00f5es aumentaram 18% face a 2024, segundo o Minist\u00e9rio do Interior. Entre janeiro e outubro, 19.538 pessoas foram repatriadas.<\/p>\n<p>A m\u00e9dia \u00e9 de cerca de 65 pessoas por dia para os seus pa\u00edses de origem. Em igual per\u00edodo de 2024, o n\u00famero era de 16.563 deporta\u00e7\u00f5es.<\/p>\n<p>A maioria dos deportados foi encaminhada para a Turquia e para a Ge\u00f3rgia. At\u00e9 setembro, um em cada cinco deportados era menor de idade.<\/p>\n","protected":false},"excerpt":{"rendered":"<ul>\n<li>O chanceler federal Friedrich Merz afirma que o governo est\u00e1 no bom caminho na pol\u00edtica de migra\u00e7\u00e3o, com n\u00fameros a baixar de forma clara e significativa. A pol\u00edcia, por\u00e9m, discorda.<\/li>\n<li>O novo presidente do Sindicato da Pol\u00edcia Alem\u00e3, Heiko Teggatz, diz que a queda da migra\u00e7\u00e3o ilegal n\u00e3o se deve ao chanceler, mas \u00e0 a\u00e7\u00e3o do ministro do Interior, e que o problema est\u00e1 muito longe de ser resolvido.<\/li>\n<li>Teggatz defende a repatria\u00e7\u00e3o sistem\u00e1tica de pessoas cujo estatuto de prote\u00e7\u00e3o caducou e a retirada do acolhimento a quem o abuso ou cometa crimes.<\/li>\n<li>A Pol\u00edcia Federal reconhece melhorias, mas est\u00e1 sob press\u00e3o nos controlos de fronteiras; os controlos generalizados foram a base decisiva para o al\u00edvio da situa\u00e7\u00e3o.<\/li>\n<li>Em 2025, as deporta\u00e7\u00f5es aumentaram 18% face a 2024, com 19 538 pessoas repatriadas entre janeiro e outubro; a maioria foi para Turquia e Ge\u00f3rgia, e at\u00e9 setembro cerca de 20% dos deportados eram crian\u00e7as ou adolescentes.<\/li>\n<\/ul>\n","protected":false},"author":2,"featured_media":460708,"comment_status":"closed","ping_status":"closed","sticky":false,"template":"","format":"standard","meta":{"footnotes":""},"categories":[6814,7127],"tags":[7987,8799,7932,7919,8247,8625],"class_list":["post-460705","post","type-post","status-publish","format-standard","has-post-thumbnail","hentry","category-geopolitica","category-politica-internacional","tag-_alemanha","tag-_deportacoes","tag-_imigracao-internacional","tag-_migracao","tag-_refugiados","tag-_seguranca-interna"],"yoast_head":"<!-- This site is optimized with the Yoast SEO plugin v27.2 - https:\/\/yoast.com\/product\/yoast-seo-wordpress\/ -->\n<title>Pol\u00edcia contradiz chanceler Merz sobre a solu\u00e7\u00e3o do problema do asilo - Portal Tela Portugal<\/title>\n<meta name=\"robots\" content=\"index, follow, max-snippet:-1, max-image-preview:large, max-video-preview:-1\" \/>\n<meta property=\"og:locale\" content=\"pt_PT\" \/>\n<meta property=\"og:type\" content=\"article\" \/>\n<meta property=\"og:title\" content=\"Pol\u00edcia contradiz chanceler Merz sobre a solu\u00e7\u00e3o do problema do asilo - Portal Tela Portugal\" \/>\n<meta property=\"og:description\" content=\"O chanceler federal Friedrich Merz afirma que o governo est\u00e1 no bom caminho na pol\u00edtica de migra\u00e7\u00e3o, com n\u00fameros a baixar de forma clara e significativa. A pol\u00edcia, por\u00e9m, discorda. O novo presidente do Sindicato da Pol\u00edcia Alem\u00e3, Heiko Teggatz, diz que a queda da migra\u00e7\u00e3o ilegal n\u00e3o se deve ao chanceler, mas \u00e0 a\u00e7\u00e3o do ministro do Interior, e que o problema est\u00e1 muito longe de ser resolvido. Teggatz defende a repatria\u00e7\u00e3o sistem\u00e1tica de pessoas cujo estatuto de prote\u00e7\u00e3o caducou e a retirada do acolhimento a quem o abuso ou cometa crimes. A Pol\u00edcia Federal reconhece melhorias, mas est\u00e1 sob press\u00e3o nos controlos de fronteiras; os controlos generalizados foram a base decisiva para o al\u00edvio da situa\u00e7\u00e3o. Em 2025, as deporta\u00e7\u00f5es aumentaram 18% face a 2024, com 19 538 pessoas repatriadas entre janeiro e outubro; a maioria foi para Turquia e Ge\u00f3rgia, e at\u00e9 setembro cerca de 20% dos deportados eram crian\u00e7as ou adolescentes.\" \/>\n<meta property=\"og:url\" content=\"https:\/\/portaltela.pt\/noticias\/2026\/04\/29\/policia-contradiz-chanceler-merz-sobre-a-solucao-do-problema-do-asilo\/\" \/>\n<meta property=\"og:site_name\" content=\"Portal Tela Portugal\" \/>\n<meta property=\"article:published_time\" content=\"2026-04-29T05:47:49+00:00\" \/>\n<meta name=\"author\" content=\"Telinha\" \/>\n<meta name=\"twitter:card\" content=\"summary_large_image\" \/>\n<meta name=\"twitter:label1\" content=\"Escrito por\" \/>\n\t<meta name=\"twitter:data1\" content=\"Telinha\" \/>\n\t<meta name=\"twitter:label2\" content=\"Tempo estimado de leitura\" \/>\n\t<meta name=\"twitter:data2\" content=\"1 minuto\" \/>\n<script type=\"application\/ld+json\" class=\"yoast-schema-graph\">{\"@context\":\"https:\/\/schema.org\",\"@graph\":[{\"@type\":\"Article\",\"@id\":\"https:\/\/portaltela.pt\/noticias\/2026\/04\/29\/policia-contradiz-chanceler-merz-sobre-a-solucao-do-problema-do-asilo\/#article\",\"isPartOf\":{\"@id\":\"https:\/\/portaltela.pt\/noticias\/2026\/04\/29\/policia-contradiz-chanceler-merz-sobre-a-solucao-do-problema-do-asilo\/\"},\"author\":{\"name\":\"Telinha\",\"@id\":\"https:\/\/portaltela.pt\/#\/schema\/person\/c4278d4a6028830caff9ee44b42d32ed\"},\"headline\":\"Pol\u00edcia contradiz chanceler Merz sobre a solu\u00e7\u00e3o do problema do asilo\",\"datePublished\":\"2026-04-29T05:47:49+00:00\",\"mainEntityOfPage\":{\"@id\":\"https:\/\/portaltela.pt\/noticias\/2026\/04\/29\/policia-contradiz-chanceler-merz-sobre-a-solucao-do-problema-do-asilo\/\"},\"wordCount\":269,\"image\":{\"@id\":\"https:\/\/portaltela.pt\/noticias\/2026\/04\/29\/policia-contradiz-chanceler-merz-sobre-a-solucao-do-problema-do-asilo\/#primaryimage\"},\"thumbnailUrl\":\"https:\/\/portaltela.pt\/s.01k8rhncp4jt1\/2026\/04\/1536x864_cmsv2_4e6d2195-5117-598c-b588-e2478960ae43-9739792.jpg\",\"keywords\":[\"_Alemanha\",\"_deporta\u00e7\u00f5es\",\"_imigra\u00e7\u00e3o internacional\",\"_migra\u00e7\u00e3o\",\"_refugiados\",\"_seguran\u00e7a interna\"],\"articleSection\":[\"Geopol\u00edtica\",\"Pol\u00edtica Internacional\"],\"inLanguage\":\"pt-PT\"},{\"@type\":\"WebPage\",\"@id\":\"https:\/\/portaltela.pt\/noticias\/2026\/04\/29\/policia-contradiz-chanceler-merz-sobre-a-solucao-do-problema-do-asilo\/\",\"url\":\"https:\/\/portaltela.pt\/noticias\/2026\/04\/29\/policia-contradiz-chanceler-merz-sobre-a-solucao-do-problema-do-asilo\/\",\"name\":\"Pol\u00edcia contradiz chanceler Merz sobre a solu\u00e7\u00e3o do problema do asilo - Portal Tela Portugal\",\"isPartOf\":{\"@id\":\"https:\/\/portaltela.pt\/#website\"},\"primaryImageOfPage\":{\"@id\":\"https:\/\/portaltela.pt\/noticias\/2026\/04\/29\/policia-contradiz-chanceler-merz-sobre-a-solucao-do-problema-do-asilo\/#primaryimage\"},\"image\":{\"@id\":\"https:\/\/portaltela.pt\/noticias\/2026\/04\/29\/policia-contradiz-chanceler-merz-sobre-a-solucao-do-problema-do-asilo\/#primaryimage\"},\"thumbnailUrl\":\"https:\/\/portaltela.pt\/s.01k8rhncp4jt1\/2026\/04\/1536x864_cmsv2_4e6d2195-5117-598c-b588-e2478960ae43-9739792.jpg\",\"datePublished\":\"2026-04-29T05:47:49+00:00\",\"author\":{\"@id\":\"https:\/\/portaltela.pt\/#\/schema\/person\/c4278d4a6028830caff9ee44b42d32ed\"},\"breadcrumb\":{\"@id\":\"https:\/\/portaltela.pt\/noticias\/2026\/04\/29\/policia-contradiz-chanceler-merz-sobre-a-solucao-do-problema-do-asilo\/#breadcrumb\"},\"inLanguage\":\"pt-PT\",\"potentialAction\":[{\"@type\":\"ReadAction\",\"target\":[\"https:\/\/portaltela.pt\/noticias\/2026\/04\/29\/policia-contradiz-chanceler-merz-sobre-a-solucao-do-problema-do-asilo\/\"]}]},{\"@type\":\"ImageObject\",\"inLanguage\":\"pt-PT\",\"@id\":\"https:\/\/portaltela.pt\/noticias\/2026\/04\/29\/policia-contradiz-chanceler-merz-sobre-a-solucao-do-problema-do-asilo\/#primaryimage\",\"url\":\"https:\/\/portaltela.pt\/s.01k8rhncp4jt1\/2026\/04\/1536x864_cmsv2_4e6d2195-5117-598c-b588-e2478960ae43-9739792.jpg\",\"contentUrl\":\"https:\/\/portaltela.pt\/s.01k8rhncp4jt1\/2026\/04\/1536x864_cmsv2_4e6d2195-5117-598c-b588-e2478960ae43-9739792.jpg\",\"width\":1536,\"height\":864,\"caption\":\"O chanceler alem\u00e3o Friedrich Merz toca a campainha ao abrir a reuni\u00e3o do gabinete na Chancelaria Federal em Berlim, Alemanha, quarta-feira, 1 de abril de 2026.\"},{\"@type\":\"BreadcrumbList\",\"@id\":\"https:\/\/portaltela.pt\/noticias\/2026\/04\/29\/policia-contradiz-chanceler-merz-sobre-a-solucao-do-problema-do-asilo\/#breadcrumb\",\"itemListElement\":[{\"@type\":\"ListItem\",\"position\":1,\"name\":\"In\u00edcio\",\"item\":\"https:\/\/portaltela.pt\/\"},{\"@type\":\"ListItem\",\"position\":2,\"name\":\"Pol\u00edcia contradiz chanceler Merz sobre a solu\u00e7\u00e3o do problema do asilo\"}]},{\"@type\":\"WebSite\",\"@id\":\"https:\/\/portaltela.pt\/#website\",\"url\":\"https:\/\/portaltela.pt\/\",\"name\":\"Portal Tela Portugal\",\"description\":\"\",\"potentialAction\":[{\"@type\":\"SearchAction\",\"target\":{\"@type\":\"EntryPoint\",\"urlTemplate\":\"https:\/\/portaltela.pt\/?s={search_term_string}\"},\"query-input\":{\"@type\":\"PropertyValueSpecification\",\"valueRequired\":true,\"valueName\":\"search_term_string\"}}],\"inLanguage\":\"pt-PT\"},{\"@type\":\"Person\",\"@id\":\"https:\/\/portaltela.pt\/#\/schema\/person\/c4278d4a6028830caff9ee44b42d32ed\",\"name\":\"Telinha\",\"image\":{\"@type\":\"ImageObject\",\"inLanguage\":\"pt-PT\",\"@id\":\"https:\/\/portaltela.pt\/s.01k8rhncp4jt1\/2025\/11\/talking-bot-125x125.png\",\"url\":\"https:\/\/portaltela.pt\/s.01k8rhncp4jt1\/2025\/11\/talking-bot-125x125.png\",\"contentUrl\":\"https:\/\/portaltela.pt\/s.01k8rhncp4jt1\/2025\/11\/talking-bot-125x125.png\",\"caption\":\"Telinha\"},\"sameAs\":[\"https:\/\/portaltela.pt\/\"],\"url\":\"https:\/\/portaltela.pt\/por\/367410592786\/\"}]}<\/script>\n<!-- \/ Yoast SEO plugin. -->","yoast_head_json":{"title":"Pol\u00edcia contradiz chanceler Merz sobre a solu\u00e7\u00e3o do problema do asilo - Portal Tela Portugal","robots":{"index":"index","follow":"follow","max-snippet":"max-snippet:-1","max-image-preview":"max-image-preview:large","max-video-preview":"max-video-preview:-1"},"og_locale":"pt_PT","og_type":"article","og_title":"Pol\u00edcia contradiz chanceler Merz sobre a solu\u00e7\u00e3o do problema do asilo - Portal Tela Portugal","og_description":"O chanceler federal Friedrich Merz afirma que o governo est\u00e1 no bom caminho na pol\u00edtica de migra\u00e7\u00e3o, com n\u00fameros a baixar de forma clara e significativa. A pol\u00edcia, por\u00e9m, discorda. O novo presidente do Sindicato da Pol\u00edcia Alem\u00e3, Heiko Teggatz, diz que a queda da migra\u00e7\u00e3o ilegal n\u00e3o se deve ao chanceler, mas \u00e0 a\u00e7\u00e3o do ministro do Interior, e que o problema est\u00e1 muito longe de ser resolvido. Teggatz defende a repatria\u00e7\u00e3o sistem\u00e1tica de pessoas cujo estatuto de prote\u00e7\u00e3o caducou e a retirada do acolhimento a quem o abuso ou cometa crimes. A Pol\u00edcia Federal reconhece melhorias, mas est\u00e1 sob press\u00e3o nos controlos de fronteiras; os controlos generalizados foram a base decisiva para o al\u00edvio da situa\u00e7\u00e3o. Em 2025, as deporta\u00e7\u00f5es aumentaram 18% face a 2024, com 19 538 pessoas repatriadas entre janeiro e outubro; a maioria foi para Turquia e Ge\u00f3rgia, e at\u00e9 setembro cerca de 20% dos deportados eram crian\u00e7as ou adolescentes.","og_url":"https:\/\/portaltela.pt\/noticias\/2026\/04\/29\/policia-contradiz-chanceler-merz-sobre-a-solucao-do-problema-do-asilo\/","og_site_name":"Portal Tela Portugal","article_published_time":"2026-04-29T05:47:49+00:00","author":"Telinha","twitter_card":"summary_large_image","twitter_misc":{"Escrito por":"Telinha","Tempo estimado de leitura":"1 minuto"},"schema":{"@context":"https:\/\/schema.org","@graph":[{"@type":"Article","@id":"https:\/\/portaltela.pt\/noticias\/2026\/04\/29\/policia-contradiz-chanceler-merz-sobre-a-solucao-do-problema-do-asilo\/#article","isPartOf":{"@id":"https:\/\/portaltela.pt\/noticias\/2026\/04\/29\/policia-contradiz-chanceler-merz-sobre-a-solucao-do-problema-do-asilo\/"},"author":{"name":"Telinha","@id":"https:\/\/portaltela.pt\/#\/schema\/person\/c4278d4a6028830caff9ee44b42d32ed"},"headline":"Pol\u00edcia contradiz chanceler Merz sobre a solu\u00e7\u00e3o do problema do asilo","datePublished":"2026-04-29T05:47:49+00:00","mainEntityOfPage":{"@id":"https:\/\/portaltela.pt\/noticias\/2026\/04\/29\/policia-contradiz-chanceler-merz-sobre-a-solucao-do-problema-do-asilo\/"},"wordCount":269,"image":{"@id":"https:\/\/portaltela.pt\/noticias\/2026\/04\/29\/policia-contradiz-chanceler-merz-sobre-a-solucao-do-problema-do-asilo\/#primaryimage"},"thumbnailUrl":"https:\/\/portaltela.pt\/s.01k8rhncp4jt1\/2026\/04\/1536x864_cmsv2_4e6d2195-5117-598c-b588-e2478960ae43-9739792.jpg","keywords":["_Alemanha","_deporta\u00e7\u00f5es","_imigra\u00e7\u00e3o internacional","_migra\u00e7\u00e3o","_refugiados","_seguran\u00e7a interna"],"articleSection":["Geopol\u00edtica","Pol\u00edtica Internacional"],"inLanguage":"pt-PT"},{"@type":"WebPage","@id":"https:\/\/portaltela.pt\/noticias\/2026\/04\/29\/policia-contradiz-chanceler-merz-sobre-a-solucao-do-problema-do-asilo\/","url":"https:\/\/portaltela.pt\/noticias\/2026\/04\/29\/policia-contradiz-chanceler-merz-sobre-a-solucao-do-problema-do-asilo\/","name":"Pol\u00edcia contradiz chanceler Merz sobre a solu\u00e7\u00e3o do problema do asilo - Portal Tela Portugal","isPartOf":{"@id":"https:\/\/portaltela.pt\/#website"},"primaryImageOfPage":{"@id":"https:\/\/portaltela.pt\/noticias\/2026\/04\/29\/policia-contradiz-chanceler-merz-sobre-a-solucao-do-problema-do-asilo\/#primaryimage"},"image":{"@id":"https:\/\/portaltela.pt\/noticias\/2026\/04\/29\/policia-contradiz-chanceler-merz-sobre-a-solucao-do-problema-do-asilo\/#primaryimage"},"thumbnailUrl":"https:\/\/portaltela.pt\/s.01k8rhncp4jt1\/2026\/04\/1536x864_cmsv2_4e6d2195-5117-598c-b588-e2478960ae43-9739792.jpg","datePublished":"2026-04-29T05:47:49+00:00","author":{"@id":"https:\/\/portaltela.pt\/#\/schema\/person\/c4278d4a6028830caff9ee44b42d32ed"},"breadcrumb":{"@id":"https:\/\/portaltela.pt\/noticias\/2026\/04\/29\/policia-contradiz-chanceler-merz-sobre-a-solucao-do-problema-do-asilo\/#breadcrumb"},"inLanguage":"pt-PT","potentialAction":[{"@type":"ReadAction","target":["https:\/\/portaltela.pt\/noticias\/2026\/04\/29\/policia-contradiz-chanceler-merz-sobre-a-solucao-do-problema-do-asilo\/"]}]},{"@type":"ImageObject","inLanguage":"pt-PT","@id":"https:\/\/portaltela.pt\/noticias\/2026\/04\/29\/policia-contradiz-chanceler-merz-sobre-a-solucao-do-problema-do-asilo\/#primaryimage","url":"https:\/\/portaltela.pt\/s.01k8rhncp4jt1\/2026\/04\/1536x864_cmsv2_4e6d2195-5117-598c-b588-e2478960ae43-9739792.jpg","contentUrl":"https:\/\/portaltela.pt\/s.01k8rhncp4jt1\/2026\/04\/1536x864_cmsv2_4e6d2195-5117-598c-b588-e2478960ae43-9739792.jpg","width":1536,"height":864,"caption":"O chanceler alem\u00e3o Friedrich Merz toca a campainha ao abrir a reuni\u00e3o do gabinete na Chancelaria Federal em Berlim, Alemanha, quarta-feira, 1 de abril de 2026."},{"@type":"BreadcrumbList","@id":"https:\/\/portaltela.pt\/noticias\/2026\/04\/29\/policia-contradiz-chanceler-merz-sobre-a-solucao-do-problema-do-asilo\/#breadcrumb","itemListElement":[{"@type":"ListItem","position":1,"name":"In\u00edcio","item":"https:\/\/portaltela.pt\/"},{"@type":"ListItem","position":2,"name":"Pol\u00edcia contradiz chanceler Merz sobre a solu\u00e7\u00e3o do problema do asilo"}]},{"@type":"WebSite","@id":"https:\/\/portaltela.pt\/#website","url":"https:\/\/portaltela.pt\/","name":"Portal Tela Portugal","description":"","potentialAction":[{"@type":"SearchAction","target":{"@type":"EntryPoint","urlTemplate":"https:\/\/portaltela.pt\/?s={search_term_string}"},"query-input":{"@type":"PropertyValueSpecification","valueRequired":true,"valueName":"search_term_string"}}],"inLanguage":"pt-PT"},{"@type":"Person","@id":"https:\/\/portaltela.pt\/#\/schema\/person\/c4278d4a6028830caff9ee44b42d32ed","name":"Telinha","image":{"@type":"ImageObject","inLanguage":"pt-PT","@id":"https:\/\/portaltela.pt\/s.01k8rhncp4jt1\/2025\/11\/talking-bot-125x125.png","url":"https:\/\/portaltela.pt\/s.01k8rhncp4jt1\/2025\/11\/talking-bot-125x125.png","contentUrl":"https:\/\/portaltela.pt\/s.01k8rhncp4jt1\/2025\/11\/talking-bot-125x125.png","caption":"Telinha"},"sameAs":["https:\/\/portaltela.pt\/"],"url":"https:\/\/portaltela.pt\/por\/367410592786\/"}]}},"_links":{"self":[{"href":"https:\/\/portaltela.pt\/api\/wp\/v2\/posts\/460705","targetHints":{"allow":["GET"]}}],"collection":[{"href":"https:\/\/portaltela.pt\/api\/wp\/v2\/posts"}],"about":[{"href":"https:\/\/portaltela.pt\/api\/wp\/v2\/types\/post"}],"author":[{"embeddable":true,"href":"https:\/\/portaltela.pt\/api\/wp\/v2\/users\/2"}],"replies":[{"embeddable":true,"href":"https:\/\/portaltela.pt\/api\/wp\/v2\/comments?post=460705"}],"version-history":[{"count":0,"href":"https:\/\/portaltela.pt\/api\/wp\/v2\/posts\/460705\/revisions"}],"wp:featuredmedia":[{"embeddable":true,"href":"https:\/\/portaltela.pt\/api\/wp\/v2\/media\/460708"}],"wp:attachment":[{"href":"https:\/\/portaltela.pt\/api\/wp\/v2\/media?parent=460705"}],"wp:term":[{"taxonomy":"category","embeddable":true,"href":"https:\/\/portaltela.pt\/api\/wp\/v2\/categories?post=460705"},{"taxonomy":"post_tag","embeddable":true,"href":"https:\/\/portaltela.pt\/api\/wp\/v2\/tags?post=460705"}],"curies":[{"name":"wp","href":"https:\/\/api.w.org\/{rel}","templated":true}]}}