{"id":460689,"date":"2026-04-28T17:28:00","date_gmt":"2026-04-28T20:28:00","guid":{"rendered":"https:\/\/portaltela.pt\/noticias\/2026\/04\/28\/banco-mundial-preve-alta-de-236-nos-precos-da-energia-em-2026-devido-a-guerra\/"},"modified":"2026-04-28T17:28:00","modified_gmt":"2026-04-28T20:28:00","slug":"banco-mundial-preve-alta-de-236-nos-precos-da-energia-em-2026-devido-a-guerra","status":"publish","type":"post","link":"https:\/\/portaltela.pt\/noticias\/economia\/2026\/04\/28\/banco-mundial-preve-alta-de-236-nos-precos-da-energia-em-2026-devido-a-guerra\/","title":{"rendered":"Banco Mundial prev\u00ea alta de 23,6% nos pre\u00e7os da energia em 2026 devido \u00e0 guerra"},"content":{"rendered":"<p>O Banco Mundial projecta um aumento de 23,6% nos pre\u00e7os da energia em 2026, atribu\u00eddo \u00e0 guerra no M\u00e9dio Oriente. A previs\u00e3o indica que o salto ficar\u00e1 entre os mais elevados j\u00e1 registados neste indicador.<\/p>\n<p>Segundo o relat\u00f3rio da institui\u00e7\u00e3o, a escalada do conflito geopol\u00edtico intensifica a volatilidade dos mercados energ\u00e9ticos, com impactos previstos sobretudo nos custos de produ\u00e7\u00e3o e na infla\u00e7\u00e3o global. A an\u00e1lise aponta para interrup\u00e7\u00f5es na oferta e press\u00f5es sobre custos log\u00edsticos.<\/p>\n<p>A escalada prevista ocorre num contexto de tens\u00e3o regional e de incerteza geopol\u00edtica, que se soma a press\u00f5es existentes nos mercados energ\u00e9ticos a n\u00edvel mundial. O estudo do Banco Mundial analisa cen\u00e1rios de continuidade do efeito disruptivo sobre a energia, afectando consumidores e setores industriais.<\/p>\n","protected":false},"excerpt":{"rendered":"<ul>\n<li>O Banco Mundial antecipa um aumento de 23,6% nos pre\u00e7os da energia para 2026.<\/li>\n<li>A subida \u00e9 atribu\u00edda \u00e0 guerra no M\u00e9dio Oriente.<\/li>\n<li>O custo da energia em 2026 fica no n\u00edvel mais alto desde a crise causada pela guerra na Ucr\u00e2nia.<\/li>\n<li>O dado resulta de um relat\u00f3rio do Banco Mundial.<\/li>\n<\/ul>\n","protected":false},"author":2,"featured_media":460690,"comment_status":"closed","ping_status":"closed","sticky":false,"template":"","format":"standard","meta":{"footnotes":""},"categories":[2,6850],"tags":[7934,8270,6115,7775,8850,8307],"class_list":["post-460689","post","type-post","status-publish","format-standard","has-post-thumbnail","hentry","category-economia","category-financas","tag-_conflitos-internacionais","tag-_crises-internacionais","tag-_economia","tag-_energia","tag-_geopolitica","tag-_inflacao"],"yoast_head":"<!-- This site is optimized with the Yoast SEO plugin v27.2 - https:\/\/yoast.com\/product\/yoast-seo-wordpress\/ -->\n<title>Banco Mundial prev\u00ea alta de 23,6% nos pre\u00e7os da energia em 2026 devido \u00e0 guerra - Portal Tela Portugal<\/title>\n<meta name=\"robots\" content=\"index, follow, max-snippet:-1, max-image-preview:large, max-video-preview:-1\" \/>\n<meta property=\"og:locale\" content=\"pt_PT\" \/>\n<meta property=\"og:type\" content=\"article\" \/>\n<meta property=\"og:title\" content=\"Banco Mundial prev\u00ea alta de 23,6% nos pre\u00e7os da energia em 2026 devido \u00e0 guerra - Portal Tela Portugal\" \/>\n<meta property=\"og:description\" content=\"O Banco Mundial antecipa um aumento de 23,6% nos pre\u00e7os da energia para 2026. A subida \u00e9 atribu\u00edda \u00e0 guerra no M\u00e9dio Oriente. O custo da energia em 2026 fica no n\u00edvel mais alto desde a crise causada pela guerra na Ucr\u00e2nia. O dado resulta de um relat\u00f3rio do Banco Mundial.\" \/>\n<meta property=\"og:url\" content=\"https:\/\/portaltela.pt\/noticias\/2026\/04\/28\/banco-mundial-preve-alta-de-236-nos-precos-da-energia-em-2026-devido-a-guerra\/\" \/>\n<meta property=\"og:site_name\" content=\"Portal Tela Portugal\" \/>\n<meta property=\"article:published_time\" content=\"2026-04-28T20:28:00+00:00\" \/>\n<meta name=\"author\" content=\"Telinha\" \/>\n<meta name=\"twitter:card\" content=\"summary_large_image\" \/>\n<meta name=\"twitter:label1\" content=\"Escrito por\" \/>\n\t<meta name=\"twitter:data1\" content=\"Telinha\" \/>\n\t<meta name=\"twitter:label2\" content=\"Tempo estimado de leitura\" \/>\n\t<meta name=\"twitter:data2\" content=\"1 minuto\" \/>\n<script type=\"application\/ld+json\" class=\"yoast-schema-graph\">{\"@context\":\"https:\/\/schema.org\",\"@graph\":[{\"@type\":\"Article\",\"@id\":\"https:\/\/portaltela.pt\/noticias\/2026\/04\/28\/banco-mundial-preve-alta-de-236-nos-precos-da-energia-em-2026-devido-a-guerra\/#article\",\"isPartOf\":{\"@id\":\"https:\/\/portaltela.pt\/noticias\/2026\/04\/28\/banco-mundial-preve-alta-de-236-nos-precos-da-energia-em-2026-devido-a-guerra\/\"},\"author\":{\"name\":\"Telinha\",\"@id\":\"https:\/\/portaltela.pt\/#\/schema\/person\/c4278d4a6028830caff9ee44b42d32ed\"},\"headline\":\"Banco Mundial prev\u00ea alta de 23,6% nos pre\u00e7os da energia em 2026 devido \u00e0 guerra\",\"datePublished\":\"2026-04-28T20:28:00+00:00\",\"mainEntityOfPage\":{\"@id\":\"https:\/\/portaltela.pt\/noticias\/2026\/04\/28\/banco-mundial-preve-alta-de-236-nos-precos-da-energia-em-2026-devido-a-guerra\/\"},\"wordCount\":150,\"image\":{\"@id\":\"https:\/\/portaltela.pt\/noticias\/2026\/04\/28\/banco-mundial-preve-alta-de-236-nos-precos-da-energia-em-2026-devido-a-guerra\/#primaryimage\"},\"thumbnailUrl\":\"https:\/\/portaltela.pt\/s.01k8rhncp4jt1\/2026\/04\/CACHE_780X1200_ANALOG_WATERMARKED_17435935_1150349_04062019105045.jpg\",\"keywords\":[\"_conflitos internacionais\",\"_crises internacionais\",\"_economia\",\"_energia\",\"_geopol\u00edtica\",\"_infla\u00e7\u00e3o\"],\"articleSection\":[\"Economia\",\"Finan\u00e7as\"],\"inLanguage\":\"pt-PT\"},{\"@type\":\"WebPage\",\"@id\":\"https:\/\/portaltela.pt\/noticias\/2026\/04\/28\/banco-mundial-preve-alta-de-236-nos-precos-da-energia-em-2026-devido-a-guerra\/\",\"url\":\"https:\/\/portaltela.pt\/noticias\/2026\/04\/28\/banco-mundial-preve-alta-de-236-nos-precos-da-energia-em-2026-devido-a-guerra\/\",\"name\":\"Banco Mundial prev\u00ea alta de 23,6% nos pre\u00e7os da energia em 2026 devido \u00e0 guerra - Portal Tela Portugal\",\"isPartOf\":{\"@id\":\"https:\/\/portaltela.pt\/#website\"},\"primaryImageOfPage\":{\"@id\":\"https:\/\/portaltela.pt\/noticias\/2026\/04\/28\/banco-mundial-preve-alta-de-236-nos-precos-da-energia-em-2026-devido-a-guerra\/#primaryimage\"},\"image\":{\"@id\":\"https:\/\/portaltela.pt\/noticias\/2026\/04\/28\/banco-mundial-preve-alta-de-236-nos-precos-da-energia-em-2026-devido-a-guerra\/#primaryimage\"},\"thumbnailUrl\":\"https:\/\/portaltela.pt\/s.01k8rhncp4jt1\/2026\/04\/CACHE_780X1200_ANALOG_WATERMARKED_17435935_1150349_04062019105045.jpg\",\"datePublished\":\"2026-04-28T20:28:00+00:00\",\"author\":{\"@id\":\"https:\/\/portaltela.pt\/#\/schema\/person\/c4278d4a6028830caff9ee44b42d32ed\"},\"breadcrumb\":{\"@id\":\"https:\/\/portaltela.pt\/noticias\/2026\/04\/28\/banco-mundial-preve-alta-de-236-nos-precos-da-energia-em-2026-devido-a-guerra\/#breadcrumb\"},\"inLanguage\":\"pt-PT\",\"potentialAction\":[{\"@type\":\"ReadAction\",\"target\":[\"https:\/\/portaltela.pt\/noticias\/2026\/04\/28\/banco-mundial-preve-alta-de-236-nos-precos-da-energia-em-2026-devido-a-guerra\/\"]}]},{\"@type\":\"ImageObject\",\"inLanguage\":\"pt-PT\",\"@id\":\"https:\/\/portaltela.pt\/noticias\/2026\/04\/28\/banco-mundial-preve-alta-de-236-nos-precos-da-energia-em-2026-devido-a-guerra\/#primaryimage\",\"url\":\"https:\/\/portaltela.pt\/s.01k8rhncp4jt1\/2026\/04\/CACHE_780X1200_ANALOG_WATERMARKED_17435935_1150349_04062019105045.jpg\",\"contentUrl\":\"https:\/\/portaltela.pt\/s.01k8rhncp4jt1\/2026\/04\/CACHE_780X1200_ANALOG_WATERMARKED_17435935_1150349_04062019105045.jpg\",\"width\":796,\"height\":448,\"caption\":\"Banco Mundial afirma que pre\u00e7os da energia v\u00e3o aumentar 23,6% em 2026 devido \u00e0 guerra\"},{\"@type\":\"BreadcrumbList\",\"@id\":\"https:\/\/portaltela.pt\/noticias\/2026\/04\/28\/banco-mundial-preve-alta-de-236-nos-precos-da-energia-em-2026-devido-a-guerra\/#breadcrumb\",\"itemListElement\":[{\"@type\":\"ListItem\",\"position\":1,\"name\":\"In\u00edcio\",\"item\":\"https:\/\/portaltela.pt\/\"},{\"@type\":\"ListItem\",\"position\":2,\"name\":\"Banco Mundial prev\u00ea alta de 23,6% nos pre\u00e7os da energia em 2026 devido \u00e0 guerra\"}]},{\"@type\":\"WebSite\",\"@id\":\"https:\/\/portaltela.pt\/#website\",\"url\":\"https:\/\/portaltela.pt\/\",\"name\":\"Portal Tela Portugal\",\"description\":\"\",\"potentialAction\":[{\"@type\":\"SearchAction\",\"target\":{\"@type\":\"EntryPoint\",\"urlTemplate\":\"https:\/\/portaltela.pt\/?s={search_term_string}\"},\"query-input\":{\"@type\":\"PropertyValueSpecification\",\"valueRequired\":true,\"valueName\":\"search_term_string\"}}],\"inLanguage\":\"pt-PT\"},{\"@type\":\"Person\",\"@id\":\"https:\/\/portaltela.pt\/#\/schema\/person\/c4278d4a6028830caff9ee44b42d32ed\",\"name\":\"Telinha\",\"image\":{\"@type\":\"ImageObject\",\"inLanguage\":\"pt-PT\",\"@id\":\"https:\/\/portaltela.pt\/s.01k8rhncp4jt1\/2025\/11\/talking-bot-125x125.png\",\"url\":\"https:\/\/portaltela.pt\/s.01k8rhncp4jt1\/2025\/11\/talking-bot-125x125.png\",\"contentUrl\":\"https:\/\/portaltela.pt\/s.01k8rhncp4jt1\/2025\/11\/talking-bot-125x125.png\",\"caption\":\"Telinha\"},\"sameAs\":[\"https:\/\/portaltela.pt\/\"],\"url\":\"https:\/\/portaltela.pt\/por\/367410592786\/\"}]}<\/script>\n<!-- \/ Yoast SEO plugin. -->","yoast_head_json":{"title":"Banco Mundial prev\u00ea alta de 23,6% nos pre\u00e7os da energia em 2026 devido \u00e0 guerra - Portal Tela Portugal","robots":{"index":"index","follow":"follow","max-snippet":"max-snippet:-1","max-image-preview":"max-image-preview:large","max-video-preview":"max-video-preview:-1"},"og_locale":"pt_PT","og_type":"article","og_title":"Banco Mundial prev\u00ea alta de 23,6% nos pre\u00e7os da energia em 2026 devido \u00e0 guerra - Portal Tela Portugal","og_description":"O Banco Mundial antecipa um aumento de 23,6% nos pre\u00e7os da energia para 2026. A subida \u00e9 atribu\u00edda \u00e0 guerra no M\u00e9dio Oriente. O custo da energia em 2026 fica no n\u00edvel mais alto desde a crise causada pela guerra na Ucr\u00e2nia. O dado resulta de um relat\u00f3rio do Banco Mundial.","og_url":"https:\/\/portaltela.pt\/noticias\/2026\/04\/28\/banco-mundial-preve-alta-de-236-nos-precos-da-energia-em-2026-devido-a-guerra\/","og_site_name":"Portal Tela Portugal","article_published_time":"2026-04-28T20:28:00+00:00","author":"Telinha","twitter_card":"summary_large_image","twitter_misc":{"Escrito por":"Telinha","Tempo estimado de leitura":"1 minuto"},"schema":{"@context":"https:\/\/schema.org","@graph":[{"@type":"Article","@id":"https:\/\/portaltela.pt\/noticias\/2026\/04\/28\/banco-mundial-preve-alta-de-236-nos-precos-da-energia-em-2026-devido-a-guerra\/#article","isPartOf":{"@id":"https:\/\/portaltela.pt\/noticias\/2026\/04\/28\/banco-mundial-preve-alta-de-236-nos-precos-da-energia-em-2026-devido-a-guerra\/"},"author":{"name":"Telinha","@id":"https:\/\/portaltela.pt\/#\/schema\/person\/c4278d4a6028830caff9ee44b42d32ed"},"headline":"Banco Mundial prev\u00ea alta de 23,6% nos pre\u00e7os da energia em 2026 devido \u00e0 guerra","datePublished":"2026-04-28T20:28:00+00:00","mainEntityOfPage":{"@id":"https:\/\/portaltela.pt\/noticias\/2026\/04\/28\/banco-mundial-preve-alta-de-236-nos-precos-da-energia-em-2026-devido-a-guerra\/"},"wordCount":150,"image":{"@id":"https:\/\/portaltela.pt\/noticias\/2026\/04\/28\/banco-mundial-preve-alta-de-236-nos-precos-da-energia-em-2026-devido-a-guerra\/#primaryimage"},"thumbnailUrl":"https:\/\/portaltela.pt\/s.01k8rhncp4jt1\/2026\/04\/CACHE_780X1200_ANALOG_WATERMARKED_17435935_1150349_04062019105045.jpg","keywords":["_conflitos internacionais","_crises internacionais","_economia","_energia","_geopol\u00edtica","_infla\u00e7\u00e3o"],"articleSection":["Economia","Finan\u00e7as"],"inLanguage":"pt-PT"},{"@type":"WebPage","@id":"https:\/\/portaltela.pt\/noticias\/2026\/04\/28\/banco-mundial-preve-alta-de-236-nos-precos-da-energia-em-2026-devido-a-guerra\/","url":"https:\/\/portaltela.pt\/noticias\/2026\/04\/28\/banco-mundial-preve-alta-de-236-nos-precos-da-energia-em-2026-devido-a-guerra\/","name":"Banco Mundial prev\u00ea alta de 23,6% nos pre\u00e7os da energia em 2026 devido \u00e0 guerra - Portal Tela Portugal","isPartOf":{"@id":"https:\/\/portaltela.pt\/#website"},"primaryImageOfPage":{"@id":"https:\/\/portaltela.pt\/noticias\/2026\/04\/28\/banco-mundial-preve-alta-de-236-nos-precos-da-energia-em-2026-devido-a-guerra\/#primaryimage"},"image":{"@id":"https:\/\/portaltela.pt\/noticias\/2026\/04\/28\/banco-mundial-preve-alta-de-236-nos-precos-da-energia-em-2026-devido-a-guerra\/#primaryimage"},"thumbnailUrl":"https:\/\/portaltela.pt\/s.01k8rhncp4jt1\/2026\/04\/CACHE_780X1200_ANALOG_WATERMARKED_17435935_1150349_04062019105045.jpg","datePublished":"2026-04-28T20:28:00+00:00","author":{"@id":"https:\/\/portaltela.pt\/#\/schema\/person\/c4278d4a6028830caff9ee44b42d32ed"},"breadcrumb":{"@id":"https:\/\/portaltela.pt\/noticias\/2026\/04\/28\/banco-mundial-preve-alta-de-236-nos-precos-da-energia-em-2026-devido-a-guerra\/#breadcrumb"},"inLanguage":"pt-PT","potentialAction":[{"@type":"ReadAction","target":["https:\/\/portaltela.pt\/noticias\/2026\/04\/28\/banco-mundial-preve-alta-de-236-nos-precos-da-energia-em-2026-devido-a-guerra\/"]}]},{"@type":"ImageObject","inLanguage":"pt-PT","@id":"https:\/\/portaltela.pt\/noticias\/2026\/04\/28\/banco-mundial-preve-alta-de-236-nos-precos-da-energia-em-2026-devido-a-guerra\/#primaryimage","url":"https:\/\/portaltela.pt\/s.01k8rhncp4jt1\/2026\/04\/CACHE_780X1200_ANALOG_WATERMARKED_17435935_1150349_04062019105045.jpg","contentUrl":"https:\/\/portaltela.pt\/s.01k8rhncp4jt1\/2026\/04\/CACHE_780X1200_ANALOG_WATERMARKED_17435935_1150349_04062019105045.jpg","width":796,"height":448,"caption":"Banco Mundial afirma que pre\u00e7os da energia v\u00e3o aumentar 23,6% em 2026 devido \u00e0 guerra"},{"@type":"BreadcrumbList","@id":"https:\/\/portaltela.pt\/noticias\/2026\/04\/28\/banco-mundial-preve-alta-de-236-nos-precos-da-energia-em-2026-devido-a-guerra\/#breadcrumb","itemListElement":[{"@type":"ListItem","position":1,"name":"In\u00edcio","item":"https:\/\/portaltela.pt\/"},{"@type":"ListItem","position":2,"name":"Banco Mundial prev\u00ea alta de 23,6% nos pre\u00e7os da energia em 2026 devido \u00e0 guerra"}]},{"@type":"WebSite","@id":"https:\/\/portaltela.pt\/#website","url":"https:\/\/portaltela.pt\/","name":"Portal Tela Portugal","description":"","potentialAction":[{"@type":"SearchAction","target":{"@type":"EntryPoint","urlTemplate":"https:\/\/portaltela.pt\/?s={search_term_string}"},"query-input":{"@type":"PropertyValueSpecification","valueRequired":true,"valueName":"search_term_string"}}],"inLanguage":"pt-PT"},{"@type":"Person","@id":"https:\/\/portaltela.pt\/#\/schema\/person\/c4278d4a6028830caff9ee44b42d32ed","name":"Telinha","image":{"@type":"ImageObject","inLanguage":"pt-PT","@id":"https:\/\/portaltela.pt\/s.01k8rhncp4jt1\/2025\/11\/talking-bot-125x125.png","url":"https:\/\/portaltela.pt\/s.01k8rhncp4jt1\/2025\/11\/talking-bot-125x125.png","contentUrl":"https:\/\/portaltela.pt\/s.01k8rhncp4jt1\/2025\/11\/talking-bot-125x125.png","caption":"Telinha"},"sameAs":["https:\/\/portaltela.pt\/"],"url":"https:\/\/portaltela.pt\/por\/367410592786\/"}]}},"_links":{"self":[{"href":"https:\/\/portaltela.pt\/api\/wp\/v2\/posts\/460689","targetHints":{"allow":["GET"]}}],"collection":[{"href":"https:\/\/portaltela.pt\/api\/wp\/v2\/posts"}],"about":[{"href":"https:\/\/portaltela.pt\/api\/wp\/v2\/types\/post"}],"author":[{"embeddable":true,"href":"https:\/\/portaltela.pt\/api\/wp\/v2\/users\/2"}],"replies":[{"embeddable":true,"href":"https:\/\/portaltela.pt\/api\/wp\/v2\/comments?post=460689"}],"version-history":[{"count":0,"href":"https:\/\/portaltela.pt\/api\/wp\/v2\/posts\/460689\/revisions"}],"wp:featuredmedia":[{"embeddable":true,"href":"https:\/\/portaltela.pt\/api\/wp\/v2\/media\/460690"}],"wp:attachment":[{"href":"https:\/\/portaltela.pt\/api\/wp\/v2\/media?parent=460689"}],"wp:term":[{"taxonomy":"category","embeddable":true,"href":"https:\/\/portaltela.pt\/api\/wp\/v2\/categories?post=460689"},{"taxonomy":"post_tag","embeddable":true,"href":"https:\/\/portaltela.pt\/api\/wp\/v2\/tags?post=460689"}],"curies":[{"name":"wp","href":"https:\/\/api.w.org\/{rel}","templated":true}]}}