{"id":460683,"date":"2026-04-28T22:47:53","date_gmt":"2026-04-29T01:47:53","guid":{"rendered":"https:\/\/portaltela.pt\/noticias\/2026\/04\/28\/tony-strata-afirma-ter-moral-reforcada-apos-ataque-ao-leao\/"},"modified":"2026-04-28T22:47:53","modified_gmt":"2026-04-29T01:47:53","slug":"tony-strata-afirma-ter-moral-reforcada-apos-ataque-ao-leao","status":"publish","type":"post","link":"https:\/\/portaltela.pt\/desporto\/futebol\/2026\/04\/28\/tony-strata-afirma-ter-moral-reforcada-apos-ataque-ao-leao\/","title":{"rendered":"Tony Strata afirma ter moral refor\u00e7ada ap\u00f3s ataque ao le\u00e3o"},"content":{"rendered":"<p>Tony Strata refor\u00e7a moral ap\u00f3s golo decisivo pelo Vit\u00f3ria, no triunfo por 2-0 frente ao Rio Ave. O defesa direito, de 21 anos, apontou o tento que fechou o resultado nos descontos, na Liga 2025\/26.<\/p>\n<p>Este foi o primeiro golo de Strata desde novembro de 2024, quando ainda jogava pelo Ajaccio, em Fran\u00e7a. O atleta nasceu em Marselha e \u00e9 internacional sub-21 pela Rom\u00e9nia.<\/p>\n<p>Na presente temporada, o jogador registou 401 minutos em 2025, faixa muito abaixo dos 1.289 de 2026, em que tem sido titular maioritariamente no flanco direito da defesa.<\/p>\n<h3>Competi\u00e7\u00e3o interna e futuro<\/h3>\n<p>Ap\u00f3s ter sido suplente nos dois \u00faltimos encontros, Strata volta a competir pela posi\u00e7\u00e3o com Miguel Maga, a caminho do jogo com o Sporting em Alvalade. O lateral n\u00e3o atuou na primeira volta em Guimar\u00e3es, mas completou os 90 minutos na meia-final da Allianz Cup, que o Vit\u00f3ria conquistou.<\/p>\n<p>O triunfo sobre o Rio Ave mant\u00e9m o Vit\u00f3ria na corrida pela afirma\u00e7\u00e3o na segunda metade da \u00e9poca e refor\u00e7a a aposta na juventude para o setor defensivo. A equipa mira pr\u00f3ximos desafios na Liga e na competi\u00e7\u00e3o dom\u00e9stica.<\/p>\n","protected":false},"excerpt":{"rendered":"<ul>\n<li>Tony Strata marcou o primeiro golo pela camisola do Vit\u00f3ria, acabando com um jejum desde novembro de 2024, e ajudou a vencer o Rio Ave por 2-0 nos descontos.<\/li>\n<li>O golo tornou-se no destaque da segunda metade da temporada, que tem mostrado um Strata em subida de forma ap\u00f3s nascer em Marselha e representar a Rom\u00e9nia ao n\u00edvel de sub-21.<\/li>\n<li>Nesta \u00e9poca, o jogador teve apenas 401 minutos na primeira metade de 2025, mas j\u00e1 soma 1.289 minutos em 2026, maioritariamente como titular no lado direito da defesa.<\/li>\n<li>Voltou a competir com Miguel Maga pela posi\u00e7\u00e3o de lateral-direito, ap\u00f3s ter sido suplente utilizado nos \u00faltimos dois jogos, e aproxima-se do duelo com o Sporting em Alvalade.<\/li>\n<li>Na Allianz Cup, Strata jogou os 90 minutos na meia-final, prova que o Vit\u00f3ria acabou por vencer.<\/li>\n<\/ul>\n","protected":false},"author":2,"featured_media":460684,"comment_status":"closed","ping_status":"closed","sticky":false,"template":"","format":"standard","meta":{"footnotes":""},"categories":[21,24],"tags":[4143,4073,1588,32,242,1786],"class_list":["post-460683","post","type-post","status-publish","format-standard","has-post-thumbnail","hentry","category-desporto","category-futebol","tag-1-liga","tag-allianz-cup","tag-alvalade","tag-futebol","tag-jogadores","tag-liga"],"yoast_head":"<!-- This site is optimized with the Yoast SEO plugin v27.2 - https:\/\/yoast.com\/product\/yoast-seo-wordpress\/ -->\n<title>Tony Strata afirma ter moral refor\u00e7ada ap\u00f3s ataque ao le\u00e3o - Portal Tela Portugal<\/title>\n<meta name=\"robots\" content=\"index, follow, max-snippet:-1, max-image-preview:large, max-video-preview:-1\" \/>\n<meta property=\"og:locale\" content=\"pt_PT\" \/>\n<meta property=\"og:type\" content=\"article\" \/>\n<meta property=\"og:title\" content=\"Tony Strata afirma ter moral refor\u00e7ada ap\u00f3s ataque ao le\u00e3o - Portal Tela Portugal\" \/>\n<meta property=\"og:description\" content=\"Tony Strata marcou o primeiro golo pela camisola do Vit\u00f3ria, acabando com um jejum desde novembro de 2024, e ajudou a vencer o Rio Ave por 2-0 nos descontos. O golo tornou-se no destaque da segunda metade da temporada, que tem mostrado um Strata em subida de forma ap\u00f3s nascer em Marselha e representar a Rom\u00e9nia ao n\u00edvel de sub-21. Nesta \u00e9poca, o jogador teve apenas 401 minutos na primeira metade de 2025, mas j\u00e1 soma 1.289 minutos em 2026, maioritariamente como titular no lado direito da defesa. Voltou a competir com Miguel Maga pela posi\u00e7\u00e3o de lateral-direito, ap\u00f3s ter sido suplente utilizado nos \u00faltimos dois jogos, e aproxima-se do duelo com o Sporting em Alvalade. Na Allianz Cup, Strata jogou os 90 minutos na meia-final, prova que o Vit\u00f3ria acabou por vencer.\" \/>\n<meta property=\"og:url\" content=\"https:\/\/portaltela.pt\/noticias\/2026\/04\/28\/tony-strata-afirma-ter-moral-reforcada-apos-ataque-ao-leao\/\" \/>\n<meta property=\"og:site_name\" content=\"Portal Tela Portugal\" \/>\n<meta property=\"article:published_time\" content=\"2026-04-29T01:47:53+00:00\" \/>\n<meta name=\"author\" content=\"Telinha\" \/>\n<meta name=\"twitter:card\" content=\"summary_large_image\" \/>\n<meta name=\"twitter:label1\" content=\"Escrito por\" \/>\n\t<meta name=\"twitter:data1\" content=\"Telinha\" \/>\n\t<meta name=\"twitter:label2\" content=\"Tempo estimado de leitura\" \/>\n\t<meta name=\"twitter:data2\" content=\"1 minuto\" \/>\n<script type=\"application\/ld+json\" class=\"yoast-schema-graph\">{\"@context\":\"https:\/\/schema.org\",\"@graph\":[{\"@type\":\"Article\",\"@id\":\"https:\/\/portaltela.pt\/noticias\/2026\/04\/28\/tony-strata-afirma-ter-moral-reforcada-apos-ataque-ao-leao\/#article\",\"isPartOf\":{\"@id\":\"https:\/\/portaltela.pt\/noticias\/2026\/04\/28\/tony-strata-afirma-ter-moral-reforcada-apos-ataque-ao-leao\/\"},\"author\":{\"name\":\"Telinha\",\"@id\":\"https:\/\/portaltela.pt\/#\/schema\/person\/c4278d4a6028830caff9ee44b42d32ed\"},\"headline\":\"Tony Strata afirma ter moral refor\u00e7ada ap\u00f3s ataque ao le\u00e3o\",\"datePublished\":\"2026-04-29T01:47:53+00:00\",\"mainEntityOfPage\":{\"@id\":\"https:\/\/portaltela.pt\/noticias\/2026\/04\/28\/tony-strata-afirma-ter-moral-reforcada-apos-ataque-ao-leao\/\"},\"wordCount\":206,\"image\":{\"@id\":\"https:\/\/portaltela.pt\/noticias\/2026\/04\/28\/tony-strata-afirma-ter-moral-reforcada-apos-ataque-ao-leao\/#primaryimage\"},\"thumbnailUrl\":\"https:\/\/portaltela.pt\/s.01k8rhncp4jt1\/2026\/04\/img_920x518uu2026-04-28-20-42-43-2435809-im-639130058042121394.jpg\",\"keywords\":[\"1. Liga\",\"Allianz Cup\",\"Alvalade\",\"futebol\",\"jogadores\",\"Liga\"],\"articleSection\":[\"Desporto\",\"Futebol\"],\"inLanguage\":\"pt-PT\"},{\"@type\":\"WebPage\",\"@id\":\"https:\/\/portaltela.pt\/noticias\/2026\/04\/28\/tony-strata-afirma-ter-moral-reforcada-apos-ataque-ao-leao\/\",\"url\":\"https:\/\/portaltela.pt\/noticias\/2026\/04\/28\/tony-strata-afirma-ter-moral-reforcada-apos-ataque-ao-leao\/\",\"name\":\"Tony Strata afirma ter moral refor\u00e7ada ap\u00f3s ataque ao le\u00e3o - Portal Tela Portugal\",\"isPartOf\":{\"@id\":\"https:\/\/portaltela.pt\/#website\"},\"primaryImageOfPage\":{\"@id\":\"https:\/\/portaltela.pt\/noticias\/2026\/04\/28\/tony-strata-afirma-ter-moral-reforcada-apos-ataque-ao-leao\/#primaryimage\"},\"image\":{\"@id\":\"https:\/\/portaltela.pt\/noticias\/2026\/04\/28\/tony-strata-afirma-ter-moral-reforcada-apos-ataque-ao-leao\/#primaryimage\"},\"thumbnailUrl\":\"https:\/\/portaltela.pt\/s.01k8rhncp4jt1\/2026\/04\/img_920x518uu2026-04-28-20-42-43-2435809-im-639130058042121394.jpg\",\"datePublished\":\"2026-04-29T01:47:53+00:00\",\"author\":{\"@id\":\"https:\/\/portaltela.pt\/#\/schema\/person\/c4278d4a6028830caff9ee44b42d32ed\"},\"breadcrumb\":{\"@id\":\"https:\/\/portaltela.pt\/noticias\/2026\/04\/28\/tony-strata-afirma-ter-moral-reforcada-apos-ataque-ao-leao\/#breadcrumb\"},\"inLanguage\":\"pt-PT\",\"potentialAction\":[{\"@type\":\"ReadAction\",\"target\":[\"https:\/\/portaltela.pt\/noticias\/2026\/04\/28\/tony-strata-afirma-ter-moral-reforcada-apos-ataque-ao-leao\/\"]}]},{\"@type\":\"ImageObject\",\"inLanguage\":\"pt-PT\",\"@id\":\"https:\/\/portaltela.pt\/noticias\/2026\/04\/28\/tony-strata-afirma-ter-moral-reforcada-apos-ataque-ao-leao\/#primaryimage\",\"url\":\"https:\/\/portaltela.pt\/s.01k8rhncp4jt1\/2026\/04\/img_920x518uu2026-04-28-20-42-43-2435809-im-639130058042121394.jpg\",\"contentUrl\":\"https:\/\/portaltela.pt\/s.01k8rhncp4jt1\/2026\/04\/img_920x518uu2026-04-28-20-42-43-2435809-im-639130058042121394.jpg\",\"width\":796,\"height\":448,\"caption\":\"Tony Strata, V. Guimar\u00e3es\"},{\"@type\":\"BreadcrumbList\",\"@id\":\"https:\/\/portaltela.pt\/noticias\/2026\/04\/28\/tony-strata-afirma-ter-moral-reforcada-apos-ataque-ao-leao\/#breadcrumb\",\"itemListElement\":[{\"@type\":\"ListItem\",\"position\":1,\"name\":\"In\u00edcio\",\"item\":\"https:\/\/portaltela.pt\/\"},{\"@type\":\"ListItem\",\"position\":2,\"name\":\"Tony Strata afirma ter moral refor\u00e7ada ap\u00f3s ataque ao le\u00e3o\"}]},{\"@type\":\"WebSite\",\"@id\":\"https:\/\/portaltela.pt\/#website\",\"url\":\"https:\/\/portaltela.pt\/\",\"name\":\"Portal Tela Portugal\",\"description\":\"\",\"potentialAction\":[{\"@type\":\"SearchAction\",\"target\":{\"@type\":\"EntryPoint\",\"urlTemplate\":\"https:\/\/portaltela.pt\/?s={search_term_string}\"},\"query-input\":{\"@type\":\"PropertyValueSpecification\",\"valueRequired\":true,\"valueName\":\"search_term_string\"}}],\"inLanguage\":\"pt-PT\"},{\"@type\":\"Person\",\"@id\":\"https:\/\/portaltela.pt\/#\/schema\/person\/c4278d4a6028830caff9ee44b42d32ed\",\"name\":\"Telinha\",\"image\":{\"@type\":\"ImageObject\",\"inLanguage\":\"pt-PT\",\"@id\":\"https:\/\/portaltela.pt\/s.01k8rhncp4jt1\/2025\/11\/talking-bot-125x125.png\",\"url\":\"https:\/\/portaltela.pt\/s.01k8rhncp4jt1\/2025\/11\/talking-bot-125x125.png\",\"contentUrl\":\"https:\/\/portaltela.pt\/s.01k8rhncp4jt1\/2025\/11\/talking-bot-125x125.png\",\"caption\":\"Telinha\"},\"sameAs\":[\"https:\/\/portaltela.pt\/\"],\"url\":\"https:\/\/portaltela.pt\/por\/367410592786\/\"}]}<\/script>\n<!-- \/ Yoast SEO plugin. -->","yoast_head_json":{"title":"Tony Strata afirma ter moral refor\u00e7ada ap\u00f3s ataque ao le\u00e3o - Portal Tela Portugal","robots":{"index":"index","follow":"follow","max-snippet":"max-snippet:-1","max-image-preview":"max-image-preview:large","max-video-preview":"max-video-preview:-1"},"og_locale":"pt_PT","og_type":"article","og_title":"Tony Strata afirma ter moral refor\u00e7ada ap\u00f3s ataque ao le\u00e3o - Portal Tela Portugal","og_description":"Tony Strata marcou o primeiro golo pela camisola do Vit\u00f3ria, acabando com um jejum desde novembro de 2024, e ajudou a vencer o Rio Ave por 2-0 nos descontos. O golo tornou-se no destaque da segunda metade da temporada, que tem mostrado um Strata em subida de forma ap\u00f3s nascer em Marselha e representar a Rom\u00e9nia ao n\u00edvel de sub-21. Nesta \u00e9poca, o jogador teve apenas 401 minutos na primeira metade de 2025, mas j\u00e1 soma 1.289 minutos em 2026, maioritariamente como titular no lado direito da defesa. Voltou a competir com Miguel Maga pela posi\u00e7\u00e3o de lateral-direito, ap\u00f3s ter sido suplente utilizado nos \u00faltimos dois jogos, e aproxima-se do duelo com o Sporting em Alvalade. Na Allianz Cup, Strata jogou os 90 minutos na meia-final, prova que o Vit\u00f3ria acabou por vencer.","og_url":"https:\/\/portaltela.pt\/noticias\/2026\/04\/28\/tony-strata-afirma-ter-moral-reforcada-apos-ataque-ao-leao\/","og_site_name":"Portal Tela Portugal","article_published_time":"2026-04-29T01:47:53+00:00","author":"Telinha","twitter_card":"summary_large_image","twitter_misc":{"Escrito por":"Telinha","Tempo estimado de leitura":"1 minuto"},"schema":{"@context":"https:\/\/schema.org","@graph":[{"@type":"Article","@id":"https:\/\/portaltela.pt\/noticias\/2026\/04\/28\/tony-strata-afirma-ter-moral-reforcada-apos-ataque-ao-leao\/#article","isPartOf":{"@id":"https:\/\/portaltela.pt\/noticias\/2026\/04\/28\/tony-strata-afirma-ter-moral-reforcada-apos-ataque-ao-leao\/"},"author":{"name":"Telinha","@id":"https:\/\/portaltela.pt\/#\/schema\/person\/c4278d4a6028830caff9ee44b42d32ed"},"headline":"Tony Strata afirma ter moral refor\u00e7ada ap\u00f3s ataque ao le\u00e3o","datePublished":"2026-04-29T01:47:53+00:00","mainEntityOfPage":{"@id":"https:\/\/portaltela.pt\/noticias\/2026\/04\/28\/tony-strata-afirma-ter-moral-reforcada-apos-ataque-ao-leao\/"},"wordCount":206,"image":{"@id":"https:\/\/portaltela.pt\/noticias\/2026\/04\/28\/tony-strata-afirma-ter-moral-reforcada-apos-ataque-ao-leao\/#primaryimage"},"thumbnailUrl":"https:\/\/portaltela.pt\/s.01k8rhncp4jt1\/2026\/04\/img_920x518uu2026-04-28-20-42-43-2435809-im-639130058042121394.jpg","keywords":["1. Liga","Allianz Cup","Alvalade","futebol","jogadores","Liga"],"articleSection":["Desporto","Futebol"],"inLanguage":"pt-PT"},{"@type":"WebPage","@id":"https:\/\/portaltela.pt\/noticias\/2026\/04\/28\/tony-strata-afirma-ter-moral-reforcada-apos-ataque-ao-leao\/","url":"https:\/\/portaltela.pt\/noticias\/2026\/04\/28\/tony-strata-afirma-ter-moral-reforcada-apos-ataque-ao-leao\/","name":"Tony Strata afirma ter moral refor\u00e7ada ap\u00f3s ataque ao le\u00e3o - Portal Tela Portugal","isPartOf":{"@id":"https:\/\/portaltela.pt\/#website"},"primaryImageOfPage":{"@id":"https:\/\/portaltela.pt\/noticias\/2026\/04\/28\/tony-strata-afirma-ter-moral-reforcada-apos-ataque-ao-leao\/#primaryimage"},"image":{"@id":"https:\/\/portaltela.pt\/noticias\/2026\/04\/28\/tony-strata-afirma-ter-moral-reforcada-apos-ataque-ao-leao\/#primaryimage"},"thumbnailUrl":"https:\/\/portaltela.pt\/s.01k8rhncp4jt1\/2026\/04\/img_920x518uu2026-04-28-20-42-43-2435809-im-639130058042121394.jpg","datePublished":"2026-04-29T01:47:53+00:00","author":{"@id":"https:\/\/portaltela.pt\/#\/schema\/person\/c4278d4a6028830caff9ee44b42d32ed"},"breadcrumb":{"@id":"https:\/\/portaltela.pt\/noticias\/2026\/04\/28\/tony-strata-afirma-ter-moral-reforcada-apos-ataque-ao-leao\/#breadcrumb"},"inLanguage":"pt-PT","potentialAction":[{"@type":"ReadAction","target":["https:\/\/portaltela.pt\/noticias\/2026\/04\/28\/tony-strata-afirma-ter-moral-reforcada-apos-ataque-ao-leao\/"]}]},{"@type":"ImageObject","inLanguage":"pt-PT","@id":"https:\/\/portaltela.pt\/noticias\/2026\/04\/28\/tony-strata-afirma-ter-moral-reforcada-apos-ataque-ao-leao\/#primaryimage","url":"https:\/\/portaltela.pt\/s.01k8rhncp4jt1\/2026\/04\/img_920x518uu2026-04-28-20-42-43-2435809-im-639130058042121394.jpg","contentUrl":"https:\/\/portaltela.pt\/s.01k8rhncp4jt1\/2026\/04\/img_920x518uu2026-04-28-20-42-43-2435809-im-639130058042121394.jpg","width":796,"height":448,"caption":"Tony Strata, V. Guimar\u00e3es"},{"@type":"BreadcrumbList","@id":"https:\/\/portaltela.pt\/noticias\/2026\/04\/28\/tony-strata-afirma-ter-moral-reforcada-apos-ataque-ao-leao\/#breadcrumb","itemListElement":[{"@type":"ListItem","position":1,"name":"In\u00edcio","item":"https:\/\/portaltela.pt\/"},{"@type":"ListItem","position":2,"name":"Tony Strata afirma ter moral refor\u00e7ada ap\u00f3s ataque ao le\u00e3o"}]},{"@type":"WebSite","@id":"https:\/\/portaltela.pt\/#website","url":"https:\/\/portaltela.pt\/","name":"Portal Tela Portugal","description":"","potentialAction":[{"@type":"SearchAction","target":{"@type":"EntryPoint","urlTemplate":"https:\/\/portaltela.pt\/?s={search_term_string}"},"query-input":{"@type":"PropertyValueSpecification","valueRequired":true,"valueName":"search_term_string"}}],"inLanguage":"pt-PT"},{"@type":"Person","@id":"https:\/\/portaltela.pt\/#\/schema\/person\/c4278d4a6028830caff9ee44b42d32ed","name":"Telinha","image":{"@type":"ImageObject","inLanguage":"pt-PT","@id":"https:\/\/portaltela.pt\/s.01k8rhncp4jt1\/2025\/11\/talking-bot-125x125.png","url":"https:\/\/portaltela.pt\/s.01k8rhncp4jt1\/2025\/11\/talking-bot-125x125.png","contentUrl":"https:\/\/portaltela.pt\/s.01k8rhncp4jt1\/2025\/11\/talking-bot-125x125.png","caption":"Telinha"},"sameAs":["https:\/\/portaltela.pt\/"],"url":"https:\/\/portaltela.pt\/por\/367410592786\/"}]}},"_links":{"self":[{"href":"https:\/\/portaltela.pt\/api\/wp\/v2\/posts\/460683","targetHints":{"allow":["GET"]}}],"collection":[{"href":"https:\/\/portaltela.pt\/api\/wp\/v2\/posts"}],"about":[{"href":"https:\/\/portaltela.pt\/api\/wp\/v2\/types\/post"}],"author":[{"embeddable":true,"href":"https:\/\/portaltela.pt\/api\/wp\/v2\/users\/2"}],"replies":[{"embeddable":true,"href":"https:\/\/portaltela.pt\/api\/wp\/v2\/comments?post=460683"}],"version-history":[{"count":0,"href":"https:\/\/portaltela.pt\/api\/wp\/v2\/posts\/460683\/revisions"}],"wp:featuredmedia":[{"embeddable":true,"href":"https:\/\/portaltela.pt\/api\/wp\/v2\/media\/460684"}],"wp:attachment":[{"href":"https:\/\/portaltela.pt\/api\/wp\/v2\/media?parent=460683"}],"wp:term":[{"taxonomy":"category","embeddable":true,"href":"https:\/\/portaltela.pt\/api\/wp\/v2\/categories?post=460683"},{"taxonomy":"post_tag","embeddable":true,"href":"https:\/\/portaltela.pt\/api\/wp\/v2\/tags?post=460683"}],"curies":[{"name":"wp","href":"https:\/\/api.w.org\/{rel}","templated":true}]}}