{"id":460681,"date":"2026-04-28T22:17:36","date_gmt":"2026-04-29T01:17:36","guid":{"rendered":"https:\/\/portaltela.pt\/noticias\/2026\/04\/28\/murilo-destrona-pablo-e-assume-artilharia-do-gil-vicente-no-campeonato\/"},"modified":"2026-04-28T22:17:36","modified_gmt":"2026-04-29T01:17:36","slug":"murilo-destrona-pablo-e-assume-artilharia-do-gil-vicente-no-campeonato","status":"publish","type":"post","link":"https:\/\/portaltela.pt\/desporto\/futebol\/2026\/04\/28\/murilo-destrona-pablo-e-assume-artilharia-do-gil-vicente-no-campeonato\/","title":{"rendered":"Murilo destrona Pablo e assume artilharia do Gil Vicente no campeonato"},"content":{"rendered":"<p>Murilo adelantou-se no marcador e tornou-se o principal artilheiro do Gil Vicente na presente \u00e9poca, ap\u00f3s vencer o Casa Pia por 2-1. O extremo marcou dois gola\u00e7os que garantiram o triunfo.<\/p>\n<p>A dupla de gols de Murilo elevou-o a 11 tentos no campeonato, ultrapassando Pablo, que deixara o Gil Vicente em janeiro para jogar no futebol ingl\u00eas com 10 remates certeiros. O momento coloca Murilo na lideran\u00e7a dos melhor marcadores da equipa.<\/p>\n<p>O Gil Vicente manteve-se na luta pela quinta posi\u00e7\u00e3o da 1\u00aa Liga, com a vit\u00f3ria frente ao Casa Pia a refor\u00e7ar a sua posi\u00e7\u00e3o na tabela. O clube continua a depender da veia goleadora de Murilo para os resultados.<\/p>\n<p>A melhor marca de Murilo em Portugal permanece a \u00e9poca de estreia, ao servi\u00e7o do Nacional, em 2017\/18, com 14 golos, 13 deles no campeonato. A atual presta\u00e7\u00e3o refor\u00e7a o seu papel-chave na equipa.<\/p>\n<p>O registo atual evidencia a import\u00e2ncia de Murilo para o Gil Vicente nesta \u00e9poca, destacando a capacidade de decidir jogos e manter a equipa na discuss\u00e3o pelas primeiras posi\u00e7\u00f5es.<\/p>\n","protected":false},"excerpt":{"rendered":"<ul>\n<li>Murilo marcou dois golos e o Gil Vicente venceu o Casa Pia por 2-1.<\/li>\n<li>Com os dois tentos, o extremo sobe ao topo da lista de melhores marcadores do Gil Vicente, com 11 remates certeiros no campeonato.<\/li>\n<li>Pablo, que saiu em janeiro para o futebol ingl\u00eas com 10 golos, fica atr\u00e1s de Murilo.<\/li>\n<li>O Gil Vicente mant\u00e9m a persegui\u00e7\u00e3o ao 5.\u00ba lugar da I Liga.<\/li>\n<li>A melhor temporada de Murilo em golos surgiu na estreia em Portugal pelo Nacional (2017\/18), com 14 golos (13 no campeonato).<\/li>\n<\/ul>\n","protected":false},"author":2,"featured_media":460682,"comment_status":"closed","ping_status":"closed","sticky":false,"template":"","format":"standard","meta":{"footnotes":""},"categories":[21,24],"tags":[8655,4059,5176,32,48,1014],"class_list":["post-460681","post","type-post","status-publish","format-standard","has-post-thumbnail","hentry","category-desporto","category-futebol","tag-_1-liga","tag-1-a-liga","tag-casa-pia","tag-futebol","tag-gols","tag-portugal"],"yoast_head":"<!-- This site is optimized with the Yoast SEO plugin v27.2 - https:\/\/yoast.com\/product\/yoast-seo-wordpress\/ -->\n<title>Murilo destrona Pablo e assume artilharia do Gil Vicente no campeonato - Portal Tela Portugal<\/title>\n<meta name=\"robots\" content=\"index, follow, max-snippet:-1, max-image-preview:large, max-video-preview:-1\" \/>\n<meta property=\"og:locale\" content=\"pt_PT\" \/>\n<meta property=\"og:type\" content=\"article\" \/>\n<meta property=\"og:title\" content=\"Murilo destrona Pablo e assume artilharia do Gil Vicente no campeonato - Portal Tela Portugal\" \/>\n<meta property=\"og:description\" content=\"Murilo marcou dois golos e o Gil Vicente venceu o Casa Pia por 2-1. Com os dois tentos, o extremo sobe ao topo da lista de melhores marcadores do Gil Vicente, com 11 remates certeiros no campeonato. Pablo, que saiu em janeiro para o futebol ingl\u00eas com 10 golos, fica atr\u00e1s de Murilo. O Gil Vicente mant\u00e9m a persegui\u00e7\u00e3o ao 5.\u00ba lugar da I Liga. A melhor temporada de Murilo em golos surgiu na estreia em Portugal pelo Nacional (2017\/18), com 14 golos (13 no campeonato).\" \/>\n<meta property=\"og:url\" content=\"https:\/\/portaltela.pt\/noticias\/2026\/04\/28\/murilo-destrona-pablo-e-assume-artilharia-do-gil-vicente-no-campeonato\/\" \/>\n<meta property=\"og:site_name\" content=\"Portal Tela Portugal\" \/>\n<meta property=\"article:published_time\" content=\"2026-04-29T01:17:36+00:00\" \/>\n<meta name=\"author\" content=\"Telinha\" \/>\n<meta name=\"twitter:card\" content=\"summary_large_image\" \/>\n<meta name=\"twitter:label1\" content=\"Escrito por\" \/>\n\t<meta name=\"twitter:data1\" content=\"Telinha\" \/>\n\t<meta name=\"twitter:label2\" content=\"Tempo estimado de leitura\" \/>\n\t<meta name=\"twitter:data2\" content=\"1 minuto\" \/>\n<script type=\"application\/ld+json\" class=\"yoast-schema-graph\">{\"@context\":\"https:\/\/schema.org\",\"@graph\":[{\"@type\":\"Article\",\"@id\":\"https:\/\/portaltela.pt\/noticias\/2026\/04\/28\/murilo-destrona-pablo-e-assume-artilharia-do-gil-vicente-no-campeonato\/#article\",\"isPartOf\":{\"@id\":\"https:\/\/portaltela.pt\/noticias\/2026\/04\/28\/murilo-destrona-pablo-e-assume-artilharia-do-gil-vicente-no-campeonato\/\"},\"author\":{\"name\":\"Telinha\",\"@id\":\"https:\/\/portaltela.pt\/#\/schema\/person\/c4278d4a6028830caff9ee44b42d32ed\"},\"headline\":\"Murilo destrona Pablo e assume artilharia do Gil Vicente no campeonato\",\"datePublished\":\"2026-04-29T01:17:36+00:00\",\"mainEntityOfPage\":{\"@id\":\"https:\/\/portaltela.pt\/noticias\/2026\/04\/28\/murilo-destrona-pablo-e-assume-artilharia-do-gil-vicente-no-campeonato\/\"},\"wordCount\":193,\"image\":{\"@id\":\"https:\/\/portaltela.pt\/noticias\/2026\/04\/28\/murilo-destrona-pablo-e-assume-artilharia-do-gil-vicente-no-campeonato\/#primaryimage\"},\"thumbnailUrl\":\"https:\/\/portaltela.pt\/s.01k8rhncp4jt1\/2026\/04\/img_920x518uu2026-03-08-16-27-50-2425659.jpg\",\"keywords\":[\"_1. Liga\",\"1.\u00aa Liga\",\"Casa Pia\",\"futebol\",\"gols\",\"Portugal\"],\"articleSection\":[\"Desporto\",\"Futebol\"],\"inLanguage\":\"pt-PT\"},{\"@type\":\"WebPage\",\"@id\":\"https:\/\/portaltela.pt\/noticias\/2026\/04\/28\/murilo-destrona-pablo-e-assume-artilharia-do-gil-vicente-no-campeonato\/\",\"url\":\"https:\/\/portaltela.pt\/noticias\/2026\/04\/28\/murilo-destrona-pablo-e-assume-artilharia-do-gil-vicente-no-campeonato\/\",\"name\":\"Murilo destrona Pablo e assume artilharia do Gil Vicente no campeonato - Portal Tela Portugal\",\"isPartOf\":{\"@id\":\"https:\/\/portaltela.pt\/#website\"},\"primaryImageOfPage\":{\"@id\":\"https:\/\/portaltela.pt\/noticias\/2026\/04\/28\/murilo-destrona-pablo-e-assume-artilharia-do-gil-vicente-no-campeonato\/#primaryimage\"},\"image\":{\"@id\":\"https:\/\/portaltela.pt\/noticias\/2026\/04\/28\/murilo-destrona-pablo-e-assume-artilharia-do-gil-vicente-no-campeonato\/#primaryimage\"},\"thumbnailUrl\":\"https:\/\/portaltela.pt\/s.01k8rhncp4jt1\/2026\/04\/img_920x518uu2026-03-08-16-27-50-2425659.jpg\",\"datePublished\":\"2026-04-29T01:17:36+00:00\",\"author\":{\"@id\":\"https:\/\/portaltela.pt\/#\/schema\/person\/c4278d4a6028830caff9ee44b42d32ed\"},\"breadcrumb\":{\"@id\":\"https:\/\/portaltela.pt\/noticias\/2026\/04\/28\/murilo-destrona-pablo-e-assume-artilharia-do-gil-vicente-no-campeonato\/#breadcrumb\"},\"inLanguage\":\"pt-PT\",\"potentialAction\":[{\"@type\":\"ReadAction\",\"target\":[\"https:\/\/portaltela.pt\/noticias\/2026\/04\/28\/murilo-destrona-pablo-e-assume-artilharia-do-gil-vicente-no-campeonato\/\"]}]},{\"@type\":\"ImageObject\",\"inLanguage\":\"pt-PT\",\"@id\":\"https:\/\/portaltela.pt\/noticias\/2026\/04\/28\/murilo-destrona-pablo-e-assume-artilharia-do-gil-vicente-no-campeonato\/#primaryimage\",\"url\":\"https:\/\/portaltela.pt\/s.01k8rhncp4jt1\/2026\/04\/img_920x518uu2026-03-08-16-27-50-2425659.jpg\",\"contentUrl\":\"https:\/\/portaltela.pt\/s.01k8rhncp4jt1\/2026\/04\/img_920x518uu2026-03-08-16-27-50-2425659.jpg\",\"width\":796,\"height\":448,\"caption\":\"Murilo em destaque no Gil Vicente\"},{\"@type\":\"BreadcrumbList\",\"@id\":\"https:\/\/portaltela.pt\/noticias\/2026\/04\/28\/murilo-destrona-pablo-e-assume-artilharia-do-gil-vicente-no-campeonato\/#breadcrumb\",\"itemListElement\":[{\"@type\":\"ListItem\",\"position\":1,\"name\":\"In\u00edcio\",\"item\":\"https:\/\/portaltela.pt\/\"},{\"@type\":\"ListItem\",\"position\":2,\"name\":\"Murilo destrona Pablo e assume artilharia do Gil Vicente no campeonato\"}]},{\"@type\":\"WebSite\",\"@id\":\"https:\/\/portaltela.pt\/#website\",\"url\":\"https:\/\/portaltela.pt\/\",\"name\":\"Portal Tela Portugal\",\"description\":\"\",\"potentialAction\":[{\"@type\":\"SearchAction\",\"target\":{\"@type\":\"EntryPoint\",\"urlTemplate\":\"https:\/\/portaltela.pt\/?s={search_term_string}\"},\"query-input\":{\"@type\":\"PropertyValueSpecification\",\"valueRequired\":true,\"valueName\":\"search_term_string\"}}],\"inLanguage\":\"pt-PT\"},{\"@type\":\"Person\",\"@id\":\"https:\/\/portaltela.pt\/#\/schema\/person\/c4278d4a6028830caff9ee44b42d32ed\",\"name\":\"Telinha\",\"image\":{\"@type\":\"ImageObject\",\"inLanguage\":\"pt-PT\",\"@id\":\"https:\/\/portaltela.pt\/s.01k8rhncp4jt1\/2025\/11\/talking-bot-125x125.png\",\"url\":\"https:\/\/portaltela.pt\/s.01k8rhncp4jt1\/2025\/11\/talking-bot-125x125.png\",\"contentUrl\":\"https:\/\/portaltela.pt\/s.01k8rhncp4jt1\/2025\/11\/talking-bot-125x125.png\",\"caption\":\"Telinha\"},\"sameAs\":[\"https:\/\/portaltela.pt\/\"],\"url\":\"https:\/\/portaltela.pt\/por\/367410592786\/\"}]}<\/script>\n<!-- \/ Yoast SEO plugin. -->","yoast_head_json":{"title":"Murilo destrona Pablo e assume artilharia do Gil Vicente no campeonato - Portal Tela Portugal","robots":{"index":"index","follow":"follow","max-snippet":"max-snippet:-1","max-image-preview":"max-image-preview:large","max-video-preview":"max-video-preview:-1"},"og_locale":"pt_PT","og_type":"article","og_title":"Murilo destrona Pablo e assume artilharia do Gil Vicente no campeonato - Portal Tela Portugal","og_description":"Murilo marcou dois golos e o Gil Vicente venceu o Casa Pia por 2-1. Com os dois tentos, o extremo sobe ao topo da lista de melhores marcadores do Gil Vicente, com 11 remates certeiros no campeonato. Pablo, que saiu em janeiro para o futebol ingl\u00eas com 10 golos, fica atr\u00e1s de Murilo. O Gil Vicente mant\u00e9m a persegui\u00e7\u00e3o ao 5.\u00ba lugar da I Liga. A melhor temporada de Murilo em golos surgiu na estreia em Portugal pelo Nacional (2017\/18), com 14 golos (13 no campeonato).","og_url":"https:\/\/portaltela.pt\/noticias\/2026\/04\/28\/murilo-destrona-pablo-e-assume-artilharia-do-gil-vicente-no-campeonato\/","og_site_name":"Portal Tela Portugal","article_published_time":"2026-04-29T01:17:36+00:00","author":"Telinha","twitter_card":"summary_large_image","twitter_misc":{"Escrito por":"Telinha","Tempo estimado de leitura":"1 minuto"},"schema":{"@context":"https:\/\/schema.org","@graph":[{"@type":"Article","@id":"https:\/\/portaltela.pt\/noticias\/2026\/04\/28\/murilo-destrona-pablo-e-assume-artilharia-do-gil-vicente-no-campeonato\/#article","isPartOf":{"@id":"https:\/\/portaltela.pt\/noticias\/2026\/04\/28\/murilo-destrona-pablo-e-assume-artilharia-do-gil-vicente-no-campeonato\/"},"author":{"name":"Telinha","@id":"https:\/\/portaltela.pt\/#\/schema\/person\/c4278d4a6028830caff9ee44b42d32ed"},"headline":"Murilo destrona Pablo e assume artilharia do Gil Vicente no campeonato","datePublished":"2026-04-29T01:17:36+00:00","mainEntityOfPage":{"@id":"https:\/\/portaltela.pt\/noticias\/2026\/04\/28\/murilo-destrona-pablo-e-assume-artilharia-do-gil-vicente-no-campeonato\/"},"wordCount":193,"image":{"@id":"https:\/\/portaltela.pt\/noticias\/2026\/04\/28\/murilo-destrona-pablo-e-assume-artilharia-do-gil-vicente-no-campeonato\/#primaryimage"},"thumbnailUrl":"https:\/\/portaltela.pt\/s.01k8rhncp4jt1\/2026\/04\/img_920x518uu2026-03-08-16-27-50-2425659.jpg","keywords":["_1. Liga","1.\u00aa Liga","Casa Pia","futebol","gols","Portugal"],"articleSection":["Desporto","Futebol"],"inLanguage":"pt-PT"},{"@type":"WebPage","@id":"https:\/\/portaltela.pt\/noticias\/2026\/04\/28\/murilo-destrona-pablo-e-assume-artilharia-do-gil-vicente-no-campeonato\/","url":"https:\/\/portaltela.pt\/noticias\/2026\/04\/28\/murilo-destrona-pablo-e-assume-artilharia-do-gil-vicente-no-campeonato\/","name":"Murilo destrona Pablo e assume artilharia do Gil Vicente no campeonato - Portal Tela Portugal","isPartOf":{"@id":"https:\/\/portaltela.pt\/#website"},"primaryImageOfPage":{"@id":"https:\/\/portaltela.pt\/noticias\/2026\/04\/28\/murilo-destrona-pablo-e-assume-artilharia-do-gil-vicente-no-campeonato\/#primaryimage"},"image":{"@id":"https:\/\/portaltela.pt\/noticias\/2026\/04\/28\/murilo-destrona-pablo-e-assume-artilharia-do-gil-vicente-no-campeonato\/#primaryimage"},"thumbnailUrl":"https:\/\/portaltela.pt\/s.01k8rhncp4jt1\/2026\/04\/img_920x518uu2026-03-08-16-27-50-2425659.jpg","datePublished":"2026-04-29T01:17:36+00:00","author":{"@id":"https:\/\/portaltela.pt\/#\/schema\/person\/c4278d4a6028830caff9ee44b42d32ed"},"breadcrumb":{"@id":"https:\/\/portaltela.pt\/noticias\/2026\/04\/28\/murilo-destrona-pablo-e-assume-artilharia-do-gil-vicente-no-campeonato\/#breadcrumb"},"inLanguage":"pt-PT","potentialAction":[{"@type":"ReadAction","target":["https:\/\/portaltela.pt\/noticias\/2026\/04\/28\/murilo-destrona-pablo-e-assume-artilharia-do-gil-vicente-no-campeonato\/"]}]},{"@type":"ImageObject","inLanguage":"pt-PT","@id":"https:\/\/portaltela.pt\/noticias\/2026\/04\/28\/murilo-destrona-pablo-e-assume-artilharia-do-gil-vicente-no-campeonato\/#primaryimage","url":"https:\/\/portaltela.pt\/s.01k8rhncp4jt1\/2026\/04\/img_920x518uu2026-03-08-16-27-50-2425659.jpg","contentUrl":"https:\/\/portaltela.pt\/s.01k8rhncp4jt1\/2026\/04\/img_920x518uu2026-03-08-16-27-50-2425659.jpg","width":796,"height":448,"caption":"Murilo em destaque no Gil Vicente"},{"@type":"BreadcrumbList","@id":"https:\/\/portaltela.pt\/noticias\/2026\/04\/28\/murilo-destrona-pablo-e-assume-artilharia-do-gil-vicente-no-campeonato\/#breadcrumb","itemListElement":[{"@type":"ListItem","position":1,"name":"In\u00edcio","item":"https:\/\/portaltela.pt\/"},{"@type":"ListItem","position":2,"name":"Murilo destrona Pablo e assume artilharia do Gil Vicente no campeonato"}]},{"@type":"WebSite","@id":"https:\/\/portaltela.pt\/#website","url":"https:\/\/portaltela.pt\/","name":"Portal Tela Portugal","description":"","potentialAction":[{"@type":"SearchAction","target":{"@type":"EntryPoint","urlTemplate":"https:\/\/portaltela.pt\/?s={search_term_string}"},"query-input":{"@type":"PropertyValueSpecification","valueRequired":true,"valueName":"search_term_string"}}],"inLanguage":"pt-PT"},{"@type":"Person","@id":"https:\/\/portaltela.pt\/#\/schema\/person\/c4278d4a6028830caff9ee44b42d32ed","name":"Telinha","image":{"@type":"ImageObject","inLanguage":"pt-PT","@id":"https:\/\/portaltela.pt\/s.01k8rhncp4jt1\/2025\/11\/talking-bot-125x125.png","url":"https:\/\/portaltela.pt\/s.01k8rhncp4jt1\/2025\/11\/talking-bot-125x125.png","contentUrl":"https:\/\/portaltela.pt\/s.01k8rhncp4jt1\/2025\/11\/talking-bot-125x125.png","caption":"Telinha"},"sameAs":["https:\/\/portaltela.pt\/"],"url":"https:\/\/portaltela.pt\/por\/367410592786\/"}]}},"_links":{"self":[{"href":"https:\/\/portaltela.pt\/api\/wp\/v2\/posts\/460681","targetHints":{"allow":["GET"]}}],"collection":[{"href":"https:\/\/portaltela.pt\/api\/wp\/v2\/posts"}],"about":[{"href":"https:\/\/portaltela.pt\/api\/wp\/v2\/types\/post"}],"author":[{"embeddable":true,"href":"https:\/\/portaltela.pt\/api\/wp\/v2\/users\/2"}],"replies":[{"embeddable":true,"href":"https:\/\/portaltela.pt\/api\/wp\/v2\/comments?post=460681"}],"version-history":[{"count":0,"href":"https:\/\/portaltela.pt\/api\/wp\/v2\/posts\/460681\/revisions"}],"wp:featuredmedia":[{"embeddable":true,"href":"https:\/\/portaltela.pt\/api\/wp\/v2\/media\/460682"}],"wp:attachment":[{"href":"https:\/\/portaltela.pt\/api\/wp\/v2\/media?parent=460681"}],"wp:term":[{"taxonomy":"category","embeddable":true,"href":"https:\/\/portaltela.pt\/api\/wp\/v2\/categories?post=460681"},{"taxonomy":"post_tag","embeddable":true,"href":"https:\/\/portaltela.pt\/api\/wp\/v2\/tags?post=460681"}],"curies":[{"name":"wp","href":"https:\/\/api.w.org\/{rel}","templated":true}]}}