{"id":460674,"date":"2026-04-28T21:34:04","date_gmt":"2026-04-29T00:34:04","guid":{"rendered":"https:\/\/portaltela.pt\/noticias\/2026\/04\/28\/mexico-prende-possivel-sucessor-do-narcotraficante-el-mencho\/"},"modified":"2026-04-28T21:34:04","modified_gmt":"2026-04-29T00:34:04","slug":"mexico-prende-possivel-sucessor-do-narcotraficante-el-mencho","status":"publish","type":"post","link":"https:\/\/portaltela.pt\/noticias\/2026\/04\/28\/mexico-prende-possivel-sucessor-do-narcotraficante-el-mencho\/","title":{"rendered":"M\u00e9xico prende poss\u00edvel sucessor do narcotraficante El Mencho"},"content":{"rendered":"<p>Audias Flores, conhecido como \u2018El Jardinero\u2019, foi detido pelas autoridades mexicanas. Era considerado comandante regional do Cartel Jalisco Nova Gera\u00e7\u00e3o (CJNG) e poss\u00edvel sucessor de Nemesio Oseguera, o El Mencho, morto em fevereiro numa opera\u00e7\u00e3o militar. A captura ocorreu numa cabana remota em El Mirador, a cerca de 20 km de Puerto Vallarta. A opera\u00e7\u00e3o foi efetuada sem resist\u00eancia, gra\u00e7as a uma a\u00e7\u00e3o de divers\u00f5es n\u00e3o especificada.<\/p>\n<p>A opera\u00e7\u00e3o envolveu mais de 500 militares, apoiados por seis helic\u00f3pteros, avi\u00f5es e drones. Um v\u00eddeo de drone mostra o momento em que soldados encontram o traficante numa vala. A Marinha mexicana destacou que a opera\u00e7\u00e3o correu com precis\u00e3o e sem disparos.<\/p>\n<p>O DOJ americano oferecia uma recompensa de 5 milh\u00f5es de d\u00f3lares pela captura de Flores. O cartel supostamente coordenava laborat\u00f3rios, rotas de contrabando e redes de distribui\u00e7\u00e3o nos EUA. Flores era acusado de contrabandear coca\u00edna, heroina e fentanil para territ\u00f3rio norte-americano.<\/p>\n<p>Na mesma a\u00e7\u00e3o foi detido C\u00e9sar Alejandro, conhecido como \u2018El G\u00fcero Conta\u2019, apontado como respons\u00e1vel pela lavagem de dinheiro do grupo. A opera\u00e7\u00e3o tamb\u00e9m visava reduzir a capacidade log\u00edstica do CJNG na regi\u00e3o e nos EUA. N\u00e3o houve mais informa\u00e7\u00f5es sobre deten\u00e7\u00f5es adicionais.<\/p>\n","protected":false},"excerpt":{"rendered":"<ul>\n<li>Autoridades mexicanas detiveram Audias Flores, conhecido como El Jardinero, comandante regional do Cartel Jalisco Nova Gera\u00e7\u00e3o, visto como prov\u00e1vel sucessor de El Mencho.<\/li>\n<li>Fl\u00e1vio estava escondido numa cabana numa zona remota de El Mirador, a cerca de 20 quil\u00f3metros de Puerto Vallarta, protegido por cerca de 60 homens armados e 30 ve\u00edculos todo-o-terreno.<\/li>\n<li>A captura ocorreu sem resist\u00eancia, numa opera\u00e7\u00e3o descrita como realizada com precis\u00e3o cir\u00fargica; um v\u00eddeo de drone mostra soldados encontrando o suspeito numa vala.<\/li>\n<li>A opera\u00e7\u00e3o envolveu mais de 500 militares, seis helic\u00f3pteros, v\u00e1rias aeronaves e drones, com os EUA a colaborar com informa\u00e7\u00f5es. O governo norte-americano oferecia uma recompensa de 5 milh\u00f5es de d\u00f3lares pela captura.<\/li>\n<li>Flores era um dos principais coordenadores do cartel, respons\u00e1vel por laborat\u00f3rios de produ\u00e7\u00e3o, rotas de contrabando e redes de distribui\u00e7\u00e3o nos EUA; na opera\u00e7\u00e3o foi detido tamb\u00e9m C\u00e9sar Alejandro, conhecido como El G\u00fcero Conta, respons\u00e1vel pela lavagem de dinheiro.<\/li>\n<\/ul>\n","protected":false},"author":2,"featured_media":460675,"comment_status":"closed","ping_status":"closed","sticky":false,"template":"","format":"standard","meta":{"footnotes":""},"categories":[6907,1],"tags":[9865,7968,7960,8378,7878,8221],"class_list":["post-460674","post","type-post","status-publish","format-standard","has-post-thumbnail","hentry","category-crime","category-noticias","tag-_contrabando","tag-_drogas","tag-_investigacao-criminal","tag-_lavagem-de-capitais","tag-_seguranca-publica","tag-_trafico-de-drogas"],"yoast_head":"<!-- This site is optimized with the Yoast SEO plugin v27.2 - https:\/\/yoast.com\/product\/yoast-seo-wordpress\/ -->\n<title>M\u00e9xico prende poss\u00edvel sucessor do narcotraficante El Mencho - Portal Tela Portugal<\/title>\n<meta name=\"robots\" content=\"index, follow, max-snippet:-1, max-image-preview:large, max-video-preview:-1\" \/>\n<meta property=\"og:locale\" content=\"pt_PT\" \/>\n<meta property=\"og:type\" content=\"article\" \/>\n<meta property=\"og:title\" content=\"M\u00e9xico prende poss\u00edvel sucessor do narcotraficante El Mencho - Portal Tela Portugal\" \/>\n<meta property=\"og:description\" content=\"Autoridades mexicanas detiveram Audias Flores, conhecido como El Jardinero, comandante regional do Cartel Jalisco Nova Gera\u00e7\u00e3o, visto como prov\u00e1vel sucessor de El Mencho. Fl\u00e1vio estava escondido numa cabana numa zona remota de El Mirador, a cerca de 20 quil\u00f3metros de Puerto Vallarta, protegido por cerca de 60 homens armados e 30 ve\u00edculos todo-o-terreno. A captura ocorreu sem resist\u00eancia, numa opera\u00e7\u00e3o descrita como realizada com precis\u00e3o cir\u00fargica; um v\u00eddeo de drone mostra soldados encontrando o suspeito numa vala. A opera\u00e7\u00e3o envolveu mais de 500 militares, seis helic\u00f3pteros, v\u00e1rias aeronaves e drones, com os EUA a colaborar com informa\u00e7\u00f5es. O governo norte-americano oferecia uma recompensa de 5 milh\u00f5es de d\u00f3lares pela captura. Flores era um dos principais coordenadores do cartel, respons\u00e1vel por laborat\u00f3rios de produ\u00e7\u00e3o, rotas de contrabando e redes de distribui\u00e7\u00e3o nos EUA; na opera\u00e7\u00e3o foi detido tamb\u00e9m C\u00e9sar Alejandro, conhecido como El G\u00fcero Conta, respons\u00e1vel pela lavagem de dinheiro.\" \/>\n<meta property=\"og:url\" content=\"https:\/\/portaltela.pt\/noticias\/2026\/04\/28\/mexico-prende-possivel-sucessor-do-narcotraficante-el-mencho\/\" \/>\n<meta property=\"og:site_name\" content=\"Portal Tela Portugal\" \/>\n<meta property=\"article:published_time\" content=\"2026-04-29T00:34:04+00:00\" \/>\n<meta name=\"author\" content=\"Telinha\" \/>\n<meta name=\"twitter:card\" content=\"summary_large_image\" \/>\n<meta name=\"twitter:label1\" content=\"Escrito por\" \/>\n\t<meta name=\"twitter:data1\" content=\"Telinha\" \/>\n\t<meta name=\"twitter:label2\" content=\"Tempo estimado de leitura\" \/>\n\t<meta name=\"twitter:data2\" content=\"1 minuto\" \/>\n<script type=\"application\/ld+json\" class=\"yoast-schema-graph\">{\"@context\":\"https:\/\/schema.org\",\"@graph\":[{\"@type\":\"Article\",\"@id\":\"https:\/\/portaltela.pt\/noticias\/2026\/04\/28\/mexico-prende-possivel-sucessor-do-narcotraficante-el-mencho\/#article\",\"isPartOf\":{\"@id\":\"https:\/\/portaltela.pt\/noticias\/2026\/04\/28\/mexico-prende-possivel-sucessor-do-narcotraficante-el-mencho\/\"},\"author\":{\"name\":\"Telinha\",\"@id\":\"https:\/\/portaltela.pt\/#\/schema\/person\/c4278d4a6028830caff9ee44b42d32ed\"},\"headline\":\"M\u00e9xico prende poss\u00edvel sucessor do narcotraficante El Mencho\",\"datePublished\":\"2026-04-29T00:34:04+00:00\",\"mainEntityOfPage\":{\"@id\":\"https:\/\/portaltela.pt\/noticias\/2026\/04\/28\/mexico-prende-possivel-sucessor-do-narcotraficante-el-mencho\/\"},\"wordCount\":232,\"image\":{\"@id\":\"https:\/\/portaltela.pt\/noticias\/2026\/04\/28\/mexico-prende-possivel-sucessor-do-narcotraficante-el-mencho\/#primaryimage\"},\"thumbnailUrl\":\"https:\/\/portaltela.pt\/s.01k8rhncp4jt1\/2026\/04\/img_1500x1000uu2026-04-28-22-12-32-2281714.jpg\",\"keywords\":[\"_contrabando\",\"_drogas\",\"_investiga\u00e7\u00e3o criminal\",\"_lavagem de capitais\",\"_seguran\u00e7a p\u00fablica\",\"_tr\u00e1fico de drogas\"],\"articleSection\":[\"Crime\",\"Not\u00edcias\"],\"inLanguage\":\"pt-PT\"},{\"@type\":\"WebPage\",\"@id\":\"https:\/\/portaltela.pt\/noticias\/2026\/04\/28\/mexico-prende-possivel-sucessor-do-narcotraficante-el-mencho\/\",\"url\":\"https:\/\/portaltela.pt\/noticias\/2026\/04\/28\/mexico-prende-possivel-sucessor-do-narcotraficante-el-mencho\/\",\"name\":\"M\u00e9xico prende poss\u00edvel sucessor do narcotraficante El Mencho - Portal Tela Portugal\",\"isPartOf\":{\"@id\":\"https:\/\/portaltela.pt\/#website\"},\"primaryImageOfPage\":{\"@id\":\"https:\/\/portaltela.pt\/noticias\/2026\/04\/28\/mexico-prende-possivel-sucessor-do-narcotraficante-el-mencho\/#primaryimage\"},\"image\":{\"@id\":\"https:\/\/portaltela.pt\/noticias\/2026\/04\/28\/mexico-prende-possivel-sucessor-do-narcotraficante-el-mencho\/#primaryimage\"},\"thumbnailUrl\":\"https:\/\/portaltela.pt\/s.01k8rhncp4jt1\/2026\/04\/img_1500x1000uu2026-04-28-22-12-32-2281714.jpg\",\"datePublished\":\"2026-04-29T00:34:04+00:00\",\"author\":{\"@id\":\"https:\/\/portaltela.pt\/#\/schema\/person\/c4278d4a6028830caff9ee44b42d32ed\"},\"breadcrumb\":{\"@id\":\"https:\/\/portaltela.pt\/noticias\/2026\/04\/28\/mexico-prende-possivel-sucessor-do-narcotraficante-el-mencho\/#breadcrumb\"},\"inLanguage\":\"pt-PT\",\"potentialAction\":[{\"@type\":\"ReadAction\",\"target\":[\"https:\/\/portaltela.pt\/noticias\/2026\/04\/28\/mexico-prende-possivel-sucessor-do-narcotraficante-el-mencho\/\"]}]},{\"@type\":\"ImageObject\",\"inLanguage\":\"pt-PT\",\"@id\":\"https:\/\/portaltela.pt\/noticias\/2026\/04\/28\/mexico-prende-possivel-sucessor-do-narcotraficante-el-mencho\/#primaryimage\",\"url\":\"https:\/\/portaltela.pt\/s.01k8rhncp4jt1\/2026\/04\/img_1500x1000uu2026-04-28-22-12-32-2281714.jpg\",\"contentUrl\":\"https:\/\/portaltela.pt\/s.01k8rhncp4jt1\/2026\/04\/img_1500x1000uu2026-04-28-22-12-32-2281714.jpg\",\"width\":796,\"height\":448,\"caption\":\"'El Jardinero' foi encontrado pelos militares escondido numa vala\"},{\"@type\":\"BreadcrumbList\",\"@id\":\"https:\/\/portaltela.pt\/noticias\/2026\/04\/28\/mexico-prende-possivel-sucessor-do-narcotraficante-el-mencho\/#breadcrumb\",\"itemListElement\":[{\"@type\":\"ListItem\",\"position\":1,\"name\":\"In\u00edcio\",\"item\":\"https:\/\/portaltela.pt\/\"},{\"@type\":\"ListItem\",\"position\":2,\"name\":\"M\u00e9xico prende poss\u00edvel sucessor do narcotraficante El Mencho\"}]},{\"@type\":\"WebSite\",\"@id\":\"https:\/\/portaltela.pt\/#website\",\"url\":\"https:\/\/portaltela.pt\/\",\"name\":\"Portal Tela Portugal\",\"description\":\"\",\"potentialAction\":[{\"@type\":\"SearchAction\",\"target\":{\"@type\":\"EntryPoint\",\"urlTemplate\":\"https:\/\/portaltela.pt\/?s={search_term_string}\"},\"query-input\":{\"@type\":\"PropertyValueSpecification\",\"valueRequired\":true,\"valueName\":\"search_term_string\"}}],\"inLanguage\":\"pt-PT\"},{\"@type\":\"Person\",\"@id\":\"https:\/\/portaltela.pt\/#\/schema\/person\/c4278d4a6028830caff9ee44b42d32ed\",\"name\":\"Telinha\",\"image\":{\"@type\":\"ImageObject\",\"inLanguage\":\"pt-PT\",\"@id\":\"https:\/\/portaltela.pt\/s.01k8rhncp4jt1\/2025\/11\/talking-bot-125x125.png\",\"url\":\"https:\/\/portaltela.pt\/s.01k8rhncp4jt1\/2025\/11\/talking-bot-125x125.png\",\"contentUrl\":\"https:\/\/portaltela.pt\/s.01k8rhncp4jt1\/2025\/11\/talking-bot-125x125.png\",\"caption\":\"Telinha\"},\"sameAs\":[\"https:\/\/portaltela.pt\/\"],\"url\":\"https:\/\/portaltela.pt\/por\/367410592786\/\"}]}<\/script>\n<!-- \/ Yoast SEO plugin. -->","yoast_head_json":{"title":"M\u00e9xico prende poss\u00edvel sucessor do narcotraficante El Mencho - Portal Tela Portugal","robots":{"index":"index","follow":"follow","max-snippet":"max-snippet:-1","max-image-preview":"max-image-preview:large","max-video-preview":"max-video-preview:-1"},"og_locale":"pt_PT","og_type":"article","og_title":"M\u00e9xico prende poss\u00edvel sucessor do narcotraficante El Mencho - Portal Tela Portugal","og_description":"Autoridades mexicanas detiveram Audias Flores, conhecido como El Jardinero, comandante regional do Cartel Jalisco Nova Gera\u00e7\u00e3o, visto como prov\u00e1vel sucessor de El Mencho. Fl\u00e1vio estava escondido numa cabana numa zona remota de El Mirador, a cerca de 20 quil\u00f3metros de Puerto Vallarta, protegido por cerca de 60 homens armados e 30 ve\u00edculos todo-o-terreno. A captura ocorreu sem resist\u00eancia, numa opera\u00e7\u00e3o descrita como realizada com precis\u00e3o cir\u00fargica; um v\u00eddeo de drone mostra soldados encontrando o suspeito numa vala. A opera\u00e7\u00e3o envolveu mais de 500 militares, seis helic\u00f3pteros, v\u00e1rias aeronaves e drones, com os EUA a colaborar com informa\u00e7\u00f5es. O governo norte-americano oferecia uma recompensa de 5 milh\u00f5es de d\u00f3lares pela captura. Flores era um dos principais coordenadores do cartel, respons\u00e1vel por laborat\u00f3rios de produ\u00e7\u00e3o, rotas de contrabando e redes de distribui\u00e7\u00e3o nos EUA; na opera\u00e7\u00e3o foi detido tamb\u00e9m C\u00e9sar Alejandro, conhecido como El G\u00fcero Conta, respons\u00e1vel pela lavagem de dinheiro.","og_url":"https:\/\/portaltela.pt\/noticias\/2026\/04\/28\/mexico-prende-possivel-sucessor-do-narcotraficante-el-mencho\/","og_site_name":"Portal Tela Portugal","article_published_time":"2026-04-29T00:34:04+00:00","author":"Telinha","twitter_card":"summary_large_image","twitter_misc":{"Escrito por":"Telinha","Tempo estimado de leitura":"1 minuto"},"schema":{"@context":"https:\/\/schema.org","@graph":[{"@type":"Article","@id":"https:\/\/portaltela.pt\/noticias\/2026\/04\/28\/mexico-prende-possivel-sucessor-do-narcotraficante-el-mencho\/#article","isPartOf":{"@id":"https:\/\/portaltela.pt\/noticias\/2026\/04\/28\/mexico-prende-possivel-sucessor-do-narcotraficante-el-mencho\/"},"author":{"name":"Telinha","@id":"https:\/\/portaltela.pt\/#\/schema\/person\/c4278d4a6028830caff9ee44b42d32ed"},"headline":"M\u00e9xico prende poss\u00edvel sucessor do narcotraficante El Mencho","datePublished":"2026-04-29T00:34:04+00:00","mainEntityOfPage":{"@id":"https:\/\/portaltela.pt\/noticias\/2026\/04\/28\/mexico-prende-possivel-sucessor-do-narcotraficante-el-mencho\/"},"wordCount":232,"image":{"@id":"https:\/\/portaltela.pt\/noticias\/2026\/04\/28\/mexico-prende-possivel-sucessor-do-narcotraficante-el-mencho\/#primaryimage"},"thumbnailUrl":"https:\/\/portaltela.pt\/s.01k8rhncp4jt1\/2026\/04\/img_1500x1000uu2026-04-28-22-12-32-2281714.jpg","keywords":["_contrabando","_drogas","_investiga\u00e7\u00e3o criminal","_lavagem de capitais","_seguran\u00e7a p\u00fablica","_tr\u00e1fico de drogas"],"articleSection":["Crime","Not\u00edcias"],"inLanguage":"pt-PT"},{"@type":"WebPage","@id":"https:\/\/portaltela.pt\/noticias\/2026\/04\/28\/mexico-prende-possivel-sucessor-do-narcotraficante-el-mencho\/","url":"https:\/\/portaltela.pt\/noticias\/2026\/04\/28\/mexico-prende-possivel-sucessor-do-narcotraficante-el-mencho\/","name":"M\u00e9xico prende poss\u00edvel sucessor do narcotraficante El Mencho - Portal Tela Portugal","isPartOf":{"@id":"https:\/\/portaltela.pt\/#website"},"primaryImageOfPage":{"@id":"https:\/\/portaltela.pt\/noticias\/2026\/04\/28\/mexico-prende-possivel-sucessor-do-narcotraficante-el-mencho\/#primaryimage"},"image":{"@id":"https:\/\/portaltela.pt\/noticias\/2026\/04\/28\/mexico-prende-possivel-sucessor-do-narcotraficante-el-mencho\/#primaryimage"},"thumbnailUrl":"https:\/\/portaltela.pt\/s.01k8rhncp4jt1\/2026\/04\/img_1500x1000uu2026-04-28-22-12-32-2281714.jpg","datePublished":"2026-04-29T00:34:04+00:00","author":{"@id":"https:\/\/portaltela.pt\/#\/schema\/person\/c4278d4a6028830caff9ee44b42d32ed"},"breadcrumb":{"@id":"https:\/\/portaltela.pt\/noticias\/2026\/04\/28\/mexico-prende-possivel-sucessor-do-narcotraficante-el-mencho\/#breadcrumb"},"inLanguage":"pt-PT","potentialAction":[{"@type":"ReadAction","target":["https:\/\/portaltela.pt\/noticias\/2026\/04\/28\/mexico-prende-possivel-sucessor-do-narcotraficante-el-mencho\/"]}]},{"@type":"ImageObject","inLanguage":"pt-PT","@id":"https:\/\/portaltela.pt\/noticias\/2026\/04\/28\/mexico-prende-possivel-sucessor-do-narcotraficante-el-mencho\/#primaryimage","url":"https:\/\/portaltela.pt\/s.01k8rhncp4jt1\/2026\/04\/img_1500x1000uu2026-04-28-22-12-32-2281714.jpg","contentUrl":"https:\/\/portaltela.pt\/s.01k8rhncp4jt1\/2026\/04\/img_1500x1000uu2026-04-28-22-12-32-2281714.jpg","width":796,"height":448,"caption":"'El Jardinero' foi encontrado pelos militares escondido numa vala"},{"@type":"BreadcrumbList","@id":"https:\/\/portaltela.pt\/noticias\/2026\/04\/28\/mexico-prende-possivel-sucessor-do-narcotraficante-el-mencho\/#breadcrumb","itemListElement":[{"@type":"ListItem","position":1,"name":"In\u00edcio","item":"https:\/\/portaltela.pt\/"},{"@type":"ListItem","position":2,"name":"M\u00e9xico prende poss\u00edvel sucessor do narcotraficante El Mencho"}]},{"@type":"WebSite","@id":"https:\/\/portaltela.pt\/#website","url":"https:\/\/portaltela.pt\/","name":"Portal Tela Portugal","description":"","potentialAction":[{"@type":"SearchAction","target":{"@type":"EntryPoint","urlTemplate":"https:\/\/portaltela.pt\/?s={search_term_string}"},"query-input":{"@type":"PropertyValueSpecification","valueRequired":true,"valueName":"search_term_string"}}],"inLanguage":"pt-PT"},{"@type":"Person","@id":"https:\/\/portaltela.pt\/#\/schema\/person\/c4278d4a6028830caff9ee44b42d32ed","name":"Telinha","image":{"@type":"ImageObject","inLanguage":"pt-PT","@id":"https:\/\/portaltela.pt\/s.01k8rhncp4jt1\/2025\/11\/talking-bot-125x125.png","url":"https:\/\/portaltela.pt\/s.01k8rhncp4jt1\/2025\/11\/talking-bot-125x125.png","contentUrl":"https:\/\/portaltela.pt\/s.01k8rhncp4jt1\/2025\/11\/talking-bot-125x125.png","caption":"Telinha"},"sameAs":["https:\/\/portaltela.pt\/"],"url":"https:\/\/portaltela.pt\/por\/367410592786\/"}]}},"_links":{"self":[{"href":"https:\/\/portaltela.pt\/api\/wp\/v2\/posts\/460674","targetHints":{"allow":["GET"]}}],"collection":[{"href":"https:\/\/portaltela.pt\/api\/wp\/v2\/posts"}],"about":[{"href":"https:\/\/portaltela.pt\/api\/wp\/v2\/types\/post"}],"author":[{"embeddable":true,"href":"https:\/\/portaltela.pt\/api\/wp\/v2\/users\/2"}],"replies":[{"embeddable":true,"href":"https:\/\/portaltela.pt\/api\/wp\/v2\/comments?post=460674"}],"version-history":[{"count":0,"href":"https:\/\/portaltela.pt\/api\/wp\/v2\/posts\/460674\/revisions"}],"wp:featuredmedia":[{"embeddable":true,"href":"https:\/\/portaltela.pt\/api\/wp\/v2\/media\/460675"}],"wp:attachment":[{"href":"https:\/\/portaltela.pt\/api\/wp\/v2\/media?parent=460674"}],"wp:term":[{"taxonomy":"category","embeddable":true,"href":"https:\/\/portaltela.pt\/api\/wp\/v2\/categories?post=460674"},{"taxonomy":"post_tag","embeddable":true,"href":"https:\/\/portaltela.pt\/api\/wp\/v2\/tags?post=460674"}],"curies":[{"name":"wp","href":"https:\/\/api.w.org\/{rel}","templated":true}]}}