{"id":460668,"date":"2026-04-28T21:33:54","date_gmt":"2026-04-29T00:33:54","guid":{"rendered":"https:\/\/portaltela.pt\/noticias\/2026\/04\/28\/renovacao-de-rui-borges-no-sporting-agendada-para-sexta-feira\/"},"modified":"2026-04-28T21:33:54","modified_gmt":"2026-04-29T00:33:54","slug":"renovacao-de-rui-borges-no-sporting-agendada-para-sexta-feira","status":"publish","type":"post","link":"https:\/\/portaltela.pt\/desporto\/futebol\/2026\/04\/28\/renovacao-de-rui-borges-no-sporting-agendada-para-sexta-feira\/","title":{"rendered":"Renova\u00e7\u00e3o de Rui Borges no Sporting agendada para sexta-feira"},"content":{"rendered":"<p>Rui Borges vai renovar com o Sporting at\u00e9 2028. O acordo ser\u00e1 formalizado numa cerim\u00f3nia marcada para as 11h00 de sexta-feira, no Est\u00e1dio Jos\u00e9 Alvalade, no Dia do Trabalhador, 1 de maio. O clube confirma o alcance do entendimento entre as partes.<\/p>\n<p>O refor\u00e7o da confian\u00e7a surge ap\u00f3s um empate com o AVS que condicionou o tricampeonato e deixou o Sporting dependente do Benfica para chegar ao 2\u00ba lugar. O momento da decis\u00e3o gerou debate entre os respons\u00e1veis do clube e o corpo t\u00e9cnico.<\/p>\n<p>Desde meados de mar\u00e7o, antes das elei\u00e7\u00f5es, as conversas ganharam relev\u00e2ncia. O prolongamento inclui mais um ano no v\u00ednculo e um aumento significativo no sal\u00e1rio e nos b\u00f3nus por desempenho, alinhado com as metas da equipa nesta fase.<\/p>\n<h3>Condi\u00e7\u00f5es do novo v\u00ednculo<\/h3>\n<p>Al\u00e9m da extens\u00e3o at\u00e9 2028, o acordo prev\u00ea remunera\u00e7\u00e3o acrescida e incentivos desportivos, refletindo a aposta na continuidade do treinador de 44 anos. O foco atual passa pela Ta\u00e7a de Portugal, com uma poss\u00edvel vit\u00f3ria frente ao Torreense.<\/p>\n<h3>Contexto desportivo da \u00e9poca<\/h3>\n<p>Desde o fim da \u00faltima \u00e9poca, o Sporting luta pela melhoria de posi\u00e7\u00e3o no campeonato e por t\u00edtulos nacionais. O trabalho de Borges \u00e9 visto como central para o planeamento da pr\u00f3xima temporada, depois do que foi considerado um dos per\u00edodos mais desafiadores da forma\u00e7\u00e3o verde e branca.<\/p>\n","protected":false},"excerpt":{"rendered":"<ul>\n<li>O Sporting anunciou a renova\u00e7\u00e3o de Rui Borges at\u00e9 2028, com a cerim\u00f3nia marcada para sexta-feira, 1 de maio, \u00e0s 11h00, no Est\u00e1dio Jos\u00e9 Alvalade, Dia do Trabalhador.<\/li>\n<li>O acordo envolve prolongamento de mais um ano e aumento significativo do sal\u00e1rio e dos b\u00f3nus por desempenho.<\/li>\n<li>As negocia\u00e7\u00f5es come\u00e7aram a 14 de mar\u00e7o, antes das elei\u00e7\u00f5es do clube, e o entendimento foi conclu\u00eddo ap\u00f3s as conversas.<\/li>\n<li>A renova\u00e7\u00e3o ocorre numa altura em que o Sporting perdeu o tricampeonato e depende dos resultados do Benfica para terminar em segundo no campeonato.<\/li>\n<li>Rui Borges, 44 anos, mant\u00e9m-se no cargo ap\u00f3s a dobradinha da \u00e9poca passada e pode ainda disputar a Ta\u00e7a de Portugal contra o Torreense.<\/li>\n<\/ul>\n","protected":false},"author":2,"featured_media":460672,"comment_status":"closed","ping_status":"closed","sticky":false,"template":"","format":"standard","meta":{"footnotes":""},"categories":[21,24],"tags":[4143,152,32,1652,1377,2477],"class_list":["post-460668","post","type-post","status-publish","format-standard","has-post-thumbnail","hentry","category-desporto","category-futebol","tag-1-liga","tag-desporto","tag-futebol","tag-sporting","tag-taca-da-portugal","tag-treinadores"],"yoast_head":"<!-- This site is optimized with the Yoast SEO plugin v27.2 - https:\/\/yoast.com\/product\/yoast-seo-wordpress\/ -->\n<title>Renova\u00e7\u00e3o de Rui Borges no Sporting agendada para sexta-feira - Portal Tela Portugal<\/title>\n<meta name=\"robots\" content=\"index, follow, max-snippet:-1, max-image-preview:large, max-video-preview:-1\" \/>\n<meta property=\"og:locale\" content=\"pt_PT\" \/>\n<meta property=\"og:type\" content=\"article\" \/>\n<meta property=\"og:title\" content=\"Renova\u00e7\u00e3o de Rui Borges no Sporting agendada para sexta-feira - Portal Tela Portugal\" \/>\n<meta property=\"og:description\" content=\"O Sporting anunciou a renova\u00e7\u00e3o de Rui Borges at\u00e9 2028, com a cerim\u00f3nia marcada para sexta-feira, 1 de maio, \u00e0s 11h00, no Est\u00e1dio Jos\u00e9 Alvalade, Dia do Trabalhador. O acordo envolve prolongamento de mais um ano e aumento significativo do sal\u00e1rio e dos b\u00f3nus por desempenho. As negocia\u00e7\u00f5es come\u00e7aram a 14 de mar\u00e7o, antes das elei\u00e7\u00f5es do clube, e o entendimento foi conclu\u00eddo ap\u00f3s as conversas. A renova\u00e7\u00e3o ocorre numa altura em que o Sporting perdeu o tricampeonato e depende dos resultados do Benfica para terminar em segundo no campeonato. Rui Borges, 44 anos, mant\u00e9m-se no cargo ap\u00f3s a dobradinha da \u00e9poca passada e pode ainda disputar a Ta\u00e7a de Portugal contra o Torreense.\" \/>\n<meta property=\"og:url\" content=\"https:\/\/portaltela.pt\/noticias\/2026\/04\/28\/renovacao-de-rui-borges-no-sporting-agendada-para-sexta-feira\/\" \/>\n<meta property=\"og:site_name\" content=\"Portal Tela Portugal\" \/>\n<meta property=\"article:published_time\" content=\"2026-04-29T00:33:54+00:00\" \/>\n<meta name=\"author\" content=\"Telinha\" \/>\n<meta name=\"twitter:card\" content=\"summary_large_image\" \/>\n<meta name=\"twitter:label1\" content=\"Escrito por\" \/>\n\t<meta name=\"twitter:data1\" content=\"Telinha\" \/>\n\t<meta name=\"twitter:label2\" content=\"Tempo estimado de leitura\" \/>\n\t<meta name=\"twitter:data2\" content=\"1 minuto\" \/>\n<script type=\"application\/ld+json\" class=\"yoast-schema-graph\">{\"@context\":\"https:\/\/schema.org\",\"@graph\":[{\"@type\":\"Article\",\"@id\":\"https:\/\/portaltela.pt\/noticias\/2026\/04\/28\/renovacao-de-rui-borges-no-sporting-agendada-para-sexta-feira\/#article\",\"isPartOf\":{\"@id\":\"https:\/\/portaltela.pt\/noticias\/2026\/04\/28\/renovacao-de-rui-borges-no-sporting-agendada-para-sexta-feira\/\"},\"author\":{\"name\":\"Telinha\",\"@id\":\"https:\/\/portaltela.pt\/#\/schema\/person\/c4278d4a6028830caff9ee44b42d32ed\"},\"headline\":\"Renova\u00e7\u00e3o de Rui Borges no Sporting agendada para sexta-feira\",\"datePublished\":\"2026-04-29T00:33:54+00:00\",\"mainEntityOfPage\":{\"@id\":\"https:\/\/portaltela.pt\/noticias\/2026\/04\/28\/renovacao-de-rui-borges-no-sporting-agendada-para-sexta-feira\/\"},\"wordCount\":247,\"image\":{\"@id\":\"https:\/\/portaltela.pt\/noticias\/2026\/04\/28\/renovacao-de-rui-borges-no-sporting-agendada-para-sexta-feira\/#primaryimage\"},\"thumbnailUrl\":\"https:\/\/portaltela.pt\/s.01k8rhncp4jt1\/2026\/04\/img_1500x1000uu2026-04-28-23-06-22-2281724.jpg\",\"keywords\":[\"1. Liga\",\"desporto\",\"futebol\",\"Sporting\",\"Ta\u00e7a da Portugal\",\"treinadores\"],\"articleSection\":[\"Desporto\",\"Futebol\"],\"inLanguage\":\"pt-PT\"},{\"@type\":\"WebPage\",\"@id\":\"https:\/\/portaltela.pt\/noticias\/2026\/04\/28\/renovacao-de-rui-borges-no-sporting-agendada-para-sexta-feira\/\",\"url\":\"https:\/\/portaltela.pt\/noticias\/2026\/04\/28\/renovacao-de-rui-borges-no-sporting-agendada-para-sexta-feira\/\",\"name\":\"Renova\u00e7\u00e3o de Rui Borges no Sporting agendada para sexta-feira - Portal Tela Portugal\",\"isPartOf\":{\"@id\":\"https:\/\/portaltela.pt\/#website\"},\"primaryImageOfPage\":{\"@id\":\"https:\/\/portaltela.pt\/noticias\/2026\/04\/28\/renovacao-de-rui-borges-no-sporting-agendada-para-sexta-feira\/#primaryimage\"},\"image\":{\"@id\":\"https:\/\/portaltela.pt\/noticias\/2026\/04\/28\/renovacao-de-rui-borges-no-sporting-agendada-para-sexta-feira\/#primaryimage\"},\"thumbnailUrl\":\"https:\/\/portaltela.pt\/s.01k8rhncp4jt1\/2026\/04\/img_1500x1000uu2026-04-28-23-06-22-2281724.jpg\",\"datePublished\":\"2026-04-29T00:33:54+00:00\",\"author\":{\"@id\":\"https:\/\/portaltela.pt\/#\/schema\/person\/c4278d4a6028830caff9ee44b42d32ed\"},\"breadcrumb\":{\"@id\":\"https:\/\/portaltela.pt\/noticias\/2026\/04\/28\/renovacao-de-rui-borges-no-sporting-agendada-para-sexta-feira\/#breadcrumb\"},\"inLanguage\":\"pt-PT\",\"potentialAction\":[{\"@type\":\"ReadAction\",\"target\":[\"https:\/\/portaltela.pt\/noticias\/2026\/04\/28\/renovacao-de-rui-borges-no-sporting-agendada-para-sexta-feira\/\"]}]},{\"@type\":\"ImageObject\",\"inLanguage\":\"pt-PT\",\"@id\":\"https:\/\/portaltela.pt\/noticias\/2026\/04\/28\/renovacao-de-rui-borges-no-sporting-agendada-para-sexta-feira\/#primaryimage\",\"url\":\"https:\/\/portaltela.pt\/s.01k8rhncp4jt1\/2026\/04\/img_1500x1000uu2026-04-28-23-06-22-2281724.jpg\",\"contentUrl\":\"https:\/\/portaltela.pt\/s.01k8rhncp4jt1\/2026\/04\/img_1500x1000uu2026-04-28-23-06-22-2281724.jpg\",\"width\":796,\"height\":448,\"caption\":\"Rui Borges e Frederico Varandas\"},{\"@type\":\"BreadcrumbList\",\"@id\":\"https:\/\/portaltela.pt\/noticias\/2026\/04\/28\/renovacao-de-rui-borges-no-sporting-agendada-para-sexta-feira\/#breadcrumb\",\"itemListElement\":[{\"@type\":\"ListItem\",\"position\":1,\"name\":\"In\u00edcio\",\"item\":\"https:\/\/portaltela.pt\/\"},{\"@type\":\"ListItem\",\"position\":2,\"name\":\"Renova\u00e7\u00e3o de Rui Borges no Sporting agendada para sexta-feira\"}]},{\"@type\":\"WebSite\",\"@id\":\"https:\/\/portaltela.pt\/#website\",\"url\":\"https:\/\/portaltela.pt\/\",\"name\":\"Portal Tela Portugal\",\"description\":\"\",\"potentialAction\":[{\"@type\":\"SearchAction\",\"target\":{\"@type\":\"EntryPoint\",\"urlTemplate\":\"https:\/\/portaltela.pt\/?s={search_term_string}\"},\"query-input\":{\"@type\":\"PropertyValueSpecification\",\"valueRequired\":true,\"valueName\":\"search_term_string\"}}],\"inLanguage\":\"pt-PT\"},{\"@type\":\"Person\",\"@id\":\"https:\/\/portaltela.pt\/#\/schema\/person\/c4278d4a6028830caff9ee44b42d32ed\",\"name\":\"Telinha\",\"image\":{\"@type\":\"ImageObject\",\"inLanguage\":\"pt-PT\",\"@id\":\"https:\/\/portaltela.pt\/s.01k8rhncp4jt1\/2025\/11\/talking-bot-125x125.png\",\"url\":\"https:\/\/portaltela.pt\/s.01k8rhncp4jt1\/2025\/11\/talking-bot-125x125.png\",\"contentUrl\":\"https:\/\/portaltela.pt\/s.01k8rhncp4jt1\/2025\/11\/talking-bot-125x125.png\",\"caption\":\"Telinha\"},\"sameAs\":[\"https:\/\/portaltela.pt\/\"],\"url\":\"https:\/\/portaltela.pt\/por\/367410592786\/\"}]}<\/script>\n<!-- \/ Yoast SEO plugin. -->","yoast_head_json":{"title":"Renova\u00e7\u00e3o de Rui Borges no Sporting agendada para sexta-feira - Portal Tela Portugal","robots":{"index":"index","follow":"follow","max-snippet":"max-snippet:-1","max-image-preview":"max-image-preview:large","max-video-preview":"max-video-preview:-1"},"og_locale":"pt_PT","og_type":"article","og_title":"Renova\u00e7\u00e3o de Rui Borges no Sporting agendada para sexta-feira - Portal Tela Portugal","og_description":"O Sporting anunciou a renova\u00e7\u00e3o de Rui Borges at\u00e9 2028, com a cerim\u00f3nia marcada para sexta-feira, 1 de maio, \u00e0s 11h00, no Est\u00e1dio Jos\u00e9 Alvalade, Dia do Trabalhador. O acordo envolve prolongamento de mais um ano e aumento significativo do sal\u00e1rio e dos b\u00f3nus por desempenho. As negocia\u00e7\u00f5es come\u00e7aram a 14 de mar\u00e7o, antes das elei\u00e7\u00f5es do clube, e o entendimento foi conclu\u00eddo ap\u00f3s as conversas. A renova\u00e7\u00e3o ocorre numa altura em que o Sporting perdeu o tricampeonato e depende dos resultados do Benfica para terminar em segundo no campeonato. Rui Borges, 44 anos, mant\u00e9m-se no cargo ap\u00f3s a dobradinha da \u00e9poca passada e pode ainda disputar a Ta\u00e7a de Portugal contra o Torreense.","og_url":"https:\/\/portaltela.pt\/noticias\/2026\/04\/28\/renovacao-de-rui-borges-no-sporting-agendada-para-sexta-feira\/","og_site_name":"Portal Tela Portugal","article_published_time":"2026-04-29T00:33:54+00:00","author":"Telinha","twitter_card":"summary_large_image","twitter_misc":{"Escrito por":"Telinha","Tempo estimado de leitura":"1 minuto"},"schema":{"@context":"https:\/\/schema.org","@graph":[{"@type":"Article","@id":"https:\/\/portaltela.pt\/noticias\/2026\/04\/28\/renovacao-de-rui-borges-no-sporting-agendada-para-sexta-feira\/#article","isPartOf":{"@id":"https:\/\/portaltela.pt\/noticias\/2026\/04\/28\/renovacao-de-rui-borges-no-sporting-agendada-para-sexta-feira\/"},"author":{"name":"Telinha","@id":"https:\/\/portaltela.pt\/#\/schema\/person\/c4278d4a6028830caff9ee44b42d32ed"},"headline":"Renova\u00e7\u00e3o de Rui Borges no Sporting agendada para sexta-feira","datePublished":"2026-04-29T00:33:54+00:00","mainEntityOfPage":{"@id":"https:\/\/portaltela.pt\/noticias\/2026\/04\/28\/renovacao-de-rui-borges-no-sporting-agendada-para-sexta-feira\/"},"wordCount":247,"image":{"@id":"https:\/\/portaltela.pt\/noticias\/2026\/04\/28\/renovacao-de-rui-borges-no-sporting-agendada-para-sexta-feira\/#primaryimage"},"thumbnailUrl":"https:\/\/portaltela.pt\/s.01k8rhncp4jt1\/2026\/04\/img_1500x1000uu2026-04-28-23-06-22-2281724.jpg","keywords":["1. Liga","desporto","futebol","Sporting","Ta\u00e7a da Portugal","treinadores"],"articleSection":["Desporto","Futebol"],"inLanguage":"pt-PT"},{"@type":"WebPage","@id":"https:\/\/portaltela.pt\/noticias\/2026\/04\/28\/renovacao-de-rui-borges-no-sporting-agendada-para-sexta-feira\/","url":"https:\/\/portaltela.pt\/noticias\/2026\/04\/28\/renovacao-de-rui-borges-no-sporting-agendada-para-sexta-feira\/","name":"Renova\u00e7\u00e3o de Rui Borges no Sporting agendada para sexta-feira - Portal Tela Portugal","isPartOf":{"@id":"https:\/\/portaltela.pt\/#website"},"primaryImageOfPage":{"@id":"https:\/\/portaltela.pt\/noticias\/2026\/04\/28\/renovacao-de-rui-borges-no-sporting-agendada-para-sexta-feira\/#primaryimage"},"image":{"@id":"https:\/\/portaltela.pt\/noticias\/2026\/04\/28\/renovacao-de-rui-borges-no-sporting-agendada-para-sexta-feira\/#primaryimage"},"thumbnailUrl":"https:\/\/portaltela.pt\/s.01k8rhncp4jt1\/2026\/04\/img_1500x1000uu2026-04-28-23-06-22-2281724.jpg","datePublished":"2026-04-29T00:33:54+00:00","author":{"@id":"https:\/\/portaltela.pt\/#\/schema\/person\/c4278d4a6028830caff9ee44b42d32ed"},"breadcrumb":{"@id":"https:\/\/portaltela.pt\/noticias\/2026\/04\/28\/renovacao-de-rui-borges-no-sporting-agendada-para-sexta-feira\/#breadcrumb"},"inLanguage":"pt-PT","potentialAction":[{"@type":"ReadAction","target":["https:\/\/portaltela.pt\/noticias\/2026\/04\/28\/renovacao-de-rui-borges-no-sporting-agendada-para-sexta-feira\/"]}]},{"@type":"ImageObject","inLanguage":"pt-PT","@id":"https:\/\/portaltela.pt\/noticias\/2026\/04\/28\/renovacao-de-rui-borges-no-sporting-agendada-para-sexta-feira\/#primaryimage","url":"https:\/\/portaltela.pt\/s.01k8rhncp4jt1\/2026\/04\/img_1500x1000uu2026-04-28-23-06-22-2281724.jpg","contentUrl":"https:\/\/portaltela.pt\/s.01k8rhncp4jt1\/2026\/04\/img_1500x1000uu2026-04-28-23-06-22-2281724.jpg","width":796,"height":448,"caption":"Rui Borges e Frederico Varandas"},{"@type":"BreadcrumbList","@id":"https:\/\/portaltela.pt\/noticias\/2026\/04\/28\/renovacao-de-rui-borges-no-sporting-agendada-para-sexta-feira\/#breadcrumb","itemListElement":[{"@type":"ListItem","position":1,"name":"In\u00edcio","item":"https:\/\/portaltela.pt\/"},{"@type":"ListItem","position":2,"name":"Renova\u00e7\u00e3o de Rui Borges no Sporting agendada para sexta-feira"}]},{"@type":"WebSite","@id":"https:\/\/portaltela.pt\/#website","url":"https:\/\/portaltela.pt\/","name":"Portal Tela Portugal","description":"","potentialAction":[{"@type":"SearchAction","target":{"@type":"EntryPoint","urlTemplate":"https:\/\/portaltela.pt\/?s={search_term_string}"},"query-input":{"@type":"PropertyValueSpecification","valueRequired":true,"valueName":"search_term_string"}}],"inLanguage":"pt-PT"},{"@type":"Person","@id":"https:\/\/portaltela.pt\/#\/schema\/person\/c4278d4a6028830caff9ee44b42d32ed","name":"Telinha","image":{"@type":"ImageObject","inLanguage":"pt-PT","@id":"https:\/\/portaltela.pt\/s.01k8rhncp4jt1\/2025\/11\/talking-bot-125x125.png","url":"https:\/\/portaltela.pt\/s.01k8rhncp4jt1\/2025\/11\/talking-bot-125x125.png","contentUrl":"https:\/\/portaltela.pt\/s.01k8rhncp4jt1\/2025\/11\/talking-bot-125x125.png","caption":"Telinha"},"sameAs":["https:\/\/portaltela.pt\/"],"url":"https:\/\/portaltela.pt\/por\/367410592786\/"}]}},"_links":{"self":[{"href":"https:\/\/portaltela.pt\/api\/wp\/v2\/posts\/460668","targetHints":{"allow":["GET"]}}],"collection":[{"href":"https:\/\/portaltela.pt\/api\/wp\/v2\/posts"}],"about":[{"href":"https:\/\/portaltela.pt\/api\/wp\/v2\/types\/post"}],"author":[{"embeddable":true,"href":"https:\/\/portaltela.pt\/api\/wp\/v2\/users\/2"}],"replies":[{"embeddable":true,"href":"https:\/\/portaltela.pt\/api\/wp\/v2\/comments?post=460668"}],"version-history":[{"count":0,"href":"https:\/\/portaltela.pt\/api\/wp\/v2\/posts\/460668\/revisions"}],"wp:featuredmedia":[{"embeddable":true,"href":"https:\/\/portaltela.pt\/api\/wp\/v2\/media\/460672"}],"wp:attachment":[{"href":"https:\/\/portaltela.pt\/api\/wp\/v2\/media?parent=460668"}],"wp:term":[{"taxonomy":"category","embeddable":true,"href":"https:\/\/portaltela.pt\/api\/wp\/v2\/categories?post=460668"},{"taxonomy":"post_tag","embeddable":true,"href":"https:\/\/portaltela.pt\/api\/wp\/v2\/tags?post=460668"}],"curies":[{"name":"wp","href":"https:\/\/api.w.org\/{rel}","templated":true}]}}