{"id":460667,"date":"2026-04-28T21:33:52","date_gmt":"2026-04-29T00:33:52","guid":{"rendered":"https:\/\/portaltela.pt\/noticias\/2026\/04\/28\/vinho-madeira-celebra-250-anos-da-independencia-dos-eua-em-veleiro-portugues\/"},"modified":"2026-04-28T21:33:52","modified_gmt":"2026-04-29T00:33:52","slug":"vinho-madeira-celebra-250-anos-da-independencia-dos-eua-em-veleiro-portugues","status":"publish","type":"post","link":"https:\/\/portaltela.pt\/internacionais\/2026\/04\/28\/vinho-madeira-celebra-250-anos-da-independencia-dos-eua-em-veleiro-portugues\/","title":{"rendered":"Vinho Madeira celebra 250 anos da independ\u00eancia dos EUA em veleiro portugu\u00eas"},"content":{"rendered":"<p>A Sagres, veleiro-escola da Marinha Portuguesa, parte esta quarta-feira rumo \u00e0 Am\u00e9rica, numa viagem que se estende at\u00e9 23 de agosto. A embarca\u00e7\u00e3o transporta duas pipas e v\u00e1rias garrafas de vinho Madeira, para celebrar os 250 anos da independ\u00eancia dos EUA. O embarcadouro \u00e9 Lisboa, com a embarca\u00e7\u00e3o a rumar para Nova Iorque ap\u00f3s atravessar o Atl\u00e2ntico Norte.<\/p>\n<p>Segundo a Marinha, os dois s\u00e9culos e meio de hist\u00f3ria do vinho Madeira continuam a cativar os norte-americanos, tal como no tempo da funda\u00e7\u00e3o dos EUA. A Sagres, com 89,5 metros de comprimento e constru\u00e7\u00e3o de 1937 na Alemanha, j\u00e1 visitou 62 pa\u00edses e ter\u00e1 paragens em v\u00e1rios portos norte-americanos ao longo da viagem.<\/p>\n<h3>Viagem e objetivos<\/h3>\n<p>A passagem por Nova Iorque est\u00e1 prevista para abrigar eventos de apoio \u00e0 candidatura de Portugal a membro n\u00e3o permanente no Conselho de Seguran\u00e7a da ONU. No \u00e2mbito da parada naval no rio Hudson, Portugal ser\u00e1 representado pela Sagres, no dia 4 de julho, durante a celebra\u00e7\u00e3o internacional.<\/p>\n<p>Antes, a 10 de junho, Dia de Portugal, a Sagres navegar\u00e1 at\u00e9 as Bermudas para assinalar a data junto da comunidade portuguesa e lusodescendente local. A presen\u00e7a da embarca\u00e7\u00e3o oferece visitas ao p\u00fablico nos locais de ancoragem, promovendo a troca cultural e educativa.<\/p>\n<h3>Competi\u00e7\u00e3o e forma\u00e7\u00e3o<\/h3>\n<p>A Sagres tamb\u00e9m participa na regata 5 Sisters, competi\u00e7\u00e3o criada para o bicenten\u00e1rio dos EUA, entre navios g\u00e9meos com projeto alem\u00e3o id\u00eantico. Nesta edi\u00e7\u00e3o, a embarca\u00e7\u00e3o portuguesa compete com o Eagle (Guarda Costeira dos EUA), Mircea (Marinha Romena) e Gorch Fock (Marinha Alem\u00e3). A tripula\u00e7\u00e3o inclui 107 militares, 36 cadetes nacionais\/PALOP e um cadete romeno, perfazendo 144 elementos no total.<\/p>\n<h3>Contexto educativo<\/h3>\n<p>A viagem funciona ainda como uma oportunidade de ensino para cadetes do 1.\u00ba e 2.\u00ba ano, integrando forma\u00e7\u00e3o pr\u00e1tica no mar com atividades institucionais. A Sagres j\u00e1 visitou Nova Iorque 10 vezes ao longo da sua hist\u00f3ria. A embarca\u00e7\u00e3o regressa a Lisboa na base naval em 23 de agosto.<\/p>\n","protected":false},"excerpt":{"rendered":"<ul>\n<li>O veleiro Sagres parte esta quarta-feira rumo \u00e0 Am\u00e9rica e s\u00f3 regressa a 23 de agosto, levando duas pipas e v\u00e1rias garrafas de vinho Madeira para celebrar os 250 anos da independ\u00eancia dos EUA.<\/li>\n<li>A embarca\u00e7\u00e3o, com 89,5 metros de comprimento e tr\u00eas mastros, passar\u00e1 por Nova Iorque para apoiar a candidatura de Portugal a membro n\u00e3o permanente do Conselho de Seguran\u00e7a das Na\u00e7\u00f5es Unidas e participa na parada naval no Hudson a 4 de julho.<\/li>\n<li>No dia 10 de junho, Dia de Portugal, de Cam\u00f5es e das Comunidades, a Sagres dirige-se \u00e0s Bermudas para assinalar a data junto da comunidade portuguesa e lusodescendente local.<\/li>\n<li>A viagem inclui ainda a disputa da regata 5 Sisters, entre navios como o Eagle (Guarda Costeira dos EUA), o Mircea (Marinha Romena) e o Gorch Fock (Marinha Alem\u00e3).<\/li>\n<li>A guarni\u00e7\u00e3o \u00e9 de 144 pessoas, com 107 militares, 36 cadetes nacionais\/PALOP e um romeno, com a miss\u00e3o tamb\u00e9m de forma\u00e7\u00e3o dos cadetes do 1.\u00ba e do 2.\u00ba ano.<\/li>\n<\/ul>\n","protected":false},"author":2,"featured_media":460669,"comment_status":"closed","ping_status":"closed","sticky":false,"template":"","format":"standard","meta":{"footnotes":""},"categories":[6912],"tags":[1600,859,4298,2127,7537,4569],"class_list":["post-460667","post","type-post","status-publish","format-standard","has-post-thumbnail","hentry","category-internacionais","tag-estados-unidos","tag-madeira","tag-marinha","tag-nacoes-unidas","tag-nova-york","tag-vinho-de-madeira"],"yoast_head":"<!-- This site is optimized with the Yoast SEO plugin v27.2 - https:\/\/yoast.com\/product\/yoast-seo-wordpress\/ -->\n<title>Vinho Madeira celebra 250 anos da independ\u00eancia dos EUA em veleiro portugu\u00eas - Portal Tela Portugal<\/title>\n<meta name=\"robots\" content=\"index, follow, max-snippet:-1, max-image-preview:large, max-video-preview:-1\" \/>\n<meta property=\"og:locale\" content=\"pt_PT\" \/>\n<meta property=\"og:type\" content=\"article\" \/>\n<meta property=\"og:title\" content=\"Vinho Madeira celebra 250 anos da independ\u00eancia dos EUA em veleiro portugu\u00eas - Portal Tela Portugal\" \/>\n<meta property=\"og:description\" content=\"O veleiro Sagres parte esta quarta-feira rumo \u00e0 Am\u00e9rica e s\u00f3 regressa a 23 de agosto, levando duas pipas e v\u00e1rias garrafas de vinho Madeira para celebrar os 250 anos da independ\u00eancia dos EUA. A embarca\u00e7\u00e3o, com 89,5 metros de comprimento e tr\u00eas mastros, passar\u00e1 por Nova Iorque para apoiar a candidatura de Portugal a membro n\u00e3o permanente do Conselho de Seguran\u00e7a das Na\u00e7\u00f5es Unidas e participa na parada naval no Hudson a 4 de julho. No dia 10 de junho, Dia de Portugal, de Cam\u00f5es e das Comunidades, a Sagres dirige-se \u00e0s Bermudas para assinalar a data junto da comunidade portuguesa e lusodescendente local. A viagem inclui ainda a disputa da regata 5 Sisters, entre navios como o Eagle (Guarda Costeira dos EUA), o Mircea (Marinha Romena) e o Gorch Fock (Marinha Alem\u00e3). A guarni\u00e7\u00e3o \u00e9 de 144 pessoas, com 107 militares, 36 cadetes nacionais\/PALOP e um romeno, com a miss\u00e3o tamb\u00e9m de forma\u00e7\u00e3o dos cadetes do 1.\u00ba e do 2.\u00ba ano.\" \/>\n<meta property=\"og:url\" content=\"https:\/\/portaltela.pt\/noticias\/2026\/04\/28\/vinho-madeira-celebra-250-anos-da-independencia-dos-eua-em-veleiro-portugues\/\" \/>\n<meta property=\"og:site_name\" content=\"Portal Tela Portugal\" \/>\n<meta property=\"article:published_time\" content=\"2026-04-29T00:33:52+00:00\" \/>\n<meta name=\"author\" content=\"Telinha\" \/>\n<meta name=\"twitter:card\" content=\"summary_large_image\" \/>\n<meta name=\"twitter:label1\" content=\"Escrito por\" \/>\n\t<meta name=\"twitter:data1\" content=\"Telinha\" \/>\n\t<meta name=\"twitter:label2\" content=\"Tempo estimado de leitura\" \/>\n\t<meta name=\"twitter:data2\" content=\"2 minutos\" \/>\n<script type=\"application\/ld+json\" class=\"yoast-schema-graph\">{\"@context\":\"https:\/\/schema.org\",\"@graph\":[{\"@type\":\"Article\",\"@id\":\"https:\/\/portaltela.pt\/noticias\/2026\/04\/28\/vinho-madeira-celebra-250-anos-da-independencia-dos-eua-em-veleiro-portugues\/#article\",\"isPartOf\":{\"@id\":\"https:\/\/portaltela.pt\/noticias\/2026\/04\/28\/vinho-madeira-celebra-250-anos-da-independencia-dos-eua-em-veleiro-portugues\/\"},\"author\":{\"name\":\"Telinha\",\"@id\":\"https:\/\/portaltela.pt\/#\/schema\/person\/c4278d4a6028830caff9ee44b42d32ed\"},\"headline\":\"Vinho Madeira celebra 250 anos da independ\u00eancia dos EUA em veleiro portugu\u00eas\",\"datePublished\":\"2026-04-29T00:33:52+00:00\",\"mainEntityOfPage\":{\"@id\":\"https:\/\/portaltela.pt\/noticias\/2026\/04\/28\/vinho-madeira-celebra-250-anos-da-independencia-dos-eua-em-veleiro-portugues\/\"},\"wordCount\":350,\"image\":{\"@id\":\"https:\/\/portaltela.pt\/noticias\/2026\/04\/28\/vinho-madeira-celebra-250-anos-da-independencia-dos-eua-em-veleiro-portugues\/#primaryimage\"},\"thumbnailUrl\":\"https:\/\/portaltela.pt\/s.01k8rhncp4jt1\/2026\/04\/img_1280x721uu2026-04-28-23-17-34-2281725.jpg\",\"keywords\":[\"Estados Unidos\",\"Madeira\",\"Marinha\",\"Na\u00e7\u00f5es Unidas\",\"Nova York\",\"VINHO DE MADEIRA\"],\"articleSection\":[\"Internacionais\"],\"inLanguage\":\"pt-PT\"},{\"@type\":\"WebPage\",\"@id\":\"https:\/\/portaltela.pt\/noticias\/2026\/04\/28\/vinho-madeira-celebra-250-anos-da-independencia-dos-eua-em-veleiro-portugues\/\",\"url\":\"https:\/\/portaltela.pt\/noticias\/2026\/04\/28\/vinho-madeira-celebra-250-anos-da-independencia-dos-eua-em-veleiro-portugues\/\",\"name\":\"Vinho Madeira celebra 250 anos da independ\u00eancia dos EUA em veleiro portugu\u00eas - Portal Tela Portugal\",\"isPartOf\":{\"@id\":\"https:\/\/portaltela.pt\/#website\"},\"primaryImageOfPage\":{\"@id\":\"https:\/\/portaltela.pt\/noticias\/2026\/04\/28\/vinho-madeira-celebra-250-anos-da-independencia-dos-eua-em-veleiro-portugues\/#primaryimage\"},\"image\":{\"@id\":\"https:\/\/portaltela.pt\/noticias\/2026\/04\/28\/vinho-madeira-celebra-250-anos-da-independencia-dos-eua-em-veleiro-portugues\/#primaryimage\"},\"thumbnailUrl\":\"https:\/\/portaltela.pt\/s.01k8rhncp4jt1\/2026\/04\/img_1280x721uu2026-04-28-23-17-34-2281725.jpg\",\"datePublished\":\"2026-04-29T00:33:52+00:00\",\"author\":{\"@id\":\"https:\/\/portaltela.pt\/#\/schema\/person\/c4278d4a6028830caff9ee44b42d32ed\"},\"breadcrumb\":{\"@id\":\"https:\/\/portaltela.pt\/noticias\/2026\/04\/28\/vinho-madeira-celebra-250-anos-da-independencia-dos-eua-em-veleiro-portugues\/#breadcrumb\"},\"inLanguage\":\"pt-PT\",\"potentialAction\":[{\"@type\":\"ReadAction\",\"target\":[\"https:\/\/portaltela.pt\/noticias\/2026\/04\/28\/vinho-madeira-celebra-250-anos-da-independencia-dos-eua-em-veleiro-portugues\/\"]}]},{\"@type\":\"ImageObject\",\"inLanguage\":\"pt-PT\",\"@id\":\"https:\/\/portaltela.pt\/noticias\/2026\/04\/28\/vinho-madeira-celebra-250-anos-da-independencia-dos-eua-em-veleiro-portugues\/#primaryimage\",\"url\":\"https:\/\/portaltela.pt\/s.01k8rhncp4jt1\/2026\/04\/img_1280x721uu2026-04-28-23-17-34-2281725.jpg\",\"contentUrl\":\"https:\/\/portaltela.pt\/s.01k8rhncp4jt1\/2026\/04\/img_1280x721uu2026-04-28-23-17-34-2281725.jpg\",\"width\":796,\"height\":448,\"caption\":\"Veleiro 'Sagres'\"},{\"@type\":\"BreadcrumbList\",\"@id\":\"https:\/\/portaltela.pt\/noticias\/2026\/04\/28\/vinho-madeira-celebra-250-anos-da-independencia-dos-eua-em-veleiro-portugues\/#breadcrumb\",\"itemListElement\":[{\"@type\":\"ListItem\",\"position\":1,\"name\":\"In\u00edcio\",\"item\":\"https:\/\/portaltela.pt\/\"},{\"@type\":\"ListItem\",\"position\":2,\"name\":\"Vinho Madeira celebra 250 anos da independ\u00eancia dos EUA em veleiro portugu\u00eas\"}]},{\"@type\":\"WebSite\",\"@id\":\"https:\/\/portaltela.pt\/#website\",\"url\":\"https:\/\/portaltela.pt\/\",\"name\":\"Portal Tela Portugal\",\"description\":\"\",\"potentialAction\":[{\"@type\":\"SearchAction\",\"target\":{\"@type\":\"EntryPoint\",\"urlTemplate\":\"https:\/\/portaltela.pt\/?s={search_term_string}\"},\"query-input\":{\"@type\":\"PropertyValueSpecification\",\"valueRequired\":true,\"valueName\":\"search_term_string\"}}],\"inLanguage\":\"pt-PT\"},{\"@type\":\"Person\",\"@id\":\"https:\/\/portaltela.pt\/#\/schema\/person\/c4278d4a6028830caff9ee44b42d32ed\",\"name\":\"Telinha\",\"image\":{\"@type\":\"ImageObject\",\"inLanguage\":\"pt-PT\",\"@id\":\"https:\/\/portaltela.pt\/s.01k8rhncp4jt1\/2025\/11\/talking-bot-125x125.png\",\"url\":\"https:\/\/portaltela.pt\/s.01k8rhncp4jt1\/2025\/11\/talking-bot-125x125.png\",\"contentUrl\":\"https:\/\/portaltela.pt\/s.01k8rhncp4jt1\/2025\/11\/talking-bot-125x125.png\",\"caption\":\"Telinha\"},\"sameAs\":[\"https:\/\/portaltela.pt\/\"],\"url\":\"https:\/\/portaltela.pt\/por\/367410592786\/\"}]}<\/script>\n<!-- \/ Yoast SEO plugin. -->","yoast_head_json":{"title":"Vinho Madeira celebra 250 anos da independ\u00eancia dos EUA em veleiro portugu\u00eas - Portal Tela Portugal","robots":{"index":"index","follow":"follow","max-snippet":"max-snippet:-1","max-image-preview":"max-image-preview:large","max-video-preview":"max-video-preview:-1"},"og_locale":"pt_PT","og_type":"article","og_title":"Vinho Madeira celebra 250 anos da independ\u00eancia dos EUA em veleiro portugu\u00eas - Portal Tela Portugal","og_description":"O veleiro Sagres parte esta quarta-feira rumo \u00e0 Am\u00e9rica e s\u00f3 regressa a 23 de agosto, levando duas pipas e v\u00e1rias garrafas de vinho Madeira para celebrar os 250 anos da independ\u00eancia dos EUA. A embarca\u00e7\u00e3o, com 89,5 metros de comprimento e tr\u00eas mastros, passar\u00e1 por Nova Iorque para apoiar a candidatura de Portugal a membro n\u00e3o permanente do Conselho de Seguran\u00e7a das Na\u00e7\u00f5es Unidas e participa na parada naval no Hudson a 4 de julho. No dia 10 de junho, Dia de Portugal, de Cam\u00f5es e das Comunidades, a Sagres dirige-se \u00e0s Bermudas para assinalar a data junto da comunidade portuguesa e lusodescendente local. A viagem inclui ainda a disputa da regata 5 Sisters, entre navios como o Eagle (Guarda Costeira dos EUA), o Mircea (Marinha Romena) e o Gorch Fock (Marinha Alem\u00e3). A guarni\u00e7\u00e3o \u00e9 de 144 pessoas, com 107 militares, 36 cadetes nacionais\/PALOP e um romeno, com a miss\u00e3o tamb\u00e9m de forma\u00e7\u00e3o dos cadetes do 1.\u00ba e do 2.\u00ba ano.","og_url":"https:\/\/portaltela.pt\/noticias\/2026\/04\/28\/vinho-madeira-celebra-250-anos-da-independencia-dos-eua-em-veleiro-portugues\/","og_site_name":"Portal Tela Portugal","article_published_time":"2026-04-29T00:33:52+00:00","author":"Telinha","twitter_card":"summary_large_image","twitter_misc":{"Escrito por":"Telinha","Tempo estimado de leitura":"2 minutos"},"schema":{"@context":"https:\/\/schema.org","@graph":[{"@type":"Article","@id":"https:\/\/portaltela.pt\/noticias\/2026\/04\/28\/vinho-madeira-celebra-250-anos-da-independencia-dos-eua-em-veleiro-portugues\/#article","isPartOf":{"@id":"https:\/\/portaltela.pt\/noticias\/2026\/04\/28\/vinho-madeira-celebra-250-anos-da-independencia-dos-eua-em-veleiro-portugues\/"},"author":{"name":"Telinha","@id":"https:\/\/portaltela.pt\/#\/schema\/person\/c4278d4a6028830caff9ee44b42d32ed"},"headline":"Vinho Madeira celebra 250 anos da independ\u00eancia dos EUA em veleiro portugu\u00eas","datePublished":"2026-04-29T00:33:52+00:00","mainEntityOfPage":{"@id":"https:\/\/portaltela.pt\/noticias\/2026\/04\/28\/vinho-madeira-celebra-250-anos-da-independencia-dos-eua-em-veleiro-portugues\/"},"wordCount":350,"image":{"@id":"https:\/\/portaltela.pt\/noticias\/2026\/04\/28\/vinho-madeira-celebra-250-anos-da-independencia-dos-eua-em-veleiro-portugues\/#primaryimage"},"thumbnailUrl":"https:\/\/portaltela.pt\/s.01k8rhncp4jt1\/2026\/04\/img_1280x721uu2026-04-28-23-17-34-2281725.jpg","keywords":["Estados Unidos","Madeira","Marinha","Na\u00e7\u00f5es Unidas","Nova York","VINHO DE MADEIRA"],"articleSection":["Internacionais"],"inLanguage":"pt-PT"},{"@type":"WebPage","@id":"https:\/\/portaltela.pt\/noticias\/2026\/04\/28\/vinho-madeira-celebra-250-anos-da-independencia-dos-eua-em-veleiro-portugues\/","url":"https:\/\/portaltela.pt\/noticias\/2026\/04\/28\/vinho-madeira-celebra-250-anos-da-independencia-dos-eua-em-veleiro-portugues\/","name":"Vinho Madeira celebra 250 anos da independ\u00eancia dos EUA em veleiro portugu\u00eas - Portal Tela Portugal","isPartOf":{"@id":"https:\/\/portaltela.pt\/#website"},"primaryImageOfPage":{"@id":"https:\/\/portaltela.pt\/noticias\/2026\/04\/28\/vinho-madeira-celebra-250-anos-da-independencia-dos-eua-em-veleiro-portugues\/#primaryimage"},"image":{"@id":"https:\/\/portaltela.pt\/noticias\/2026\/04\/28\/vinho-madeira-celebra-250-anos-da-independencia-dos-eua-em-veleiro-portugues\/#primaryimage"},"thumbnailUrl":"https:\/\/portaltela.pt\/s.01k8rhncp4jt1\/2026\/04\/img_1280x721uu2026-04-28-23-17-34-2281725.jpg","datePublished":"2026-04-29T00:33:52+00:00","author":{"@id":"https:\/\/portaltela.pt\/#\/schema\/person\/c4278d4a6028830caff9ee44b42d32ed"},"breadcrumb":{"@id":"https:\/\/portaltela.pt\/noticias\/2026\/04\/28\/vinho-madeira-celebra-250-anos-da-independencia-dos-eua-em-veleiro-portugues\/#breadcrumb"},"inLanguage":"pt-PT","potentialAction":[{"@type":"ReadAction","target":["https:\/\/portaltela.pt\/noticias\/2026\/04\/28\/vinho-madeira-celebra-250-anos-da-independencia-dos-eua-em-veleiro-portugues\/"]}]},{"@type":"ImageObject","inLanguage":"pt-PT","@id":"https:\/\/portaltela.pt\/noticias\/2026\/04\/28\/vinho-madeira-celebra-250-anos-da-independencia-dos-eua-em-veleiro-portugues\/#primaryimage","url":"https:\/\/portaltela.pt\/s.01k8rhncp4jt1\/2026\/04\/img_1280x721uu2026-04-28-23-17-34-2281725.jpg","contentUrl":"https:\/\/portaltela.pt\/s.01k8rhncp4jt1\/2026\/04\/img_1280x721uu2026-04-28-23-17-34-2281725.jpg","width":796,"height":448,"caption":"Veleiro 'Sagres'"},{"@type":"BreadcrumbList","@id":"https:\/\/portaltela.pt\/noticias\/2026\/04\/28\/vinho-madeira-celebra-250-anos-da-independencia-dos-eua-em-veleiro-portugues\/#breadcrumb","itemListElement":[{"@type":"ListItem","position":1,"name":"In\u00edcio","item":"https:\/\/portaltela.pt\/"},{"@type":"ListItem","position":2,"name":"Vinho Madeira celebra 250 anos da independ\u00eancia dos EUA em veleiro portugu\u00eas"}]},{"@type":"WebSite","@id":"https:\/\/portaltela.pt\/#website","url":"https:\/\/portaltela.pt\/","name":"Portal Tela Portugal","description":"","potentialAction":[{"@type":"SearchAction","target":{"@type":"EntryPoint","urlTemplate":"https:\/\/portaltela.pt\/?s={search_term_string}"},"query-input":{"@type":"PropertyValueSpecification","valueRequired":true,"valueName":"search_term_string"}}],"inLanguage":"pt-PT"},{"@type":"Person","@id":"https:\/\/portaltela.pt\/#\/schema\/person\/c4278d4a6028830caff9ee44b42d32ed","name":"Telinha","image":{"@type":"ImageObject","inLanguage":"pt-PT","@id":"https:\/\/portaltela.pt\/s.01k8rhncp4jt1\/2025\/11\/talking-bot-125x125.png","url":"https:\/\/portaltela.pt\/s.01k8rhncp4jt1\/2025\/11\/talking-bot-125x125.png","contentUrl":"https:\/\/portaltela.pt\/s.01k8rhncp4jt1\/2025\/11\/talking-bot-125x125.png","caption":"Telinha"},"sameAs":["https:\/\/portaltela.pt\/"],"url":"https:\/\/portaltela.pt\/por\/367410592786\/"}]}},"_links":{"self":[{"href":"https:\/\/portaltela.pt\/api\/wp\/v2\/posts\/460667","targetHints":{"allow":["GET"]}}],"collection":[{"href":"https:\/\/portaltela.pt\/api\/wp\/v2\/posts"}],"about":[{"href":"https:\/\/portaltela.pt\/api\/wp\/v2\/types\/post"}],"author":[{"embeddable":true,"href":"https:\/\/portaltela.pt\/api\/wp\/v2\/users\/2"}],"replies":[{"embeddable":true,"href":"https:\/\/portaltela.pt\/api\/wp\/v2\/comments?post=460667"}],"version-history":[{"count":0,"href":"https:\/\/portaltela.pt\/api\/wp\/v2\/posts\/460667\/revisions"}],"wp:featuredmedia":[{"embeddable":true,"href":"https:\/\/portaltela.pt\/api\/wp\/v2\/media\/460669"}],"wp:attachment":[{"href":"https:\/\/portaltela.pt\/api\/wp\/v2\/media?parent=460667"}],"wp:term":[{"taxonomy":"category","embeddable":true,"href":"https:\/\/portaltela.pt\/api\/wp\/v2\/categories?post=460667"},{"taxonomy":"post_tag","embeddable":true,"href":"https:\/\/portaltela.pt\/api\/wp\/v2\/tags?post=460667"}],"curies":[{"name":"wp","href":"https:\/\/api.w.org\/{rel}","templated":true}]}}