{"id":460663,"date":"2026-04-28T21:33:48","date_gmt":"2026-04-29T00:33:48","guid":{"rendered":"https:\/\/portaltela.pt\/noticias\/2026\/04\/28\/a-obra-polemica-que-agita-os-eua-o-arco-de-trump\/"},"modified":"2026-04-28T21:33:48","modified_gmt":"2026-04-29T00:33:48","slug":"a-obra-polemica-que-agita-os-eua-o-arco-de-trump","status":"publish","type":"post","link":"https:\/\/portaltela.pt\/internacionais\/2026\/04\/28\/a-obra-polemica-que-agita-os-eua-o-arco-de-trump\/","title":{"rendered":"A obra pol\u00e9mica que agita os EUA: o arco de Trump"},"content":{"rendered":"<p>A Comiss\u00e3o de Belas Artes dos EUA aprovou, em car\u00e1ter preliminar, o Arco de Trump para avan\u00e7ar nas pr\u00f3ximas fases do projeto, desde que sejam implementadas altera\u00e7\u00f5es. O vice-presidente da comiss\u00e3o indicou modifica\u00e7\u00f5es obrigat\u00f3rias para a aprova\u00e7\u00e3o final.<\/p>\n<p>O monumento, concebido para celebrar os 250 anos da independ\u00eancia, vai ficar junto ao Memorial Circle, entre Arlington Cemetery e o Lincoln Memorial, em Washington. O arco pretende ser o mais alto do g\u00eanero, superando em 26 metros o Arco do Triunfo de Paris.<\/p>\n<p>Entre as mudan\u00e7as exigidas est\u00e3o a remo\u00e7\u00e3o de est\u00e1tuas previstas para o topo da estrutura e ajustes est\u00e9ticos. Sem estas altera\u00e7\u00f5es, pode haver rejei\u00e7\u00e3o no est\u00e1gio seguinte do processo.<\/p>\n<h3>Controv\u00e9rsia e custos<\/h3>\n<p>Veteranos e arquitetos criticam o projeto, argumentando que compromete uma das paisagens hist\u00f3ricas da capital e impede a linha de vis\u00e3o entre Arlington e o Lincoln Memorial. Grupos c\u00edvicos classificam o arco como megal\u00f3mano e voltado para a vaidade do Presidente.<\/p>\n<p>O custo estimado \u00e9 de cerca de 15 milh\u00f5es de d\u00f3lares, valor que dever\u00e1 ser financiado com recursos p\u00fablicos. A utiliza\u00e7\u00e3o de verbas federais j\u00e1 motivou diversos processos em tribunal, mantendo a controv\u00e9rsia jur\u00eddica em curso.<\/p>\n<p>A iniciativa partiu de Donald Trump, que prop\u00f4s a constru\u00e7\u00e3o do arco para marcar a data festiva. A aprova\u00e7\u00e3o preliminar da Comiss\u00e3o de Belas Artes representa uma vit\u00f3ria estrat\u00e9gica para o projeto, mas o caminho at\u00e9 a aprova\u00e7\u00e3o final permanece dependente das altera\u00e7\u00f5es solicitadas.<\/p>\n","protected":false},"excerpt":{"rendered":"<ul>\n<li>A Comiss\u00e3o de Belas Artes dos EUA aprovou o projeto do \u2018Arco de Trump\u2019 de forma preliminar, abrindo caminho para as fases seguintes, mas com exig\u00eancias de altera\u00e7\u00f5es.<\/li>\n<li>O vice-presidente da comiss\u00e3o sugeriu modifica\u00e7\u00f5es, incluindo a remo\u00e7\u00e3o de est\u00e1tuas no topo e mudan\u00e7as est\u00e9ticas, sob risco de comprometer a aprova\u00e7\u00e3o final.<\/li>\n<li>O monumento, planeado para o Memorial Circle entre o Cemit\u00e9rio Nacional de Arlington e o Lincoln Memorial, ficar\u00e1 cerca de 26 metros acima do Arco do Triunfo de Paris, tornando-se o mais alto do g\u00e9nero.<\/li>\n<li>O custo estimado \u00e9 de cerca de 15 milh\u00f5es de d\u00f3lares, financiados por verbas p\u00fablicas, com cr\u00edticas sobre o uso de dinheiro federal.<\/li>\n<li>A obra tem gerado contesta\u00e7\u00e3o de veteranos, arquitetos e cidad\u00e3os, que denunciam o potencial bloqueio da linha de vis\u00e3o entre Arlington e o Lincoln Memorial e consideram o projeto megal\u00f3mano, levando a v\u00e1rios processos em tribunal.<\/li>\n<\/ul>\n","protected":false},"author":2,"featured_media":460666,"comment_status":"closed","ping_status":"closed","sticky":false,"template":"","format":"standard","meta":{"footnotes":""},"categories":[6912],"tags":[142,4953,249,2417,7490,2832],"class_list":["post-460663","post","type-post","status-publish","format-standard","has-post-thumbnail","hentry","category-internacionais","tag-arquitetura","tag-donald-trump","tag-escultura","tag-financiamento","tag-memoria-publica","tag-politica"],"yoast_head":"<!-- This site is optimized with the Yoast SEO plugin v27.2 - https:\/\/yoast.com\/product\/yoast-seo-wordpress\/ -->\n<title>A obra pol\u00e9mica que agita os EUA: o arco de Trump - Portal Tela Portugal<\/title>\n<meta name=\"robots\" content=\"index, follow, max-snippet:-1, max-image-preview:large, max-video-preview:-1\" \/>\n<meta property=\"og:locale\" content=\"pt_PT\" \/>\n<meta property=\"og:type\" content=\"article\" \/>\n<meta property=\"og:title\" content=\"A obra pol\u00e9mica que agita os EUA: o arco de Trump - Portal Tela Portugal\" \/>\n<meta property=\"og:description\" content=\"A Comiss\u00e3o de Belas Artes dos EUA aprovou o projeto do \u2018Arco de Trump\u2019 de forma preliminar, abrindo caminho para as fases seguintes, mas com exig\u00eancias de altera\u00e7\u00f5es. O vice-presidente da comiss\u00e3o sugeriu modifica\u00e7\u00f5es, incluindo a remo\u00e7\u00e3o de est\u00e1tuas no topo e mudan\u00e7as est\u00e9ticas, sob risco de comprometer a aprova\u00e7\u00e3o final. O monumento, planeado para o Memorial Circle entre o Cemit\u00e9rio Nacional de Arlington e o Lincoln Memorial, ficar\u00e1 cerca de 26 metros acima do Arco do Triunfo de Paris, tornando-se o mais alto do g\u00e9nero. O custo estimado \u00e9 de cerca de 15 milh\u00f5es de d\u00f3lares, financiados por verbas p\u00fablicas, com cr\u00edticas sobre o uso de dinheiro federal. A obra tem gerado contesta\u00e7\u00e3o de veteranos, arquitetos e cidad\u00e3os, que denunciam o potencial bloqueio da linha de vis\u00e3o entre Arlington e o Lincoln Memorial e consideram o projeto megal\u00f3mano, levando a v\u00e1rios processos em tribunal.\" \/>\n<meta property=\"og:url\" content=\"https:\/\/portaltela.pt\/noticias\/2026\/04\/28\/a-obra-polemica-que-agita-os-eua-o-arco-de-trump\/\" \/>\n<meta property=\"og:site_name\" content=\"Portal Tela Portugal\" \/>\n<meta property=\"article:published_time\" content=\"2026-04-29T00:33:48+00:00\" \/>\n<meta name=\"author\" content=\"Telinha\" \/>\n<meta name=\"twitter:card\" content=\"summary_large_image\" \/>\n<meta name=\"twitter:label1\" content=\"Escrito por\" \/>\n\t<meta name=\"twitter:data1\" content=\"Telinha\" \/>\n\t<meta name=\"twitter:label2\" content=\"Tempo estimado de leitura\" \/>\n\t<meta name=\"twitter:data2\" content=\"1 minuto\" \/>\n<script type=\"application\/ld+json\" class=\"yoast-schema-graph\">{\"@context\":\"https:\/\/schema.org\",\"@graph\":[{\"@type\":\"Article\",\"@id\":\"https:\/\/portaltela.pt\/noticias\/2026\/04\/28\/a-obra-polemica-que-agita-os-eua-o-arco-de-trump\/#article\",\"isPartOf\":{\"@id\":\"https:\/\/portaltela.pt\/noticias\/2026\/04\/28\/a-obra-polemica-que-agita-os-eua-o-arco-de-trump\/\"},\"author\":{\"name\":\"Telinha\",\"@id\":\"https:\/\/portaltela.pt\/#\/schema\/person\/c4278d4a6028830caff9ee44b42d32ed\"},\"headline\":\"A obra pol\u00e9mica que agita os EUA: o arco de Trump\",\"datePublished\":\"2026-04-29T00:33:48+00:00\",\"mainEntityOfPage\":{\"@id\":\"https:\/\/portaltela.pt\/noticias\/2026\/04\/28\/a-obra-polemica-que-agita-os-eua-o-arco-de-trump\/\"},\"wordCount\":281,\"image\":{\"@id\":\"https:\/\/portaltela.pt\/noticias\/2026\/04\/28\/a-obra-polemica-que-agita-os-eua-o-arco-de-trump\/#primaryimage\"},\"thumbnailUrl\":\"https:\/\/portaltela.pt\/s.01k8rhncp4jt1\/2026\/04\/img_1500x1000uu2026-04-28-23-45-06-2281729.jpg\",\"keywords\":[\"arquitetura\",\"Donald Trump\",\"escultura\",\"financiamento\",\"mem\u00f3ria p\u00fablica\",\"pol\u00edtica\"],\"articleSection\":[\"Internacionais\"],\"inLanguage\":\"pt-PT\"},{\"@type\":\"WebPage\",\"@id\":\"https:\/\/portaltela.pt\/noticias\/2026\/04\/28\/a-obra-polemica-que-agita-os-eua-o-arco-de-trump\/\",\"url\":\"https:\/\/portaltela.pt\/noticias\/2026\/04\/28\/a-obra-polemica-que-agita-os-eua-o-arco-de-trump\/\",\"name\":\"A obra pol\u00e9mica que agita os EUA: o arco de Trump - Portal Tela Portugal\",\"isPartOf\":{\"@id\":\"https:\/\/portaltela.pt\/#website\"},\"primaryImageOfPage\":{\"@id\":\"https:\/\/portaltela.pt\/noticias\/2026\/04\/28\/a-obra-polemica-que-agita-os-eua-o-arco-de-trump\/#primaryimage\"},\"image\":{\"@id\":\"https:\/\/portaltela.pt\/noticias\/2026\/04\/28\/a-obra-polemica-que-agita-os-eua-o-arco-de-trump\/#primaryimage\"},\"thumbnailUrl\":\"https:\/\/portaltela.pt\/s.01k8rhncp4jt1\/2026\/04\/img_1500x1000uu2026-04-28-23-45-06-2281729.jpg\",\"datePublished\":\"2026-04-29T00:33:48+00:00\",\"author\":{\"@id\":\"https:\/\/portaltela.pt\/#\/schema\/person\/c4278d4a6028830caff9ee44b42d32ed\"},\"breadcrumb\":{\"@id\":\"https:\/\/portaltela.pt\/noticias\/2026\/04\/28\/a-obra-polemica-que-agita-os-eua-o-arco-de-trump\/#breadcrumb\"},\"inLanguage\":\"pt-PT\",\"potentialAction\":[{\"@type\":\"ReadAction\",\"target\":[\"https:\/\/portaltela.pt\/noticias\/2026\/04\/28\/a-obra-polemica-que-agita-os-eua-o-arco-de-trump\/\"]}]},{\"@type\":\"ImageObject\",\"inLanguage\":\"pt-PT\",\"@id\":\"https:\/\/portaltela.pt\/noticias\/2026\/04\/28\/a-obra-polemica-que-agita-os-eua-o-arco-de-trump\/#primaryimage\",\"url\":\"https:\/\/portaltela.pt\/s.01k8rhncp4jt1\/2026\/04\/img_1500x1000uu2026-04-28-23-45-06-2281729.jpg\",\"contentUrl\":\"https:\/\/portaltela.pt\/s.01k8rhncp4jt1\/2026\/04\/img_1500x1000uu2026-04-28-23-45-06-2281729.jpg\",\"width\":1500,\"height\":1000,\"caption\":\"A obra pol\u00e9mica que agita os EUA: O arco de Trump\"},{\"@type\":\"BreadcrumbList\",\"@id\":\"https:\/\/portaltela.pt\/noticias\/2026\/04\/28\/a-obra-polemica-que-agita-os-eua-o-arco-de-trump\/#breadcrumb\",\"itemListElement\":[{\"@type\":\"ListItem\",\"position\":1,\"name\":\"In\u00edcio\",\"item\":\"https:\/\/portaltela.pt\/\"},{\"@type\":\"ListItem\",\"position\":2,\"name\":\"A obra pol\u00e9mica que agita os EUA: o arco de Trump\"}]},{\"@type\":\"WebSite\",\"@id\":\"https:\/\/portaltela.pt\/#website\",\"url\":\"https:\/\/portaltela.pt\/\",\"name\":\"Portal Tela Portugal\",\"description\":\"\",\"potentialAction\":[{\"@type\":\"SearchAction\",\"target\":{\"@type\":\"EntryPoint\",\"urlTemplate\":\"https:\/\/portaltela.pt\/?s={search_term_string}\"},\"query-input\":{\"@type\":\"PropertyValueSpecification\",\"valueRequired\":true,\"valueName\":\"search_term_string\"}}],\"inLanguage\":\"pt-PT\"},{\"@type\":\"Person\",\"@id\":\"https:\/\/portaltela.pt\/#\/schema\/person\/c4278d4a6028830caff9ee44b42d32ed\",\"name\":\"Telinha\",\"image\":{\"@type\":\"ImageObject\",\"inLanguage\":\"pt-PT\",\"@id\":\"https:\/\/portaltela.pt\/s.01k8rhncp4jt1\/2025\/11\/talking-bot-125x125.png\",\"url\":\"https:\/\/portaltela.pt\/s.01k8rhncp4jt1\/2025\/11\/talking-bot-125x125.png\",\"contentUrl\":\"https:\/\/portaltela.pt\/s.01k8rhncp4jt1\/2025\/11\/talking-bot-125x125.png\",\"caption\":\"Telinha\"},\"sameAs\":[\"https:\/\/portaltela.pt\/\"],\"url\":\"https:\/\/portaltela.pt\/por\/367410592786\/\"}]}<\/script>\n<!-- \/ Yoast SEO plugin. -->","yoast_head_json":{"title":"A obra pol\u00e9mica que agita os EUA: o arco de Trump - Portal Tela Portugal","robots":{"index":"index","follow":"follow","max-snippet":"max-snippet:-1","max-image-preview":"max-image-preview:large","max-video-preview":"max-video-preview:-1"},"og_locale":"pt_PT","og_type":"article","og_title":"A obra pol\u00e9mica que agita os EUA: o arco de Trump - Portal Tela Portugal","og_description":"A Comiss\u00e3o de Belas Artes dos EUA aprovou o projeto do \u2018Arco de Trump\u2019 de forma preliminar, abrindo caminho para as fases seguintes, mas com exig\u00eancias de altera\u00e7\u00f5es. O vice-presidente da comiss\u00e3o sugeriu modifica\u00e7\u00f5es, incluindo a remo\u00e7\u00e3o de est\u00e1tuas no topo e mudan\u00e7as est\u00e9ticas, sob risco de comprometer a aprova\u00e7\u00e3o final. O monumento, planeado para o Memorial Circle entre o Cemit\u00e9rio Nacional de Arlington e o Lincoln Memorial, ficar\u00e1 cerca de 26 metros acima do Arco do Triunfo de Paris, tornando-se o mais alto do g\u00e9nero. O custo estimado \u00e9 de cerca de 15 milh\u00f5es de d\u00f3lares, financiados por verbas p\u00fablicas, com cr\u00edticas sobre o uso de dinheiro federal. A obra tem gerado contesta\u00e7\u00e3o de veteranos, arquitetos e cidad\u00e3os, que denunciam o potencial bloqueio da linha de vis\u00e3o entre Arlington e o Lincoln Memorial e consideram o projeto megal\u00f3mano, levando a v\u00e1rios processos em tribunal.","og_url":"https:\/\/portaltela.pt\/noticias\/2026\/04\/28\/a-obra-polemica-que-agita-os-eua-o-arco-de-trump\/","og_site_name":"Portal Tela Portugal","article_published_time":"2026-04-29T00:33:48+00:00","author":"Telinha","twitter_card":"summary_large_image","twitter_misc":{"Escrito por":"Telinha","Tempo estimado de leitura":"1 minuto"},"schema":{"@context":"https:\/\/schema.org","@graph":[{"@type":"Article","@id":"https:\/\/portaltela.pt\/noticias\/2026\/04\/28\/a-obra-polemica-que-agita-os-eua-o-arco-de-trump\/#article","isPartOf":{"@id":"https:\/\/portaltela.pt\/noticias\/2026\/04\/28\/a-obra-polemica-que-agita-os-eua-o-arco-de-trump\/"},"author":{"name":"Telinha","@id":"https:\/\/portaltela.pt\/#\/schema\/person\/c4278d4a6028830caff9ee44b42d32ed"},"headline":"A obra pol\u00e9mica que agita os EUA: o arco de Trump","datePublished":"2026-04-29T00:33:48+00:00","mainEntityOfPage":{"@id":"https:\/\/portaltela.pt\/noticias\/2026\/04\/28\/a-obra-polemica-que-agita-os-eua-o-arco-de-trump\/"},"wordCount":281,"image":{"@id":"https:\/\/portaltela.pt\/noticias\/2026\/04\/28\/a-obra-polemica-que-agita-os-eua-o-arco-de-trump\/#primaryimage"},"thumbnailUrl":"https:\/\/portaltela.pt\/s.01k8rhncp4jt1\/2026\/04\/img_1500x1000uu2026-04-28-23-45-06-2281729.jpg","keywords":["arquitetura","Donald Trump","escultura","financiamento","mem\u00f3ria p\u00fablica","pol\u00edtica"],"articleSection":["Internacionais"],"inLanguage":"pt-PT"},{"@type":"WebPage","@id":"https:\/\/portaltela.pt\/noticias\/2026\/04\/28\/a-obra-polemica-que-agita-os-eua-o-arco-de-trump\/","url":"https:\/\/portaltela.pt\/noticias\/2026\/04\/28\/a-obra-polemica-que-agita-os-eua-o-arco-de-trump\/","name":"A obra pol\u00e9mica que agita os EUA: o arco de Trump - Portal Tela Portugal","isPartOf":{"@id":"https:\/\/portaltela.pt\/#website"},"primaryImageOfPage":{"@id":"https:\/\/portaltela.pt\/noticias\/2026\/04\/28\/a-obra-polemica-que-agita-os-eua-o-arco-de-trump\/#primaryimage"},"image":{"@id":"https:\/\/portaltela.pt\/noticias\/2026\/04\/28\/a-obra-polemica-que-agita-os-eua-o-arco-de-trump\/#primaryimage"},"thumbnailUrl":"https:\/\/portaltela.pt\/s.01k8rhncp4jt1\/2026\/04\/img_1500x1000uu2026-04-28-23-45-06-2281729.jpg","datePublished":"2026-04-29T00:33:48+00:00","author":{"@id":"https:\/\/portaltela.pt\/#\/schema\/person\/c4278d4a6028830caff9ee44b42d32ed"},"breadcrumb":{"@id":"https:\/\/portaltela.pt\/noticias\/2026\/04\/28\/a-obra-polemica-que-agita-os-eua-o-arco-de-trump\/#breadcrumb"},"inLanguage":"pt-PT","potentialAction":[{"@type":"ReadAction","target":["https:\/\/portaltela.pt\/noticias\/2026\/04\/28\/a-obra-polemica-que-agita-os-eua-o-arco-de-trump\/"]}]},{"@type":"ImageObject","inLanguage":"pt-PT","@id":"https:\/\/portaltela.pt\/noticias\/2026\/04\/28\/a-obra-polemica-que-agita-os-eua-o-arco-de-trump\/#primaryimage","url":"https:\/\/portaltela.pt\/s.01k8rhncp4jt1\/2026\/04\/img_1500x1000uu2026-04-28-23-45-06-2281729.jpg","contentUrl":"https:\/\/portaltela.pt\/s.01k8rhncp4jt1\/2026\/04\/img_1500x1000uu2026-04-28-23-45-06-2281729.jpg","width":1500,"height":1000,"caption":"A obra pol\u00e9mica que agita os EUA: O arco de Trump"},{"@type":"BreadcrumbList","@id":"https:\/\/portaltela.pt\/noticias\/2026\/04\/28\/a-obra-polemica-que-agita-os-eua-o-arco-de-trump\/#breadcrumb","itemListElement":[{"@type":"ListItem","position":1,"name":"In\u00edcio","item":"https:\/\/portaltela.pt\/"},{"@type":"ListItem","position":2,"name":"A obra pol\u00e9mica que agita os EUA: o arco de Trump"}]},{"@type":"WebSite","@id":"https:\/\/portaltela.pt\/#website","url":"https:\/\/portaltela.pt\/","name":"Portal Tela Portugal","description":"","potentialAction":[{"@type":"SearchAction","target":{"@type":"EntryPoint","urlTemplate":"https:\/\/portaltela.pt\/?s={search_term_string}"},"query-input":{"@type":"PropertyValueSpecification","valueRequired":true,"valueName":"search_term_string"}}],"inLanguage":"pt-PT"},{"@type":"Person","@id":"https:\/\/portaltela.pt\/#\/schema\/person\/c4278d4a6028830caff9ee44b42d32ed","name":"Telinha","image":{"@type":"ImageObject","inLanguage":"pt-PT","@id":"https:\/\/portaltela.pt\/s.01k8rhncp4jt1\/2025\/11\/talking-bot-125x125.png","url":"https:\/\/portaltela.pt\/s.01k8rhncp4jt1\/2025\/11\/talking-bot-125x125.png","contentUrl":"https:\/\/portaltela.pt\/s.01k8rhncp4jt1\/2025\/11\/talking-bot-125x125.png","caption":"Telinha"},"sameAs":["https:\/\/portaltela.pt\/"],"url":"https:\/\/portaltela.pt\/por\/367410592786\/"}]}},"_links":{"self":[{"href":"https:\/\/portaltela.pt\/api\/wp\/v2\/posts\/460663","targetHints":{"allow":["GET"]}}],"collection":[{"href":"https:\/\/portaltela.pt\/api\/wp\/v2\/posts"}],"about":[{"href":"https:\/\/portaltela.pt\/api\/wp\/v2\/types\/post"}],"author":[{"embeddable":true,"href":"https:\/\/portaltela.pt\/api\/wp\/v2\/users\/2"}],"replies":[{"embeddable":true,"href":"https:\/\/portaltela.pt\/api\/wp\/v2\/comments?post=460663"}],"version-history":[{"count":0,"href":"https:\/\/portaltela.pt\/api\/wp\/v2\/posts\/460663\/revisions"}],"wp:featuredmedia":[{"embeddable":true,"href":"https:\/\/portaltela.pt\/api\/wp\/v2\/media\/460666"}],"wp:attachment":[{"href":"https:\/\/portaltela.pt\/api\/wp\/v2\/media?parent=460663"}],"wp:term":[{"taxonomy":"category","embeddable":true,"href":"https:\/\/portaltela.pt\/api\/wp\/v2\/categories?post=460663"},{"taxonomy":"post_tag","embeddable":true,"href":"https:\/\/portaltela.pt\/api\/wp\/v2\/tags?post=460663"}],"curies":[{"name":"wp","href":"https:\/\/api.w.org\/{rel}","templated":true}]}}