{"id":460648,"date":"2026-04-28T21:33:33","date_gmt":"2026-04-29T00:33:33","guid":{"rendered":"https:\/\/portaltela.pt\/noticias\/2026\/04\/28\/inem-passa-a-contar-com-cinco-helicopteros\/"},"modified":"2026-04-28T21:33:33","modified_gmt":"2026-04-29T00:33:33","slug":"inem-passa-a-contar-com-cinco-helicopteros","status":"publish","type":"post","link":"https:\/\/portaltela.pt\/saude\/2026\/04\/28\/inem-passa-a-contar-com-cinco-helicopteros\/","title":{"rendered":"INEM passa a contar com cinco helic\u00f3pteros"},"content":{"rendered":"<p>O INEM passa a dispor de cinco helic\u00f3pteros de emerg\u00eancia m\u00e9dica, com a entrada de uma aeronave adicional em regime de reserva. O novo helic\u00f3ptero refor\u00e7a a capacidade de resposta sem interromper o servi\u00e7o das quatro aeronaves j\u00e1 ao servi\u00e7o, atribu\u00eddas a Loul\u00e9, \u00c9vora, Viseu e Macedo de Cavaleiros.<\/p>\n<p>A aeronave extra, um Airbus H145, foi adquirida pela Gulf Med, empresa com base em Malta que gere o transporte a\u00e9reo de emerg\u00eancia para o INEM. O investimento total aproxima os 50 milh\u00f5es de euros para os cinco aparelhos, sendo o quinto apenas para reserva operacional.<\/p>\n<p>Segundo a Gulf Med, o quinto helic\u00f3ptero passa a assegurar a continuidade do atendimento durante per\u00edodos de manuten\u00e7\u00e3o programada ou substitui\u00e7\u00e3o por quest\u00f5es t\u00e9cnicas. A parceria com o INEM est\u00e1 em vigor at\u00e9 meados de 2030.<\/p>\n<p>At\u00e9 ao final de mar\u00e7o, a frota da Gulf Med realizou 691 miss\u00f5es, totalizando 1062 horas de voo e o transporte de 451 doentes. A disponibilidade operacional manteve-se elevada, perto de 99%, aponta a empresa.<\/p>\n","protected":false},"excerpt":{"rendered":"<ul>\n<li>O INEM passa a contar com cinco helic\u00f3pteros de emerg\u00eancia m\u00e9dica, com aeronaves baseadas em Loul\u00e9, \u00c9vora, Viseu e Macedo de Cavaleiros, mantendo a disponibilidade perto de 99 por cento.<\/li>\n<li>O quinto helic\u00f3ptero, fornecido pela Gulf Med, funciona como reserva para assegurar a continuidade operacional durante per\u00edodos de manuten\u00e7\u00e3o ou substitui\u00e7\u00e3o por quest\u00f5es t\u00e9cnicas.<\/li>\n<li>A Gulf Med, empresa de Malta que gere os helic\u00f3pteros, adquiriu um quinto Airbus H145 por 10 milh\u00f5es de euros; o conjunto dos cinco aparelhos representa cerca de 50 milh\u00f5es de euros de investimento.<\/li>\n<li>At\u00e9 ao final de mar\u00e7o, as helic\u00f3pteros da Gulf Med tinham realizado 691 miss\u00f5es, totalizando 1062 horas de voo e 451 doentes transportados.<\/li>\n<li>O contrato entre a Gulf Med e o INEM est\u00e1 vigente at\u00e9 meados de 2030.<\/li>\n<\/ul>\n","protected":false},"author":2,"featured_media":460654,"comment_status":"closed","ping_status":"closed","sticky":false,"template":"","format":"standard","meta":{"footnotes":""},"categories":[7371,6745],"tags":[7891,8552,8601,8077,8600,8492],"class_list":["post-460648","post","type-post","status-publish","format-standard","has-post-thumbnail","hentry","category-medicina","category-saude","tag-_aeronautica","tag-_avioes","tag-_emergencia-pre-hospitalar","tag-_evora","tag-_inem","tag-_loule"],"yoast_head":"<!-- This site is optimized with the Yoast SEO plugin v27.2 - https:\/\/yoast.com\/product\/yoast-seo-wordpress\/ -->\n<title>INEM passa a contar com cinco helic\u00f3pteros - Portal Tela Portugal<\/title>\n<meta name=\"robots\" content=\"index, follow, max-snippet:-1, max-image-preview:large, max-video-preview:-1\" \/>\n<meta property=\"og:locale\" content=\"pt_PT\" \/>\n<meta property=\"og:type\" content=\"article\" \/>\n<meta property=\"og:title\" content=\"INEM passa a contar com cinco helic\u00f3pteros - Portal Tela Portugal\" \/>\n<meta property=\"og:description\" content=\"O INEM passa a contar com cinco helic\u00f3pteros de emerg\u00eancia m\u00e9dica, com aeronaves baseadas em Loul\u00e9, \u00c9vora, Viseu e Macedo de Cavaleiros, mantendo a disponibilidade perto de 99 por cento. O quinto helic\u00f3ptero, fornecido pela Gulf Med, funciona como reserva para assegurar a continuidade operacional durante per\u00edodos de manuten\u00e7\u00e3o ou substitui\u00e7\u00e3o por quest\u00f5es t\u00e9cnicas. A Gulf Med, empresa de Malta que gere os helic\u00f3pteros, adquiriu um quinto Airbus H145 por 10 milh\u00f5es de euros; o conjunto dos cinco aparelhos representa cerca de 50 milh\u00f5es de euros de investimento. At\u00e9 ao final de mar\u00e7o, as helic\u00f3pteros da Gulf Med tinham realizado 691 miss\u00f5es, totalizando 1062 horas de voo e 451 doentes transportados. O contrato entre a Gulf Med e o INEM est\u00e1 vigente at\u00e9 meados de 2030.\" \/>\n<meta property=\"og:url\" content=\"https:\/\/portaltela.pt\/noticias\/2026\/04\/28\/inem-passa-a-contar-com-cinco-helicopteros\/\" \/>\n<meta property=\"og:site_name\" content=\"Portal Tela Portugal\" \/>\n<meta property=\"article:published_time\" content=\"2026-04-29T00:33:33+00:00\" \/>\n<meta name=\"author\" content=\"Telinha\" \/>\n<meta name=\"twitter:card\" content=\"summary_large_image\" \/>\n<meta name=\"twitter:label1\" content=\"Escrito por\" \/>\n\t<meta name=\"twitter:data1\" content=\"Telinha\" \/>\n\t<meta name=\"twitter:label2\" content=\"Tempo estimado de leitura\" \/>\n\t<meta name=\"twitter:data2\" content=\"1 minuto\" \/>\n<script type=\"application\/ld+json\" class=\"yoast-schema-graph\">{\"@context\":\"https:\/\/schema.org\",\"@graph\":[{\"@type\":\"Article\",\"@id\":\"https:\/\/portaltela.pt\/noticias\/2026\/04\/28\/inem-passa-a-contar-com-cinco-helicopteros\/#article\",\"isPartOf\":{\"@id\":\"https:\/\/portaltela.pt\/noticias\/2026\/04\/28\/inem-passa-a-contar-com-cinco-helicopteros\/\"},\"author\":{\"name\":\"Telinha\",\"@id\":\"https:\/\/portaltela.pt\/#\/schema\/person\/c4278d4a6028830caff9ee44b42d32ed\"},\"headline\":\"INEM passa a contar com cinco helic\u00f3pteros\",\"datePublished\":\"2026-04-29T00:33:33+00:00\",\"mainEntityOfPage\":{\"@id\":\"https:\/\/portaltela.pt\/noticias\/2026\/04\/28\/inem-passa-a-contar-com-cinco-helicopteros\/\"},\"wordCount\":187,\"image\":{\"@id\":\"https:\/\/portaltela.pt\/noticias\/2026\/04\/28\/inem-passa-a-contar-com-cinco-helicopteros\/#primaryimage\"},\"thumbnailUrl\":\"https:\/\/portaltela.pt\/s.01k8rhncp4jt1\/2026\/04\/img_1280x721uu2025-07-10-19-20-54-2221720.jpg\",\"keywords\":[\"_aeron\u00e1utica\",\"_avi\u00f5es\",\"_emerg\u00eancia pr\u00e9-hospitalar\",\"_\u00c9vora\",\"_INEM\",\"_Loul\u00e9\"],\"articleSection\":[\"Medicina\",\"Sa\u00fade\"],\"inLanguage\":\"pt-PT\"},{\"@type\":\"WebPage\",\"@id\":\"https:\/\/portaltela.pt\/noticias\/2026\/04\/28\/inem-passa-a-contar-com-cinco-helicopteros\/\",\"url\":\"https:\/\/portaltela.pt\/noticias\/2026\/04\/28\/inem-passa-a-contar-com-cinco-helicopteros\/\",\"name\":\"INEM passa a contar com cinco helic\u00f3pteros - Portal Tela Portugal\",\"isPartOf\":{\"@id\":\"https:\/\/portaltela.pt\/#website\"},\"primaryImageOfPage\":{\"@id\":\"https:\/\/portaltela.pt\/noticias\/2026\/04\/28\/inem-passa-a-contar-com-cinco-helicopteros\/#primaryimage\"},\"image\":{\"@id\":\"https:\/\/portaltela.pt\/noticias\/2026\/04\/28\/inem-passa-a-contar-com-cinco-helicopteros\/#primaryimage\"},\"thumbnailUrl\":\"https:\/\/portaltela.pt\/s.01k8rhncp4jt1\/2026\/04\/img_1280x721uu2025-07-10-19-20-54-2221720.jpg\",\"datePublished\":\"2026-04-29T00:33:33+00:00\",\"author\":{\"@id\":\"https:\/\/portaltela.pt\/#\/schema\/person\/c4278d4a6028830caff9ee44b42d32ed\"},\"breadcrumb\":{\"@id\":\"https:\/\/portaltela.pt\/noticias\/2026\/04\/28\/inem-passa-a-contar-com-cinco-helicopteros\/#breadcrumb\"},\"inLanguage\":\"pt-PT\",\"potentialAction\":[{\"@type\":\"ReadAction\",\"target\":[\"https:\/\/portaltela.pt\/noticias\/2026\/04\/28\/inem-passa-a-contar-com-cinco-helicopteros\/\"]}]},{\"@type\":\"ImageObject\",\"inLanguage\":\"pt-PT\",\"@id\":\"https:\/\/portaltela.pt\/noticias\/2026\/04\/28\/inem-passa-a-contar-com-cinco-helicopteros\/#primaryimage\",\"url\":\"https:\/\/portaltela.pt\/s.01k8rhncp4jt1\/2026\/04\/img_1280x721uu2025-07-10-19-20-54-2221720.jpg\",\"contentUrl\":\"https:\/\/portaltela.pt\/s.01k8rhncp4jt1\/2026\/04\/img_1280x721uu2025-07-10-19-20-54-2221720.jpg\",\"width\":796,\"height\":448,\"caption\":\"Helic\u00f3ptero de emerg\u00eancia m\u00e9dica do INEM\"},{\"@type\":\"BreadcrumbList\",\"@id\":\"https:\/\/portaltela.pt\/noticias\/2026\/04\/28\/inem-passa-a-contar-com-cinco-helicopteros\/#breadcrumb\",\"itemListElement\":[{\"@type\":\"ListItem\",\"position\":1,\"name\":\"In\u00edcio\",\"item\":\"https:\/\/portaltela.pt\/\"},{\"@type\":\"ListItem\",\"position\":2,\"name\":\"INEM passa a contar com cinco helic\u00f3pteros\"}]},{\"@type\":\"WebSite\",\"@id\":\"https:\/\/portaltela.pt\/#website\",\"url\":\"https:\/\/portaltela.pt\/\",\"name\":\"Portal Tela Portugal\",\"description\":\"\",\"potentialAction\":[{\"@type\":\"SearchAction\",\"target\":{\"@type\":\"EntryPoint\",\"urlTemplate\":\"https:\/\/portaltela.pt\/?s={search_term_string}\"},\"query-input\":{\"@type\":\"PropertyValueSpecification\",\"valueRequired\":true,\"valueName\":\"search_term_string\"}}],\"inLanguage\":\"pt-PT\"},{\"@type\":\"Person\",\"@id\":\"https:\/\/portaltela.pt\/#\/schema\/person\/c4278d4a6028830caff9ee44b42d32ed\",\"name\":\"Telinha\",\"image\":{\"@type\":\"ImageObject\",\"inLanguage\":\"pt-PT\",\"@id\":\"https:\/\/portaltela.pt\/s.01k8rhncp4jt1\/2025\/11\/talking-bot-125x125.png\",\"url\":\"https:\/\/portaltela.pt\/s.01k8rhncp4jt1\/2025\/11\/talking-bot-125x125.png\",\"contentUrl\":\"https:\/\/portaltela.pt\/s.01k8rhncp4jt1\/2025\/11\/talking-bot-125x125.png\",\"caption\":\"Telinha\"},\"sameAs\":[\"https:\/\/portaltela.pt\/\"],\"url\":\"https:\/\/portaltela.pt\/por\/367410592786\/\"}]}<\/script>\n<!-- \/ Yoast SEO plugin. -->","yoast_head_json":{"title":"INEM passa a contar com cinco helic\u00f3pteros - Portal Tela Portugal","robots":{"index":"index","follow":"follow","max-snippet":"max-snippet:-1","max-image-preview":"max-image-preview:large","max-video-preview":"max-video-preview:-1"},"og_locale":"pt_PT","og_type":"article","og_title":"INEM passa a contar com cinco helic\u00f3pteros - Portal Tela Portugal","og_description":"O INEM passa a contar com cinco helic\u00f3pteros de emerg\u00eancia m\u00e9dica, com aeronaves baseadas em Loul\u00e9, \u00c9vora, Viseu e Macedo de Cavaleiros, mantendo a disponibilidade perto de 99 por cento. O quinto helic\u00f3ptero, fornecido pela Gulf Med, funciona como reserva para assegurar a continuidade operacional durante per\u00edodos de manuten\u00e7\u00e3o ou substitui\u00e7\u00e3o por quest\u00f5es t\u00e9cnicas. A Gulf Med, empresa de Malta que gere os helic\u00f3pteros, adquiriu um quinto Airbus H145 por 10 milh\u00f5es de euros; o conjunto dos cinco aparelhos representa cerca de 50 milh\u00f5es de euros de investimento. At\u00e9 ao final de mar\u00e7o, as helic\u00f3pteros da Gulf Med tinham realizado 691 miss\u00f5es, totalizando 1062 horas de voo e 451 doentes transportados. O contrato entre a Gulf Med e o INEM est\u00e1 vigente at\u00e9 meados de 2030.","og_url":"https:\/\/portaltela.pt\/noticias\/2026\/04\/28\/inem-passa-a-contar-com-cinco-helicopteros\/","og_site_name":"Portal Tela Portugal","article_published_time":"2026-04-29T00:33:33+00:00","author":"Telinha","twitter_card":"summary_large_image","twitter_misc":{"Escrito por":"Telinha","Tempo estimado de leitura":"1 minuto"},"schema":{"@context":"https:\/\/schema.org","@graph":[{"@type":"Article","@id":"https:\/\/portaltela.pt\/noticias\/2026\/04\/28\/inem-passa-a-contar-com-cinco-helicopteros\/#article","isPartOf":{"@id":"https:\/\/portaltela.pt\/noticias\/2026\/04\/28\/inem-passa-a-contar-com-cinco-helicopteros\/"},"author":{"name":"Telinha","@id":"https:\/\/portaltela.pt\/#\/schema\/person\/c4278d4a6028830caff9ee44b42d32ed"},"headline":"INEM passa a contar com cinco helic\u00f3pteros","datePublished":"2026-04-29T00:33:33+00:00","mainEntityOfPage":{"@id":"https:\/\/portaltela.pt\/noticias\/2026\/04\/28\/inem-passa-a-contar-com-cinco-helicopteros\/"},"wordCount":187,"image":{"@id":"https:\/\/portaltela.pt\/noticias\/2026\/04\/28\/inem-passa-a-contar-com-cinco-helicopteros\/#primaryimage"},"thumbnailUrl":"https:\/\/portaltela.pt\/s.01k8rhncp4jt1\/2026\/04\/img_1280x721uu2025-07-10-19-20-54-2221720.jpg","keywords":["_aeron\u00e1utica","_avi\u00f5es","_emerg\u00eancia pr\u00e9-hospitalar","_\u00c9vora","_INEM","_Loul\u00e9"],"articleSection":["Medicina","Sa\u00fade"],"inLanguage":"pt-PT"},{"@type":"WebPage","@id":"https:\/\/portaltela.pt\/noticias\/2026\/04\/28\/inem-passa-a-contar-com-cinco-helicopteros\/","url":"https:\/\/portaltela.pt\/noticias\/2026\/04\/28\/inem-passa-a-contar-com-cinco-helicopteros\/","name":"INEM passa a contar com cinco helic\u00f3pteros - Portal Tela Portugal","isPartOf":{"@id":"https:\/\/portaltela.pt\/#website"},"primaryImageOfPage":{"@id":"https:\/\/portaltela.pt\/noticias\/2026\/04\/28\/inem-passa-a-contar-com-cinco-helicopteros\/#primaryimage"},"image":{"@id":"https:\/\/portaltela.pt\/noticias\/2026\/04\/28\/inem-passa-a-contar-com-cinco-helicopteros\/#primaryimage"},"thumbnailUrl":"https:\/\/portaltela.pt\/s.01k8rhncp4jt1\/2026\/04\/img_1280x721uu2025-07-10-19-20-54-2221720.jpg","datePublished":"2026-04-29T00:33:33+00:00","author":{"@id":"https:\/\/portaltela.pt\/#\/schema\/person\/c4278d4a6028830caff9ee44b42d32ed"},"breadcrumb":{"@id":"https:\/\/portaltela.pt\/noticias\/2026\/04\/28\/inem-passa-a-contar-com-cinco-helicopteros\/#breadcrumb"},"inLanguage":"pt-PT","potentialAction":[{"@type":"ReadAction","target":["https:\/\/portaltela.pt\/noticias\/2026\/04\/28\/inem-passa-a-contar-com-cinco-helicopteros\/"]}]},{"@type":"ImageObject","inLanguage":"pt-PT","@id":"https:\/\/portaltela.pt\/noticias\/2026\/04\/28\/inem-passa-a-contar-com-cinco-helicopteros\/#primaryimage","url":"https:\/\/portaltela.pt\/s.01k8rhncp4jt1\/2026\/04\/img_1280x721uu2025-07-10-19-20-54-2221720.jpg","contentUrl":"https:\/\/portaltela.pt\/s.01k8rhncp4jt1\/2026\/04\/img_1280x721uu2025-07-10-19-20-54-2221720.jpg","width":796,"height":448,"caption":"Helic\u00f3ptero de emerg\u00eancia m\u00e9dica do INEM"},{"@type":"BreadcrumbList","@id":"https:\/\/portaltela.pt\/noticias\/2026\/04\/28\/inem-passa-a-contar-com-cinco-helicopteros\/#breadcrumb","itemListElement":[{"@type":"ListItem","position":1,"name":"In\u00edcio","item":"https:\/\/portaltela.pt\/"},{"@type":"ListItem","position":2,"name":"INEM passa a contar com cinco helic\u00f3pteros"}]},{"@type":"WebSite","@id":"https:\/\/portaltela.pt\/#website","url":"https:\/\/portaltela.pt\/","name":"Portal Tela Portugal","description":"","potentialAction":[{"@type":"SearchAction","target":{"@type":"EntryPoint","urlTemplate":"https:\/\/portaltela.pt\/?s={search_term_string}"},"query-input":{"@type":"PropertyValueSpecification","valueRequired":true,"valueName":"search_term_string"}}],"inLanguage":"pt-PT"},{"@type":"Person","@id":"https:\/\/portaltela.pt\/#\/schema\/person\/c4278d4a6028830caff9ee44b42d32ed","name":"Telinha","image":{"@type":"ImageObject","inLanguage":"pt-PT","@id":"https:\/\/portaltela.pt\/s.01k8rhncp4jt1\/2025\/11\/talking-bot-125x125.png","url":"https:\/\/portaltela.pt\/s.01k8rhncp4jt1\/2025\/11\/talking-bot-125x125.png","contentUrl":"https:\/\/portaltela.pt\/s.01k8rhncp4jt1\/2025\/11\/talking-bot-125x125.png","caption":"Telinha"},"sameAs":["https:\/\/portaltela.pt\/"],"url":"https:\/\/portaltela.pt\/por\/367410592786\/"}]}},"_links":{"self":[{"href":"https:\/\/portaltela.pt\/api\/wp\/v2\/posts\/460648","targetHints":{"allow":["GET"]}}],"collection":[{"href":"https:\/\/portaltela.pt\/api\/wp\/v2\/posts"}],"about":[{"href":"https:\/\/portaltela.pt\/api\/wp\/v2\/types\/post"}],"author":[{"embeddable":true,"href":"https:\/\/portaltela.pt\/api\/wp\/v2\/users\/2"}],"replies":[{"embeddable":true,"href":"https:\/\/portaltela.pt\/api\/wp\/v2\/comments?post=460648"}],"version-history":[{"count":0,"href":"https:\/\/portaltela.pt\/api\/wp\/v2\/posts\/460648\/revisions"}],"wp:featuredmedia":[{"embeddable":true,"href":"https:\/\/portaltela.pt\/api\/wp\/v2\/media\/460654"}],"wp:attachment":[{"href":"https:\/\/portaltela.pt\/api\/wp\/v2\/media?parent=460648"}],"wp:term":[{"taxonomy":"category","embeddable":true,"href":"https:\/\/portaltela.pt\/api\/wp\/v2\/categories?post=460648"},{"taxonomy":"post_tag","embeddable":true,"href":"https:\/\/portaltela.pt\/api\/wp\/v2\/tags?post=460648"}],"curies":[{"name":"wp","href":"https:\/\/api.w.org\/{rel}","templated":true}]}}