{"id":460632,"date":"2026-04-28T21:03:35","date_gmt":"2026-04-29T00:03:35","guid":{"rendered":"https:\/\/portaltela.pt\/noticias\/2026\/04\/28\/trump-vai-figurar-em-passaportes-dos-eua-por-250-o-aniversario-da-independencia\/"},"modified":"2026-04-28T21:03:35","modified_gmt":"2026-04-29T00:03:35","slug":"trump-vai-figurar-em-passaportes-dos-eua-por-250-o-aniversario-da-independencia","status":"publish","type":"post","link":"https:\/\/portaltela.pt\/noticias\/internacional\/2026\/04\/28\/trump-vai-figurar-em-passaportes-dos-eua-por-250-o-aniversario-da-independencia\/","title":{"rendered":"Trump vai figurar em passaportes dos EUA por 250.\u00ba anivers\u00e1rio da Independ\u00eancia"},"content":{"rendered":"<p>O Departamento de Estado dos EUA anunciou que o presidente Donald Trump vai figurar em novos passaportes para celebrar o 250.\u00ba anivers\u00e1rio da Declara\u00e7\u00e3o de Independ\u00eancia, em julho. O design especial ser\u00e1 emitido num n\u00famero limitado de exemplares.<\/p>\n<p>Segundo o porta-voz Tommy Pigott, a imagem interior mostra Trump acompanhado da assinatura em dourado, juntamente com uma foto dos Pais Fundadores na assinatura de 4 de julho de 1776. At\u00e9 ao momento, nenhum presidente em exerc\u00edcio tinha sido inclu\u00eddo num passaporte.<\/p>\n<p>Os passaportes com a imagem de Trump ser\u00e3o emitidos apenas em Washington e estar\u00e3o dispon\u00edveis at\u00e9 esgotarem o stock, indicou um funcion\u00e1rio do Departamento de Estado \u00e0 AFP, sob anonimato. Trump completa 80 anos em junho, sendo o presidente mais velho a exercer o cargo.<\/p>\n<h3>Design e emiss\u00e3o<\/h3>\n<p>A homenagem faz parte de uma s\u00e9rie de iniciativas associadas ao 250.\u00ba anivers\u00e1rio da independ\u00eancia, incluindo eventos como uma corrida de IndyCar nas ruas de Washington e combates de luta profissional na Casa Branca.<\/p>\n<h3>Eventos e homenagens<\/h3>\n<p>Paralelamente, o Kennedy Center dever\u00e1 ser renomeado, passando a designa\u00e7\u00e3o Trump Kennedy Center, conforme decis\u00e3o anunciada pelos respons\u00e1veis da institui\u00e7\u00e3o. Tamb\u00e9m circulam planos para uma moeda comemorativa de um d\u00f3lar com a imagem de Trump, embora a lei impe\u00e7a a inclus\u00e3o de imagens de presidentes em fun\u00e7\u00f5es nas notas.<\/p>\n<p>A Casa Branca indicou ainda que o monumento que est\u00e1 a ser preparado para a cidade, com o objetivo de marcar as celebra\u00e7\u00f5es, receber\u00e1 o nome Arco do Triunfo dos EUA e ter\u00e1 cerca de 76 metros de altura. A ideia foi mencionada pela secret\u00e1ria de imprensa, Karoline Leavitt, durante uma confer\u00eancia de imprensa.<\/p>\n","protected":false},"excerpt":{"rendered":"<ul>\n<li>O Departamento de Estado anunciou que o presidente Donald Trump vai figurar em passaportes norte-americanos emitidos para assinalar o 250.\u00ba anivers\u00e1rio da Declara\u00e7\u00e3o de Independ\u00eancia, em julho.<\/li>\n<li>Os passaportes com o design especial ser\u00e3o emitidos em n\u00famero limitado e estar\u00e3o dispon\u00edveis apenas em Washington, deixando de existir quando o stock acabar.<\/li>\n<li>O design inclui uma foto interior de Trump com assinatura dourada e uma imagem dos Pais Fundadores reunidos no dia da Declara\u00e7\u00e3o, a 4 de julho de 1776.<\/li>\n<li>At\u00e9 hoje, nenhum presidente em exerc\u00edcio figurou num passaporte.<\/li>\n<li>O 250.\u00ba anivers\u00e1rio inclui eventos pouco comuns, como uma corrida de Indycar pelas ruas de Washington e combates de luta livre na Casa Branca.<\/li>\n<\/ul>\n","protected":false},"author":2,"featured_media":460633,"comment_status":"closed","ping_status":"closed","sticky":false,"template":"","format":"standard","meta":{"footnotes":""},"categories":[4,7127],"tags":[4953,1600,2832,7439,30,7739],"class_list":["post-460632","post","type-post","status-publish","format-standard","has-post-thumbnail","hentry","category-internacional","category-politica-internacional","tag-donald-trump","tag-estados-unidos","tag-politica","tag-politica-externa","tag-presidente","tag-presidentes"],"yoast_head":"<!-- This site is optimized with the Yoast SEO plugin v27.2 - https:\/\/yoast.com\/product\/yoast-seo-wordpress\/ -->\n<title>Trump vai figurar em passaportes dos EUA por 250.\u00ba anivers\u00e1rio da Independ\u00eancia - Portal Tela Portugal<\/title>\n<meta name=\"robots\" content=\"index, follow, max-snippet:-1, max-image-preview:large, max-video-preview:-1\" \/>\n<meta property=\"og:locale\" content=\"pt_PT\" \/>\n<meta property=\"og:type\" content=\"article\" \/>\n<meta property=\"og:title\" content=\"Trump vai figurar em passaportes dos EUA por 250.\u00ba anivers\u00e1rio da Independ\u00eancia - Portal Tela Portugal\" \/>\n<meta property=\"og:description\" content=\"O Departamento de Estado anunciou que o presidente Donald Trump vai figurar em passaportes norte-americanos emitidos para assinalar o 250.\u00ba anivers\u00e1rio da Declara\u00e7\u00e3o de Independ\u00eancia, em julho. Os passaportes com o design especial ser\u00e3o emitidos em n\u00famero limitado e estar\u00e3o dispon\u00edveis apenas em Washington, deixando de existir quando o stock acabar. O design inclui uma foto interior de Trump com assinatura dourada e uma imagem dos Pais Fundadores reunidos no dia da Declara\u00e7\u00e3o, a 4 de julho de 1776. At\u00e9 hoje, nenhum presidente em exerc\u00edcio figurou num passaporte. O 250.\u00ba anivers\u00e1rio inclui eventos pouco comuns, como uma corrida de Indycar pelas ruas de Washington e combates de luta livre na Casa Branca.\" \/>\n<meta property=\"og:url\" content=\"https:\/\/portaltela.pt\/noticias\/2026\/04\/28\/trump-vai-figurar-em-passaportes-dos-eua-por-250-o-aniversario-da-independencia\/\" \/>\n<meta property=\"og:site_name\" content=\"Portal Tela Portugal\" \/>\n<meta property=\"article:published_time\" content=\"2026-04-29T00:03:35+00:00\" \/>\n<meta name=\"author\" content=\"Telinha\" \/>\n<meta name=\"twitter:card\" content=\"summary_large_image\" \/>\n<meta name=\"twitter:label1\" content=\"Escrito por\" \/>\n\t<meta name=\"twitter:data1\" content=\"Telinha\" \/>\n\t<meta name=\"twitter:label2\" content=\"Tempo estimado de leitura\" \/>\n\t<meta name=\"twitter:data2\" content=\"1 minuto\" \/>\n<script type=\"application\/ld+json\" class=\"yoast-schema-graph\">{\"@context\":\"https:\/\/schema.org\",\"@graph\":[{\"@type\":\"Article\",\"@id\":\"https:\/\/portaltela.pt\/noticias\/2026\/04\/28\/trump-vai-figurar-em-passaportes-dos-eua-por-250-o-aniversario-da-independencia\/#article\",\"isPartOf\":{\"@id\":\"https:\/\/portaltela.pt\/noticias\/2026\/04\/28\/trump-vai-figurar-em-passaportes-dos-eua-por-250-o-aniversario-da-independencia\/\"},\"author\":{\"name\":\"Telinha\",\"@id\":\"https:\/\/portaltela.pt\/#\/schema\/person\/c4278d4a6028830caff9ee44b42d32ed\"},\"headline\":\"Trump vai figurar em passaportes dos EUA por 250.\u00ba anivers\u00e1rio da Independ\u00eancia\",\"datePublished\":\"2026-04-29T00:03:35+00:00\",\"mainEntityOfPage\":{\"@id\":\"https:\/\/portaltela.pt\/noticias\/2026\/04\/28\/trump-vai-figurar-em-passaportes-dos-eua-por-250-o-aniversario-da-independencia\/\"},\"wordCount\":300,\"image\":{\"@id\":\"https:\/\/portaltela.pt\/noticias\/2026\/04\/28\/trump-vai-figurar-em-passaportes-dos-eua-por-250-o-aniversario-da-independencia\/#primaryimage\"},\"thumbnailUrl\":\"https:\/\/portaltela.pt\/s.01k8rhncp4jt1\/2026\/04\/image-1632.jpg\",\"keywords\":[\"Donald Trump\",\"Estados Unidos\",\"pol\u00edtica\",\"pol\u00edtica externa\",\"presidente\",\"presidentes\"],\"articleSection\":[\"Internacional\",\"Pol\u00edtica Internacional\"],\"inLanguage\":\"pt-PT\"},{\"@type\":\"WebPage\",\"@id\":\"https:\/\/portaltela.pt\/noticias\/2026\/04\/28\/trump-vai-figurar-em-passaportes-dos-eua-por-250-o-aniversario-da-independencia\/\",\"url\":\"https:\/\/portaltela.pt\/noticias\/2026\/04\/28\/trump-vai-figurar-em-passaportes-dos-eua-por-250-o-aniversario-da-independencia\/\",\"name\":\"Trump vai figurar em passaportes dos EUA por 250.\u00ba anivers\u00e1rio da Independ\u00eancia - Portal Tela Portugal\",\"isPartOf\":{\"@id\":\"https:\/\/portaltela.pt\/#website\"},\"primaryImageOfPage\":{\"@id\":\"https:\/\/portaltela.pt\/noticias\/2026\/04\/28\/trump-vai-figurar-em-passaportes-dos-eua-por-250-o-aniversario-da-independencia\/#primaryimage\"},\"image\":{\"@id\":\"https:\/\/portaltela.pt\/noticias\/2026\/04\/28\/trump-vai-figurar-em-passaportes-dos-eua-por-250-o-aniversario-da-independencia\/#primaryimage\"},\"thumbnailUrl\":\"https:\/\/portaltela.pt\/s.01k8rhncp4jt1\/2026\/04\/image-1632.jpg\",\"datePublished\":\"2026-04-29T00:03:35+00:00\",\"author\":{\"@id\":\"https:\/\/portaltela.pt\/#\/schema\/person\/c4278d4a6028830caff9ee44b42d32ed\"},\"breadcrumb\":{\"@id\":\"https:\/\/portaltela.pt\/noticias\/2026\/04\/28\/trump-vai-figurar-em-passaportes-dos-eua-por-250-o-aniversario-da-independencia\/#breadcrumb\"},\"inLanguage\":\"pt-PT\",\"potentialAction\":[{\"@type\":\"ReadAction\",\"target\":[\"https:\/\/portaltela.pt\/noticias\/2026\/04\/28\/trump-vai-figurar-em-passaportes-dos-eua-por-250-o-aniversario-da-independencia\/\"]}]},{\"@type\":\"ImageObject\",\"inLanguage\":\"pt-PT\",\"@id\":\"https:\/\/portaltela.pt\/noticias\/2026\/04\/28\/trump-vai-figurar-em-passaportes-dos-eua-por-250-o-aniversario-da-independencia\/#primaryimage\",\"url\":\"https:\/\/portaltela.pt\/s.01k8rhncp4jt1\/2026\/04\/image-1632.jpg\",\"contentUrl\":\"https:\/\/portaltela.pt\/s.01k8rhncp4jt1\/2026\/04\/image-1632.jpg\",\"width\":796,\"height\":448,\"caption\":\"At\u00e9 hoje, nenhum presidente norte-americano em exerc\u00edcio figurou num passaporte\"},{\"@type\":\"BreadcrumbList\",\"@id\":\"https:\/\/portaltela.pt\/noticias\/2026\/04\/28\/trump-vai-figurar-em-passaportes-dos-eua-por-250-o-aniversario-da-independencia\/#breadcrumb\",\"itemListElement\":[{\"@type\":\"ListItem\",\"position\":1,\"name\":\"In\u00edcio\",\"item\":\"https:\/\/portaltela.pt\/\"},{\"@type\":\"ListItem\",\"position\":2,\"name\":\"Trump vai figurar em passaportes dos EUA por 250.\u00ba anivers\u00e1rio da Independ\u00eancia\"}]},{\"@type\":\"WebSite\",\"@id\":\"https:\/\/portaltela.pt\/#website\",\"url\":\"https:\/\/portaltela.pt\/\",\"name\":\"Portal Tela Portugal\",\"description\":\"\",\"potentialAction\":[{\"@type\":\"SearchAction\",\"target\":{\"@type\":\"EntryPoint\",\"urlTemplate\":\"https:\/\/portaltela.pt\/?s={search_term_string}\"},\"query-input\":{\"@type\":\"PropertyValueSpecification\",\"valueRequired\":true,\"valueName\":\"search_term_string\"}}],\"inLanguage\":\"pt-PT\"},{\"@type\":\"Person\",\"@id\":\"https:\/\/portaltela.pt\/#\/schema\/person\/c4278d4a6028830caff9ee44b42d32ed\",\"name\":\"Telinha\",\"image\":{\"@type\":\"ImageObject\",\"inLanguage\":\"pt-PT\",\"@id\":\"https:\/\/portaltela.pt\/s.01k8rhncp4jt1\/2025\/11\/talking-bot-125x125.png\",\"url\":\"https:\/\/portaltela.pt\/s.01k8rhncp4jt1\/2025\/11\/talking-bot-125x125.png\",\"contentUrl\":\"https:\/\/portaltela.pt\/s.01k8rhncp4jt1\/2025\/11\/talking-bot-125x125.png\",\"caption\":\"Telinha\"},\"sameAs\":[\"https:\/\/portaltela.pt\/\"],\"url\":\"https:\/\/portaltela.pt\/por\/367410592786\/\"}]}<\/script>\n<!-- \/ Yoast SEO plugin. -->","yoast_head_json":{"title":"Trump vai figurar em passaportes dos EUA por 250.\u00ba anivers\u00e1rio da Independ\u00eancia - Portal Tela Portugal","robots":{"index":"index","follow":"follow","max-snippet":"max-snippet:-1","max-image-preview":"max-image-preview:large","max-video-preview":"max-video-preview:-1"},"og_locale":"pt_PT","og_type":"article","og_title":"Trump vai figurar em passaportes dos EUA por 250.\u00ba anivers\u00e1rio da Independ\u00eancia - Portal Tela Portugal","og_description":"O Departamento de Estado anunciou que o presidente Donald Trump vai figurar em passaportes norte-americanos emitidos para assinalar o 250.\u00ba anivers\u00e1rio da Declara\u00e7\u00e3o de Independ\u00eancia, em julho. Os passaportes com o design especial ser\u00e3o emitidos em n\u00famero limitado e estar\u00e3o dispon\u00edveis apenas em Washington, deixando de existir quando o stock acabar. O design inclui uma foto interior de Trump com assinatura dourada e uma imagem dos Pais Fundadores reunidos no dia da Declara\u00e7\u00e3o, a 4 de julho de 1776. At\u00e9 hoje, nenhum presidente em exerc\u00edcio figurou num passaporte. O 250.\u00ba anivers\u00e1rio inclui eventos pouco comuns, como uma corrida de Indycar pelas ruas de Washington e combates de luta livre na Casa Branca.","og_url":"https:\/\/portaltela.pt\/noticias\/2026\/04\/28\/trump-vai-figurar-em-passaportes-dos-eua-por-250-o-aniversario-da-independencia\/","og_site_name":"Portal Tela Portugal","article_published_time":"2026-04-29T00:03:35+00:00","author":"Telinha","twitter_card":"summary_large_image","twitter_misc":{"Escrito por":"Telinha","Tempo estimado de leitura":"1 minuto"},"schema":{"@context":"https:\/\/schema.org","@graph":[{"@type":"Article","@id":"https:\/\/portaltela.pt\/noticias\/2026\/04\/28\/trump-vai-figurar-em-passaportes-dos-eua-por-250-o-aniversario-da-independencia\/#article","isPartOf":{"@id":"https:\/\/portaltela.pt\/noticias\/2026\/04\/28\/trump-vai-figurar-em-passaportes-dos-eua-por-250-o-aniversario-da-independencia\/"},"author":{"name":"Telinha","@id":"https:\/\/portaltela.pt\/#\/schema\/person\/c4278d4a6028830caff9ee44b42d32ed"},"headline":"Trump vai figurar em passaportes dos EUA por 250.\u00ba anivers\u00e1rio da Independ\u00eancia","datePublished":"2026-04-29T00:03:35+00:00","mainEntityOfPage":{"@id":"https:\/\/portaltela.pt\/noticias\/2026\/04\/28\/trump-vai-figurar-em-passaportes-dos-eua-por-250-o-aniversario-da-independencia\/"},"wordCount":300,"image":{"@id":"https:\/\/portaltela.pt\/noticias\/2026\/04\/28\/trump-vai-figurar-em-passaportes-dos-eua-por-250-o-aniversario-da-independencia\/#primaryimage"},"thumbnailUrl":"https:\/\/portaltela.pt\/s.01k8rhncp4jt1\/2026\/04\/image-1632.jpg","keywords":["Donald Trump","Estados Unidos","pol\u00edtica","pol\u00edtica externa","presidente","presidentes"],"articleSection":["Internacional","Pol\u00edtica Internacional"],"inLanguage":"pt-PT"},{"@type":"WebPage","@id":"https:\/\/portaltela.pt\/noticias\/2026\/04\/28\/trump-vai-figurar-em-passaportes-dos-eua-por-250-o-aniversario-da-independencia\/","url":"https:\/\/portaltela.pt\/noticias\/2026\/04\/28\/trump-vai-figurar-em-passaportes-dos-eua-por-250-o-aniversario-da-independencia\/","name":"Trump vai figurar em passaportes dos EUA por 250.\u00ba anivers\u00e1rio da Independ\u00eancia - Portal Tela Portugal","isPartOf":{"@id":"https:\/\/portaltela.pt\/#website"},"primaryImageOfPage":{"@id":"https:\/\/portaltela.pt\/noticias\/2026\/04\/28\/trump-vai-figurar-em-passaportes-dos-eua-por-250-o-aniversario-da-independencia\/#primaryimage"},"image":{"@id":"https:\/\/portaltela.pt\/noticias\/2026\/04\/28\/trump-vai-figurar-em-passaportes-dos-eua-por-250-o-aniversario-da-independencia\/#primaryimage"},"thumbnailUrl":"https:\/\/portaltela.pt\/s.01k8rhncp4jt1\/2026\/04\/image-1632.jpg","datePublished":"2026-04-29T00:03:35+00:00","author":{"@id":"https:\/\/portaltela.pt\/#\/schema\/person\/c4278d4a6028830caff9ee44b42d32ed"},"breadcrumb":{"@id":"https:\/\/portaltela.pt\/noticias\/2026\/04\/28\/trump-vai-figurar-em-passaportes-dos-eua-por-250-o-aniversario-da-independencia\/#breadcrumb"},"inLanguage":"pt-PT","potentialAction":[{"@type":"ReadAction","target":["https:\/\/portaltela.pt\/noticias\/2026\/04\/28\/trump-vai-figurar-em-passaportes-dos-eua-por-250-o-aniversario-da-independencia\/"]}]},{"@type":"ImageObject","inLanguage":"pt-PT","@id":"https:\/\/portaltela.pt\/noticias\/2026\/04\/28\/trump-vai-figurar-em-passaportes-dos-eua-por-250-o-aniversario-da-independencia\/#primaryimage","url":"https:\/\/portaltela.pt\/s.01k8rhncp4jt1\/2026\/04\/image-1632.jpg","contentUrl":"https:\/\/portaltela.pt\/s.01k8rhncp4jt1\/2026\/04\/image-1632.jpg","width":796,"height":448,"caption":"At\u00e9 hoje, nenhum presidente norte-americano em exerc\u00edcio figurou num passaporte"},{"@type":"BreadcrumbList","@id":"https:\/\/portaltela.pt\/noticias\/2026\/04\/28\/trump-vai-figurar-em-passaportes-dos-eua-por-250-o-aniversario-da-independencia\/#breadcrumb","itemListElement":[{"@type":"ListItem","position":1,"name":"In\u00edcio","item":"https:\/\/portaltela.pt\/"},{"@type":"ListItem","position":2,"name":"Trump vai figurar em passaportes dos EUA por 250.\u00ba anivers\u00e1rio da Independ\u00eancia"}]},{"@type":"WebSite","@id":"https:\/\/portaltela.pt\/#website","url":"https:\/\/portaltela.pt\/","name":"Portal Tela Portugal","description":"","potentialAction":[{"@type":"SearchAction","target":{"@type":"EntryPoint","urlTemplate":"https:\/\/portaltela.pt\/?s={search_term_string}"},"query-input":{"@type":"PropertyValueSpecification","valueRequired":true,"valueName":"search_term_string"}}],"inLanguage":"pt-PT"},{"@type":"Person","@id":"https:\/\/portaltela.pt\/#\/schema\/person\/c4278d4a6028830caff9ee44b42d32ed","name":"Telinha","image":{"@type":"ImageObject","inLanguage":"pt-PT","@id":"https:\/\/portaltela.pt\/s.01k8rhncp4jt1\/2025\/11\/talking-bot-125x125.png","url":"https:\/\/portaltela.pt\/s.01k8rhncp4jt1\/2025\/11\/talking-bot-125x125.png","contentUrl":"https:\/\/portaltela.pt\/s.01k8rhncp4jt1\/2025\/11\/talking-bot-125x125.png","caption":"Telinha"},"sameAs":["https:\/\/portaltela.pt\/"],"url":"https:\/\/portaltela.pt\/por\/367410592786\/"}]}},"_links":{"self":[{"href":"https:\/\/portaltela.pt\/api\/wp\/v2\/posts\/460632","targetHints":{"allow":["GET"]}}],"collection":[{"href":"https:\/\/portaltela.pt\/api\/wp\/v2\/posts"}],"about":[{"href":"https:\/\/portaltela.pt\/api\/wp\/v2\/types\/post"}],"author":[{"embeddable":true,"href":"https:\/\/portaltela.pt\/api\/wp\/v2\/users\/2"}],"replies":[{"embeddable":true,"href":"https:\/\/portaltela.pt\/api\/wp\/v2\/comments?post=460632"}],"version-history":[{"count":0,"href":"https:\/\/portaltela.pt\/api\/wp\/v2\/posts\/460632\/revisions"}],"wp:featuredmedia":[{"embeddable":true,"href":"https:\/\/portaltela.pt\/api\/wp\/v2\/media\/460633"}],"wp:attachment":[{"href":"https:\/\/portaltela.pt\/api\/wp\/v2\/media?parent=460632"}],"wp:term":[{"taxonomy":"category","embeddable":true,"href":"https:\/\/portaltela.pt\/api\/wp\/v2\/categories?post=460632"},{"taxonomy":"post_tag","embeddable":true,"href":"https:\/\/portaltela.pt\/api\/wp\/v2\/tags?post=460632"}],"curies":[{"name":"wp","href":"https:\/\/api.w.org\/{rel}","templated":true}]}}