{"id":460627,"date":"2026-04-28T20:50:02","date_gmt":"2026-04-28T23:50:02","guid":{"rendered":"https:\/\/portaltela.pt\/noticias\/2026\/04\/28\/ex-diretor-do-fbi-acusado-de-ameacar-a-vida-de-donald-trump\/"},"modified":"2026-04-28T20:50:02","modified_gmt":"2026-04-28T23:50:02","slug":"ex-diretor-do-fbi-acusado-de-ameacar-a-vida-de-donald-trump","status":"publish","type":"post","link":"https:\/\/portaltela.pt\/justica\/2026\/04\/28\/ex-diretor-do-fbi-acusado-de-ameacar-a-vida-de-donald-trump\/","title":{"rendered":"Ex-diretor do FBI acusado de amea\u00e7ar a vida de Donald Trump"},"content":{"rendered":"<p>James Comey, ex-diretor do FBI, foi acusado formalmente de amea\u00e7ar a vida de Donald Trump e de proferir uma amea\u00e7a atrav\u00e9s das fronteiras estaduais. A acusa\u00e7\u00e3o foi apresentada no tribunal federal do Distrito Leste da Carolina do Norte, nesta ter\u00e7a-feira.<\/p>\n<p>As acusa\u00e7\u00f5es referem-se a uma publica\u00e7\u00e3o de maio passado no Instagram, durante f\u00e9rias na Carolina do Norte, que mostrava um arranjo de conchas na praia. Segundo a acusa\u00e7\u00e3o, os n\u00fameros 86 e 47 contidos na imagem foram interpretados como sinais de expuls\u00e3o e de apoio a Trump, respetivamente.<\/p>\n<p>Cada acusa\u00e7\u00e3o prev\u00ea uma pena m\u00e1xima de dez anos de pris\u00e3o, atribu\u00edda a quem cometer a amea\u00e7a. Comey retirou a publica\u00e7\u00e3o dias depois, afirmando n\u00e3o ter percebido a poss\u00edvel associa\u00e7\u00e3o com viol\u00eancia e que se opunha a qualquer forma de viol\u00eancia.<\/p>\n<h3>Acusa\u00e7\u00f5es formais<\/h3>\n<ul>\n<li>O Departamento de Justi\u00e7a avan\u00e7a com o caso, destacando que a natureza da amea\u00e7a se enquadra em crimes que atravessam fronteiras estaduais.<\/li>\n<li>Trump reagiu na altura, afirmando que a imagem continha uma amea\u00e7a de morte e que Comey deveria compreender o seu significado.<\/li>\n<\/ul>\n","protected":false},"excerpt":{"rendered":"<ul>\n<li>O ex-diretor do FBI, James Comey, foi acusado formalmente de amea\u00e7ar a vida de Donald Trump e de proferir uma amea\u00e7a atrav\u00e9s das fronteiras estaduais.<\/li>\n<li>As acusa\u00e7\u00f5es foram apresentadas no tribunal federal do Distrito Leste da Carolina do Norte.<\/li>\n<li>A acusa\u00e7\u00e3o est\u00e1 ligada a uma publica\u00e7\u00e3o no Instagram de maio de 2025, com um arranjo de conchas na praia, que alguns interpretaram como apelo \u00e0 viol\u00eancia.<\/li>\n<li>Comey apagou a publica\u00e7\u00e3o ap\u00f3s a controv\u00e9rsia; Trump afirmou que a imagem significava assassinato.<\/li>\n<li>Cada acusa\u00e7\u00e3o prev\u00ea uma pena m\u00e1xima de dez anos de pris\u00e3o; Comey sustenta a sua inoc\u00eancia e afirma n\u00e3o apoiar viol\u00eancia.<\/li>\n<\/ul>\n","protected":false},"author":2,"featured_media":460628,"comment_status":"closed","ping_status":"closed","sticky":false,"template":"","format":"standard","meta":{"footnotes":""},"categories":[6907,6815],"tags":[8147,4197,6484,4953,5212,4002],"class_list":["post-460627","post","type-post","status-publish","format-standard","has-post-thumbnail","hentry","category-crime","category-justica","tag-_ameaca","tag-acusacao-crime","tag-direito-penal","tag-donald-trump","tag-fbi","tag-fronteiras"],"yoast_head":"<!-- This site is optimized with the Yoast SEO plugin v27.2 - https:\/\/yoast.com\/product\/yoast-seo-wordpress\/ -->\n<title>Ex-diretor do FBI acusado de amea\u00e7ar a vida de Donald Trump - Portal Tela Portugal<\/title>\n<meta name=\"robots\" content=\"index, follow, max-snippet:-1, max-image-preview:large, max-video-preview:-1\" \/>\n<meta property=\"og:locale\" content=\"pt_PT\" \/>\n<meta property=\"og:type\" content=\"article\" \/>\n<meta property=\"og:title\" content=\"Ex-diretor do FBI acusado de amea\u00e7ar a vida de Donald Trump - Portal Tela Portugal\" \/>\n<meta property=\"og:description\" content=\"O ex-diretor do FBI, James Comey, foi acusado formalmente de amea\u00e7ar a vida de Donald Trump e de proferir uma amea\u00e7a atrav\u00e9s das fronteiras estaduais. As acusa\u00e7\u00f5es foram apresentadas no tribunal federal do Distrito Leste da Carolina do Norte. A acusa\u00e7\u00e3o est\u00e1 ligada a uma publica\u00e7\u00e3o no Instagram de maio de 2025, com um arranjo de conchas na praia, que alguns interpretaram como apelo \u00e0 viol\u00eancia. Comey apagou a publica\u00e7\u00e3o ap\u00f3s a controv\u00e9rsia; Trump afirmou que a imagem significava assassinato. Cada acusa\u00e7\u00e3o prev\u00ea uma pena m\u00e1xima de dez anos de pris\u00e3o; Comey sustenta a sua inoc\u00eancia e afirma n\u00e3o apoiar viol\u00eancia.\" \/>\n<meta property=\"og:url\" content=\"https:\/\/portaltela.pt\/noticias\/2026\/04\/28\/ex-diretor-do-fbi-acusado-de-ameacar-a-vida-de-donald-trump\/\" \/>\n<meta property=\"og:site_name\" content=\"Portal Tela Portugal\" \/>\n<meta property=\"article:published_time\" content=\"2026-04-28T23:50:02+00:00\" \/>\n<meta name=\"author\" content=\"Telinha\" \/>\n<meta name=\"twitter:card\" content=\"summary_large_image\" \/>\n<meta name=\"twitter:label1\" content=\"Escrito por\" \/>\n\t<meta name=\"twitter:data1\" content=\"Telinha\" \/>\n\t<meta name=\"twitter:label2\" content=\"Tempo estimado de leitura\" \/>\n\t<meta name=\"twitter:data2\" content=\"1 minuto\" \/>\n<script type=\"application\/ld+json\" class=\"yoast-schema-graph\">{\"@context\":\"https:\/\/schema.org\",\"@graph\":[{\"@type\":\"Article\",\"@id\":\"https:\/\/portaltela.pt\/noticias\/2026\/04\/28\/ex-diretor-do-fbi-acusado-de-ameacar-a-vida-de-donald-trump\/#article\",\"isPartOf\":{\"@id\":\"https:\/\/portaltela.pt\/noticias\/2026\/04\/28\/ex-diretor-do-fbi-acusado-de-ameacar-a-vida-de-donald-trump\/\"},\"author\":{\"name\":\"Telinha\",\"@id\":\"https:\/\/portaltela.pt\/#\/schema\/person\/c4278d4a6028830caff9ee44b42d32ed\"},\"headline\":\"Ex-diretor do FBI acusado de amea\u00e7ar a vida de Donald Trump\",\"datePublished\":\"2026-04-28T23:50:02+00:00\",\"mainEntityOfPage\":{\"@id\":\"https:\/\/portaltela.pt\/noticias\/2026\/04\/28\/ex-diretor-do-fbi-acusado-de-ameacar-a-vida-de-donald-trump\/\"},\"wordCount\":211,\"image\":{\"@id\":\"https:\/\/portaltela.pt\/noticias\/2026\/04\/28\/ex-diretor-do-fbi-acusado-de-ameacar-a-vida-de-donald-trump\/#primaryimage\"},\"thumbnailUrl\":\"https:\/\/portaltela.pt\/s.01k8rhncp4jt1\/2026\/04\/tpUHdbIMAGENStypeJPGshare1oBarraFacebook_Publico-38.jpg\",\"keywords\":[\"_amea\u00e7a\",\"acusa\u00e7\u00e3o-crime\",\"Direito Penal\",\"Donald Trump\",\"FBI\",\"fronteiras\"],\"articleSection\":[\"Crime\",\"Justi\u00e7a\"],\"inLanguage\":\"pt-PT\"},{\"@type\":\"WebPage\",\"@id\":\"https:\/\/portaltela.pt\/noticias\/2026\/04\/28\/ex-diretor-do-fbi-acusado-de-ameacar-a-vida-de-donald-trump\/\",\"url\":\"https:\/\/portaltela.pt\/noticias\/2026\/04\/28\/ex-diretor-do-fbi-acusado-de-ameacar-a-vida-de-donald-trump\/\",\"name\":\"Ex-diretor do FBI acusado de amea\u00e7ar a vida de Donald Trump - Portal Tela Portugal\",\"isPartOf\":{\"@id\":\"https:\/\/portaltela.pt\/#website\"},\"primaryImageOfPage\":{\"@id\":\"https:\/\/portaltela.pt\/noticias\/2026\/04\/28\/ex-diretor-do-fbi-acusado-de-ameacar-a-vida-de-donald-trump\/#primaryimage\"},\"image\":{\"@id\":\"https:\/\/portaltela.pt\/noticias\/2026\/04\/28\/ex-diretor-do-fbi-acusado-de-ameacar-a-vida-de-donald-trump\/#primaryimage\"},\"thumbnailUrl\":\"https:\/\/portaltela.pt\/s.01k8rhncp4jt1\/2026\/04\/tpUHdbIMAGENStypeJPGshare1oBarraFacebook_Publico-38.jpg\",\"datePublished\":\"2026-04-28T23:50:02+00:00\",\"author\":{\"@id\":\"https:\/\/portaltela.pt\/#\/schema\/person\/c4278d4a6028830caff9ee44b42d32ed\"},\"breadcrumb\":{\"@id\":\"https:\/\/portaltela.pt\/noticias\/2026\/04\/28\/ex-diretor-do-fbi-acusado-de-ameacar-a-vida-de-donald-trump\/#breadcrumb\"},\"inLanguage\":\"pt-PT\",\"potentialAction\":[{\"@type\":\"ReadAction\",\"target\":[\"https:\/\/portaltela.pt\/noticias\/2026\/04\/28\/ex-diretor-do-fbi-acusado-de-ameacar-a-vida-de-donald-trump\/\"]}]},{\"@type\":\"ImageObject\",\"inLanguage\":\"pt-PT\",\"@id\":\"https:\/\/portaltela.pt\/noticias\/2026\/04\/28\/ex-diretor-do-fbi-acusado-de-ameacar-a-vida-de-donald-trump\/#primaryimage\",\"url\":\"https:\/\/portaltela.pt\/s.01k8rhncp4jt1\/2026\/04\/tpUHdbIMAGENStypeJPGshare1oBarraFacebook_Publico-38.jpg\",\"contentUrl\":\"https:\/\/portaltela.pt\/s.01k8rhncp4jt1\/2026\/04\/tpUHdbIMAGENStypeJPGshare1oBarraFacebook_Publico-38.jpg\",\"width\":1200,\"height\":630,\"caption\":\"James Comey foi director do FBI entre 2013 e 2017\"},{\"@type\":\"BreadcrumbList\",\"@id\":\"https:\/\/portaltela.pt\/noticias\/2026\/04\/28\/ex-diretor-do-fbi-acusado-de-ameacar-a-vida-de-donald-trump\/#breadcrumb\",\"itemListElement\":[{\"@type\":\"ListItem\",\"position\":1,\"name\":\"In\u00edcio\",\"item\":\"https:\/\/portaltela.pt\/\"},{\"@type\":\"ListItem\",\"position\":2,\"name\":\"Ex-diretor do FBI acusado de amea\u00e7ar a vida de Donald Trump\"}]},{\"@type\":\"WebSite\",\"@id\":\"https:\/\/portaltela.pt\/#website\",\"url\":\"https:\/\/portaltela.pt\/\",\"name\":\"Portal Tela Portugal\",\"description\":\"\",\"potentialAction\":[{\"@type\":\"SearchAction\",\"target\":{\"@type\":\"EntryPoint\",\"urlTemplate\":\"https:\/\/portaltela.pt\/?s={search_term_string}\"},\"query-input\":{\"@type\":\"PropertyValueSpecification\",\"valueRequired\":true,\"valueName\":\"search_term_string\"}}],\"inLanguage\":\"pt-PT\"},{\"@type\":\"Person\",\"@id\":\"https:\/\/portaltela.pt\/#\/schema\/person\/c4278d4a6028830caff9ee44b42d32ed\",\"name\":\"Telinha\",\"image\":{\"@type\":\"ImageObject\",\"inLanguage\":\"pt-PT\",\"@id\":\"https:\/\/portaltela.pt\/s.01k8rhncp4jt1\/2025\/11\/talking-bot-125x125.png\",\"url\":\"https:\/\/portaltela.pt\/s.01k8rhncp4jt1\/2025\/11\/talking-bot-125x125.png\",\"contentUrl\":\"https:\/\/portaltela.pt\/s.01k8rhncp4jt1\/2025\/11\/talking-bot-125x125.png\",\"caption\":\"Telinha\"},\"sameAs\":[\"https:\/\/portaltela.pt\/\"],\"url\":\"https:\/\/portaltela.pt\/por\/367410592786\/\"}]}<\/script>\n<!-- \/ Yoast SEO plugin. -->","yoast_head_json":{"title":"Ex-diretor do FBI acusado de amea\u00e7ar a vida de Donald Trump - Portal Tela Portugal","robots":{"index":"index","follow":"follow","max-snippet":"max-snippet:-1","max-image-preview":"max-image-preview:large","max-video-preview":"max-video-preview:-1"},"og_locale":"pt_PT","og_type":"article","og_title":"Ex-diretor do FBI acusado de amea\u00e7ar a vida de Donald Trump - Portal Tela Portugal","og_description":"O ex-diretor do FBI, James Comey, foi acusado formalmente de amea\u00e7ar a vida de Donald Trump e de proferir uma amea\u00e7a atrav\u00e9s das fronteiras estaduais. As acusa\u00e7\u00f5es foram apresentadas no tribunal federal do Distrito Leste da Carolina do Norte. A acusa\u00e7\u00e3o est\u00e1 ligada a uma publica\u00e7\u00e3o no Instagram de maio de 2025, com um arranjo de conchas na praia, que alguns interpretaram como apelo \u00e0 viol\u00eancia. Comey apagou a publica\u00e7\u00e3o ap\u00f3s a controv\u00e9rsia; Trump afirmou que a imagem significava assassinato. Cada acusa\u00e7\u00e3o prev\u00ea uma pena m\u00e1xima de dez anos de pris\u00e3o; Comey sustenta a sua inoc\u00eancia e afirma n\u00e3o apoiar viol\u00eancia.","og_url":"https:\/\/portaltela.pt\/noticias\/2026\/04\/28\/ex-diretor-do-fbi-acusado-de-ameacar-a-vida-de-donald-trump\/","og_site_name":"Portal Tela Portugal","article_published_time":"2026-04-28T23:50:02+00:00","author":"Telinha","twitter_card":"summary_large_image","twitter_misc":{"Escrito por":"Telinha","Tempo estimado de leitura":"1 minuto"},"schema":{"@context":"https:\/\/schema.org","@graph":[{"@type":"Article","@id":"https:\/\/portaltela.pt\/noticias\/2026\/04\/28\/ex-diretor-do-fbi-acusado-de-ameacar-a-vida-de-donald-trump\/#article","isPartOf":{"@id":"https:\/\/portaltela.pt\/noticias\/2026\/04\/28\/ex-diretor-do-fbi-acusado-de-ameacar-a-vida-de-donald-trump\/"},"author":{"name":"Telinha","@id":"https:\/\/portaltela.pt\/#\/schema\/person\/c4278d4a6028830caff9ee44b42d32ed"},"headline":"Ex-diretor do FBI acusado de amea\u00e7ar a vida de Donald Trump","datePublished":"2026-04-28T23:50:02+00:00","mainEntityOfPage":{"@id":"https:\/\/portaltela.pt\/noticias\/2026\/04\/28\/ex-diretor-do-fbi-acusado-de-ameacar-a-vida-de-donald-trump\/"},"wordCount":211,"image":{"@id":"https:\/\/portaltela.pt\/noticias\/2026\/04\/28\/ex-diretor-do-fbi-acusado-de-ameacar-a-vida-de-donald-trump\/#primaryimage"},"thumbnailUrl":"https:\/\/portaltela.pt\/s.01k8rhncp4jt1\/2026\/04\/tpUHdbIMAGENStypeJPGshare1oBarraFacebook_Publico-38.jpg","keywords":["_amea\u00e7a","acusa\u00e7\u00e3o-crime","Direito Penal","Donald Trump","FBI","fronteiras"],"articleSection":["Crime","Justi\u00e7a"],"inLanguage":"pt-PT"},{"@type":"WebPage","@id":"https:\/\/portaltela.pt\/noticias\/2026\/04\/28\/ex-diretor-do-fbi-acusado-de-ameacar-a-vida-de-donald-trump\/","url":"https:\/\/portaltela.pt\/noticias\/2026\/04\/28\/ex-diretor-do-fbi-acusado-de-ameacar-a-vida-de-donald-trump\/","name":"Ex-diretor do FBI acusado de amea\u00e7ar a vida de Donald Trump - Portal Tela Portugal","isPartOf":{"@id":"https:\/\/portaltela.pt\/#website"},"primaryImageOfPage":{"@id":"https:\/\/portaltela.pt\/noticias\/2026\/04\/28\/ex-diretor-do-fbi-acusado-de-ameacar-a-vida-de-donald-trump\/#primaryimage"},"image":{"@id":"https:\/\/portaltela.pt\/noticias\/2026\/04\/28\/ex-diretor-do-fbi-acusado-de-ameacar-a-vida-de-donald-trump\/#primaryimage"},"thumbnailUrl":"https:\/\/portaltela.pt\/s.01k8rhncp4jt1\/2026\/04\/tpUHdbIMAGENStypeJPGshare1oBarraFacebook_Publico-38.jpg","datePublished":"2026-04-28T23:50:02+00:00","author":{"@id":"https:\/\/portaltela.pt\/#\/schema\/person\/c4278d4a6028830caff9ee44b42d32ed"},"breadcrumb":{"@id":"https:\/\/portaltela.pt\/noticias\/2026\/04\/28\/ex-diretor-do-fbi-acusado-de-ameacar-a-vida-de-donald-trump\/#breadcrumb"},"inLanguage":"pt-PT","potentialAction":[{"@type":"ReadAction","target":["https:\/\/portaltela.pt\/noticias\/2026\/04\/28\/ex-diretor-do-fbi-acusado-de-ameacar-a-vida-de-donald-trump\/"]}]},{"@type":"ImageObject","inLanguage":"pt-PT","@id":"https:\/\/portaltela.pt\/noticias\/2026\/04\/28\/ex-diretor-do-fbi-acusado-de-ameacar-a-vida-de-donald-trump\/#primaryimage","url":"https:\/\/portaltela.pt\/s.01k8rhncp4jt1\/2026\/04\/tpUHdbIMAGENStypeJPGshare1oBarraFacebook_Publico-38.jpg","contentUrl":"https:\/\/portaltela.pt\/s.01k8rhncp4jt1\/2026\/04\/tpUHdbIMAGENStypeJPGshare1oBarraFacebook_Publico-38.jpg","width":1200,"height":630,"caption":"James Comey foi director do FBI entre 2013 e 2017"},{"@type":"BreadcrumbList","@id":"https:\/\/portaltela.pt\/noticias\/2026\/04\/28\/ex-diretor-do-fbi-acusado-de-ameacar-a-vida-de-donald-trump\/#breadcrumb","itemListElement":[{"@type":"ListItem","position":1,"name":"In\u00edcio","item":"https:\/\/portaltela.pt\/"},{"@type":"ListItem","position":2,"name":"Ex-diretor do FBI acusado de amea\u00e7ar a vida de Donald Trump"}]},{"@type":"WebSite","@id":"https:\/\/portaltela.pt\/#website","url":"https:\/\/portaltela.pt\/","name":"Portal Tela Portugal","description":"","potentialAction":[{"@type":"SearchAction","target":{"@type":"EntryPoint","urlTemplate":"https:\/\/portaltela.pt\/?s={search_term_string}"},"query-input":{"@type":"PropertyValueSpecification","valueRequired":true,"valueName":"search_term_string"}}],"inLanguage":"pt-PT"},{"@type":"Person","@id":"https:\/\/portaltela.pt\/#\/schema\/person\/c4278d4a6028830caff9ee44b42d32ed","name":"Telinha","image":{"@type":"ImageObject","inLanguage":"pt-PT","@id":"https:\/\/portaltela.pt\/s.01k8rhncp4jt1\/2025\/11\/talking-bot-125x125.png","url":"https:\/\/portaltela.pt\/s.01k8rhncp4jt1\/2025\/11\/talking-bot-125x125.png","contentUrl":"https:\/\/portaltela.pt\/s.01k8rhncp4jt1\/2025\/11\/talking-bot-125x125.png","caption":"Telinha"},"sameAs":["https:\/\/portaltela.pt\/"],"url":"https:\/\/portaltela.pt\/por\/367410592786\/"}]}},"_links":{"self":[{"href":"https:\/\/portaltela.pt\/api\/wp\/v2\/posts\/460627","targetHints":{"allow":["GET"]}}],"collection":[{"href":"https:\/\/portaltela.pt\/api\/wp\/v2\/posts"}],"about":[{"href":"https:\/\/portaltela.pt\/api\/wp\/v2\/types\/post"}],"author":[{"embeddable":true,"href":"https:\/\/portaltela.pt\/api\/wp\/v2\/users\/2"}],"replies":[{"embeddable":true,"href":"https:\/\/portaltela.pt\/api\/wp\/v2\/comments?post=460627"}],"version-history":[{"count":0,"href":"https:\/\/portaltela.pt\/api\/wp\/v2\/posts\/460627\/revisions"}],"wp:featuredmedia":[{"embeddable":true,"href":"https:\/\/portaltela.pt\/api\/wp\/v2\/media\/460628"}],"wp:attachment":[{"href":"https:\/\/portaltela.pt\/api\/wp\/v2\/media?parent=460627"}],"wp:term":[{"taxonomy":"category","embeddable":true,"href":"https:\/\/portaltela.pt\/api\/wp\/v2\/categories?post=460627"},{"taxonomy":"post_tag","embeddable":true,"href":"https:\/\/portaltela.pt\/api\/wp\/v2\/tags?post=460627"}],"curies":[{"name":"wp","href":"https:\/\/api.w.org\/{rel}","templated":true}]}}