{"id":460618,"date":"2026-04-28T20:32:49","date_gmt":"2026-04-28T23:32:49","guid":{"rendered":"https:\/\/portaltela.pt\/noticias\/2026\/04\/28\/tempo-de-socrates-estudo-avalia-epoca-e-vida-do-filosofo\/"},"modified":"2026-04-28T20:32:49","modified_gmt":"2026-04-28T23:32:49","slug":"tempo-de-socrates-estudo-avalia-epoca-e-vida-do-filosofo","status":"publish","type":"post","link":"https:\/\/portaltela.pt\/noticias\/2026\/04\/28\/tempo-de-socrates-estudo-avalia-epoca-e-vida-do-filosofo\/","title":{"rendered":"Tempo de S\u00f3crates: estudo avalia \u00e9poca e vida do fil\u00f3sofo"},"content":{"rendered":"<p>O processo que envolve Jos\u00e9 S\u00f3crates avan\u00e7a com a dura\u00e7\u00e3o a moldar o ritmo das decis\u00f5es. Nesta fase, os crimes de corrup\u00e7\u00e3o ativa devem prescrever nesta semana, segundo a leitura inicial dos autos. A perce\u00e7\u00e3o p\u00fablica \u00e9 de que parte da acusa\u00e7\u00e3o pode n\u00e3o sobreviver ao julgamento.<\/p>\n<p>Em junho, a defesa aponta a prescri\u00e7\u00e3o de crimes de corrup\u00e7\u00e3o passiva, imputados ao antigo primeiro-ministro e a Armando Vara. A omiss\u00e3o de respostas r\u00e1pidas do sistema judicial tem alimentado o debate sobre o tempo como fator decisivo no desfecho do caso.<\/p>\n<h3>Desdobramentos no processo<\/h3>\n<p>O caso mant\u00e9m-se em investiga\u00e7\u00e3o e instru\u00e7\u00e3o, com a acusa\u00e7\u00e3o a sustentar alguns pontos, enquanto a defesa contesta prazos e fundamenta\u00e7\u00e3o. O peso do tempo no recorrente contencioso \u00e9 tema recorrente entre especialistas e institui\u00e7\u00f5es judici\u00e1rias.<\/p>\n<p>Entre cr\u00edticas ao andamento, persiste a incerteza sobre se haver\u00e1 condena\u00e7\u00e3o ou liberta\u00e7\u00e3o efetiva, diante do prolongamento do processo. A comunidade jur\u00eddica continua a acompanhar o evoluir dos prazos legais e das decis\u00f5es que poder\u00e3o emergir.<\/p>\n","protected":false},"excerpt":{"rendered":"<ul>\n<li>O processo de Jos\u00e9 S\u00f3crates aproxima-se da prescri\u00e7\u00e3o de crimes de corrup\u00e7\u00e3o ativa, que devem prescrever esta semana.<\/li>\n<li>Em junho dever\u00e3o prescrever crimes de corrup\u00e7\u00e3o passiva imputados ao antigo primeiro-ministro e a Armando Vara.<\/li>\n<li>A maior parte da acusa\u00e7\u00e3o pode n\u00e3o sobreviver \u00e0 fase de julgamento.<\/li>\n<li>S\u00f3crates tem utilizado o tempo como trunfo no confronto com a Justi\u00e7a.<\/li>\n<li>Mesmo com a possibilidade de condena\u00e7\u00e3o, o prolongamento do processo dificulta consequ\u00eancias efetivas, como o regresso \u00e0 pris\u00e3o.<\/li>\n<\/ul>\n","protected":false},"author":2,"featured_media":460620,"comment_status":"closed","ping_status":"closed","sticky":false,"template":"","format":"standard","meta":{"footnotes":""},"categories":[6815,1],"tags":[83,7402,7473,217,803,3667],"class_list":["post-460618","post","type-post","status-publish","format-standard","has-post-thumbnail","hentry","category-justica","category-noticias","tag-corrupcao","tag-corrupcao-ativa","tag-corrupcao-passiva","tag-investigacao-criminal","tag-justica","tag-processos"],"yoast_head":"<!-- This site is optimized with the Yoast SEO plugin v27.2 - https:\/\/yoast.com\/product\/yoast-seo-wordpress\/ -->\n<title>Tempo de S\u00f3crates: estudo avalia \u00e9poca e vida do fil\u00f3sofo - Portal Tela Portugal<\/title>\n<meta name=\"robots\" content=\"index, follow, max-snippet:-1, max-image-preview:large, max-video-preview:-1\" \/>\n<meta property=\"og:locale\" content=\"pt_PT\" \/>\n<meta property=\"og:type\" content=\"article\" \/>\n<meta property=\"og:title\" content=\"Tempo de S\u00f3crates: estudo avalia \u00e9poca e vida do fil\u00f3sofo - Portal Tela Portugal\" \/>\n<meta property=\"og:description\" content=\"O processo de Jos\u00e9 S\u00f3crates aproxima-se da prescri\u00e7\u00e3o de crimes de corrup\u00e7\u00e3o ativa, que devem prescrever esta semana. Em junho dever\u00e3o prescrever crimes de corrup\u00e7\u00e3o passiva imputados ao antigo primeiro-ministro e a Armando Vara. A maior parte da acusa\u00e7\u00e3o pode n\u00e3o sobreviver \u00e0 fase de julgamento. S\u00f3crates tem utilizado o tempo como trunfo no confronto com a Justi\u00e7a. Mesmo com a possibilidade de condena\u00e7\u00e3o, o prolongamento do processo dificulta consequ\u00eancias efetivas, como o regresso \u00e0 pris\u00e3o.\" \/>\n<meta property=\"og:url\" content=\"https:\/\/portaltela.pt\/noticias\/2026\/04\/28\/tempo-de-socrates-estudo-avalia-epoca-e-vida-do-filosofo\/\" \/>\n<meta property=\"og:site_name\" content=\"Portal Tela Portugal\" \/>\n<meta property=\"article:published_time\" content=\"2026-04-28T23:32:49+00:00\" \/>\n<meta name=\"author\" content=\"Telinha\" \/>\n<meta name=\"twitter:card\" content=\"summary_large_image\" \/>\n<meta name=\"twitter:label1\" content=\"Escrito por\" \/>\n\t<meta name=\"twitter:data1\" content=\"Telinha\" \/>\n\t<meta name=\"twitter:label2\" content=\"Tempo estimado de leitura\" \/>\n\t<meta name=\"twitter:data2\" content=\"1 minuto\" \/>\n<script type=\"application\/ld+json\" class=\"yoast-schema-graph\">{\"@context\":\"https:\/\/schema.org\",\"@graph\":[{\"@type\":\"Article\",\"@id\":\"https:\/\/portaltela.pt\/noticias\/2026\/04\/28\/tempo-de-socrates-estudo-avalia-epoca-e-vida-do-filosofo\/#article\",\"isPartOf\":{\"@id\":\"https:\/\/portaltela.pt\/noticias\/2026\/04\/28\/tempo-de-socrates-estudo-avalia-epoca-e-vida-do-filosofo\/\"},\"author\":{\"name\":\"Telinha\",\"@id\":\"https:\/\/portaltela.pt\/#\/schema\/person\/c4278d4a6028830caff9ee44b42d32ed\"},\"headline\":\"Tempo de S\u00f3crates: estudo avalia \u00e9poca e vida do fil\u00f3sofo\",\"datePublished\":\"2026-04-28T23:32:49+00:00\",\"mainEntityOfPage\":{\"@id\":\"https:\/\/portaltela.pt\/noticias\/2026\/04\/28\/tempo-de-socrates-estudo-avalia-epoca-e-vida-do-filosofo\/\"},\"wordCount\":200,\"image\":{\"@id\":\"https:\/\/portaltela.pt\/noticias\/2026\/04\/28\/tempo-de-socrates-estudo-avalia-epoca-e-vida-do-filosofo\/#primaryimage\"},\"thumbnailUrl\":\"https:\/\/portaltela.pt\/s.01k8rhncp4jt1\/2026\/04\/img_400x516uu2026-04-28-00-29-48-2281508.jpg\",\"keywords\":[\"corrup\u00e7\u00e3o\",\"corrup\u00e7\u00e3o ativa\",\"corrup\u00e7\u00e3o passiva\",\"investiga\u00e7\u00e3o criminal\",\"justi\u00e7a\",\"processos\"],\"articleSection\":[\"Justi\u00e7a\",\"Not\u00edcias\"],\"inLanguage\":\"pt-PT\"},{\"@type\":\"WebPage\",\"@id\":\"https:\/\/portaltela.pt\/noticias\/2026\/04\/28\/tempo-de-socrates-estudo-avalia-epoca-e-vida-do-filosofo\/\",\"url\":\"https:\/\/portaltela.pt\/noticias\/2026\/04\/28\/tempo-de-socrates-estudo-avalia-epoca-e-vida-do-filosofo\/\",\"name\":\"Tempo de S\u00f3crates: estudo avalia \u00e9poca e vida do fil\u00f3sofo - Portal Tela Portugal\",\"isPartOf\":{\"@id\":\"https:\/\/portaltela.pt\/#website\"},\"primaryImageOfPage\":{\"@id\":\"https:\/\/portaltela.pt\/noticias\/2026\/04\/28\/tempo-de-socrates-estudo-avalia-epoca-e-vida-do-filosofo\/#primaryimage\"},\"image\":{\"@id\":\"https:\/\/portaltela.pt\/noticias\/2026\/04\/28\/tempo-de-socrates-estudo-avalia-epoca-e-vida-do-filosofo\/#primaryimage\"},\"thumbnailUrl\":\"https:\/\/portaltela.pt\/s.01k8rhncp4jt1\/2026\/04\/img_400x516uu2026-04-28-00-29-48-2281508.jpg\",\"datePublished\":\"2026-04-28T23:32:49+00:00\",\"author\":{\"@id\":\"https:\/\/portaltela.pt\/#\/schema\/person\/c4278d4a6028830caff9ee44b42d32ed\"},\"breadcrumb\":{\"@id\":\"https:\/\/portaltela.pt\/noticias\/2026\/04\/28\/tempo-de-socrates-estudo-avalia-epoca-e-vida-do-filosofo\/#breadcrumb\"},\"inLanguage\":\"pt-PT\",\"potentialAction\":[{\"@type\":\"ReadAction\",\"target\":[\"https:\/\/portaltela.pt\/noticias\/2026\/04\/28\/tempo-de-socrates-estudo-avalia-epoca-e-vida-do-filosofo\/\"]}]},{\"@type\":\"ImageObject\",\"inLanguage\":\"pt-PT\",\"@id\":\"https:\/\/portaltela.pt\/noticias\/2026\/04\/28\/tempo-de-socrates-estudo-avalia-epoca-e-vida-do-filosofo\/#primaryimage\",\"url\":\"https:\/\/portaltela.pt\/s.01k8rhncp4jt1\/2026\/04\/img_400x516uu2026-04-28-00-29-48-2281508.jpg\",\"contentUrl\":\"https:\/\/portaltela.pt\/s.01k8rhncp4jt1\/2026\/04\/img_400x516uu2026-04-28-00-29-48-2281508.jpg\",\"width\":796,\"height\":448,\"caption\":\"Capa do jornal\"},{\"@type\":\"BreadcrumbList\",\"@id\":\"https:\/\/portaltela.pt\/noticias\/2026\/04\/28\/tempo-de-socrates-estudo-avalia-epoca-e-vida-do-filosofo\/#breadcrumb\",\"itemListElement\":[{\"@type\":\"ListItem\",\"position\":1,\"name\":\"In\u00edcio\",\"item\":\"https:\/\/portaltela.pt\/\"},{\"@type\":\"ListItem\",\"position\":2,\"name\":\"Tempo de S\u00f3crates: estudo avalia \u00e9poca e vida do fil\u00f3sofo\"}]},{\"@type\":\"WebSite\",\"@id\":\"https:\/\/portaltela.pt\/#website\",\"url\":\"https:\/\/portaltela.pt\/\",\"name\":\"Portal Tela Portugal\",\"description\":\"\",\"potentialAction\":[{\"@type\":\"SearchAction\",\"target\":{\"@type\":\"EntryPoint\",\"urlTemplate\":\"https:\/\/portaltela.pt\/?s={search_term_string}\"},\"query-input\":{\"@type\":\"PropertyValueSpecification\",\"valueRequired\":true,\"valueName\":\"search_term_string\"}}],\"inLanguage\":\"pt-PT\"},{\"@type\":\"Person\",\"@id\":\"https:\/\/portaltela.pt\/#\/schema\/person\/c4278d4a6028830caff9ee44b42d32ed\",\"name\":\"Telinha\",\"image\":{\"@type\":\"ImageObject\",\"inLanguage\":\"pt-PT\",\"@id\":\"https:\/\/portaltela.pt\/s.01k8rhncp4jt1\/2025\/11\/talking-bot-125x125.png\",\"url\":\"https:\/\/portaltela.pt\/s.01k8rhncp4jt1\/2025\/11\/talking-bot-125x125.png\",\"contentUrl\":\"https:\/\/portaltela.pt\/s.01k8rhncp4jt1\/2025\/11\/talking-bot-125x125.png\",\"caption\":\"Telinha\"},\"sameAs\":[\"https:\/\/portaltela.pt\/\"],\"url\":\"https:\/\/portaltela.pt\/por\/367410592786\/\"}]}<\/script>\n<!-- \/ Yoast SEO plugin. -->","yoast_head_json":{"title":"Tempo de S\u00f3crates: estudo avalia \u00e9poca e vida do fil\u00f3sofo - Portal Tela Portugal","robots":{"index":"index","follow":"follow","max-snippet":"max-snippet:-1","max-image-preview":"max-image-preview:large","max-video-preview":"max-video-preview:-1"},"og_locale":"pt_PT","og_type":"article","og_title":"Tempo de S\u00f3crates: estudo avalia \u00e9poca e vida do fil\u00f3sofo - Portal Tela Portugal","og_description":"O processo de Jos\u00e9 S\u00f3crates aproxima-se da prescri\u00e7\u00e3o de crimes de corrup\u00e7\u00e3o ativa, que devem prescrever esta semana. Em junho dever\u00e3o prescrever crimes de corrup\u00e7\u00e3o passiva imputados ao antigo primeiro-ministro e a Armando Vara. A maior parte da acusa\u00e7\u00e3o pode n\u00e3o sobreviver \u00e0 fase de julgamento. S\u00f3crates tem utilizado o tempo como trunfo no confronto com a Justi\u00e7a. Mesmo com a possibilidade de condena\u00e7\u00e3o, o prolongamento do processo dificulta consequ\u00eancias efetivas, como o regresso \u00e0 pris\u00e3o.","og_url":"https:\/\/portaltela.pt\/noticias\/2026\/04\/28\/tempo-de-socrates-estudo-avalia-epoca-e-vida-do-filosofo\/","og_site_name":"Portal Tela Portugal","article_published_time":"2026-04-28T23:32:49+00:00","author":"Telinha","twitter_card":"summary_large_image","twitter_misc":{"Escrito por":"Telinha","Tempo estimado de leitura":"1 minuto"},"schema":{"@context":"https:\/\/schema.org","@graph":[{"@type":"Article","@id":"https:\/\/portaltela.pt\/noticias\/2026\/04\/28\/tempo-de-socrates-estudo-avalia-epoca-e-vida-do-filosofo\/#article","isPartOf":{"@id":"https:\/\/portaltela.pt\/noticias\/2026\/04\/28\/tempo-de-socrates-estudo-avalia-epoca-e-vida-do-filosofo\/"},"author":{"name":"Telinha","@id":"https:\/\/portaltela.pt\/#\/schema\/person\/c4278d4a6028830caff9ee44b42d32ed"},"headline":"Tempo de S\u00f3crates: estudo avalia \u00e9poca e vida do fil\u00f3sofo","datePublished":"2026-04-28T23:32:49+00:00","mainEntityOfPage":{"@id":"https:\/\/portaltela.pt\/noticias\/2026\/04\/28\/tempo-de-socrates-estudo-avalia-epoca-e-vida-do-filosofo\/"},"wordCount":200,"image":{"@id":"https:\/\/portaltela.pt\/noticias\/2026\/04\/28\/tempo-de-socrates-estudo-avalia-epoca-e-vida-do-filosofo\/#primaryimage"},"thumbnailUrl":"https:\/\/portaltela.pt\/s.01k8rhncp4jt1\/2026\/04\/img_400x516uu2026-04-28-00-29-48-2281508.jpg","keywords":["corrup\u00e7\u00e3o","corrup\u00e7\u00e3o ativa","corrup\u00e7\u00e3o passiva","investiga\u00e7\u00e3o criminal","justi\u00e7a","processos"],"articleSection":["Justi\u00e7a","Not\u00edcias"],"inLanguage":"pt-PT"},{"@type":"WebPage","@id":"https:\/\/portaltela.pt\/noticias\/2026\/04\/28\/tempo-de-socrates-estudo-avalia-epoca-e-vida-do-filosofo\/","url":"https:\/\/portaltela.pt\/noticias\/2026\/04\/28\/tempo-de-socrates-estudo-avalia-epoca-e-vida-do-filosofo\/","name":"Tempo de S\u00f3crates: estudo avalia \u00e9poca e vida do fil\u00f3sofo - Portal Tela Portugal","isPartOf":{"@id":"https:\/\/portaltela.pt\/#website"},"primaryImageOfPage":{"@id":"https:\/\/portaltela.pt\/noticias\/2026\/04\/28\/tempo-de-socrates-estudo-avalia-epoca-e-vida-do-filosofo\/#primaryimage"},"image":{"@id":"https:\/\/portaltela.pt\/noticias\/2026\/04\/28\/tempo-de-socrates-estudo-avalia-epoca-e-vida-do-filosofo\/#primaryimage"},"thumbnailUrl":"https:\/\/portaltela.pt\/s.01k8rhncp4jt1\/2026\/04\/img_400x516uu2026-04-28-00-29-48-2281508.jpg","datePublished":"2026-04-28T23:32:49+00:00","author":{"@id":"https:\/\/portaltela.pt\/#\/schema\/person\/c4278d4a6028830caff9ee44b42d32ed"},"breadcrumb":{"@id":"https:\/\/portaltela.pt\/noticias\/2026\/04\/28\/tempo-de-socrates-estudo-avalia-epoca-e-vida-do-filosofo\/#breadcrumb"},"inLanguage":"pt-PT","potentialAction":[{"@type":"ReadAction","target":["https:\/\/portaltela.pt\/noticias\/2026\/04\/28\/tempo-de-socrates-estudo-avalia-epoca-e-vida-do-filosofo\/"]}]},{"@type":"ImageObject","inLanguage":"pt-PT","@id":"https:\/\/portaltela.pt\/noticias\/2026\/04\/28\/tempo-de-socrates-estudo-avalia-epoca-e-vida-do-filosofo\/#primaryimage","url":"https:\/\/portaltela.pt\/s.01k8rhncp4jt1\/2026\/04\/img_400x516uu2026-04-28-00-29-48-2281508.jpg","contentUrl":"https:\/\/portaltela.pt\/s.01k8rhncp4jt1\/2026\/04\/img_400x516uu2026-04-28-00-29-48-2281508.jpg","width":796,"height":448,"caption":"Capa do jornal"},{"@type":"BreadcrumbList","@id":"https:\/\/portaltela.pt\/noticias\/2026\/04\/28\/tempo-de-socrates-estudo-avalia-epoca-e-vida-do-filosofo\/#breadcrumb","itemListElement":[{"@type":"ListItem","position":1,"name":"In\u00edcio","item":"https:\/\/portaltela.pt\/"},{"@type":"ListItem","position":2,"name":"Tempo de S\u00f3crates: estudo avalia \u00e9poca e vida do fil\u00f3sofo"}]},{"@type":"WebSite","@id":"https:\/\/portaltela.pt\/#website","url":"https:\/\/portaltela.pt\/","name":"Portal Tela Portugal","description":"","potentialAction":[{"@type":"SearchAction","target":{"@type":"EntryPoint","urlTemplate":"https:\/\/portaltela.pt\/?s={search_term_string}"},"query-input":{"@type":"PropertyValueSpecification","valueRequired":true,"valueName":"search_term_string"}}],"inLanguage":"pt-PT"},{"@type":"Person","@id":"https:\/\/portaltela.pt\/#\/schema\/person\/c4278d4a6028830caff9ee44b42d32ed","name":"Telinha","image":{"@type":"ImageObject","inLanguage":"pt-PT","@id":"https:\/\/portaltela.pt\/s.01k8rhncp4jt1\/2025\/11\/talking-bot-125x125.png","url":"https:\/\/portaltela.pt\/s.01k8rhncp4jt1\/2025\/11\/talking-bot-125x125.png","contentUrl":"https:\/\/portaltela.pt\/s.01k8rhncp4jt1\/2025\/11\/talking-bot-125x125.png","caption":"Telinha"},"sameAs":["https:\/\/portaltela.pt\/"],"url":"https:\/\/portaltela.pt\/por\/367410592786\/"}]}},"_links":{"self":[{"href":"https:\/\/portaltela.pt\/api\/wp\/v2\/posts\/460618","targetHints":{"allow":["GET"]}}],"collection":[{"href":"https:\/\/portaltela.pt\/api\/wp\/v2\/posts"}],"about":[{"href":"https:\/\/portaltela.pt\/api\/wp\/v2\/types\/post"}],"author":[{"embeddable":true,"href":"https:\/\/portaltela.pt\/api\/wp\/v2\/users\/2"}],"replies":[{"embeddable":true,"href":"https:\/\/portaltela.pt\/api\/wp\/v2\/comments?post=460618"}],"version-history":[{"count":0,"href":"https:\/\/portaltela.pt\/api\/wp\/v2\/posts\/460618\/revisions"}],"wp:featuredmedia":[{"embeddable":true,"href":"https:\/\/portaltela.pt\/api\/wp\/v2\/media\/460620"}],"wp:attachment":[{"href":"https:\/\/portaltela.pt\/api\/wp\/v2\/media?parent=460618"}],"wp:term":[{"taxonomy":"category","embeddable":true,"href":"https:\/\/portaltela.pt\/api\/wp\/v2\/categories?post=460618"},{"taxonomy":"post_tag","embeddable":true,"href":"https:\/\/portaltela.pt\/api\/wp\/v2\/tags?post=460618"}],"curies":[{"name":"wp","href":"https:\/\/api.w.org\/{rel}","templated":true}]}}