{"id":460612,"date":"2026-04-28T20:18:31","date_gmt":"2026-04-28T23:18:31","guid":{"rendered":"https:\/\/portaltela.pt\/noticias\/2026\/04\/28\/ex-diretor-do-fbi-acusado-de-ameacar-trump-de-morte\/"},"modified":"2026-04-28T20:18:31","modified_gmt":"2026-04-28T23:18:31","slug":"ex-diretor-do-fbi-acusado-de-ameacar-trump-de-morte","status":"publish","type":"post","link":"https:\/\/portaltela.pt\/justica\/2026\/04\/28\/ex-diretor-do-fbi-acusado-de-ameacar-trump-de-morte\/","title":{"rendered":"Ex-diretor do FBI acusado de amea\u00e7ar Trump de morte"},"content":{"rendered":"<p>James Comey, ex-diretor do FBI, foi formalmente acusado de uma amea\u00e7a ao presidente Donald Trump, numa acusa\u00e7\u00e3o apresentada na ter\u00e7a-feira. A a\u00e7\u00e3o envolve uma imagem publicada no Instagram, em que conchas formavam os n\u00fameros 86 e 47. A divulga\u00e7\u00e3o ocorreu perto de um ano atr\u00e1s, mas a acusa\u00e7\u00e3o apenas agora foi formalizada.<\/p>\n<p>O procurador-geral interino Todd Blanche destacou que o governo n\u00e3o tolera condutas que possam representar amea\u00e7a a figuras p\u00fablicas, refor\u00e7ando a gravidade do caso. Comey foi indiciado pela pr\u00e1tica de um crime associada \u00e0 publica\u00e7\u00e3o da foto, que utiliza 86 como refer\u00eancia a uma suposta amea\u00e7a de morte e 47 como refer\u00eancia ao facto de Trump ser o 47\u00ba presidente dos EUA, segundo a imprensa.<\/p>\n<p>Este processo representa o segundo desafio criminal envolvendo Comey. Em setembro do ano passado, ele j\u00e1 tinha sido acusado de mentir ao Congresso sobre fugas de informa\u00e7\u00e3o para a imprensa, embora o caso tenha sido arquivado em novembro. Comey foi demitido por Trump em 2017, ap\u00f3s liderar a investiga\u00e7\u00e3o sobre a interfer\u00eancia russa nas elei\u00e7\u00f5es de 2016.<\/p>\n<p>A publica\u00e7\u00e3o no Instagram foi apagada pelo pr\u00f3prio Comey, que afirmou n\u00e3o ter conhecimento do significado dos n\u00fameros. Trump, por sua vez, reagiu, sugerindo que at\u00e9 uma crian\u00e7a entenderia o que significava a imagem. A investiga\u00e7\u00e3o e a acusa\u00e7\u00e3o surgem num contexto de tens\u00f5es pol\u00edticas entre o governo e opositores.<\/p>\n<p>O Departamento de Justi\u00e7a dos EUA tem estado atento a processos envolvendo opositores do regime do presidente republicano, com v\u00e1rios casos a serem avaliados pela Justi\u00e7a. No \u00e2mbito pol\u00edtico, foram registados outros movimentos que alimentam o debate sobre accountability e independ\u00eancia judicial.<\/p>\n<p>Caso seja condenado, James Comey pode enfrentar uma pena de at\u00e9 20 anos de pris\u00e3o, conforme a acusa\u00e7\u00e3o. O desfecho judicial ainda depende de etapas processuais futuras e de decis\u00f5es do sistema judici\u00e1rio norte-americano.<\/p>\n","protected":false},"excerpt":{"rendered":"<ul>\n<li>Ex-diretor do FBI, James Comey, foi formalmente acusado por amea\u00e7as ao presidente Donald Trump.<\/li>\n<li>A acusa\u00e7\u00e3o envolve uma imagem publicada no Instagram, com conchas marinhas formando os n\u00fameros &#8220;86 47&#8221;, que Comey apagou mais tarde.<\/li>\n<li>A den\u00fancia sustenta que a foto, que pode associar o n\u00famero 86 \u00e0 morte e o 47 ao facto de Trump ser o 47.\u00ba presidente, configura crime.<\/li>\n<li>Este \u00e9 o segundo processo criminal contra Comey; em 2020 j\u00e1 tinha sido acusado de mentir ao Congresso sobre fugas de informa\u00e7\u00e3o, caso que foi arquivado.<\/li>\n<li>Trump reagiu dizendo que \u201cat\u00e9 uma crian\u00e7a sabe o que isto significava\u201d; o Departamento de Justi\u00e7a tem estado atento a opositores pol\u00edticos.<\/li>\n<\/ul>\n","protected":false},"author":2,"featured_media":460614,"comment_status":"closed","ping_status":"closed","sticky":false,"template":"","format":"standard","meta":{"footnotes":""},"categories":[7374,6815],"tags":[8700,8147,8011,7986,8767,8770],"class_list":["post-460612","post","type-post","status-publish","format-standard","has-post-thumbnail","hentry","category-criminalidade","category-justica","tag-_acusacao","tag-_ameaca","tag-_direito","tag-_estados-unidos","tag-_investigacao","tag-_justica"],"yoast_head":"<!-- This site is optimized with the Yoast SEO plugin v27.2 - https:\/\/yoast.com\/product\/yoast-seo-wordpress\/ -->\n<title>Ex-diretor do FBI acusado de amea\u00e7ar Trump de morte - Portal Tela Portugal<\/title>\n<meta name=\"robots\" content=\"index, follow, max-snippet:-1, max-image-preview:large, max-video-preview:-1\" \/>\n<meta property=\"og:locale\" content=\"pt_PT\" \/>\n<meta property=\"og:type\" content=\"article\" \/>\n<meta property=\"og:title\" content=\"Ex-diretor do FBI acusado de amea\u00e7ar Trump de morte - Portal Tela Portugal\" \/>\n<meta property=\"og:description\" content=\"Ex-diretor do FBI, James Comey, foi formalmente acusado por amea\u00e7as ao presidente Donald Trump. A acusa\u00e7\u00e3o envolve uma imagem publicada no Instagram, com conchas marinhas formando os n\u00fameros &quot;86 47&quot;, que Comey apagou mais tarde. A den\u00fancia sustenta que a foto, que pode associar o n\u00famero 86 \u00e0 morte e o 47 ao facto de Trump ser o 47.\u00ba presidente, configura crime. Este \u00e9 o segundo processo criminal contra Comey; em 2020 j\u00e1 tinha sido acusado de mentir ao Congresso sobre fugas de informa\u00e7\u00e3o, caso que foi arquivado. Trump reagiu dizendo que \u201cat\u00e9 uma crian\u00e7a sabe o que isto significava\u201d; o Departamento de Justi\u00e7a tem estado atento a opositores pol\u00edticos.\" \/>\n<meta property=\"og:url\" content=\"https:\/\/portaltela.pt\/noticias\/2026\/04\/28\/ex-diretor-do-fbi-acusado-de-ameacar-trump-de-morte\/\" \/>\n<meta property=\"og:site_name\" content=\"Portal Tela Portugal\" \/>\n<meta property=\"article:published_time\" content=\"2026-04-28T23:18:31+00:00\" \/>\n<meta name=\"author\" content=\"Telinha\" \/>\n<meta name=\"twitter:card\" content=\"summary_large_image\" \/>\n<meta name=\"twitter:label1\" content=\"Escrito por\" \/>\n\t<meta name=\"twitter:data1\" content=\"Telinha\" \/>\n\t<meta name=\"twitter:label2\" content=\"Tempo estimado de leitura\" \/>\n\t<meta name=\"twitter:data2\" content=\"2 minutos\" \/>\n<script type=\"application\/ld+json\" class=\"yoast-schema-graph\">{\"@context\":\"https:\/\/schema.org\",\"@graph\":[{\"@type\":\"Article\",\"@id\":\"https:\/\/portaltela.pt\/noticias\/2026\/04\/28\/ex-diretor-do-fbi-acusado-de-ameacar-trump-de-morte\/#article\",\"isPartOf\":{\"@id\":\"https:\/\/portaltela.pt\/noticias\/2026\/04\/28\/ex-diretor-do-fbi-acusado-de-ameacar-trump-de-morte\/\"},\"author\":{\"name\":\"Telinha\",\"@id\":\"https:\/\/portaltela.pt\/#\/schema\/person\/c4278d4a6028830caff9ee44b42d32ed\"},\"headline\":\"Ex-diretor do FBI acusado de amea\u00e7ar Trump de morte\",\"datePublished\":\"2026-04-28T23:18:31+00:00\",\"mainEntityOfPage\":{\"@id\":\"https:\/\/portaltela.pt\/noticias\/2026\/04\/28\/ex-diretor-do-fbi-acusado-de-ameacar-trump-de-morte\/\"},\"wordCount\":341,\"image\":{\"@id\":\"https:\/\/portaltela.pt\/noticias\/2026\/04\/28\/ex-diretor-do-fbi-acusado-de-ameacar-trump-de-morte\/#primaryimage\"},\"thumbnailUrl\":\"https:\/\/portaltela.pt\/s.01k8rhncp4jt1\/2026\/04\/img_1500x1000uu2025-09-26-00-22-13-2237639.jpg\",\"keywords\":[\"_acusa\u00e7\u00e3o\",\"_amea\u00e7a\",\"_direito\",\"_Estados Unidos\",\"_investiga\u00e7\u00e3o\",\"_justi\u00e7a\"],\"articleSection\":[\"Criminalidade\",\"Justi\u00e7a\"],\"inLanguage\":\"pt-PT\"},{\"@type\":\"WebPage\",\"@id\":\"https:\/\/portaltela.pt\/noticias\/2026\/04\/28\/ex-diretor-do-fbi-acusado-de-ameacar-trump-de-morte\/\",\"url\":\"https:\/\/portaltela.pt\/noticias\/2026\/04\/28\/ex-diretor-do-fbi-acusado-de-ameacar-trump-de-morte\/\",\"name\":\"Ex-diretor do FBI acusado de amea\u00e7ar Trump de morte - Portal Tela Portugal\",\"isPartOf\":{\"@id\":\"https:\/\/portaltela.pt\/#website\"},\"primaryImageOfPage\":{\"@id\":\"https:\/\/portaltela.pt\/noticias\/2026\/04\/28\/ex-diretor-do-fbi-acusado-de-ameacar-trump-de-morte\/#primaryimage\"},\"image\":{\"@id\":\"https:\/\/portaltela.pt\/noticias\/2026\/04\/28\/ex-diretor-do-fbi-acusado-de-ameacar-trump-de-morte\/#primaryimage\"},\"thumbnailUrl\":\"https:\/\/portaltela.pt\/s.01k8rhncp4jt1\/2026\/04\/img_1500x1000uu2025-09-26-00-22-13-2237639.jpg\",\"datePublished\":\"2026-04-28T23:18:31+00:00\",\"author\":{\"@id\":\"https:\/\/portaltela.pt\/#\/schema\/person\/c4278d4a6028830caff9ee44b42d32ed\"},\"breadcrumb\":{\"@id\":\"https:\/\/portaltela.pt\/noticias\/2026\/04\/28\/ex-diretor-do-fbi-acusado-de-ameacar-trump-de-morte\/#breadcrumb\"},\"inLanguage\":\"pt-PT\",\"potentialAction\":[{\"@type\":\"ReadAction\",\"target\":[\"https:\/\/portaltela.pt\/noticias\/2026\/04\/28\/ex-diretor-do-fbi-acusado-de-ameacar-trump-de-morte\/\"]}]},{\"@type\":\"ImageObject\",\"inLanguage\":\"pt-PT\",\"@id\":\"https:\/\/portaltela.pt\/noticias\/2026\/04\/28\/ex-diretor-do-fbi-acusado-de-ameacar-trump-de-morte\/#primaryimage\",\"url\":\"https:\/\/portaltela.pt\/s.01k8rhncp4jt1\/2026\/04\/img_1500x1000uu2025-09-26-00-22-13-2237639.jpg\",\"contentUrl\":\"https:\/\/portaltela.pt\/s.01k8rhncp4jt1\/2026\/04\/img_1500x1000uu2025-09-26-00-22-13-2237639.jpg\",\"width\":796,\"height\":448,\"caption\":\"James Comey\"},{\"@type\":\"BreadcrumbList\",\"@id\":\"https:\/\/portaltela.pt\/noticias\/2026\/04\/28\/ex-diretor-do-fbi-acusado-de-ameacar-trump-de-morte\/#breadcrumb\",\"itemListElement\":[{\"@type\":\"ListItem\",\"position\":1,\"name\":\"In\u00edcio\",\"item\":\"https:\/\/portaltela.pt\/\"},{\"@type\":\"ListItem\",\"position\":2,\"name\":\"Ex-diretor do FBI acusado de amea\u00e7ar Trump de morte\"}]},{\"@type\":\"WebSite\",\"@id\":\"https:\/\/portaltela.pt\/#website\",\"url\":\"https:\/\/portaltela.pt\/\",\"name\":\"Portal Tela Portugal\",\"description\":\"\",\"potentialAction\":[{\"@type\":\"SearchAction\",\"target\":{\"@type\":\"EntryPoint\",\"urlTemplate\":\"https:\/\/portaltela.pt\/?s={search_term_string}\"},\"query-input\":{\"@type\":\"PropertyValueSpecification\",\"valueRequired\":true,\"valueName\":\"search_term_string\"}}],\"inLanguage\":\"pt-PT\"},{\"@type\":\"Person\",\"@id\":\"https:\/\/portaltela.pt\/#\/schema\/person\/c4278d4a6028830caff9ee44b42d32ed\",\"name\":\"Telinha\",\"image\":{\"@type\":\"ImageObject\",\"inLanguage\":\"pt-PT\",\"@id\":\"https:\/\/portaltela.pt\/s.01k8rhncp4jt1\/2025\/11\/talking-bot-125x125.png\",\"url\":\"https:\/\/portaltela.pt\/s.01k8rhncp4jt1\/2025\/11\/talking-bot-125x125.png\",\"contentUrl\":\"https:\/\/portaltela.pt\/s.01k8rhncp4jt1\/2025\/11\/talking-bot-125x125.png\",\"caption\":\"Telinha\"},\"sameAs\":[\"https:\/\/portaltela.pt\/\"],\"url\":\"https:\/\/portaltela.pt\/por\/367410592786\/\"}]}<\/script>\n<!-- \/ Yoast SEO plugin. -->","yoast_head_json":{"title":"Ex-diretor do FBI acusado de amea\u00e7ar Trump de morte - Portal Tela Portugal","robots":{"index":"index","follow":"follow","max-snippet":"max-snippet:-1","max-image-preview":"max-image-preview:large","max-video-preview":"max-video-preview:-1"},"og_locale":"pt_PT","og_type":"article","og_title":"Ex-diretor do FBI acusado de amea\u00e7ar Trump de morte - Portal Tela Portugal","og_description":"Ex-diretor do FBI, James Comey, foi formalmente acusado por amea\u00e7as ao presidente Donald Trump. A acusa\u00e7\u00e3o envolve uma imagem publicada no Instagram, com conchas marinhas formando os n\u00fameros \"86 47\", que Comey apagou mais tarde. A den\u00fancia sustenta que a foto, que pode associar o n\u00famero 86 \u00e0 morte e o 47 ao facto de Trump ser o 47.\u00ba presidente, configura crime. Este \u00e9 o segundo processo criminal contra Comey; em 2020 j\u00e1 tinha sido acusado de mentir ao Congresso sobre fugas de informa\u00e7\u00e3o, caso que foi arquivado. Trump reagiu dizendo que \u201cat\u00e9 uma crian\u00e7a sabe o que isto significava\u201d; o Departamento de Justi\u00e7a tem estado atento a opositores pol\u00edticos.","og_url":"https:\/\/portaltela.pt\/noticias\/2026\/04\/28\/ex-diretor-do-fbi-acusado-de-ameacar-trump-de-morte\/","og_site_name":"Portal Tela Portugal","article_published_time":"2026-04-28T23:18:31+00:00","author":"Telinha","twitter_card":"summary_large_image","twitter_misc":{"Escrito por":"Telinha","Tempo estimado de leitura":"2 minutos"},"schema":{"@context":"https:\/\/schema.org","@graph":[{"@type":"Article","@id":"https:\/\/portaltela.pt\/noticias\/2026\/04\/28\/ex-diretor-do-fbi-acusado-de-ameacar-trump-de-morte\/#article","isPartOf":{"@id":"https:\/\/portaltela.pt\/noticias\/2026\/04\/28\/ex-diretor-do-fbi-acusado-de-ameacar-trump-de-morte\/"},"author":{"name":"Telinha","@id":"https:\/\/portaltela.pt\/#\/schema\/person\/c4278d4a6028830caff9ee44b42d32ed"},"headline":"Ex-diretor do FBI acusado de amea\u00e7ar Trump de morte","datePublished":"2026-04-28T23:18:31+00:00","mainEntityOfPage":{"@id":"https:\/\/portaltela.pt\/noticias\/2026\/04\/28\/ex-diretor-do-fbi-acusado-de-ameacar-trump-de-morte\/"},"wordCount":341,"image":{"@id":"https:\/\/portaltela.pt\/noticias\/2026\/04\/28\/ex-diretor-do-fbi-acusado-de-ameacar-trump-de-morte\/#primaryimage"},"thumbnailUrl":"https:\/\/portaltela.pt\/s.01k8rhncp4jt1\/2026\/04\/img_1500x1000uu2025-09-26-00-22-13-2237639.jpg","keywords":["_acusa\u00e7\u00e3o","_amea\u00e7a","_direito","_Estados Unidos","_investiga\u00e7\u00e3o","_justi\u00e7a"],"articleSection":["Criminalidade","Justi\u00e7a"],"inLanguage":"pt-PT"},{"@type":"WebPage","@id":"https:\/\/portaltela.pt\/noticias\/2026\/04\/28\/ex-diretor-do-fbi-acusado-de-ameacar-trump-de-morte\/","url":"https:\/\/portaltela.pt\/noticias\/2026\/04\/28\/ex-diretor-do-fbi-acusado-de-ameacar-trump-de-morte\/","name":"Ex-diretor do FBI acusado de amea\u00e7ar Trump de morte - Portal Tela Portugal","isPartOf":{"@id":"https:\/\/portaltela.pt\/#website"},"primaryImageOfPage":{"@id":"https:\/\/portaltela.pt\/noticias\/2026\/04\/28\/ex-diretor-do-fbi-acusado-de-ameacar-trump-de-morte\/#primaryimage"},"image":{"@id":"https:\/\/portaltela.pt\/noticias\/2026\/04\/28\/ex-diretor-do-fbi-acusado-de-ameacar-trump-de-morte\/#primaryimage"},"thumbnailUrl":"https:\/\/portaltela.pt\/s.01k8rhncp4jt1\/2026\/04\/img_1500x1000uu2025-09-26-00-22-13-2237639.jpg","datePublished":"2026-04-28T23:18:31+00:00","author":{"@id":"https:\/\/portaltela.pt\/#\/schema\/person\/c4278d4a6028830caff9ee44b42d32ed"},"breadcrumb":{"@id":"https:\/\/portaltela.pt\/noticias\/2026\/04\/28\/ex-diretor-do-fbi-acusado-de-ameacar-trump-de-morte\/#breadcrumb"},"inLanguage":"pt-PT","potentialAction":[{"@type":"ReadAction","target":["https:\/\/portaltela.pt\/noticias\/2026\/04\/28\/ex-diretor-do-fbi-acusado-de-ameacar-trump-de-morte\/"]}]},{"@type":"ImageObject","inLanguage":"pt-PT","@id":"https:\/\/portaltela.pt\/noticias\/2026\/04\/28\/ex-diretor-do-fbi-acusado-de-ameacar-trump-de-morte\/#primaryimage","url":"https:\/\/portaltela.pt\/s.01k8rhncp4jt1\/2026\/04\/img_1500x1000uu2025-09-26-00-22-13-2237639.jpg","contentUrl":"https:\/\/portaltela.pt\/s.01k8rhncp4jt1\/2026\/04\/img_1500x1000uu2025-09-26-00-22-13-2237639.jpg","width":796,"height":448,"caption":"James Comey"},{"@type":"BreadcrumbList","@id":"https:\/\/portaltela.pt\/noticias\/2026\/04\/28\/ex-diretor-do-fbi-acusado-de-ameacar-trump-de-morte\/#breadcrumb","itemListElement":[{"@type":"ListItem","position":1,"name":"In\u00edcio","item":"https:\/\/portaltela.pt\/"},{"@type":"ListItem","position":2,"name":"Ex-diretor do FBI acusado de amea\u00e7ar Trump de morte"}]},{"@type":"WebSite","@id":"https:\/\/portaltela.pt\/#website","url":"https:\/\/portaltela.pt\/","name":"Portal Tela Portugal","description":"","potentialAction":[{"@type":"SearchAction","target":{"@type":"EntryPoint","urlTemplate":"https:\/\/portaltela.pt\/?s={search_term_string}"},"query-input":{"@type":"PropertyValueSpecification","valueRequired":true,"valueName":"search_term_string"}}],"inLanguage":"pt-PT"},{"@type":"Person","@id":"https:\/\/portaltela.pt\/#\/schema\/person\/c4278d4a6028830caff9ee44b42d32ed","name":"Telinha","image":{"@type":"ImageObject","inLanguage":"pt-PT","@id":"https:\/\/portaltela.pt\/s.01k8rhncp4jt1\/2025\/11\/talking-bot-125x125.png","url":"https:\/\/portaltela.pt\/s.01k8rhncp4jt1\/2025\/11\/talking-bot-125x125.png","contentUrl":"https:\/\/portaltela.pt\/s.01k8rhncp4jt1\/2025\/11\/talking-bot-125x125.png","caption":"Telinha"},"sameAs":["https:\/\/portaltela.pt\/"],"url":"https:\/\/portaltela.pt\/por\/367410592786\/"}]}},"_links":{"self":[{"href":"https:\/\/portaltela.pt\/api\/wp\/v2\/posts\/460612","targetHints":{"allow":["GET"]}}],"collection":[{"href":"https:\/\/portaltela.pt\/api\/wp\/v2\/posts"}],"about":[{"href":"https:\/\/portaltela.pt\/api\/wp\/v2\/types\/post"}],"author":[{"embeddable":true,"href":"https:\/\/portaltela.pt\/api\/wp\/v2\/users\/2"}],"replies":[{"embeddable":true,"href":"https:\/\/portaltela.pt\/api\/wp\/v2\/comments?post=460612"}],"version-history":[{"count":0,"href":"https:\/\/portaltela.pt\/api\/wp\/v2\/posts\/460612\/revisions"}],"wp:featuredmedia":[{"embeddable":true,"href":"https:\/\/portaltela.pt\/api\/wp\/v2\/media\/460614"}],"wp:attachment":[{"href":"https:\/\/portaltela.pt\/api\/wp\/v2\/media?parent=460612"}],"wp:term":[{"taxonomy":"category","embeddable":true,"href":"https:\/\/portaltela.pt\/api\/wp\/v2\/categories?post=460612"},{"taxonomy":"post_tag","embeddable":true,"href":"https:\/\/portaltela.pt\/api\/wp\/v2\/tags?post=460612"}],"curies":[{"name":"wp","href":"https:\/\/api.w.org\/{rel}","templated":true}]}}