{"id":460583,"date":"2026-04-28T19:48:43","date_gmt":"2026-04-28T22:48:43","guid":{"rendered":"https:\/\/portaltela.pt\/noticias\/2026\/04\/28\/ataques-israelitas-no-libano-e-gaza-deixam-10-mortos-crianca-de-9-anos\/"},"modified":"2026-04-28T19:48:43","modified_gmt":"2026-04-28T22:48:43","slug":"ataques-israelitas-no-libano-e-gaza-deixam-10-mortos-crianca-de-9-anos","status":"publish","type":"post","link":"https:\/\/portaltela.pt\/guerra\/2026\/04\/28\/ataques-israelitas-no-libano-e-gaza-deixam-10-mortos-crianca-de-9-anos\/","title":{"rendered":"Ataques israelitas no L\u00edbano e Gaza deixam 10 mortos, crian\u00e7a de 9 anos"},"content":{"rendered":"<p>Dois ataques israelitas contra o mesmo edif\u00edcio na cidade de Majdal Zoun, no sul do L\u00edbano, deixaram cinco mortos nesta ter\u00e7a-feira. Entre as v\u00edtimas estavam tr\u00eas socorristas que tentavam ajudar feridos no ataque inicial. Um segundo ataque tamb\u00e9m feriu dois soldados libaneses.<\/p>\n<p>No total, o dia registrou outras cinco mortes na Faixa de Gaza, incluindo uma crian\u00e7a de 9 anos. Um drone israelita ter\u00e1 abatido Adel Al-Najjar e um ataque a\u00e9reo atingiu um ve\u00edculo em Gaza, provocando mais v\u00edtimas.<\/p>\n<p>O primeiro-ministro liban\u00eas, Nawaf Salam, denunciou os ataques como um crime de guerra. No L\u00edbano, o confronto j\u00e1 resultou em mais de 2500 mortes desde 2 de mar\u00e7o, com impacto significativo em m\u00e9dicos, mulheres e crian\u00e7as, segundo informa\u00e7\u00f5es do Minist\u00e9rio da Sa\u00fade.<\/p>\n<h3>Em Gaza: morte de crian\u00e7a e ataque a ve\u00edculo<\/h3>\n<p>Em Khan Younis, no leste da cidade, um drone destruiu a vida de Adel Al-Najjar, de 9 anos, quando recolhia papel\u00e3o para cozinha. Em Gaza, outro ataque a\u00e9reo atingiu um ve\u00edculo, matando quatro pessoas.<\/p>\n<p>As For\u00e7as Armadas de Israel disseram ter visado um indiv\u00edduo que representava amea\u00e7a junto \u00e0 linha amarela, mas n\u00e3o apresentaram provas. O objetivo declarado do ataque na cidade de Gaza foi um suposto terrorista, tamb\u00e9m sem provas apresentadas.<\/p>\n<p>Familiares recolheram o corpo de Adel na morgue do Hospital Nasser. A fam\u00edlia relatou que a v\u00edtima ajudava a recolher papel\u00e3o para cozinhar, numa zona sem eletricidade desde 2023. As entradas de g\u00e1s tamb\u00e9m t\u00eam sido limitadas.<\/p>\n<p>O cessar-fogo mediado pelos EUA gerou redu\u00e7\u00e3o das hostilidades, mas confrontos entre Israel e o Hezbollah mant\u00eam-se no sul do L\u00edbano. As contagens de mortos divergem entre as duas partes, com avalia\u00e7\u00f5es constantes de viola\u00e7\u00f5es do acordo.<\/p>\n","protected":false},"excerpt":{"rendered":"<ul>\n<li>Ataques israelitas no sul do L\u00edbano fizeram cinco mortos numa cidade, incluindo tr\u00eas socorristas que tentavam ajudar feridos no ataque inicial; tr\u00eas socorristas teriam ficado presos sob os escombros do segundo ataque.<\/li>\n<li>Dois soldados libaneses ficaram feridos no segundo ataque, que ocorreu na cidade de Majdal Zoun.<\/li>\n<li>O Primeiro-Ministro liban\u00eas, Nawaf Salam, denunciou os ataques como \u201cum novo e flagrante crime de guerra\u201d de Israel.<\/li>\n<li>Em Gaza, morreram cinco pessoas num ataque israelita, incluindo a crian\u00e7a Adel Al-Najjar, de nove anos, num ataque com drone na zona oriental de Khan Younis; outro ataque a\u00e9reo atingiu um ve\u00edculo na cidade de Gaza, deixando quatro mortos.<\/li>\n<li>As For\u00e7as Armadas de Israel afirmaram ter visado indiv\u00edduos como amea\u00e7a para tropas na \u201clinha amarela\u201d em Khan Younis e, na cidade de Gaza, justificaram o ataque como alvo de um \u201cterrorista\u201d, sem apresentada provas. A viol\u00eancia persiste em Gaza, com o cessar-fogo de outubro de 2025 n\u00e3o a impedir novos ataques.<\/li>\n<\/ul>\n","protected":false},"author":2,"featured_media":460585,"comment_status":"closed","ping_status":"closed","sticky":false,"template":"","format":"standard","meta":{"footnotes":""},"categories":[6790,6804],"tags":[7934,7925,8649,8167,8195,8191],"class_list":["post-460583","post","type-post","status-publish","format-standard","has-post-thumbnail","hentry","category-conflitos","category-guerra","tag-_conflitos-internacionais","tag-_criancas","tag-_crime-de-guerra","tag-_crimes-internacionais","tag-_guerra","tag-_israel"],"yoast_head":"<!-- This site is optimized with the Yoast SEO plugin v27.2 - https:\/\/yoast.com\/product\/yoast-seo-wordpress\/ -->\n<title>Ataques israelitas no L\u00edbano e Gaza deixam 10 mortos, crian\u00e7a de 9 anos - Portal Tela Portugal<\/title>\n<meta name=\"robots\" content=\"index, follow, max-snippet:-1, max-image-preview:large, max-video-preview:-1\" \/>\n<meta property=\"og:locale\" content=\"pt_PT\" \/>\n<meta property=\"og:type\" content=\"article\" \/>\n<meta property=\"og:title\" content=\"Ataques israelitas no L\u00edbano e Gaza deixam 10 mortos, crian\u00e7a de 9 anos - Portal Tela Portugal\" \/>\n<meta property=\"og:description\" content=\"Ataques israelitas no sul do L\u00edbano fizeram cinco mortos numa cidade, incluindo tr\u00eas socorristas que tentavam ajudar feridos no ataque inicial; tr\u00eas socorristas teriam ficado presos sob os escombros do segundo ataque. Dois soldados libaneses ficaram feridos no segundo ataque, que ocorreu na cidade de Majdal Zoun. O Primeiro-Ministro liban\u00eas, Nawaf Salam, denunciou os ataques como \u201cum novo e flagrante crime de guerra\u201d de Israel. Em Gaza, morreram cinco pessoas num ataque israelita, incluindo a crian\u00e7a Adel Al-Najjar, de nove anos, num ataque com drone na zona oriental de Khan Younis; outro ataque a\u00e9reo atingiu um ve\u00edculo na cidade de Gaza, deixando quatro mortos. As For\u00e7as Armadas de Israel afirmaram ter visado indiv\u00edduos como amea\u00e7a para tropas na \u201clinha amarela\u201d em Khan Younis e, na cidade de Gaza, justificaram o ataque como alvo de um \u201cterrorista\u201d, sem apresentada provas. A viol\u00eancia persiste em Gaza, com o cessar-fogo de outubro de 2025 n\u00e3o a impedir novos ataques.\" \/>\n<meta property=\"og:url\" content=\"https:\/\/portaltela.pt\/noticias\/2026\/04\/28\/ataques-israelitas-no-libano-e-gaza-deixam-10-mortos-crianca-de-9-anos\/\" \/>\n<meta property=\"og:site_name\" content=\"Portal Tela Portugal\" \/>\n<meta property=\"article:published_time\" content=\"2026-04-28T22:48:43+00:00\" \/>\n<meta name=\"author\" content=\"Telinha\" \/>\n<meta name=\"twitter:card\" content=\"summary_large_image\" \/>\n<meta name=\"twitter:label1\" content=\"Escrito por\" \/>\n\t<meta name=\"twitter:data1\" content=\"Telinha\" \/>\n\t<meta name=\"twitter:label2\" content=\"Tempo estimado de leitura\" \/>\n\t<meta name=\"twitter:data2\" content=\"2 minutos\" \/>\n<script type=\"application\/ld+json\" class=\"yoast-schema-graph\">{\"@context\":\"https:\/\/schema.org\",\"@graph\":[{\"@type\":\"Article\",\"@id\":\"https:\/\/portaltela.pt\/noticias\/2026\/04\/28\/ataques-israelitas-no-libano-e-gaza-deixam-10-mortos-crianca-de-9-anos\/#article\",\"isPartOf\":{\"@id\":\"https:\/\/portaltela.pt\/noticias\/2026\/04\/28\/ataques-israelitas-no-libano-e-gaza-deixam-10-mortos-crianca-de-9-anos\/\"},\"author\":{\"name\":\"Telinha\",\"@id\":\"https:\/\/portaltela.pt\/#\/schema\/person\/c4278d4a6028830caff9ee44b42d32ed\"},\"headline\":\"Ataques israelitas no L\u00edbano e Gaza deixam 10 mortos, crian\u00e7a de 9 anos\",\"datePublished\":\"2026-04-28T22:48:43+00:00\",\"mainEntityOfPage\":{\"@id\":\"https:\/\/portaltela.pt\/noticias\/2026\/04\/28\/ataques-israelitas-no-libano-e-gaza-deixam-10-mortos-crianca-de-9-anos\/\"},\"wordCount\":322,\"image\":{\"@id\":\"https:\/\/portaltela.pt\/noticias\/2026\/04\/28\/ataques-israelitas-no-libano-e-gaza-deixam-10-mortos-crianca-de-9-anos\/#primaryimage\"},\"thumbnailUrl\":\"https:\/\/portaltela.pt\/s.01k8rhncp4jt1\/2026\/04\/tpUHdbIMAGENStypeJPGshare1oBarraFacebook_Publico-36.jpg\",\"keywords\":[\"_conflitos internacionais\",\"_crian\u00e7as\",\"_crime de guerra\",\"_crimes internacionais\",\"_guerra\",\"_Israel\"],\"articleSection\":[\"Conflitos\",\"Guerra\"],\"inLanguage\":\"pt-PT\"},{\"@type\":\"WebPage\",\"@id\":\"https:\/\/portaltela.pt\/noticias\/2026\/04\/28\/ataques-israelitas-no-libano-e-gaza-deixam-10-mortos-crianca-de-9-anos\/\",\"url\":\"https:\/\/portaltela.pt\/noticias\/2026\/04\/28\/ataques-israelitas-no-libano-e-gaza-deixam-10-mortos-crianca-de-9-anos\/\",\"name\":\"Ataques israelitas no L\u00edbano e Gaza deixam 10 mortos, crian\u00e7a de 9 anos - Portal Tela Portugal\",\"isPartOf\":{\"@id\":\"https:\/\/portaltela.pt\/#website\"},\"primaryImageOfPage\":{\"@id\":\"https:\/\/portaltela.pt\/noticias\/2026\/04\/28\/ataques-israelitas-no-libano-e-gaza-deixam-10-mortos-crianca-de-9-anos\/#primaryimage\"},\"image\":{\"@id\":\"https:\/\/portaltela.pt\/noticias\/2026\/04\/28\/ataques-israelitas-no-libano-e-gaza-deixam-10-mortos-crianca-de-9-anos\/#primaryimage\"},\"thumbnailUrl\":\"https:\/\/portaltela.pt\/s.01k8rhncp4jt1\/2026\/04\/tpUHdbIMAGENStypeJPGshare1oBarraFacebook_Publico-36.jpg\",\"datePublished\":\"2026-04-28T22:48:43+00:00\",\"author\":{\"@id\":\"https:\/\/portaltela.pt\/#\/schema\/person\/c4278d4a6028830caff9ee44b42d32ed\"},\"breadcrumb\":{\"@id\":\"https:\/\/portaltela.pt\/noticias\/2026\/04\/28\/ataques-israelitas-no-libano-e-gaza-deixam-10-mortos-crianca-de-9-anos\/#breadcrumb\"},\"inLanguage\":\"pt-PT\",\"potentialAction\":[{\"@type\":\"ReadAction\",\"target\":[\"https:\/\/portaltela.pt\/noticias\/2026\/04\/28\/ataques-israelitas-no-libano-e-gaza-deixam-10-mortos-crianca-de-9-anos\/\"]}]},{\"@type\":\"ImageObject\",\"inLanguage\":\"pt-PT\",\"@id\":\"https:\/\/portaltela.pt\/noticias\/2026\/04\/28\/ataques-israelitas-no-libano-e-gaza-deixam-10-mortos-crianca-de-9-anos\/#primaryimage\",\"url\":\"https:\/\/portaltela.pt\/s.01k8rhncp4jt1\/2026\/04\/tpUHdbIMAGENStypeJPGshare1oBarraFacebook_Publico-36.jpg\",\"contentUrl\":\"https:\/\/portaltela.pt\/s.01k8rhncp4jt1\/2026\/04\/tpUHdbIMAGENStypeJPGshare1oBarraFacebook_Publico-36.jpg\",\"width\":1200,\"height\":630,\"caption\":\"Familiares de Adel Al-Najjar, de 9 anos, transportam o seu corpo para enterrar\"},{\"@type\":\"BreadcrumbList\",\"@id\":\"https:\/\/portaltela.pt\/noticias\/2026\/04\/28\/ataques-israelitas-no-libano-e-gaza-deixam-10-mortos-crianca-de-9-anos\/#breadcrumb\",\"itemListElement\":[{\"@type\":\"ListItem\",\"position\":1,\"name\":\"In\u00edcio\",\"item\":\"https:\/\/portaltela.pt\/\"},{\"@type\":\"ListItem\",\"position\":2,\"name\":\"Ataques israelitas no L\u00edbano e Gaza deixam 10 mortos, crian\u00e7a de 9 anos\"}]},{\"@type\":\"WebSite\",\"@id\":\"https:\/\/portaltela.pt\/#website\",\"url\":\"https:\/\/portaltela.pt\/\",\"name\":\"Portal Tela Portugal\",\"description\":\"\",\"potentialAction\":[{\"@type\":\"SearchAction\",\"target\":{\"@type\":\"EntryPoint\",\"urlTemplate\":\"https:\/\/portaltela.pt\/?s={search_term_string}\"},\"query-input\":{\"@type\":\"PropertyValueSpecification\",\"valueRequired\":true,\"valueName\":\"search_term_string\"}}],\"inLanguage\":\"pt-PT\"},{\"@type\":\"Person\",\"@id\":\"https:\/\/portaltela.pt\/#\/schema\/person\/c4278d4a6028830caff9ee44b42d32ed\",\"name\":\"Telinha\",\"image\":{\"@type\":\"ImageObject\",\"inLanguage\":\"pt-PT\",\"@id\":\"https:\/\/portaltela.pt\/s.01k8rhncp4jt1\/2025\/11\/talking-bot-125x125.png\",\"url\":\"https:\/\/portaltela.pt\/s.01k8rhncp4jt1\/2025\/11\/talking-bot-125x125.png\",\"contentUrl\":\"https:\/\/portaltela.pt\/s.01k8rhncp4jt1\/2025\/11\/talking-bot-125x125.png\",\"caption\":\"Telinha\"},\"sameAs\":[\"https:\/\/portaltela.pt\/\"],\"url\":\"https:\/\/portaltela.pt\/por\/367410592786\/\"}]}<\/script>\n<!-- \/ Yoast SEO plugin. -->","yoast_head_json":{"title":"Ataques israelitas no L\u00edbano e Gaza deixam 10 mortos, crian\u00e7a de 9 anos - Portal Tela Portugal","robots":{"index":"index","follow":"follow","max-snippet":"max-snippet:-1","max-image-preview":"max-image-preview:large","max-video-preview":"max-video-preview:-1"},"og_locale":"pt_PT","og_type":"article","og_title":"Ataques israelitas no L\u00edbano e Gaza deixam 10 mortos, crian\u00e7a de 9 anos - Portal Tela Portugal","og_description":"Ataques israelitas no sul do L\u00edbano fizeram cinco mortos numa cidade, incluindo tr\u00eas socorristas que tentavam ajudar feridos no ataque inicial; tr\u00eas socorristas teriam ficado presos sob os escombros do segundo ataque. Dois soldados libaneses ficaram feridos no segundo ataque, que ocorreu na cidade de Majdal Zoun. O Primeiro-Ministro liban\u00eas, Nawaf Salam, denunciou os ataques como \u201cum novo e flagrante crime de guerra\u201d de Israel. Em Gaza, morreram cinco pessoas num ataque israelita, incluindo a crian\u00e7a Adel Al-Najjar, de nove anos, num ataque com drone na zona oriental de Khan Younis; outro ataque a\u00e9reo atingiu um ve\u00edculo na cidade de Gaza, deixando quatro mortos. As For\u00e7as Armadas de Israel afirmaram ter visado indiv\u00edduos como amea\u00e7a para tropas na \u201clinha amarela\u201d em Khan Younis e, na cidade de Gaza, justificaram o ataque como alvo de um \u201cterrorista\u201d, sem apresentada provas. A viol\u00eancia persiste em Gaza, com o cessar-fogo de outubro de 2025 n\u00e3o a impedir novos ataques.","og_url":"https:\/\/portaltela.pt\/noticias\/2026\/04\/28\/ataques-israelitas-no-libano-e-gaza-deixam-10-mortos-crianca-de-9-anos\/","og_site_name":"Portal Tela Portugal","article_published_time":"2026-04-28T22:48:43+00:00","author":"Telinha","twitter_card":"summary_large_image","twitter_misc":{"Escrito por":"Telinha","Tempo estimado de leitura":"2 minutos"},"schema":{"@context":"https:\/\/schema.org","@graph":[{"@type":"Article","@id":"https:\/\/portaltela.pt\/noticias\/2026\/04\/28\/ataques-israelitas-no-libano-e-gaza-deixam-10-mortos-crianca-de-9-anos\/#article","isPartOf":{"@id":"https:\/\/portaltela.pt\/noticias\/2026\/04\/28\/ataques-israelitas-no-libano-e-gaza-deixam-10-mortos-crianca-de-9-anos\/"},"author":{"name":"Telinha","@id":"https:\/\/portaltela.pt\/#\/schema\/person\/c4278d4a6028830caff9ee44b42d32ed"},"headline":"Ataques israelitas no L\u00edbano e Gaza deixam 10 mortos, crian\u00e7a de 9 anos","datePublished":"2026-04-28T22:48:43+00:00","mainEntityOfPage":{"@id":"https:\/\/portaltela.pt\/noticias\/2026\/04\/28\/ataques-israelitas-no-libano-e-gaza-deixam-10-mortos-crianca-de-9-anos\/"},"wordCount":322,"image":{"@id":"https:\/\/portaltela.pt\/noticias\/2026\/04\/28\/ataques-israelitas-no-libano-e-gaza-deixam-10-mortos-crianca-de-9-anos\/#primaryimage"},"thumbnailUrl":"https:\/\/portaltela.pt\/s.01k8rhncp4jt1\/2026\/04\/tpUHdbIMAGENStypeJPGshare1oBarraFacebook_Publico-36.jpg","keywords":["_conflitos internacionais","_crian\u00e7as","_crime de guerra","_crimes internacionais","_guerra","_Israel"],"articleSection":["Conflitos","Guerra"],"inLanguage":"pt-PT"},{"@type":"WebPage","@id":"https:\/\/portaltela.pt\/noticias\/2026\/04\/28\/ataques-israelitas-no-libano-e-gaza-deixam-10-mortos-crianca-de-9-anos\/","url":"https:\/\/portaltela.pt\/noticias\/2026\/04\/28\/ataques-israelitas-no-libano-e-gaza-deixam-10-mortos-crianca-de-9-anos\/","name":"Ataques israelitas no L\u00edbano e Gaza deixam 10 mortos, crian\u00e7a de 9 anos - Portal Tela Portugal","isPartOf":{"@id":"https:\/\/portaltela.pt\/#website"},"primaryImageOfPage":{"@id":"https:\/\/portaltela.pt\/noticias\/2026\/04\/28\/ataques-israelitas-no-libano-e-gaza-deixam-10-mortos-crianca-de-9-anos\/#primaryimage"},"image":{"@id":"https:\/\/portaltela.pt\/noticias\/2026\/04\/28\/ataques-israelitas-no-libano-e-gaza-deixam-10-mortos-crianca-de-9-anos\/#primaryimage"},"thumbnailUrl":"https:\/\/portaltela.pt\/s.01k8rhncp4jt1\/2026\/04\/tpUHdbIMAGENStypeJPGshare1oBarraFacebook_Publico-36.jpg","datePublished":"2026-04-28T22:48:43+00:00","author":{"@id":"https:\/\/portaltela.pt\/#\/schema\/person\/c4278d4a6028830caff9ee44b42d32ed"},"breadcrumb":{"@id":"https:\/\/portaltela.pt\/noticias\/2026\/04\/28\/ataques-israelitas-no-libano-e-gaza-deixam-10-mortos-crianca-de-9-anos\/#breadcrumb"},"inLanguage":"pt-PT","potentialAction":[{"@type":"ReadAction","target":["https:\/\/portaltela.pt\/noticias\/2026\/04\/28\/ataques-israelitas-no-libano-e-gaza-deixam-10-mortos-crianca-de-9-anos\/"]}]},{"@type":"ImageObject","inLanguage":"pt-PT","@id":"https:\/\/portaltela.pt\/noticias\/2026\/04\/28\/ataques-israelitas-no-libano-e-gaza-deixam-10-mortos-crianca-de-9-anos\/#primaryimage","url":"https:\/\/portaltela.pt\/s.01k8rhncp4jt1\/2026\/04\/tpUHdbIMAGENStypeJPGshare1oBarraFacebook_Publico-36.jpg","contentUrl":"https:\/\/portaltela.pt\/s.01k8rhncp4jt1\/2026\/04\/tpUHdbIMAGENStypeJPGshare1oBarraFacebook_Publico-36.jpg","width":1200,"height":630,"caption":"Familiares de Adel Al-Najjar, de 9 anos, transportam o seu corpo para enterrar"},{"@type":"BreadcrumbList","@id":"https:\/\/portaltela.pt\/noticias\/2026\/04\/28\/ataques-israelitas-no-libano-e-gaza-deixam-10-mortos-crianca-de-9-anos\/#breadcrumb","itemListElement":[{"@type":"ListItem","position":1,"name":"In\u00edcio","item":"https:\/\/portaltela.pt\/"},{"@type":"ListItem","position":2,"name":"Ataques israelitas no L\u00edbano e Gaza deixam 10 mortos, crian\u00e7a de 9 anos"}]},{"@type":"WebSite","@id":"https:\/\/portaltela.pt\/#website","url":"https:\/\/portaltela.pt\/","name":"Portal Tela Portugal","description":"","potentialAction":[{"@type":"SearchAction","target":{"@type":"EntryPoint","urlTemplate":"https:\/\/portaltela.pt\/?s={search_term_string}"},"query-input":{"@type":"PropertyValueSpecification","valueRequired":true,"valueName":"search_term_string"}}],"inLanguage":"pt-PT"},{"@type":"Person","@id":"https:\/\/portaltela.pt\/#\/schema\/person\/c4278d4a6028830caff9ee44b42d32ed","name":"Telinha","image":{"@type":"ImageObject","inLanguage":"pt-PT","@id":"https:\/\/portaltela.pt\/s.01k8rhncp4jt1\/2025\/11\/talking-bot-125x125.png","url":"https:\/\/portaltela.pt\/s.01k8rhncp4jt1\/2025\/11\/talking-bot-125x125.png","contentUrl":"https:\/\/portaltela.pt\/s.01k8rhncp4jt1\/2025\/11\/talking-bot-125x125.png","caption":"Telinha"},"sameAs":["https:\/\/portaltela.pt\/"],"url":"https:\/\/portaltela.pt\/por\/367410592786\/"}]}},"_links":{"self":[{"href":"https:\/\/portaltela.pt\/api\/wp\/v2\/posts\/460583","targetHints":{"allow":["GET"]}}],"collection":[{"href":"https:\/\/portaltela.pt\/api\/wp\/v2\/posts"}],"about":[{"href":"https:\/\/portaltela.pt\/api\/wp\/v2\/types\/post"}],"author":[{"embeddable":true,"href":"https:\/\/portaltela.pt\/api\/wp\/v2\/users\/2"}],"replies":[{"embeddable":true,"href":"https:\/\/portaltela.pt\/api\/wp\/v2\/comments?post=460583"}],"version-history":[{"count":0,"href":"https:\/\/portaltela.pt\/api\/wp\/v2\/posts\/460583\/revisions"}],"wp:featuredmedia":[{"embeddable":true,"href":"https:\/\/portaltela.pt\/api\/wp\/v2\/media\/460585"}],"wp:attachment":[{"href":"https:\/\/portaltela.pt\/api\/wp\/v2\/media?parent=460583"}],"wp:term":[{"taxonomy":"category","embeddable":true,"href":"https:\/\/portaltela.pt\/api\/wp\/v2\/categories?post=460583"},{"taxonomy":"post_tag","embeddable":true,"href":"https:\/\/portaltela.pt\/api\/wp\/v2\/tags?post=460583"}],"curies":[{"name":"wp","href":"https:\/\/api.w.org\/{rel}","templated":true}]}}