{"id":460579,"date":"2026-04-28T19:48:20","date_gmt":"2026-04-28T22:48:20","guid":{"rendered":"https:\/\/portaltela.pt\/noticias\/2026\/04\/28\/sabalenka-e-eliminada-nos-quartos-de-final-do-torneio-de-madrid\/"},"modified":"2026-04-28T19:48:20","modified_gmt":"2026-04-28T22:48:20","slug":"sabalenka-e-eliminada-nos-quartos-de-final-do-torneio-de-madrid","status":"publish","type":"post","link":"https:\/\/portaltela.pt\/desporto\/futebol\/2026\/04\/28\/sabalenka-e-eliminada-nos-quartos-de-final-do-torneio-de-madrid\/","title":{"rendered":"Sabalenka \u00e9 eliminada nos quartos de final do torneio de Madrid"},"content":{"rendered":"<p>Aten\u00e7\u00e3o ao resumo do dia: Aryna Sabalenka, n\u00famero um mundial e campe\u00e3 defendendo o t\u00edtulo em Madrid, foi eliminado nos quartos de final pela norte-americana Hailey Baptiste, na prova em terra batida da capital espanhola. O duelo terminou em tr\u00eas sets, com 6-2, 2-6 e 6-7 (6-8), ap\u00f3s 2 horas e 30 minutos.<\/p>\n<p>Baptiste, 32.\u00aa classificada e com 24 anos, avan\u00e7a para as meias-finais do torneio da WTA 1.000 em Madrid, num triunfo frente \u00e0 l\u00edder do ranking que defendia o t\u00edtulo.<\/p>\n<p>A bielorrussa Sabalenka desperdi\u00e7ou seis match points no terceiro set, num jogo disputado at\u00e9 ao tie-break, sem conseguir fechar a eliminat\u00f3ria. A vit\u00f3ria de Baptiste surpreende pela consist\u00eancia frente \u00e0 favorita.<\/p>\n<p>Madrid volta a receber Sabalenka, que j\u00e1 tinha vencido a prova nas edi\u00e7\u00f5es de 2021, 2023 e 2025. A derrota marca a segunda derrota de Sabalenka em 2026, depois da final perdida no Open da Austr\u00e1lia frente a Elena Rybakina.<\/p>\n","protected":false},"excerpt":{"rendered":"<ul>\n<li>A bielorrussa Aryna Sabalenka, n\u00ba um mundial e defendendo o t\u00edtulo, foi eliminada nos quartos de final do torneio de Madrid pela norte-americana Hailey Baptiste.<\/li>\n<li>Baptiste, 32.\u00aa classificada, venceu por 6-2, 2-6 e 6-7 (6-8) ap\u00f3s duas horas e trinta minutos de jogo.<\/li>\n<li>Sabalenka j\u00e1 tinha vencido Madrid em 2021, 2023 e 2025.<\/li>\n<li>A jogadora desperdi\u00e7ou seis match points no terceiro set.<\/li>\n<li>Em 2026, Sabalenka j\u00e1 sofreu a segunda derrota ap\u00f3s a final do Open da Austr\u00e1lia, frente a Elena Rybakina.<\/li>\n<\/ul>\n","protected":false},"author":2,"featured_media":460580,"comment_status":"closed","ping_status":"closed","sticky":false,"template":"","format":"standard","meta":{"footnotes":""},"categories":[21,24],"tags":[3385,94,7232,7445,7597],"class_list":["post-460579","post","type-post","status-publish","format-standard","has-post-thumbnail","hentry","category-desporto","category-futebol","tag-sabalenka","tag-tenis","tag-tenistas-internacionais","tag-torneio","tag-wta"],"yoast_head":"<!-- This site is optimized with the Yoast SEO plugin v27.2 - https:\/\/yoast.com\/product\/yoast-seo-wordpress\/ -->\n<title>Sabalenka \u00e9 eliminada nos quartos de final do torneio de Madrid - Portal Tela Portugal<\/title>\n<meta name=\"robots\" content=\"index, follow, max-snippet:-1, max-image-preview:large, max-video-preview:-1\" \/>\n<meta property=\"og:locale\" content=\"pt_PT\" \/>\n<meta property=\"og:type\" content=\"article\" \/>\n<meta property=\"og:title\" content=\"Sabalenka \u00e9 eliminada nos quartos de final do torneio de Madrid - Portal Tela Portugal\" \/>\n<meta property=\"og:description\" content=\"A bielorrussa Aryna Sabalenka, n\u00ba um mundial e defendendo o t\u00edtulo, foi eliminada nos quartos de final do torneio de Madrid pela norte-americana Hailey Baptiste. Baptiste, 32.\u00aa classificada, venceu por 6-2, 2-6 e 6-7 (6-8) ap\u00f3s duas horas e trinta minutos de jogo. Sabalenka j\u00e1 tinha vencido Madrid em 2021, 2023 e 2025. A jogadora desperdi\u00e7ou seis match points no terceiro set. Em 2026, Sabalenka j\u00e1 sofreu a segunda derrota ap\u00f3s a final do Open da Austr\u00e1lia, frente a Elena Rybakina.\" \/>\n<meta property=\"og:url\" content=\"https:\/\/portaltela.pt\/noticias\/2026\/04\/28\/sabalenka-e-eliminada-nos-quartos-de-final-do-torneio-de-madrid\/\" \/>\n<meta property=\"og:site_name\" content=\"Portal Tela Portugal\" \/>\n<meta property=\"article:published_time\" content=\"2026-04-28T22:48:20+00:00\" \/>\n<meta name=\"author\" content=\"Telinha\" \/>\n<meta name=\"twitter:card\" content=\"summary_large_image\" \/>\n<meta name=\"twitter:label1\" content=\"Escrito por\" \/>\n\t<meta name=\"twitter:data1\" content=\"Telinha\" \/>\n\t<meta name=\"twitter:label2\" content=\"Tempo estimado de leitura\" \/>\n\t<meta name=\"twitter:data2\" content=\"1 minuto\" \/>\n<script type=\"application\/ld+json\" class=\"yoast-schema-graph\">{\"@context\":\"https:\/\/schema.org\",\"@graph\":[{\"@type\":\"Article\",\"@id\":\"https:\/\/portaltela.pt\/noticias\/2026\/04\/28\/sabalenka-e-eliminada-nos-quartos-de-final-do-torneio-de-madrid\/#article\",\"isPartOf\":{\"@id\":\"https:\/\/portaltela.pt\/noticias\/2026\/04\/28\/sabalenka-e-eliminada-nos-quartos-de-final-do-torneio-de-madrid\/\"},\"author\":{\"name\":\"Telinha\",\"@id\":\"https:\/\/portaltela.pt\/#\/schema\/person\/c4278d4a6028830caff9ee44b42d32ed\"},\"headline\":\"Sabalenka \u00e9 eliminada nos quartos de final do torneio de Madrid\",\"datePublished\":\"2026-04-28T22:48:20+00:00\",\"mainEntityOfPage\":{\"@id\":\"https:\/\/portaltela.pt\/noticias\/2026\/04\/28\/sabalenka-e-eliminada-nos-quartos-de-final-do-torneio-de-madrid\/\"},\"wordCount\":166,\"image\":{\"@id\":\"https:\/\/portaltela.pt\/noticias\/2026\/04\/28\/sabalenka-e-eliminada-nos-quartos-de-final-do-torneio-de-madrid\/#primaryimage\"},\"thumbnailUrl\":\"https:\/\/portaltela.pt\/s.01k8rhncp4jt1\/2026\/04\/img_920x518uu2026-04-28-23-38-53-2435836-im-639130163505454396.jpg\",\"keywords\":[\"Sabalenka\",\"t\u00eanis\",\"tenistas internacionais\",\"Torneio\",\"WTA\"],\"articleSection\":[\"Desporto\",\"Futebol\"],\"inLanguage\":\"pt-PT\"},{\"@type\":\"WebPage\",\"@id\":\"https:\/\/portaltela.pt\/noticias\/2026\/04\/28\/sabalenka-e-eliminada-nos-quartos-de-final-do-torneio-de-madrid\/\",\"url\":\"https:\/\/portaltela.pt\/noticias\/2026\/04\/28\/sabalenka-e-eliminada-nos-quartos-de-final-do-torneio-de-madrid\/\",\"name\":\"Sabalenka \u00e9 eliminada nos quartos de final do torneio de Madrid - Portal Tela Portugal\",\"isPartOf\":{\"@id\":\"https:\/\/portaltela.pt\/#website\"},\"primaryImageOfPage\":{\"@id\":\"https:\/\/portaltela.pt\/noticias\/2026\/04\/28\/sabalenka-e-eliminada-nos-quartos-de-final-do-torneio-de-madrid\/#primaryimage\"},\"image\":{\"@id\":\"https:\/\/portaltela.pt\/noticias\/2026\/04\/28\/sabalenka-e-eliminada-nos-quartos-de-final-do-torneio-de-madrid\/#primaryimage\"},\"thumbnailUrl\":\"https:\/\/portaltela.pt\/s.01k8rhncp4jt1\/2026\/04\/img_920x518uu2026-04-28-23-38-53-2435836-im-639130163505454396.jpg\",\"datePublished\":\"2026-04-28T22:48:20+00:00\",\"author\":{\"@id\":\"https:\/\/portaltela.pt\/#\/schema\/person\/c4278d4a6028830caff9ee44b42d32ed\"},\"breadcrumb\":{\"@id\":\"https:\/\/portaltela.pt\/noticias\/2026\/04\/28\/sabalenka-e-eliminada-nos-quartos-de-final-do-torneio-de-madrid\/#breadcrumb\"},\"inLanguage\":\"pt-PT\",\"potentialAction\":[{\"@type\":\"ReadAction\",\"target\":[\"https:\/\/portaltela.pt\/noticias\/2026\/04\/28\/sabalenka-e-eliminada-nos-quartos-de-final-do-torneio-de-madrid\/\"]}]},{\"@type\":\"ImageObject\",\"inLanguage\":\"pt-PT\",\"@id\":\"https:\/\/portaltela.pt\/noticias\/2026\/04\/28\/sabalenka-e-eliminada-nos-quartos-de-final-do-torneio-de-madrid\/#primaryimage\",\"url\":\"https:\/\/portaltela.pt\/s.01k8rhncp4jt1\/2026\/04\/img_920x518uu2026-04-28-23-38-53-2435836-im-639130163505454396.jpg\",\"contentUrl\":\"https:\/\/portaltela.pt\/s.01k8rhncp4jt1\/2026\/04\/img_920x518uu2026-04-28-23-38-53-2435836-im-639130163505454396.jpg\",\"width\":796,\"height\":448,\"caption\":\"Sabalenka em a\u00e7\u00e3o\"},{\"@type\":\"BreadcrumbList\",\"@id\":\"https:\/\/portaltela.pt\/noticias\/2026\/04\/28\/sabalenka-e-eliminada-nos-quartos-de-final-do-torneio-de-madrid\/#breadcrumb\",\"itemListElement\":[{\"@type\":\"ListItem\",\"position\":1,\"name\":\"In\u00edcio\",\"item\":\"https:\/\/portaltela.pt\/\"},{\"@type\":\"ListItem\",\"position\":2,\"name\":\"Sabalenka \u00e9 eliminada nos quartos de final do torneio de Madrid\"}]},{\"@type\":\"WebSite\",\"@id\":\"https:\/\/portaltela.pt\/#website\",\"url\":\"https:\/\/portaltela.pt\/\",\"name\":\"Portal Tela Portugal\",\"description\":\"\",\"potentialAction\":[{\"@type\":\"SearchAction\",\"target\":{\"@type\":\"EntryPoint\",\"urlTemplate\":\"https:\/\/portaltela.pt\/?s={search_term_string}\"},\"query-input\":{\"@type\":\"PropertyValueSpecification\",\"valueRequired\":true,\"valueName\":\"search_term_string\"}}],\"inLanguage\":\"pt-PT\"},{\"@type\":\"Person\",\"@id\":\"https:\/\/portaltela.pt\/#\/schema\/person\/c4278d4a6028830caff9ee44b42d32ed\",\"name\":\"Telinha\",\"image\":{\"@type\":\"ImageObject\",\"inLanguage\":\"pt-PT\",\"@id\":\"https:\/\/portaltela.pt\/s.01k8rhncp4jt1\/2025\/11\/talking-bot-125x125.png\",\"url\":\"https:\/\/portaltela.pt\/s.01k8rhncp4jt1\/2025\/11\/talking-bot-125x125.png\",\"contentUrl\":\"https:\/\/portaltela.pt\/s.01k8rhncp4jt1\/2025\/11\/talking-bot-125x125.png\",\"caption\":\"Telinha\"},\"sameAs\":[\"https:\/\/portaltela.pt\/\"],\"url\":\"https:\/\/portaltela.pt\/por\/367410592786\/\"}]}<\/script>\n<!-- \/ Yoast SEO plugin. -->","yoast_head_json":{"title":"Sabalenka \u00e9 eliminada nos quartos de final do torneio de Madrid - Portal Tela Portugal","robots":{"index":"index","follow":"follow","max-snippet":"max-snippet:-1","max-image-preview":"max-image-preview:large","max-video-preview":"max-video-preview:-1"},"og_locale":"pt_PT","og_type":"article","og_title":"Sabalenka \u00e9 eliminada nos quartos de final do torneio de Madrid - Portal Tela Portugal","og_description":"A bielorrussa Aryna Sabalenka, n\u00ba um mundial e defendendo o t\u00edtulo, foi eliminada nos quartos de final do torneio de Madrid pela norte-americana Hailey Baptiste. Baptiste, 32.\u00aa classificada, venceu por 6-2, 2-6 e 6-7 (6-8) ap\u00f3s duas horas e trinta minutos de jogo. Sabalenka j\u00e1 tinha vencido Madrid em 2021, 2023 e 2025. A jogadora desperdi\u00e7ou seis match points no terceiro set. Em 2026, Sabalenka j\u00e1 sofreu a segunda derrota ap\u00f3s a final do Open da Austr\u00e1lia, frente a Elena Rybakina.","og_url":"https:\/\/portaltela.pt\/noticias\/2026\/04\/28\/sabalenka-e-eliminada-nos-quartos-de-final-do-torneio-de-madrid\/","og_site_name":"Portal Tela Portugal","article_published_time":"2026-04-28T22:48:20+00:00","author":"Telinha","twitter_card":"summary_large_image","twitter_misc":{"Escrito por":"Telinha","Tempo estimado de leitura":"1 minuto"},"schema":{"@context":"https:\/\/schema.org","@graph":[{"@type":"Article","@id":"https:\/\/portaltela.pt\/noticias\/2026\/04\/28\/sabalenka-e-eliminada-nos-quartos-de-final-do-torneio-de-madrid\/#article","isPartOf":{"@id":"https:\/\/portaltela.pt\/noticias\/2026\/04\/28\/sabalenka-e-eliminada-nos-quartos-de-final-do-torneio-de-madrid\/"},"author":{"name":"Telinha","@id":"https:\/\/portaltela.pt\/#\/schema\/person\/c4278d4a6028830caff9ee44b42d32ed"},"headline":"Sabalenka \u00e9 eliminada nos quartos de final do torneio de Madrid","datePublished":"2026-04-28T22:48:20+00:00","mainEntityOfPage":{"@id":"https:\/\/portaltela.pt\/noticias\/2026\/04\/28\/sabalenka-e-eliminada-nos-quartos-de-final-do-torneio-de-madrid\/"},"wordCount":166,"image":{"@id":"https:\/\/portaltela.pt\/noticias\/2026\/04\/28\/sabalenka-e-eliminada-nos-quartos-de-final-do-torneio-de-madrid\/#primaryimage"},"thumbnailUrl":"https:\/\/portaltela.pt\/s.01k8rhncp4jt1\/2026\/04\/img_920x518uu2026-04-28-23-38-53-2435836-im-639130163505454396.jpg","keywords":["Sabalenka","t\u00eanis","tenistas internacionais","Torneio","WTA"],"articleSection":["Desporto","Futebol"],"inLanguage":"pt-PT"},{"@type":"WebPage","@id":"https:\/\/portaltela.pt\/noticias\/2026\/04\/28\/sabalenka-e-eliminada-nos-quartos-de-final-do-torneio-de-madrid\/","url":"https:\/\/portaltela.pt\/noticias\/2026\/04\/28\/sabalenka-e-eliminada-nos-quartos-de-final-do-torneio-de-madrid\/","name":"Sabalenka \u00e9 eliminada nos quartos de final do torneio de Madrid - Portal Tela Portugal","isPartOf":{"@id":"https:\/\/portaltela.pt\/#website"},"primaryImageOfPage":{"@id":"https:\/\/portaltela.pt\/noticias\/2026\/04\/28\/sabalenka-e-eliminada-nos-quartos-de-final-do-torneio-de-madrid\/#primaryimage"},"image":{"@id":"https:\/\/portaltela.pt\/noticias\/2026\/04\/28\/sabalenka-e-eliminada-nos-quartos-de-final-do-torneio-de-madrid\/#primaryimage"},"thumbnailUrl":"https:\/\/portaltela.pt\/s.01k8rhncp4jt1\/2026\/04\/img_920x518uu2026-04-28-23-38-53-2435836-im-639130163505454396.jpg","datePublished":"2026-04-28T22:48:20+00:00","author":{"@id":"https:\/\/portaltela.pt\/#\/schema\/person\/c4278d4a6028830caff9ee44b42d32ed"},"breadcrumb":{"@id":"https:\/\/portaltela.pt\/noticias\/2026\/04\/28\/sabalenka-e-eliminada-nos-quartos-de-final-do-torneio-de-madrid\/#breadcrumb"},"inLanguage":"pt-PT","potentialAction":[{"@type":"ReadAction","target":["https:\/\/portaltela.pt\/noticias\/2026\/04\/28\/sabalenka-e-eliminada-nos-quartos-de-final-do-torneio-de-madrid\/"]}]},{"@type":"ImageObject","inLanguage":"pt-PT","@id":"https:\/\/portaltela.pt\/noticias\/2026\/04\/28\/sabalenka-e-eliminada-nos-quartos-de-final-do-torneio-de-madrid\/#primaryimage","url":"https:\/\/portaltela.pt\/s.01k8rhncp4jt1\/2026\/04\/img_920x518uu2026-04-28-23-38-53-2435836-im-639130163505454396.jpg","contentUrl":"https:\/\/portaltela.pt\/s.01k8rhncp4jt1\/2026\/04\/img_920x518uu2026-04-28-23-38-53-2435836-im-639130163505454396.jpg","width":796,"height":448,"caption":"Sabalenka em a\u00e7\u00e3o"},{"@type":"BreadcrumbList","@id":"https:\/\/portaltela.pt\/noticias\/2026\/04\/28\/sabalenka-e-eliminada-nos-quartos-de-final-do-torneio-de-madrid\/#breadcrumb","itemListElement":[{"@type":"ListItem","position":1,"name":"In\u00edcio","item":"https:\/\/portaltela.pt\/"},{"@type":"ListItem","position":2,"name":"Sabalenka \u00e9 eliminada nos quartos de final do torneio de Madrid"}]},{"@type":"WebSite","@id":"https:\/\/portaltela.pt\/#website","url":"https:\/\/portaltela.pt\/","name":"Portal Tela Portugal","description":"","potentialAction":[{"@type":"SearchAction","target":{"@type":"EntryPoint","urlTemplate":"https:\/\/portaltela.pt\/?s={search_term_string}"},"query-input":{"@type":"PropertyValueSpecification","valueRequired":true,"valueName":"search_term_string"}}],"inLanguage":"pt-PT"},{"@type":"Person","@id":"https:\/\/portaltela.pt\/#\/schema\/person\/c4278d4a6028830caff9ee44b42d32ed","name":"Telinha","image":{"@type":"ImageObject","inLanguage":"pt-PT","@id":"https:\/\/portaltela.pt\/s.01k8rhncp4jt1\/2025\/11\/talking-bot-125x125.png","url":"https:\/\/portaltela.pt\/s.01k8rhncp4jt1\/2025\/11\/talking-bot-125x125.png","contentUrl":"https:\/\/portaltela.pt\/s.01k8rhncp4jt1\/2025\/11\/talking-bot-125x125.png","caption":"Telinha"},"sameAs":["https:\/\/portaltela.pt\/"],"url":"https:\/\/portaltela.pt\/por\/367410592786\/"}]}},"_links":{"self":[{"href":"https:\/\/portaltela.pt\/api\/wp\/v2\/posts\/460579","targetHints":{"allow":["GET"]}}],"collection":[{"href":"https:\/\/portaltela.pt\/api\/wp\/v2\/posts"}],"about":[{"href":"https:\/\/portaltela.pt\/api\/wp\/v2\/types\/post"}],"author":[{"embeddable":true,"href":"https:\/\/portaltela.pt\/api\/wp\/v2\/users\/2"}],"replies":[{"embeddable":true,"href":"https:\/\/portaltela.pt\/api\/wp\/v2\/comments?post=460579"}],"version-history":[{"count":0,"href":"https:\/\/portaltela.pt\/api\/wp\/v2\/posts\/460579\/revisions"}],"wp:featuredmedia":[{"embeddable":true,"href":"https:\/\/portaltela.pt\/api\/wp\/v2\/media\/460580"}],"wp:attachment":[{"href":"https:\/\/portaltela.pt\/api\/wp\/v2\/media?parent=460579"}],"wp:term":[{"taxonomy":"category","embeddable":true,"href":"https:\/\/portaltela.pt\/api\/wp\/v2\/categories?post=460579"},{"taxonomy":"post_tag","embeddable":true,"href":"https:\/\/portaltela.pt\/api\/wp\/v2\/tags?post=460579"}],"curies":[{"name":"wp","href":"https:\/\/api.w.org\/{rel}","templated":true}]}}