{"id":460571,"date":"2026-04-28T19:33:14","date_gmt":"2026-04-28T22:33:14","guid":{"rendered":"https:\/\/portaltela.pt\/noticias\/2026\/04\/28\/luis-enrique-e-kompany-vivenciam-momento-exemplar-apos-psg-bayern\/"},"modified":"2026-04-28T19:33:14","modified_gmt":"2026-04-28T22:33:14","slug":"luis-enrique-e-kompany-vivenciam-momento-exemplar-apos-psg-bayern","status":"publish","type":"post","link":"https:\/\/portaltela.pt\/desporto\/futebol\/2026\/04\/28\/luis-enrique-e-kompany-vivenciam-momento-exemplar-apos-psg-bayern\/","title":{"rendered":"Luis Enrique e Kompany vivenciam momento exemplar ap\u00f3s PSG-Bayern"},"content":{"rendered":"<p>Foi numa ter\u00e7a-feira, durante o encontro PSG-Bayern Munique, que Luis Enrique e Vincent Kompany protagonizaram um momento de aten\u00e7\u00e3o nos bancos. O detalhe que chamou a aten\u00e7\u00e3o foi a troca entre os dois treinadores, que manteve a postura competitiva, mas sem recorrer a confrontos.<\/p>\n<p>Ambos s\u00e3o reconhecidos pelo uso do humor nas entrevistas r\u00e1pidas, e, no p\u00f3s-jogo, mostraram-se descontra\u00eddos, refor\u00e7ando o ambiente cordial entre as equipas mesmo ap\u00f3s um jogo intenso. As imagens destacaram a pr\u00e1tica desportiva como refer\u00eancia.<\/p>\n<h3>Rea\u00e7\u00e3o dos treinadores<\/h3>\n<p>O epis\u00f3dio ocorreu num contexto de alta competitividade entre PSG e Bayern, com as equipas a concorrer pelo resultado at\u00e9 aos minutos finais. N\u00e3o houve relatos de incidentes graves ou consequ\u00eancias para qualquer um dos clubes.<\/p>\n","protected":false},"excerpt":{"rendered":"<ul>\n<li>Nesta ter\u00e7a-feira, o treinador do PSG, Luis Enrique, e Vincent Kompany, treinador do Bayern, protagonizaram uma troca de a\u00e7\u00f5es acesas nos bancos durante o jogo PSG-Bayern.<\/li>\n<li>O duelo entre as duas equipas continuou dentro de campo, com as equipas a oferecer um bom exemplo para o futebol.<\/li>\n<li>No final, ambos os t\u00e9cnicos mostraram bom humor e fizeram-se notar na zona de entrevistas r\u00e1pidas.<\/li>\n<li>O momento destacou o esp\u00edrito competitivo entre as duas forma\u00e7\u00f5es, sem identificar incidentes mais graves.<\/li>\n<\/ul>\n","protected":false},"author":2,"featured_media":460574,"comment_status":"closed","ping_status":"closed","sticky":false,"template":"","format":"standard","meta":{"footnotes":""},"categories":[21,24],"tags":[1720,152,32,3627,1982,2477],"class_list":["post-460571","post","type-post","status-publish","format-standard","has-post-thumbnail","hentry","category-desporto","category-futebol","tag-bayern-munique","tag-desporto","tag-futebol","tag-kompany","tag-paris-saint-germain","tag-treinadores"],"yoast_head":"<!-- This site is optimized with the Yoast SEO plugin v27.2 - https:\/\/yoast.com\/product\/yoast-seo-wordpress\/ -->\n<title>Luis Enrique e Kompany vivenciam momento exemplar ap\u00f3s PSG-Bayern - Portal Tela Portugal<\/title>\n<meta name=\"robots\" content=\"index, follow, max-snippet:-1, max-image-preview:large, max-video-preview:-1\" \/>\n<meta property=\"og:locale\" content=\"pt_PT\" \/>\n<meta property=\"og:type\" content=\"article\" \/>\n<meta property=\"og:title\" content=\"Luis Enrique e Kompany vivenciam momento exemplar ap\u00f3s PSG-Bayern - Portal Tela Portugal\" \/>\n<meta property=\"og:description\" content=\"Nesta ter\u00e7a-feira, o treinador do PSG, Luis Enrique, e Vincent Kompany, treinador do Bayern, protagonizaram uma troca de a\u00e7\u00f5es acesas nos bancos durante o jogo PSG-Bayern. O duelo entre as duas equipas continuou dentro de campo, com as equipas a oferecer um bom exemplo para o futebol. No final, ambos os t\u00e9cnicos mostraram bom humor e fizeram-se notar na zona de entrevistas r\u00e1pidas. O momento destacou o esp\u00edrito competitivo entre as duas forma\u00e7\u00f5es, sem identificar incidentes mais graves.\" \/>\n<meta property=\"og:url\" content=\"https:\/\/portaltela.pt\/noticias\/2026\/04\/28\/luis-enrique-e-kompany-vivenciam-momento-exemplar-apos-psg-bayern\/\" \/>\n<meta property=\"og:site_name\" content=\"Portal Tela Portugal\" \/>\n<meta property=\"article:published_time\" content=\"2026-04-28T22:33:14+00:00\" \/>\n<meta name=\"author\" content=\"Telinha\" \/>\n<meta name=\"twitter:card\" content=\"summary_large_image\" \/>\n<meta name=\"twitter:label1\" content=\"Escrito por\" \/>\n\t<meta name=\"twitter:data1\" content=\"Telinha\" \/>\n\t<meta name=\"twitter:label2\" content=\"Tempo estimado de leitura\" \/>\n\t<meta name=\"twitter:data2\" content=\"1 minuto\" \/>\n<script type=\"application\/ld+json\" class=\"yoast-schema-graph\">{\"@context\":\"https:\/\/schema.org\",\"@graph\":[{\"@type\":\"Article\",\"@id\":\"https:\/\/portaltela.pt\/noticias\/2026\/04\/28\/luis-enrique-e-kompany-vivenciam-momento-exemplar-apos-psg-bayern\/#article\",\"isPartOf\":{\"@id\":\"https:\/\/portaltela.pt\/noticias\/2026\/04\/28\/luis-enrique-e-kompany-vivenciam-momento-exemplar-apos-psg-bayern\/\"},\"author\":{\"name\":\"Telinha\",\"@id\":\"https:\/\/portaltela.pt\/#\/schema\/person\/c4278d4a6028830caff9ee44b42d32ed\"},\"headline\":\"Luis Enrique e Kompany vivenciam momento exemplar ap\u00f3s PSG-Bayern\",\"datePublished\":\"2026-04-28T22:33:14+00:00\",\"mainEntityOfPage\":{\"@id\":\"https:\/\/portaltela.pt\/noticias\/2026\/04\/28\/luis-enrique-e-kompany-vivenciam-momento-exemplar-apos-psg-bayern\/\"},\"wordCount\":143,\"image\":{\"@id\":\"https:\/\/portaltela.pt\/noticias\/2026\/04\/28\/luis-enrique-e-kompany-vivenciam-momento-exemplar-apos-psg-bayern\/#primaryimage\"},\"thumbnailUrl\":\"https:\/\/portaltela.pt\/s.01k8rhncp4jt1\/2026\/04\/img_1200x721uu2026-04-28-23-20-31-2435832.jpg\",\"keywords\":[\"Bayern Munique\",\"desporto\",\"futebol\",\"Kompany\",\"Paris Saint-Germain\",\"treinadores\"],\"articleSection\":[\"Desporto\",\"Futebol\"],\"inLanguage\":\"pt-PT\"},{\"@type\":\"WebPage\",\"@id\":\"https:\/\/portaltela.pt\/noticias\/2026\/04\/28\/luis-enrique-e-kompany-vivenciam-momento-exemplar-apos-psg-bayern\/\",\"url\":\"https:\/\/portaltela.pt\/noticias\/2026\/04\/28\/luis-enrique-e-kompany-vivenciam-momento-exemplar-apos-psg-bayern\/\",\"name\":\"Luis Enrique e Kompany vivenciam momento exemplar ap\u00f3s PSG-Bayern - Portal Tela Portugal\",\"isPartOf\":{\"@id\":\"https:\/\/portaltela.pt\/#website\"},\"primaryImageOfPage\":{\"@id\":\"https:\/\/portaltela.pt\/noticias\/2026\/04\/28\/luis-enrique-e-kompany-vivenciam-momento-exemplar-apos-psg-bayern\/#primaryimage\"},\"image\":{\"@id\":\"https:\/\/portaltela.pt\/noticias\/2026\/04\/28\/luis-enrique-e-kompany-vivenciam-momento-exemplar-apos-psg-bayern\/#primaryimage\"},\"thumbnailUrl\":\"https:\/\/portaltela.pt\/s.01k8rhncp4jt1\/2026\/04\/img_1200x721uu2026-04-28-23-20-31-2435832.jpg\",\"datePublished\":\"2026-04-28T22:33:14+00:00\",\"author\":{\"@id\":\"https:\/\/portaltela.pt\/#\/schema\/person\/c4278d4a6028830caff9ee44b42d32ed\"},\"breadcrumb\":{\"@id\":\"https:\/\/portaltela.pt\/noticias\/2026\/04\/28\/luis-enrique-e-kompany-vivenciam-momento-exemplar-apos-psg-bayern\/#breadcrumb\"},\"inLanguage\":\"pt-PT\",\"potentialAction\":[{\"@type\":\"ReadAction\",\"target\":[\"https:\/\/portaltela.pt\/noticias\/2026\/04\/28\/luis-enrique-e-kompany-vivenciam-momento-exemplar-apos-psg-bayern\/\"]}]},{\"@type\":\"ImageObject\",\"inLanguage\":\"pt-PT\",\"@id\":\"https:\/\/portaltela.pt\/noticias\/2026\/04\/28\/luis-enrique-e-kompany-vivenciam-momento-exemplar-apos-psg-bayern\/#primaryimage\",\"url\":\"https:\/\/portaltela.pt\/s.01k8rhncp4jt1\/2026\/04\/img_1200x721uu2026-04-28-23-20-31-2435832.jpg\",\"contentUrl\":\"https:\/\/portaltela.pt\/s.01k8rhncp4jt1\/2026\/04\/img_1200x721uu2026-04-28-23-20-31-2435832.jpg\",\"width\":796,\"height\":448,\"caption\":\"Um hino ao futebol at\u00e9 fora dos bancos: o incr\u00edvel momento entre Luis Enrique e Kompany ap\u00f3s o PSG-Bayern\"},{\"@type\":\"BreadcrumbList\",\"@id\":\"https:\/\/portaltela.pt\/noticias\/2026\/04\/28\/luis-enrique-e-kompany-vivenciam-momento-exemplar-apos-psg-bayern\/#breadcrumb\",\"itemListElement\":[{\"@type\":\"ListItem\",\"position\":1,\"name\":\"In\u00edcio\",\"item\":\"https:\/\/portaltela.pt\/\"},{\"@type\":\"ListItem\",\"position\":2,\"name\":\"Luis Enrique e Kompany vivenciam momento exemplar ap\u00f3s PSG-Bayern\"}]},{\"@type\":\"WebSite\",\"@id\":\"https:\/\/portaltela.pt\/#website\",\"url\":\"https:\/\/portaltela.pt\/\",\"name\":\"Portal Tela Portugal\",\"description\":\"\",\"potentialAction\":[{\"@type\":\"SearchAction\",\"target\":{\"@type\":\"EntryPoint\",\"urlTemplate\":\"https:\/\/portaltela.pt\/?s={search_term_string}\"},\"query-input\":{\"@type\":\"PropertyValueSpecification\",\"valueRequired\":true,\"valueName\":\"search_term_string\"}}],\"inLanguage\":\"pt-PT\"},{\"@type\":\"Person\",\"@id\":\"https:\/\/portaltela.pt\/#\/schema\/person\/c4278d4a6028830caff9ee44b42d32ed\",\"name\":\"Telinha\",\"image\":{\"@type\":\"ImageObject\",\"inLanguage\":\"pt-PT\",\"@id\":\"https:\/\/portaltela.pt\/s.01k8rhncp4jt1\/2025\/11\/talking-bot-125x125.png\",\"url\":\"https:\/\/portaltela.pt\/s.01k8rhncp4jt1\/2025\/11\/talking-bot-125x125.png\",\"contentUrl\":\"https:\/\/portaltela.pt\/s.01k8rhncp4jt1\/2025\/11\/talking-bot-125x125.png\",\"caption\":\"Telinha\"},\"sameAs\":[\"https:\/\/portaltela.pt\/\"],\"url\":\"https:\/\/portaltela.pt\/por\/367410592786\/\"}]}<\/script>\n<!-- \/ Yoast SEO plugin. -->","yoast_head_json":{"title":"Luis Enrique e Kompany vivenciam momento exemplar ap\u00f3s PSG-Bayern - Portal Tela Portugal","robots":{"index":"index","follow":"follow","max-snippet":"max-snippet:-1","max-image-preview":"max-image-preview:large","max-video-preview":"max-video-preview:-1"},"og_locale":"pt_PT","og_type":"article","og_title":"Luis Enrique e Kompany vivenciam momento exemplar ap\u00f3s PSG-Bayern - Portal Tela Portugal","og_description":"Nesta ter\u00e7a-feira, o treinador do PSG, Luis Enrique, e Vincent Kompany, treinador do Bayern, protagonizaram uma troca de a\u00e7\u00f5es acesas nos bancos durante o jogo PSG-Bayern. O duelo entre as duas equipas continuou dentro de campo, com as equipas a oferecer um bom exemplo para o futebol. No final, ambos os t\u00e9cnicos mostraram bom humor e fizeram-se notar na zona de entrevistas r\u00e1pidas. O momento destacou o esp\u00edrito competitivo entre as duas forma\u00e7\u00f5es, sem identificar incidentes mais graves.","og_url":"https:\/\/portaltela.pt\/noticias\/2026\/04\/28\/luis-enrique-e-kompany-vivenciam-momento-exemplar-apos-psg-bayern\/","og_site_name":"Portal Tela Portugal","article_published_time":"2026-04-28T22:33:14+00:00","author":"Telinha","twitter_card":"summary_large_image","twitter_misc":{"Escrito por":"Telinha","Tempo estimado de leitura":"1 minuto"},"schema":{"@context":"https:\/\/schema.org","@graph":[{"@type":"Article","@id":"https:\/\/portaltela.pt\/noticias\/2026\/04\/28\/luis-enrique-e-kompany-vivenciam-momento-exemplar-apos-psg-bayern\/#article","isPartOf":{"@id":"https:\/\/portaltela.pt\/noticias\/2026\/04\/28\/luis-enrique-e-kompany-vivenciam-momento-exemplar-apos-psg-bayern\/"},"author":{"name":"Telinha","@id":"https:\/\/portaltela.pt\/#\/schema\/person\/c4278d4a6028830caff9ee44b42d32ed"},"headline":"Luis Enrique e Kompany vivenciam momento exemplar ap\u00f3s PSG-Bayern","datePublished":"2026-04-28T22:33:14+00:00","mainEntityOfPage":{"@id":"https:\/\/portaltela.pt\/noticias\/2026\/04\/28\/luis-enrique-e-kompany-vivenciam-momento-exemplar-apos-psg-bayern\/"},"wordCount":143,"image":{"@id":"https:\/\/portaltela.pt\/noticias\/2026\/04\/28\/luis-enrique-e-kompany-vivenciam-momento-exemplar-apos-psg-bayern\/#primaryimage"},"thumbnailUrl":"https:\/\/portaltela.pt\/s.01k8rhncp4jt1\/2026\/04\/img_1200x721uu2026-04-28-23-20-31-2435832.jpg","keywords":["Bayern Munique","desporto","futebol","Kompany","Paris Saint-Germain","treinadores"],"articleSection":["Desporto","Futebol"],"inLanguage":"pt-PT"},{"@type":"WebPage","@id":"https:\/\/portaltela.pt\/noticias\/2026\/04\/28\/luis-enrique-e-kompany-vivenciam-momento-exemplar-apos-psg-bayern\/","url":"https:\/\/portaltela.pt\/noticias\/2026\/04\/28\/luis-enrique-e-kompany-vivenciam-momento-exemplar-apos-psg-bayern\/","name":"Luis Enrique e Kompany vivenciam momento exemplar ap\u00f3s PSG-Bayern - Portal Tela Portugal","isPartOf":{"@id":"https:\/\/portaltela.pt\/#website"},"primaryImageOfPage":{"@id":"https:\/\/portaltela.pt\/noticias\/2026\/04\/28\/luis-enrique-e-kompany-vivenciam-momento-exemplar-apos-psg-bayern\/#primaryimage"},"image":{"@id":"https:\/\/portaltela.pt\/noticias\/2026\/04\/28\/luis-enrique-e-kompany-vivenciam-momento-exemplar-apos-psg-bayern\/#primaryimage"},"thumbnailUrl":"https:\/\/portaltela.pt\/s.01k8rhncp4jt1\/2026\/04\/img_1200x721uu2026-04-28-23-20-31-2435832.jpg","datePublished":"2026-04-28T22:33:14+00:00","author":{"@id":"https:\/\/portaltela.pt\/#\/schema\/person\/c4278d4a6028830caff9ee44b42d32ed"},"breadcrumb":{"@id":"https:\/\/portaltela.pt\/noticias\/2026\/04\/28\/luis-enrique-e-kompany-vivenciam-momento-exemplar-apos-psg-bayern\/#breadcrumb"},"inLanguage":"pt-PT","potentialAction":[{"@type":"ReadAction","target":["https:\/\/portaltela.pt\/noticias\/2026\/04\/28\/luis-enrique-e-kompany-vivenciam-momento-exemplar-apos-psg-bayern\/"]}]},{"@type":"ImageObject","inLanguage":"pt-PT","@id":"https:\/\/portaltela.pt\/noticias\/2026\/04\/28\/luis-enrique-e-kompany-vivenciam-momento-exemplar-apos-psg-bayern\/#primaryimage","url":"https:\/\/portaltela.pt\/s.01k8rhncp4jt1\/2026\/04\/img_1200x721uu2026-04-28-23-20-31-2435832.jpg","contentUrl":"https:\/\/portaltela.pt\/s.01k8rhncp4jt1\/2026\/04\/img_1200x721uu2026-04-28-23-20-31-2435832.jpg","width":796,"height":448,"caption":"Um hino ao futebol at\u00e9 fora dos bancos: o incr\u00edvel momento entre Luis Enrique e Kompany ap\u00f3s o PSG-Bayern"},{"@type":"BreadcrumbList","@id":"https:\/\/portaltela.pt\/noticias\/2026\/04\/28\/luis-enrique-e-kompany-vivenciam-momento-exemplar-apos-psg-bayern\/#breadcrumb","itemListElement":[{"@type":"ListItem","position":1,"name":"In\u00edcio","item":"https:\/\/portaltela.pt\/"},{"@type":"ListItem","position":2,"name":"Luis Enrique e Kompany vivenciam momento exemplar ap\u00f3s PSG-Bayern"}]},{"@type":"WebSite","@id":"https:\/\/portaltela.pt\/#website","url":"https:\/\/portaltela.pt\/","name":"Portal Tela Portugal","description":"","potentialAction":[{"@type":"SearchAction","target":{"@type":"EntryPoint","urlTemplate":"https:\/\/portaltela.pt\/?s={search_term_string}"},"query-input":{"@type":"PropertyValueSpecification","valueRequired":true,"valueName":"search_term_string"}}],"inLanguage":"pt-PT"},{"@type":"Person","@id":"https:\/\/portaltela.pt\/#\/schema\/person\/c4278d4a6028830caff9ee44b42d32ed","name":"Telinha","image":{"@type":"ImageObject","inLanguage":"pt-PT","@id":"https:\/\/portaltela.pt\/s.01k8rhncp4jt1\/2025\/11\/talking-bot-125x125.png","url":"https:\/\/portaltela.pt\/s.01k8rhncp4jt1\/2025\/11\/talking-bot-125x125.png","contentUrl":"https:\/\/portaltela.pt\/s.01k8rhncp4jt1\/2025\/11\/talking-bot-125x125.png","caption":"Telinha"},"sameAs":["https:\/\/portaltela.pt\/"],"url":"https:\/\/portaltela.pt\/por\/367410592786\/"}]}},"_links":{"self":[{"href":"https:\/\/portaltela.pt\/api\/wp\/v2\/posts\/460571","targetHints":{"allow":["GET"]}}],"collection":[{"href":"https:\/\/portaltela.pt\/api\/wp\/v2\/posts"}],"about":[{"href":"https:\/\/portaltela.pt\/api\/wp\/v2\/types\/post"}],"author":[{"embeddable":true,"href":"https:\/\/portaltela.pt\/api\/wp\/v2\/users\/2"}],"replies":[{"embeddable":true,"href":"https:\/\/portaltela.pt\/api\/wp\/v2\/comments?post=460571"}],"version-history":[{"count":0,"href":"https:\/\/portaltela.pt\/api\/wp\/v2\/posts\/460571\/revisions"}],"wp:featuredmedia":[{"embeddable":true,"href":"https:\/\/portaltela.pt\/api\/wp\/v2\/media\/460574"}],"wp:attachment":[{"href":"https:\/\/portaltela.pt\/api\/wp\/v2\/media?parent=460571"}],"wp:term":[{"taxonomy":"category","embeddable":true,"href":"https:\/\/portaltela.pt\/api\/wp\/v2\/categories?post=460571"},{"taxonomy":"post_tag","embeddable":true,"href":"https:\/\/portaltela.pt\/api\/wp\/v2\/tags?post=460571"}],"curies":[{"name":"wp","href":"https:\/\/api.w.org\/{rel}","templated":true}]}}