{"id":460568,"date":"2026-04-28T19:33:09","date_gmt":"2026-04-28T22:33:09","guid":{"rendered":"https:\/\/portaltela.pt\/noticias\/2026\/04\/28\/jose-calado-diz-que-nao-basta-o-estatuto-para-um-bom-trabalho\/"},"modified":"2026-04-28T19:33:09","modified_gmt":"2026-04-28T22:33:09","slug":"jose-calado-diz-que-nao-basta-o-estatuto-para-um-bom-trabalho","status":"publish","type":"post","link":"https:\/\/portaltela.pt\/desporto\/futebol\/2026\/04\/28\/jose-calado-diz-que-nao-basta-o-estatuto-para-um-bom-trabalho\/","title":{"rendered":"Jos\u00e9 Calado diz que n\u00e3o basta o estatuto para um bom trabalho"},"content":{"rendered":"<p>O comentador Jos\u00e9 Calado, da CMTV, abordou hoje o tema da poss\u00edvel sa\u00edda de Jos\u00e9 Mourinho para o Real Madrid. A an\u00e1lise integra a cobertura do canal sobre movimentos de treinadores na Liga espanhola. A not\u00edcia surgiu na edi\u00e7\u00e3o publicada no portal da esta\u00e7\u00e3o.<\/p>\n<p>Calado comentou que, para decidir um bom futuro profissional, n\u00e3o basta o estatuto do t\u00e9cnico; fatores como continuidade, rela\u00e7\u00f5es com a dire\u00e7\u00e3o e condi\u00e7\u00f5es desportivas entram no c\u00e1lculo. O objetivo \u00e9 compreender o que pode influenciar a decis\u00e3o de Mourinho.<\/p>\n<p>Segundo o CM Jornal, o debate circula entre press\u00f5es de mercado e estrat\u00e9gias dos clubes. Mourinho ainda n\u00e3o confirmou sa\u00edda, mas o tema volta a ganhar for\u00e7a entre especialistas e f\u00e3s do futebol europeu.<\/p>\n<h3>Coment\u00e1rio de Jos\u00e9 Calado<\/h3>\n<p>Calado enfatizou que decis\u00f5es de alto n\u00edvel dependem de mais que reconhecimentos institucionais. A an\u00e1lise manteve o foco na poss\u00edvel conjuga\u00e7\u00e3o entre ambi\u00e7\u00f5es do treinador e o projeto do Real Madrid.<\/p>\n<p>A discuss\u00e3o aborda fatores como continuidade de projeto, retorno financeiro e impacto t\u00e9cnico, sem confirmar qualquer acordo. A reportagem permanece neutra, apresentando cen\u00e1rios poss\u00edveis sem especular sobre prazos.<\/p>\n<p>Fonte: CM Jornal, reporta a evolu\u00e7\u00e3o das tratativas e o impacto no futebol europeu. A reda\u00e7\u00e3o destaca apenas informa\u00e7\u00f5es verific\u00e1veis, sem vi\u00e9s pol\u00edtico ou opinativo.<\/p>\n","protected":false},"excerpt":{"rendered":"<ul>\n<li>Jos\u00e9 Calado, comentador da CMTV, afirma que para fazer um bom trabalho n\u00e3o basta ter estatuto.<\/li>\n<li>O tema em debate \u00e9 a poss\u00edvel sa\u00edda de Mourinho para o Real Madrid.<\/li>\n<li>A an\u00e1lise baseia-se na perspetiva da CMTV sobre o assunto.<\/li>\n<li>Publica\u00e7\u00e3o ocorreu em 28 de abril de 2026 \u00e0s 23:19.<\/li>\n<li>O texto fornecido n\u00e3o apresenta detalhes adicionais sobre o caso.<\/li>\n<\/ul>\n","protected":false},"author":2,"featured_media":460575,"comment_status":"closed","ping_status":"closed","sticky":false,"template":"","format":"standard","meta":{"footnotes":""},"categories":[21,24],"tags":[32,3338,3310,2714,2477],"class_list":["post-460568","post","type-post","status-publish","format-standard","has-post-thumbnail","hentry","category-desporto","category-futebol","tag-futebol","tag-futebol-internacional","tag-mourinho","tag-real-madrid","tag-treinadores"],"yoast_head":"<!-- This site is optimized with the Yoast SEO plugin v27.2 - https:\/\/yoast.com\/product\/yoast-seo-wordpress\/ -->\n<title>Jos\u00e9 Calado diz que n\u00e3o basta o estatuto para um bom trabalho - Portal Tela Portugal<\/title>\n<meta name=\"robots\" content=\"index, follow, max-snippet:-1, max-image-preview:large, max-video-preview:-1\" \/>\n<meta property=\"og:locale\" content=\"pt_PT\" \/>\n<meta property=\"og:type\" content=\"article\" \/>\n<meta property=\"og:title\" content=\"Jos\u00e9 Calado diz que n\u00e3o basta o estatuto para um bom trabalho - Portal Tela Portugal\" \/>\n<meta property=\"og:description\" content=\"Jos\u00e9 Calado, comentador da CMTV, afirma que para fazer um bom trabalho n\u00e3o basta ter estatuto. O tema em debate \u00e9 a poss\u00edvel sa\u00edda de Mourinho para o Real Madrid. A an\u00e1lise baseia-se na perspetiva da CMTV sobre o assunto. Publica\u00e7\u00e3o ocorreu em 28 de abril de 2026 \u00e0s 23:19. O texto fornecido n\u00e3o apresenta detalhes adicionais sobre o caso.\" \/>\n<meta property=\"og:url\" content=\"https:\/\/portaltela.pt\/noticias\/2026\/04\/28\/jose-calado-diz-que-nao-basta-o-estatuto-para-um-bom-trabalho\/\" \/>\n<meta property=\"og:site_name\" content=\"Portal Tela Portugal\" \/>\n<meta property=\"article:published_time\" content=\"2026-04-28T22:33:09+00:00\" \/>\n<meta name=\"author\" content=\"Telinha\" \/>\n<meta name=\"twitter:card\" content=\"summary_large_image\" \/>\n<meta name=\"twitter:label1\" content=\"Escrito por\" \/>\n\t<meta name=\"twitter:data1\" content=\"Telinha\" \/>\n\t<meta name=\"twitter:label2\" content=\"Tempo estimado de leitura\" \/>\n\t<meta name=\"twitter:data2\" content=\"1 minuto\" \/>\n<script type=\"application\/ld+json\" class=\"yoast-schema-graph\">{\"@context\":\"https:\/\/schema.org\",\"@graph\":[{\"@type\":\"Article\",\"@id\":\"https:\/\/portaltela.pt\/noticias\/2026\/04\/28\/jose-calado-diz-que-nao-basta-o-estatuto-para-um-bom-trabalho\/#article\",\"isPartOf\":{\"@id\":\"https:\/\/portaltela.pt\/noticias\/2026\/04\/28\/jose-calado-diz-que-nao-basta-o-estatuto-para-um-bom-trabalho\/\"},\"author\":{\"name\":\"Telinha\",\"@id\":\"https:\/\/portaltela.pt\/#\/schema\/person\/c4278d4a6028830caff9ee44b42d32ed\"},\"headline\":\"Jos\u00e9 Calado diz que n\u00e3o basta o estatuto para um bom trabalho\",\"datePublished\":\"2026-04-28T22:33:09+00:00\",\"mainEntityOfPage\":{\"@id\":\"https:\/\/portaltela.pt\/noticias\/2026\/04\/28\/jose-calado-diz-que-nao-basta-o-estatuto-para-um-bom-trabalho\/\"},\"wordCount\":254,\"image\":{\"@id\":\"https:\/\/portaltela.pt\/noticias\/2026\/04\/28\/jose-calado-diz-que-nao-basta-o-estatuto-para-um-bom-trabalho\/#primaryimage\"},\"thumbnailUrl\":\"https:\/\/portaltela.pt\/s.01k8rhncp4jt1\/2026\/04\/img_1280x722uu2026-04-28-23-18-29-2281726.jpg\",\"keywords\":[\"futebol\",\"futebol internacional\",\"Mourinho\",\"Real Madrid\",\"treinadores\"],\"articleSection\":[\"Desporto\",\"Futebol\"],\"inLanguage\":\"pt-PT\"},{\"@type\":\"WebPage\",\"@id\":\"https:\/\/portaltela.pt\/noticias\/2026\/04\/28\/jose-calado-diz-que-nao-basta-o-estatuto-para-um-bom-trabalho\/\",\"url\":\"https:\/\/portaltela.pt\/noticias\/2026\/04\/28\/jose-calado-diz-que-nao-basta-o-estatuto-para-um-bom-trabalho\/\",\"name\":\"Jos\u00e9 Calado diz que n\u00e3o basta o estatuto para um bom trabalho - Portal Tela Portugal\",\"isPartOf\":{\"@id\":\"https:\/\/portaltela.pt\/#website\"},\"primaryImageOfPage\":{\"@id\":\"https:\/\/portaltela.pt\/noticias\/2026\/04\/28\/jose-calado-diz-que-nao-basta-o-estatuto-para-um-bom-trabalho\/#primaryimage\"},\"image\":{\"@id\":\"https:\/\/portaltela.pt\/noticias\/2026\/04\/28\/jose-calado-diz-que-nao-basta-o-estatuto-para-um-bom-trabalho\/#primaryimage\"},\"thumbnailUrl\":\"https:\/\/portaltela.pt\/s.01k8rhncp4jt1\/2026\/04\/img_1280x722uu2026-04-28-23-18-29-2281726.jpg\",\"datePublished\":\"2026-04-28T22:33:09+00:00\",\"author\":{\"@id\":\"https:\/\/portaltela.pt\/#\/schema\/person\/c4278d4a6028830caff9ee44b42d32ed\"},\"breadcrumb\":{\"@id\":\"https:\/\/portaltela.pt\/noticias\/2026\/04\/28\/jose-calado-diz-que-nao-basta-o-estatuto-para-um-bom-trabalho\/#breadcrumb\"},\"inLanguage\":\"pt-PT\",\"potentialAction\":[{\"@type\":\"ReadAction\",\"target\":[\"https:\/\/portaltela.pt\/noticias\/2026\/04\/28\/jose-calado-diz-que-nao-basta-o-estatuto-para-um-bom-trabalho\/\"]}]},{\"@type\":\"ImageObject\",\"inLanguage\":\"pt-PT\",\"@id\":\"https:\/\/portaltela.pt\/noticias\/2026\/04\/28\/jose-calado-diz-que-nao-basta-o-estatuto-para-um-bom-trabalho\/#primaryimage\",\"url\":\"https:\/\/portaltela.pt\/s.01k8rhncp4jt1\/2026\/04\/img_1280x722uu2026-04-28-23-18-29-2281726.jpg\",\"contentUrl\":\"https:\/\/portaltela.pt\/s.01k8rhncp4jt1\/2026\/04\/img_1280x722uu2026-04-28-23-18-29-2281726.jpg\",\"width\":796,\"height\":448,\"caption\":\"Jos\u00e9 Calado: \\\"Para fazer um bom trabalho, n\u00e3o vale s\u00f3 o estatuto\\\"\"},{\"@type\":\"BreadcrumbList\",\"@id\":\"https:\/\/portaltela.pt\/noticias\/2026\/04\/28\/jose-calado-diz-que-nao-basta-o-estatuto-para-um-bom-trabalho\/#breadcrumb\",\"itemListElement\":[{\"@type\":\"ListItem\",\"position\":1,\"name\":\"In\u00edcio\",\"item\":\"https:\/\/portaltela.pt\/\"},{\"@type\":\"ListItem\",\"position\":2,\"name\":\"Jos\u00e9 Calado diz que n\u00e3o basta o estatuto para um bom trabalho\"}]},{\"@type\":\"WebSite\",\"@id\":\"https:\/\/portaltela.pt\/#website\",\"url\":\"https:\/\/portaltela.pt\/\",\"name\":\"Portal Tela Portugal\",\"description\":\"\",\"potentialAction\":[{\"@type\":\"SearchAction\",\"target\":{\"@type\":\"EntryPoint\",\"urlTemplate\":\"https:\/\/portaltela.pt\/?s={search_term_string}\"},\"query-input\":{\"@type\":\"PropertyValueSpecification\",\"valueRequired\":true,\"valueName\":\"search_term_string\"}}],\"inLanguage\":\"pt-PT\"},{\"@type\":\"Person\",\"@id\":\"https:\/\/portaltela.pt\/#\/schema\/person\/c4278d4a6028830caff9ee44b42d32ed\",\"name\":\"Telinha\",\"image\":{\"@type\":\"ImageObject\",\"inLanguage\":\"pt-PT\",\"@id\":\"https:\/\/portaltela.pt\/s.01k8rhncp4jt1\/2025\/11\/talking-bot-125x125.png\",\"url\":\"https:\/\/portaltela.pt\/s.01k8rhncp4jt1\/2025\/11\/talking-bot-125x125.png\",\"contentUrl\":\"https:\/\/portaltela.pt\/s.01k8rhncp4jt1\/2025\/11\/talking-bot-125x125.png\",\"caption\":\"Telinha\"},\"sameAs\":[\"https:\/\/portaltela.pt\/\"],\"url\":\"https:\/\/portaltela.pt\/por\/367410592786\/\"}]}<\/script>\n<!-- \/ Yoast SEO plugin. -->","yoast_head_json":{"title":"Jos\u00e9 Calado diz que n\u00e3o basta o estatuto para um bom trabalho - Portal Tela Portugal","robots":{"index":"index","follow":"follow","max-snippet":"max-snippet:-1","max-image-preview":"max-image-preview:large","max-video-preview":"max-video-preview:-1"},"og_locale":"pt_PT","og_type":"article","og_title":"Jos\u00e9 Calado diz que n\u00e3o basta o estatuto para um bom trabalho - Portal Tela Portugal","og_description":"Jos\u00e9 Calado, comentador da CMTV, afirma que para fazer um bom trabalho n\u00e3o basta ter estatuto. O tema em debate \u00e9 a poss\u00edvel sa\u00edda de Mourinho para o Real Madrid. A an\u00e1lise baseia-se na perspetiva da CMTV sobre o assunto. Publica\u00e7\u00e3o ocorreu em 28 de abril de 2026 \u00e0s 23:19. O texto fornecido n\u00e3o apresenta detalhes adicionais sobre o caso.","og_url":"https:\/\/portaltela.pt\/noticias\/2026\/04\/28\/jose-calado-diz-que-nao-basta-o-estatuto-para-um-bom-trabalho\/","og_site_name":"Portal Tela Portugal","article_published_time":"2026-04-28T22:33:09+00:00","author":"Telinha","twitter_card":"summary_large_image","twitter_misc":{"Escrito por":"Telinha","Tempo estimado de leitura":"1 minuto"},"schema":{"@context":"https:\/\/schema.org","@graph":[{"@type":"Article","@id":"https:\/\/portaltela.pt\/noticias\/2026\/04\/28\/jose-calado-diz-que-nao-basta-o-estatuto-para-um-bom-trabalho\/#article","isPartOf":{"@id":"https:\/\/portaltela.pt\/noticias\/2026\/04\/28\/jose-calado-diz-que-nao-basta-o-estatuto-para-um-bom-trabalho\/"},"author":{"name":"Telinha","@id":"https:\/\/portaltela.pt\/#\/schema\/person\/c4278d4a6028830caff9ee44b42d32ed"},"headline":"Jos\u00e9 Calado diz que n\u00e3o basta o estatuto para um bom trabalho","datePublished":"2026-04-28T22:33:09+00:00","mainEntityOfPage":{"@id":"https:\/\/portaltela.pt\/noticias\/2026\/04\/28\/jose-calado-diz-que-nao-basta-o-estatuto-para-um-bom-trabalho\/"},"wordCount":254,"image":{"@id":"https:\/\/portaltela.pt\/noticias\/2026\/04\/28\/jose-calado-diz-que-nao-basta-o-estatuto-para-um-bom-trabalho\/#primaryimage"},"thumbnailUrl":"https:\/\/portaltela.pt\/s.01k8rhncp4jt1\/2026\/04\/img_1280x722uu2026-04-28-23-18-29-2281726.jpg","keywords":["futebol","futebol internacional","Mourinho","Real Madrid","treinadores"],"articleSection":["Desporto","Futebol"],"inLanguage":"pt-PT"},{"@type":"WebPage","@id":"https:\/\/portaltela.pt\/noticias\/2026\/04\/28\/jose-calado-diz-que-nao-basta-o-estatuto-para-um-bom-trabalho\/","url":"https:\/\/portaltela.pt\/noticias\/2026\/04\/28\/jose-calado-diz-que-nao-basta-o-estatuto-para-um-bom-trabalho\/","name":"Jos\u00e9 Calado diz que n\u00e3o basta o estatuto para um bom trabalho - Portal Tela Portugal","isPartOf":{"@id":"https:\/\/portaltela.pt\/#website"},"primaryImageOfPage":{"@id":"https:\/\/portaltela.pt\/noticias\/2026\/04\/28\/jose-calado-diz-que-nao-basta-o-estatuto-para-um-bom-trabalho\/#primaryimage"},"image":{"@id":"https:\/\/portaltela.pt\/noticias\/2026\/04\/28\/jose-calado-diz-que-nao-basta-o-estatuto-para-um-bom-trabalho\/#primaryimage"},"thumbnailUrl":"https:\/\/portaltela.pt\/s.01k8rhncp4jt1\/2026\/04\/img_1280x722uu2026-04-28-23-18-29-2281726.jpg","datePublished":"2026-04-28T22:33:09+00:00","author":{"@id":"https:\/\/portaltela.pt\/#\/schema\/person\/c4278d4a6028830caff9ee44b42d32ed"},"breadcrumb":{"@id":"https:\/\/portaltela.pt\/noticias\/2026\/04\/28\/jose-calado-diz-que-nao-basta-o-estatuto-para-um-bom-trabalho\/#breadcrumb"},"inLanguage":"pt-PT","potentialAction":[{"@type":"ReadAction","target":["https:\/\/portaltela.pt\/noticias\/2026\/04\/28\/jose-calado-diz-que-nao-basta-o-estatuto-para-um-bom-trabalho\/"]}]},{"@type":"ImageObject","inLanguage":"pt-PT","@id":"https:\/\/portaltela.pt\/noticias\/2026\/04\/28\/jose-calado-diz-que-nao-basta-o-estatuto-para-um-bom-trabalho\/#primaryimage","url":"https:\/\/portaltela.pt\/s.01k8rhncp4jt1\/2026\/04\/img_1280x722uu2026-04-28-23-18-29-2281726.jpg","contentUrl":"https:\/\/portaltela.pt\/s.01k8rhncp4jt1\/2026\/04\/img_1280x722uu2026-04-28-23-18-29-2281726.jpg","width":796,"height":448,"caption":"Jos\u00e9 Calado: \"Para fazer um bom trabalho, n\u00e3o vale s\u00f3 o estatuto\""},{"@type":"BreadcrumbList","@id":"https:\/\/portaltela.pt\/noticias\/2026\/04\/28\/jose-calado-diz-que-nao-basta-o-estatuto-para-um-bom-trabalho\/#breadcrumb","itemListElement":[{"@type":"ListItem","position":1,"name":"In\u00edcio","item":"https:\/\/portaltela.pt\/"},{"@type":"ListItem","position":2,"name":"Jos\u00e9 Calado diz que n\u00e3o basta o estatuto para um bom trabalho"}]},{"@type":"WebSite","@id":"https:\/\/portaltela.pt\/#website","url":"https:\/\/portaltela.pt\/","name":"Portal Tela Portugal","description":"","potentialAction":[{"@type":"SearchAction","target":{"@type":"EntryPoint","urlTemplate":"https:\/\/portaltela.pt\/?s={search_term_string}"},"query-input":{"@type":"PropertyValueSpecification","valueRequired":true,"valueName":"search_term_string"}}],"inLanguage":"pt-PT"},{"@type":"Person","@id":"https:\/\/portaltela.pt\/#\/schema\/person\/c4278d4a6028830caff9ee44b42d32ed","name":"Telinha","image":{"@type":"ImageObject","inLanguage":"pt-PT","@id":"https:\/\/portaltela.pt\/s.01k8rhncp4jt1\/2025\/11\/talking-bot-125x125.png","url":"https:\/\/portaltela.pt\/s.01k8rhncp4jt1\/2025\/11\/talking-bot-125x125.png","contentUrl":"https:\/\/portaltela.pt\/s.01k8rhncp4jt1\/2025\/11\/talking-bot-125x125.png","caption":"Telinha"},"sameAs":["https:\/\/portaltela.pt\/"],"url":"https:\/\/portaltela.pt\/por\/367410592786\/"}]}},"_links":{"self":[{"href":"https:\/\/portaltela.pt\/api\/wp\/v2\/posts\/460568","targetHints":{"allow":["GET"]}}],"collection":[{"href":"https:\/\/portaltela.pt\/api\/wp\/v2\/posts"}],"about":[{"href":"https:\/\/portaltela.pt\/api\/wp\/v2\/types\/post"}],"author":[{"embeddable":true,"href":"https:\/\/portaltela.pt\/api\/wp\/v2\/users\/2"}],"replies":[{"embeddable":true,"href":"https:\/\/portaltela.pt\/api\/wp\/v2\/comments?post=460568"}],"version-history":[{"count":0,"href":"https:\/\/portaltela.pt\/api\/wp\/v2\/posts\/460568\/revisions"}],"wp:featuredmedia":[{"embeddable":true,"href":"https:\/\/portaltela.pt\/api\/wp\/v2\/media\/460575"}],"wp:attachment":[{"href":"https:\/\/portaltela.pt\/api\/wp\/v2\/media?parent=460568"}],"wp:term":[{"taxonomy":"category","embeddable":true,"href":"https:\/\/portaltela.pt\/api\/wp\/v2\/categories?post=460568"},{"taxonomy":"post_tag","embeddable":true,"href":"https:\/\/portaltela.pt\/api\/wp\/v2\/tags?post=460568"}],"curies":[{"name":"wp","href":"https:\/\/api.w.org\/{rel}","templated":true}]}}