{"id":460566,"date":"2026-04-28T19:33:07","date_gmt":"2026-04-28T22:33:07","guid":{"rendered":"https:\/\/portaltela.pt\/noticias\/2026\/04\/28\/nuno-dias-diz-que-mourinho-deu-muitas-pistas-a-rui-costa\/"},"modified":"2026-04-28T19:33:07","modified_gmt":"2026-04-28T22:33:07","slug":"nuno-dias-diz-que-mourinho-deu-muitas-pistas-a-rui-costa","status":"publish","type":"post","link":"https:\/\/portaltela.pt\/desporto\/futebol\/2026\/04\/28\/nuno-dias-diz-que-mourinho-deu-muitas-pistas-a-rui-costa\/","title":{"rendered":"Nuno Dias diz que Mourinho deu muitas pistas a Rui Costa"},"content":{"rendered":"<p>Nuno Dias afirma que Mourinho deixou v\u00e1rias pistas a Rui Costa, numa leitura feita por comentadores da CMTV. A abordagem \u00e9 encarada como indicadora de tens\u00f5es internas no seio do Benfica, com foco na gest\u00e3o de Rui Costa como presidente.<\/p>\n<p>Jos\u00e9 Calado contesta a ideia de que o estatuto resolve tudo. Para o comentador, a qualidade do trabalho depende de mais do que nomes, exigindo estrat\u00e9gia, planeamento e resultados consistentes ao longo da \u00e9poca.<\/p>\n<p>Jo\u00e3o Queiroz avan\u00e7a que, se Mourinho cair, Rui Costa tamb\u00e9m poder\u00e1 enfrentar consequ\u00eancias no futuro, numa l\u00f3gica de responsabilidade partilhada entre treinador e dire\u00e7\u00e3o. As declara\u00e7\u00f5es foram recebidas com cautela por analistas.<\/p>\n<h3>An\u00e1lise de especialistas sobre Mourinho e Rui Costa<\/h3>\n<p>Jorge Amaral aponta que, caso o Benfica n\u00e3o conquiste trof\u00e9us, poder\u00e3o ocorrer altera\u00e7\u00f5es no plantel e na equipa t\u00e9cnica. Outro coment\u00e1rio dele sugere que a perman\u00eancia de Mourinho pode favorecer ambas as partes, desde que haja projec\u00e7\u00e3o desportiva.<\/p>\n<p>Jorge Amaral tamb\u00e9m indicou que, na perspetiva dele, manter Mourinho pode ser ben\u00e9fico para o clube, desde que haja resultados consistentes. O tema acompanha a discuss\u00e3o p\u00fablica sobre lideran\u00e7a t\u00e9cnica no clube.<\/p>\n<h3>Outras not\u00edcias em destaque<\/h3>\n<p>Inc\u00eandio de mato atingiu uma zona residencial na Florida, EUA, provocando evacua\u00e7\u00f5es e danos materiais. Imagens de opera\u00e7\u00f5es militares mostram equipas dos EUA a abordar navios comerciais suspeitos no contexto do bloqueio ao Ir\u00e3o. O Rei Carlos III afirmou que a alian\u00e7a EUA-Reino Unido n\u00e3o pode viver do passado e destacou a rela\u00e7\u00e3o entre os dois pa\u00edses num discurso no Congresso. Em Portugal, Jo\u00e3o Queiroz comentou o cen\u00e1rio desportivo, enquanto o foco principal recai sobre a continuidade de Mourinho e o desempenho do Benfica.<\/p>\n","protected":false},"excerpt":{"rendered":"<ul>\n<li>Comentador da CMTV afirma que Mourinho est\u00e1 a perder a paci\u00eancia com Rui Costa.<\/li>\n<li>Jos\u00e9 Calado diz que, para fazer um bom trabalho, n\u00e3o vale apenas o estatuto.<\/li>\n<li>Inc\u00eandio de mato atinge uma zona residencial na Florida, Estados Unidos.<\/li>\n<li>Imagens mostram militares dos Estados Unidos a abordar navios comerciais suspeitos no bloqueio ao Ir\u00e3o.<\/li>\n<li>Rei Carlos III afirma que a alian\u00e7a entre os EUA e o Reino Unido n\u00e3o pode viver do passado e real\u00e7a a rela\u00e7\u00e3o entre ambos em discurso no Congresso.<\/li>\n<\/ul>\n","protected":false},"author":2,"featured_media":460573,"comment_status":"closed","ping_status":"closed","sticky":false,"template":"","format":"standard","meta":{"footnotes":""},"categories":[21,24],"tags":[1946,32,7120,2138,6802,2139],"class_list":["post-460566","post","type-post","status-publish","format-standard","has-post-thumbnail","hentry","category-desporto","category-futebol","tag-benfica","tag-futebol","tag-gestao-desportiva","tag-jose-mourinho","tag-lideranca","tag-rui-costa"],"yoast_head":"<!-- This site is optimized with the Yoast SEO plugin v27.2 - https:\/\/yoast.com\/product\/yoast-seo-wordpress\/ -->\n<title>Nuno Dias diz que Mourinho deu muitas pistas a Rui Costa - Portal Tela Portugal<\/title>\n<meta name=\"robots\" content=\"index, follow, max-snippet:-1, max-image-preview:large, max-video-preview:-1\" \/>\n<meta property=\"og:locale\" content=\"pt_PT\" \/>\n<meta property=\"og:type\" content=\"article\" \/>\n<meta property=\"og:title\" content=\"Nuno Dias diz que Mourinho deu muitas pistas a Rui Costa - Portal Tela Portugal\" \/>\n<meta property=\"og:description\" content=\"Comentador da CMTV afirma que Mourinho est\u00e1 a perder a paci\u00eancia com Rui Costa. Jos\u00e9 Calado diz que, para fazer um bom trabalho, n\u00e3o vale apenas o estatuto. Inc\u00eandio de mato atinge uma zona residencial na Florida, Estados Unidos. Imagens mostram militares dos Estados Unidos a abordar navios comerciais suspeitos no bloqueio ao Ir\u00e3o. Rei Carlos III afirma que a alian\u00e7a entre os EUA e o Reino Unido n\u00e3o pode viver do passado e real\u00e7a a rela\u00e7\u00e3o entre ambos em discurso no Congresso.\" \/>\n<meta property=\"og:url\" content=\"https:\/\/portaltela.pt\/noticias\/2026\/04\/28\/nuno-dias-diz-que-mourinho-deu-muitas-pistas-a-rui-costa\/\" \/>\n<meta property=\"og:site_name\" content=\"Portal Tela Portugal\" \/>\n<meta property=\"article:published_time\" content=\"2026-04-28T22:33:07+00:00\" \/>\n<meta name=\"author\" content=\"Telinha\" \/>\n<meta name=\"twitter:card\" content=\"summary_large_image\" \/>\n<meta name=\"twitter:label1\" content=\"Escrito por\" \/>\n\t<meta name=\"twitter:data1\" content=\"Telinha\" \/>\n\t<meta name=\"twitter:label2\" content=\"Tempo estimado de leitura\" \/>\n\t<meta name=\"twitter:data2\" content=\"2 minutos\" \/>\n<script type=\"application\/ld+json\" class=\"yoast-schema-graph\">{\"@context\":\"https:\/\/schema.org\",\"@graph\":[{\"@type\":\"Article\",\"@id\":\"https:\/\/portaltela.pt\/noticias\/2026\/04\/28\/nuno-dias-diz-que-mourinho-deu-muitas-pistas-a-rui-costa\/#article\",\"isPartOf\":{\"@id\":\"https:\/\/portaltela.pt\/noticias\/2026\/04\/28\/nuno-dias-diz-que-mourinho-deu-muitas-pistas-a-rui-costa\/\"},\"author\":{\"name\":\"Telinha\",\"@id\":\"https:\/\/portaltela.pt\/#\/schema\/person\/c4278d4a6028830caff9ee44b42d32ed\"},\"headline\":\"Nuno Dias diz que Mourinho deu muitas pistas a Rui Costa\",\"datePublished\":\"2026-04-28T22:33:07+00:00\",\"mainEntityOfPage\":{\"@id\":\"https:\/\/portaltela.pt\/noticias\/2026\/04\/28\/nuno-dias-diz-que-mourinho-deu-muitas-pistas-a-rui-costa\/\"},\"wordCount\":319,\"image\":{\"@id\":\"https:\/\/portaltela.pt\/noticias\/2026\/04\/28\/nuno-dias-diz-que-mourinho-deu-muitas-pistas-a-rui-costa\/#primaryimage\"},\"thumbnailUrl\":\"https:\/\/portaltela.pt\/s.01k8rhncp4jt1\/2026\/04\/img_1280x722uu2026-04-28-23-20-54-2281727.jpg\",\"keywords\":[\"Benfica\",\"futebol\",\"gest\u00e3o desportiva\",\"Jos\u00e9 Mourinho\",\"lideran\u00e7a\",\"Rui Costa\"],\"articleSection\":[\"Desporto\",\"Futebol\"],\"inLanguage\":\"pt-PT\"},{\"@type\":\"WebPage\",\"@id\":\"https:\/\/portaltela.pt\/noticias\/2026\/04\/28\/nuno-dias-diz-que-mourinho-deu-muitas-pistas-a-rui-costa\/\",\"url\":\"https:\/\/portaltela.pt\/noticias\/2026\/04\/28\/nuno-dias-diz-que-mourinho-deu-muitas-pistas-a-rui-costa\/\",\"name\":\"Nuno Dias diz que Mourinho deu muitas pistas a Rui Costa - Portal Tela Portugal\",\"isPartOf\":{\"@id\":\"https:\/\/portaltela.pt\/#website\"},\"primaryImageOfPage\":{\"@id\":\"https:\/\/portaltela.pt\/noticias\/2026\/04\/28\/nuno-dias-diz-que-mourinho-deu-muitas-pistas-a-rui-costa\/#primaryimage\"},\"image\":{\"@id\":\"https:\/\/portaltela.pt\/noticias\/2026\/04\/28\/nuno-dias-diz-que-mourinho-deu-muitas-pistas-a-rui-costa\/#primaryimage\"},\"thumbnailUrl\":\"https:\/\/portaltela.pt\/s.01k8rhncp4jt1\/2026\/04\/img_1280x722uu2026-04-28-23-20-54-2281727.jpg\",\"datePublished\":\"2026-04-28T22:33:07+00:00\",\"author\":{\"@id\":\"https:\/\/portaltela.pt\/#\/schema\/person\/c4278d4a6028830caff9ee44b42d32ed\"},\"breadcrumb\":{\"@id\":\"https:\/\/portaltela.pt\/noticias\/2026\/04\/28\/nuno-dias-diz-que-mourinho-deu-muitas-pistas-a-rui-costa\/#breadcrumb\"},\"inLanguage\":\"pt-PT\",\"potentialAction\":[{\"@type\":\"ReadAction\",\"target\":[\"https:\/\/portaltela.pt\/noticias\/2026\/04\/28\/nuno-dias-diz-que-mourinho-deu-muitas-pistas-a-rui-costa\/\"]}]},{\"@type\":\"ImageObject\",\"inLanguage\":\"pt-PT\",\"@id\":\"https:\/\/portaltela.pt\/noticias\/2026\/04\/28\/nuno-dias-diz-que-mourinho-deu-muitas-pistas-a-rui-costa\/#primaryimage\",\"url\":\"https:\/\/portaltela.pt\/s.01k8rhncp4jt1\/2026\/04\/img_1280x722uu2026-04-28-23-20-54-2281727.jpg\",\"contentUrl\":\"https:\/\/portaltela.pt\/s.01k8rhncp4jt1\/2026\/04\/img_1280x722uu2026-04-28-23-20-54-2281727.jpg\",\"width\":796,\"height\":448,\"caption\":\"Photo\"},{\"@type\":\"BreadcrumbList\",\"@id\":\"https:\/\/portaltela.pt\/noticias\/2026\/04\/28\/nuno-dias-diz-que-mourinho-deu-muitas-pistas-a-rui-costa\/#breadcrumb\",\"itemListElement\":[{\"@type\":\"ListItem\",\"position\":1,\"name\":\"In\u00edcio\",\"item\":\"https:\/\/portaltela.pt\/\"},{\"@type\":\"ListItem\",\"position\":2,\"name\":\"Nuno Dias diz que Mourinho deu muitas pistas a Rui Costa\"}]},{\"@type\":\"WebSite\",\"@id\":\"https:\/\/portaltela.pt\/#website\",\"url\":\"https:\/\/portaltela.pt\/\",\"name\":\"Portal Tela Portugal\",\"description\":\"\",\"potentialAction\":[{\"@type\":\"SearchAction\",\"target\":{\"@type\":\"EntryPoint\",\"urlTemplate\":\"https:\/\/portaltela.pt\/?s={search_term_string}\"},\"query-input\":{\"@type\":\"PropertyValueSpecification\",\"valueRequired\":true,\"valueName\":\"search_term_string\"}}],\"inLanguage\":\"pt-PT\"},{\"@type\":\"Person\",\"@id\":\"https:\/\/portaltela.pt\/#\/schema\/person\/c4278d4a6028830caff9ee44b42d32ed\",\"name\":\"Telinha\",\"image\":{\"@type\":\"ImageObject\",\"inLanguage\":\"pt-PT\",\"@id\":\"https:\/\/portaltela.pt\/s.01k8rhncp4jt1\/2025\/11\/talking-bot-125x125.png\",\"url\":\"https:\/\/portaltela.pt\/s.01k8rhncp4jt1\/2025\/11\/talking-bot-125x125.png\",\"contentUrl\":\"https:\/\/portaltela.pt\/s.01k8rhncp4jt1\/2025\/11\/talking-bot-125x125.png\",\"caption\":\"Telinha\"},\"sameAs\":[\"https:\/\/portaltela.pt\/\"],\"url\":\"https:\/\/portaltela.pt\/por\/367410592786\/\"}]}<\/script>\n<!-- \/ Yoast SEO plugin. -->","yoast_head_json":{"title":"Nuno Dias diz que Mourinho deu muitas pistas a Rui Costa - Portal Tela Portugal","robots":{"index":"index","follow":"follow","max-snippet":"max-snippet:-1","max-image-preview":"max-image-preview:large","max-video-preview":"max-video-preview:-1"},"og_locale":"pt_PT","og_type":"article","og_title":"Nuno Dias diz que Mourinho deu muitas pistas a Rui Costa - Portal Tela Portugal","og_description":"Comentador da CMTV afirma que Mourinho est\u00e1 a perder a paci\u00eancia com Rui Costa. Jos\u00e9 Calado diz que, para fazer um bom trabalho, n\u00e3o vale apenas o estatuto. Inc\u00eandio de mato atinge uma zona residencial na Florida, Estados Unidos. Imagens mostram militares dos Estados Unidos a abordar navios comerciais suspeitos no bloqueio ao Ir\u00e3o. Rei Carlos III afirma que a alian\u00e7a entre os EUA e o Reino Unido n\u00e3o pode viver do passado e real\u00e7a a rela\u00e7\u00e3o entre ambos em discurso no Congresso.","og_url":"https:\/\/portaltela.pt\/noticias\/2026\/04\/28\/nuno-dias-diz-que-mourinho-deu-muitas-pistas-a-rui-costa\/","og_site_name":"Portal Tela Portugal","article_published_time":"2026-04-28T22:33:07+00:00","author":"Telinha","twitter_card":"summary_large_image","twitter_misc":{"Escrito por":"Telinha","Tempo estimado de leitura":"2 minutos"},"schema":{"@context":"https:\/\/schema.org","@graph":[{"@type":"Article","@id":"https:\/\/portaltela.pt\/noticias\/2026\/04\/28\/nuno-dias-diz-que-mourinho-deu-muitas-pistas-a-rui-costa\/#article","isPartOf":{"@id":"https:\/\/portaltela.pt\/noticias\/2026\/04\/28\/nuno-dias-diz-que-mourinho-deu-muitas-pistas-a-rui-costa\/"},"author":{"name":"Telinha","@id":"https:\/\/portaltela.pt\/#\/schema\/person\/c4278d4a6028830caff9ee44b42d32ed"},"headline":"Nuno Dias diz que Mourinho deu muitas pistas a Rui Costa","datePublished":"2026-04-28T22:33:07+00:00","mainEntityOfPage":{"@id":"https:\/\/portaltela.pt\/noticias\/2026\/04\/28\/nuno-dias-diz-que-mourinho-deu-muitas-pistas-a-rui-costa\/"},"wordCount":319,"image":{"@id":"https:\/\/portaltela.pt\/noticias\/2026\/04\/28\/nuno-dias-diz-que-mourinho-deu-muitas-pistas-a-rui-costa\/#primaryimage"},"thumbnailUrl":"https:\/\/portaltela.pt\/s.01k8rhncp4jt1\/2026\/04\/img_1280x722uu2026-04-28-23-20-54-2281727.jpg","keywords":["Benfica","futebol","gest\u00e3o desportiva","Jos\u00e9 Mourinho","lideran\u00e7a","Rui Costa"],"articleSection":["Desporto","Futebol"],"inLanguage":"pt-PT"},{"@type":"WebPage","@id":"https:\/\/portaltela.pt\/noticias\/2026\/04\/28\/nuno-dias-diz-que-mourinho-deu-muitas-pistas-a-rui-costa\/","url":"https:\/\/portaltela.pt\/noticias\/2026\/04\/28\/nuno-dias-diz-que-mourinho-deu-muitas-pistas-a-rui-costa\/","name":"Nuno Dias diz que Mourinho deu muitas pistas a Rui Costa - Portal Tela Portugal","isPartOf":{"@id":"https:\/\/portaltela.pt\/#website"},"primaryImageOfPage":{"@id":"https:\/\/portaltela.pt\/noticias\/2026\/04\/28\/nuno-dias-diz-que-mourinho-deu-muitas-pistas-a-rui-costa\/#primaryimage"},"image":{"@id":"https:\/\/portaltela.pt\/noticias\/2026\/04\/28\/nuno-dias-diz-que-mourinho-deu-muitas-pistas-a-rui-costa\/#primaryimage"},"thumbnailUrl":"https:\/\/portaltela.pt\/s.01k8rhncp4jt1\/2026\/04\/img_1280x722uu2026-04-28-23-20-54-2281727.jpg","datePublished":"2026-04-28T22:33:07+00:00","author":{"@id":"https:\/\/portaltela.pt\/#\/schema\/person\/c4278d4a6028830caff9ee44b42d32ed"},"breadcrumb":{"@id":"https:\/\/portaltela.pt\/noticias\/2026\/04\/28\/nuno-dias-diz-que-mourinho-deu-muitas-pistas-a-rui-costa\/#breadcrumb"},"inLanguage":"pt-PT","potentialAction":[{"@type":"ReadAction","target":["https:\/\/portaltela.pt\/noticias\/2026\/04\/28\/nuno-dias-diz-que-mourinho-deu-muitas-pistas-a-rui-costa\/"]}]},{"@type":"ImageObject","inLanguage":"pt-PT","@id":"https:\/\/portaltela.pt\/noticias\/2026\/04\/28\/nuno-dias-diz-que-mourinho-deu-muitas-pistas-a-rui-costa\/#primaryimage","url":"https:\/\/portaltela.pt\/s.01k8rhncp4jt1\/2026\/04\/img_1280x722uu2026-04-28-23-20-54-2281727.jpg","contentUrl":"https:\/\/portaltela.pt\/s.01k8rhncp4jt1\/2026\/04\/img_1280x722uu2026-04-28-23-20-54-2281727.jpg","width":796,"height":448,"caption":"Photo"},{"@type":"BreadcrumbList","@id":"https:\/\/portaltela.pt\/noticias\/2026\/04\/28\/nuno-dias-diz-que-mourinho-deu-muitas-pistas-a-rui-costa\/#breadcrumb","itemListElement":[{"@type":"ListItem","position":1,"name":"In\u00edcio","item":"https:\/\/portaltela.pt\/"},{"@type":"ListItem","position":2,"name":"Nuno Dias diz que Mourinho deu muitas pistas a Rui Costa"}]},{"@type":"WebSite","@id":"https:\/\/portaltela.pt\/#website","url":"https:\/\/portaltela.pt\/","name":"Portal Tela Portugal","description":"","potentialAction":[{"@type":"SearchAction","target":{"@type":"EntryPoint","urlTemplate":"https:\/\/portaltela.pt\/?s={search_term_string}"},"query-input":{"@type":"PropertyValueSpecification","valueRequired":true,"valueName":"search_term_string"}}],"inLanguage":"pt-PT"},{"@type":"Person","@id":"https:\/\/portaltela.pt\/#\/schema\/person\/c4278d4a6028830caff9ee44b42d32ed","name":"Telinha","image":{"@type":"ImageObject","inLanguage":"pt-PT","@id":"https:\/\/portaltela.pt\/s.01k8rhncp4jt1\/2025\/11\/talking-bot-125x125.png","url":"https:\/\/portaltela.pt\/s.01k8rhncp4jt1\/2025\/11\/talking-bot-125x125.png","contentUrl":"https:\/\/portaltela.pt\/s.01k8rhncp4jt1\/2025\/11\/talking-bot-125x125.png","caption":"Telinha"},"sameAs":["https:\/\/portaltela.pt\/"],"url":"https:\/\/portaltela.pt\/por\/367410592786\/"}]}},"_links":{"self":[{"href":"https:\/\/portaltela.pt\/api\/wp\/v2\/posts\/460566","targetHints":{"allow":["GET"]}}],"collection":[{"href":"https:\/\/portaltela.pt\/api\/wp\/v2\/posts"}],"about":[{"href":"https:\/\/portaltela.pt\/api\/wp\/v2\/types\/post"}],"author":[{"embeddable":true,"href":"https:\/\/portaltela.pt\/api\/wp\/v2\/users\/2"}],"replies":[{"embeddable":true,"href":"https:\/\/portaltela.pt\/api\/wp\/v2\/comments?post=460566"}],"version-history":[{"count":0,"href":"https:\/\/portaltela.pt\/api\/wp\/v2\/posts\/460566\/revisions"}],"wp:featuredmedia":[{"embeddable":true,"href":"https:\/\/portaltela.pt\/api\/wp\/v2\/media\/460573"}],"wp:attachment":[{"href":"https:\/\/portaltela.pt\/api\/wp\/v2\/media?parent=460566"}],"wp:term":[{"taxonomy":"category","embeddable":true,"href":"https:\/\/portaltela.pt\/api\/wp\/v2\/categories?post=460566"},{"taxonomy":"post_tag","embeddable":true,"href":"https:\/\/portaltela.pt\/api\/wp\/v2\/tags?post=460566"}],"curies":[{"name":"wp","href":"https:\/\/api.w.org\/{rel}","templated":true}]}}