{"id":460558,"date":"2026-04-28T19:04:07","date_gmt":"2026-04-28T22:04:07","guid":{"rendered":"https:\/\/portaltela.pt\/noticias\/2026\/04\/28\/fifa-aprova-lei-prestianni-que-preve-cartao-vermelho-por-tapar-a-boca-ao-falar\/"},"modified":"2026-04-28T19:04:07","modified_gmt":"2026-04-28T22:04:07","slug":"fifa-aprova-lei-prestianni-que-preve-cartao-vermelho-por-tapar-a-boca-ao-falar","status":"publish","type":"post","link":"https:\/\/portaltela.pt\/desporto\/futebol\/2026\/04\/28\/fifa-aprova-lei-prestianni-que-preve-cartao-vermelho-por-tapar-a-boca-ao-falar\/","title":{"rendered":"FIFA aprova Lei Prestianni que prev\u00ea cart\u00e3o vermelho por tapar a boca ao falar"},"content":{"rendered":"<p>A FIFA confirmou, nesta ter\u00e7a-feira, a aprova\u00e7\u00e3o, por unanimidade do IFAB, de uma altera\u00e7\u00e3o \u00e0s leis do futebol. A nova norma permite expuls\u00e3o direta de jogadores que tapem a boca para falar, com vista a combater comportamentos discriminat\u00f3rios. A medida entra em vigor no Mundial de 2026.<\/p>\n<p>A decis\u00e3o surge quatro dias depois de Gianluca Prestianni, jogador argentino do Benfica, ter sido suspenso por seis jogos pela UEFA, tr\u00eas deles com pena suspensa. O incidente ocorreu durante a Champions League, em Lisboa, contra o Real Madrid.<\/p>\n<p>Na ocasi\u00e3o, Vin\u00edcius J\u00fanior alegou ter ouvido insultos racistas, com o \u00e1rbitro Fran\u00e7ois Letexier a interromper o jogo no Est\u00e1dio da Luz e a activar o protocolo antirracismo. Prestianni negou as palavras, mas Vin\u00edcius J\u00fanior confirmou o insulto.<\/p>\n<h3>Medidas em vigor<\/h3>\n<p>O IFAB aprovou, ainda, por unanimidade, a expuls\u00e3o direta de jogadores que abandonem o terreno de jogo em protesto contra decis\u00f5es arbitrais ou t\u00e9cnicos. As propostas partiram da FIFA, ap\u00f3s consulta a atores do futebol mundial.<\/p>\n<p>A organiza\u00e7\u00e3o aponta que as altera\u00e7\u00f5es visam combater comportamentos discriminat\u00f3rios e inadequados, citando tamb\u00e9m a final da Ta\u00e7a das Na\u00e7\u00f5es Africanas, em que o Senegal abandonou o relvado em protesto.<\/p>\n","protected":false},"excerpt":{"rendered":"<ul>\n<li>A FIFA aprovou a chamada \u201cLei Prestianni\u201d, que prev\u00ea cart\u00e3o vermelho direto para jogadores que tapem a boca para falar, a entrar em vigor no Mundial de 2026.<\/li>\n<li>A decis\u00e3o foi tomada pelo International Football Association Board (IFAB) e anunciada por a FIFA, ap\u00f3s uma reuni\u00e3o em Vancouver, Canad\u00e1.<\/li>\n<li>A normativa tamb\u00e9m permite expuls\u00f5es diretas de jogadores que abandonem o terreno de jogo em protesto contra decis\u00f5es arbitrais ou t\u00e9cnicos que os incentivem a faz\u00ea-lo.<\/li>\n<li>O debate teve origem no incidente envolvendo Gianluca Prestianni, jogador argentino do Benfica, suspenso por seis jogos pela UEFA, por alegados insultos homof\u00f3bicos dirigidos a Vin\u00edcius J\u00fanior no Real Madrid\u2013Benfica.<\/li>\n<li>O caso ocorreu a 17 de fevereiro, no primeiro jogo do play-off de acesso aos oitavos de final da Liga dos Campe\u00f5es, disputado no Est\u00e1dio da Luz, com o \u00e1rbitro a interromper o encontro para ativar o protocolo antirracista.<\/li>\n<\/ul>\n","protected":false},"author":2,"featured_media":460562,"comment_status":"closed","ping_status":"closed","sticky":false,"template":"","format":"standard","meta":{"footnotes":""},"categories":[21,24],"tags":[7755,7907,8568,4220,1695,6032],"class_list":["post-460558","post","type-post","status-publish","format-standard","has-post-thumbnail","hentry","category-desporto","category-futebol","tag-_futebol","tag-_futebol-internacional","tag-_uefa-champions-league","tag-disciplina","tag-discriminacao","tag-racismo"],"yoast_head":"<!-- This site is optimized with the Yoast SEO plugin v27.2 - https:\/\/yoast.com\/product\/yoast-seo-wordpress\/ -->\n<title>FIFA aprova Lei Prestianni que prev\u00ea cart\u00e3o vermelho por tapar a boca ao falar - Portal Tela Portugal<\/title>\n<meta name=\"robots\" content=\"index, follow, max-snippet:-1, max-image-preview:large, max-video-preview:-1\" \/>\n<meta property=\"og:locale\" content=\"pt_PT\" \/>\n<meta property=\"og:type\" content=\"article\" \/>\n<meta property=\"og:title\" content=\"FIFA aprova Lei Prestianni que prev\u00ea cart\u00e3o vermelho por tapar a boca ao falar - Portal Tela Portugal\" \/>\n<meta property=\"og:description\" content=\"A FIFA aprovou a chamada \u201cLei Prestianni\u201d, que prev\u00ea cart\u00e3o vermelho direto para jogadores que tapem a boca para falar, a entrar em vigor no Mundial de 2026. A decis\u00e3o foi tomada pelo International Football Association Board (IFAB) e anunciada por a FIFA, ap\u00f3s uma reuni\u00e3o em Vancouver, Canad\u00e1. A normativa tamb\u00e9m permite expuls\u00f5es diretas de jogadores que abandonem o terreno de jogo em protesto contra decis\u00f5es arbitrais ou t\u00e9cnicos que os incentivem a faz\u00ea-lo. O debate teve origem no incidente envolvendo Gianluca Prestianni, jogador argentino do Benfica, suspenso por seis jogos pela UEFA, por alegados insultos homof\u00f3bicos dirigidos a Vin\u00edcius J\u00fanior no Real Madrid\u2013Benfica. O caso ocorreu a 17 de fevereiro, no primeiro jogo do play-off de acesso aos oitavos de final da Liga dos Campe\u00f5es, disputado no Est\u00e1dio da Luz, com o \u00e1rbitro a interromper o encontro para ativar o protocolo antirracista.\" \/>\n<meta property=\"og:url\" content=\"https:\/\/portaltela.pt\/noticias\/2026\/04\/28\/fifa-aprova-lei-prestianni-que-preve-cartao-vermelho-por-tapar-a-boca-ao-falar\/\" \/>\n<meta property=\"og:site_name\" content=\"Portal Tela Portugal\" \/>\n<meta property=\"article:published_time\" content=\"2026-04-28T22:04:07+00:00\" \/>\n<meta name=\"author\" content=\"Telinha\" \/>\n<meta name=\"twitter:card\" content=\"summary_large_image\" \/>\n<meta name=\"twitter:label1\" content=\"Escrito por\" \/>\n\t<meta name=\"twitter:data1\" content=\"Telinha\" \/>\n\t<meta name=\"twitter:label2\" content=\"Tempo estimado de leitura\" \/>\n\t<meta name=\"twitter:data2\" content=\"1 minuto\" \/>\n<script type=\"application\/ld+json\" class=\"yoast-schema-graph\">{\"@context\":\"https:\/\/schema.org\",\"@graph\":[{\"@type\":\"Article\",\"@id\":\"https:\/\/portaltela.pt\/noticias\/2026\/04\/28\/fifa-aprova-lei-prestianni-que-preve-cartao-vermelho-por-tapar-a-boca-ao-falar\/#article\",\"isPartOf\":{\"@id\":\"https:\/\/portaltela.pt\/noticias\/2026\/04\/28\/fifa-aprova-lei-prestianni-que-preve-cartao-vermelho-por-tapar-a-boca-ao-falar\/\"},\"author\":{\"name\":\"Telinha\",\"@id\":\"https:\/\/portaltela.pt\/#\/schema\/person\/c4278d4a6028830caff9ee44b42d32ed\"},\"headline\":\"FIFA aprova Lei Prestianni que prev\u00ea cart\u00e3o vermelho por tapar a boca ao falar\",\"datePublished\":\"2026-04-28T22:04:07+00:00\",\"mainEntityOfPage\":{\"@id\":\"https:\/\/portaltela.pt\/noticias\/2026\/04\/28\/fifa-aprova-lei-prestianni-que-preve-cartao-vermelho-por-tapar-a-boca-ao-falar\/\"},\"wordCount\":231,\"image\":{\"@id\":\"https:\/\/portaltela.pt\/noticias\/2026\/04\/28\/fifa-aprova-lei-prestianni-que-preve-cartao-vermelho-por-tapar-a-boca-ao-falar\/#primaryimage\"},\"thumbnailUrl\":\"https:\/\/portaltela.pt\/s.01k8rhncp4jt1\/2026\/04\/image-1631.jpg\",\"keywords\":[\"_futebol\",\"_futebol internacional\",\"_UEFA Champions League\",\"disciplina\",\"discrimina\u00e7\u00e3o\",\"racismo\"],\"articleSection\":[\"Desporto\",\"Futebol\"],\"inLanguage\":\"pt-PT\"},{\"@type\":\"WebPage\",\"@id\":\"https:\/\/portaltela.pt\/noticias\/2026\/04\/28\/fifa-aprova-lei-prestianni-que-preve-cartao-vermelho-por-tapar-a-boca-ao-falar\/\",\"url\":\"https:\/\/portaltela.pt\/noticias\/2026\/04\/28\/fifa-aprova-lei-prestianni-que-preve-cartao-vermelho-por-tapar-a-boca-ao-falar\/\",\"name\":\"FIFA aprova Lei Prestianni que prev\u00ea cart\u00e3o vermelho por tapar a boca ao falar - Portal Tela Portugal\",\"isPartOf\":{\"@id\":\"https:\/\/portaltela.pt\/#website\"},\"primaryImageOfPage\":{\"@id\":\"https:\/\/portaltela.pt\/noticias\/2026\/04\/28\/fifa-aprova-lei-prestianni-que-preve-cartao-vermelho-por-tapar-a-boca-ao-falar\/#primaryimage\"},\"image\":{\"@id\":\"https:\/\/portaltela.pt\/noticias\/2026\/04\/28\/fifa-aprova-lei-prestianni-que-preve-cartao-vermelho-por-tapar-a-boca-ao-falar\/#primaryimage\"},\"thumbnailUrl\":\"https:\/\/portaltela.pt\/s.01k8rhncp4jt1\/2026\/04\/image-1631.jpg\",\"datePublished\":\"2026-04-28T22:04:07+00:00\",\"author\":{\"@id\":\"https:\/\/portaltela.pt\/#\/schema\/person\/c4278d4a6028830caff9ee44b42d32ed\"},\"breadcrumb\":{\"@id\":\"https:\/\/portaltela.pt\/noticias\/2026\/04\/28\/fifa-aprova-lei-prestianni-que-preve-cartao-vermelho-por-tapar-a-boca-ao-falar\/#breadcrumb\"},\"inLanguage\":\"pt-PT\",\"potentialAction\":[{\"@type\":\"ReadAction\",\"target\":[\"https:\/\/portaltela.pt\/noticias\/2026\/04\/28\/fifa-aprova-lei-prestianni-que-preve-cartao-vermelho-por-tapar-a-boca-ao-falar\/\"]}]},{\"@type\":\"ImageObject\",\"inLanguage\":\"pt-PT\",\"@id\":\"https:\/\/portaltela.pt\/noticias\/2026\/04\/28\/fifa-aprova-lei-prestianni-que-preve-cartao-vermelho-por-tapar-a-boca-ao-falar\/#primaryimage\",\"url\":\"https:\/\/portaltela.pt\/s.01k8rhncp4jt1\/2026\/04\/image-1631.jpg\",\"contentUrl\":\"https:\/\/portaltela.pt\/s.01k8rhncp4jt1\/2026\/04\/image-1631.jpg\",\"width\":796,\"height\":448,\"caption\":\"Alegados insultos racistas a Vin\u00edcius J\u00fanior n\u00e3o foram provados porque Prestianni tapou a boca\"},{\"@type\":\"BreadcrumbList\",\"@id\":\"https:\/\/portaltela.pt\/noticias\/2026\/04\/28\/fifa-aprova-lei-prestianni-que-preve-cartao-vermelho-por-tapar-a-boca-ao-falar\/#breadcrumb\",\"itemListElement\":[{\"@type\":\"ListItem\",\"position\":1,\"name\":\"In\u00edcio\",\"item\":\"https:\/\/portaltela.pt\/\"},{\"@type\":\"ListItem\",\"position\":2,\"name\":\"FIFA aprova Lei Prestianni que prev\u00ea cart\u00e3o vermelho por tapar a boca ao falar\"}]},{\"@type\":\"WebSite\",\"@id\":\"https:\/\/portaltela.pt\/#website\",\"url\":\"https:\/\/portaltela.pt\/\",\"name\":\"Portal Tela Portugal\",\"description\":\"\",\"potentialAction\":[{\"@type\":\"SearchAction\",\"target\":{\"@type\":\"EntryPoint\",\"urlTemplate\":\"https:\/\/portaltela.pt\/?s={search_term_string}\"},\"query-input\":{\"@type\":\"PropertyValueSpecification\",\"valueRequired\":true,\"valueName\":\"search_term_string\"}}],\"inLanguage\":\"pt-PT\"},{\"@type\":\"Person\",\"@id\":\"https:\/\/portaltela.pt\/#\/schema\/person\/c4278d4a6028830caff9ee44b42d32ed\",\"name\":\"Telinha\",\"image\":{\"@type\":\"ImageObject\",\"inLanguage\":\"pt-PT\",\"@id\":\"https:\/\/portaltela.pt\/s.01k8rhncp4jt1\/2025\/11\/talking-bot-125x125.png\",\"url\":\"https:\/\/portaltela.pt\/s.01k8rhncp4jt1\/2025\/11\/talking-bot-125x125.png\",\"contentUrl\":\"https:\/\/portaltela.pt\/s.01k8rhncp4jt1\/2025\/11\/talking-bot-125x125.png\",\"caption\":\"Telinha\"},\"sameAs\":[\"https:\/\/portaltela.pt\/\"],\"url\":\"https:\/\/portaltela.pt\/por\/367410592786\/\"}]}<\/script>\n<!-- \/ Yoast SEO plugin. -->","yoast_head_json":{"title":"FIFA aprova Lei Prestianni que prev\u00ea cart\u00e3o vermelho por tapar a boca ao falar - Portal Tela Portugal","robots":{"index":"index","follow":"follow","max-snippet":"max-snippet:-1","max-image-preview":"max-image-preview:large","max-video-preview":"max-video-preview:-1"},"og_locale":"pt_PT","og_type":"article","og_title":"FIFA aprova Lei Prestianni que prev\u00ea cart\u00e3o vermelho por tapar a boca ao falar - Portal Tela Portugal","og_description":"A FIFA aprovou a chamada \u201cLei Prestianni\u201d, que prev\u00ea cart\u00e3o vermelho direto para jogadores que tapem a boca para falar, a entrar em vigor no Mundial de 2026. A decis\u00e3o foi tomada pelo International Football Association Board (IFAB) e anunciada por a FIFA, ap\u00f3s uma reuni\u00e3o em Vancouver, Canad\u00e1. A normativa tamb\u00e9m permite expuls\u00f5es diretas de jogadores que abandonem o terreno de jogo em protesto contra decis\u00f5es arbitrais ou t\u00e9cnicos que os incentivem a faz\u00ea-lo. O debate teve origem no incidente envolvendo Gianluca Prestianni, jogador argentino do Benfica, suspenso por seis jogos pela UEFA, por alegados insultos homof\u00f3bicos dirigidos a Vin\u00edcius J\u00fanior no Real Madrid\u2013Benfica. O caso ocorreu a 17 de fevereiro, no primeiro jogo do play-off de acesso aos oitavos de final da Liga dos Campe\u00f5es, disputado no Est\u00e1dio da Luz, com o \u00e1rbitro a interromper o encontro para ativar o protocolo antirracista.","og_url":"https:\/\/portaltela.pt\/noticias\/2026\/04\/28\/fifa-aprova-lei-prestianni-que-preve-cartao-vermelho-por-tapar-a-boca-ao-falar\/","og_site_name":"Portal Tela Portugal","article_published_time":"2026-04-28T22:04:07+00:00","author":"Telinha","twitter_card":"summary_large_image","twitter_misc":{"Escrito por":"Telinha","Tempo estimado de leitura":"1 minuto"},"schema":{"@context":"https:\/\/schema.org","@graph":[{"@type":"Article","@id":"https:\/\/portaltela.pt\/noticias\/2026\/04\/28\/fifa-aprova-lei-prestianni-que-preve-cartao-vermelho-por-tapar-a-boca-ao-falar\/#article","isPartOf":{"@id":"https:\/\/portaltela.pt\/noticias\/2026\/04\/28\/fifa-aprova-lei-prestianni-que-preve-cartao-vermelho-por-tapar-a-boca-ao-falar\/"},"author":{"name":"Telinha","@id":"https:\/\/portaltela.pt\/#\/schema\/person\/c4278d4a6028830caff9ee44b42d32ed"},"headline":"FIFA aprova Lei Prestianni que prev\u00ea cart\u00e3o vermelho por tapar a boca ao falar","datePublished":"2026-04-28T22:04:07+00:00","mainEntityOfPage":{"@id":"https:\/\/portaltela.pt\/noticias\/2026\/04\/28\/fifa-aprova-lei-prestianni-que-preve-cartao-vermelho-por-tapar-a-boca-ao-falar\/"},"wordCount":231,"image":{"@id":"https:\/\/portaltela.pt\/noticias\/2026\/04\/28\/fifa-aprova-lei-prestianni-que-preve-cartao-vermelho-por-tapar-a-boca-ao-falar\/#primaryimage"},"thumbnailUrl":"https:\/\/portaltela.pt\/s.01k8rhncp4jt1\/2026\/04\/image-1631.jpg","keywords":["_futebol","_futebol internacional","_UEFA Champions League","disciplina","discrimina\u00e7\u00e3o","racismo"],"articleSection":["Desporto","Futebol"],"inLanguage":"pt-PT"},{"@type":"WebPage","@id":"https:\/\/portaltela.pt\/noticias\/2026\/04\/28\/fifa-aprova-lei-prestianni-que-preve-cartao-vermelho-por-tapar-a-boca-ao-falar\/","url":"https:\/\/portaltela.pt\/noticias\/2026\/04\/28\/fifa-aprova-lei-prestianni-que-preve-cartao-vermelho-por-tapar-a-boca-ao-falar\/","name":"FIFA aprova Lei Prestianni que prev\u00ea cart\u00e3o vermelho por tapar a boca ao falar - Portal Tela Portugal","isPartOf":{"@id":"https:\/\/portaltela.pt\/#website"},"primaryImageOfPage":{"@id":"https:\/\/portaltela.pt\/noticias\/2026\/04\/28\/fifa-aprova-lei-prestianni-que-preve-cartao-vermelho-por-tapar-a-boca-ao-falar\/#primaryimage"},"image":{"@id":"https:\/\/portaltela.pt\/noticias\/2026\/04\/28\/fifa-aprova-lei-prestianni-que-preve-cartao-vermelho-por-tapar-a-boca-ao-falar\/#primaryimage"},"thumbnailUrl":"https:\/\/portaltela.pt\/s.01k8rhncp4jt1\/2026\/04\/image-1631.jpg","datePublished":"2026-04-28T22:04:07+00:00","author":{"@id":"https:\/\/portaltela.pt\/#\/schema\/person\/c4278d4a6028830caff9ee44b42d32ed"},"breadcrumb":{"@id":"https:\/\/portaltela.pt\/noticias\/2026\/04\/28\/fifa-aprova-lei-prestianni-que-preve-cartao-vermelho-por-tapar-a-boca-ao-falar\/#breadcrumb"},"inLanguage":"pt-PT","potentialAction":[{"@type":"ReadAction","target":["https:\/\/portaltela.pt\/noticias\/2026\/04\/28\/fifa-aprova-lei-prestianni-que-preve-cartao-vermelho-por-tapar-a-boca-ao-falar\/"]}]},{"@type":"ImageObject","inLanguage":"pt-PT","@id":"https:\/\/portaltela.pt\/noticias\/2026\/04\/28\/fifa-aprova-lei-prestianni-que-preve-cartao-vermelho-por-tapar-a-boca-ao-falar\/#primaryimage","url":"https:\/\/portaltela.pt\/s.01k8rhncp4jt1\/2026\/04\/image-1631.jpg","contentUrl":"https:\/\/portaltela.pt\/s.01k8rhncp4jt1\/2026\/04\/image-1631.jpg","width":796,"height":448,"caption":"Alegados insultos racistas a Vin\u00edcius J\u00fanior n\u00e3o foram provados porque Prestianni tapou a boca"},{"@type":"BreadcrumbList","@id":"https:\/\/portaltela.pt\/noticias\/2026\/04\/28\/fifa-aprova-lei-prestianni-que-preve-cartao-vermelho-por-tapar-a-boca-ao-falar\/#breadcrumb","itemListElement":[{"@type":"ListItem","position":1,"name":"In\u00edcio","item":"https:\/\/portaltela.pt\/"},{"@type":"ListItem","position":2,"name":"FIFA aprova Lei Prestianni que prev\u00ea cart\u00e3o vermelho por tapar a boca ao falar"}]},{"@type":"WebSite","@id":"https:\/\/portaltela.pt\/#website","url":"https:\/\/portaltela.pt\/","name":"Portal Tela Portugal","description":"","potentialAction":[{"@type":"SearchAction","target":{"@type":"EntryPoint","urlTemplate":"https:\/\/portaltela.pt\/?s={search_term_string}"},"query-input":{"@type":"PropertyValueSpecification","valueRequired":true,"valueName":"search_term_string"}}],"inLanguage":"pt-PT"},{"@type":"Person","@id":"https:\/\/portaltela.pt\/#\/schema\/person\/c4278d4a6028830caff9ee44b42d32ed","name":"Telinha","image":{"@type":"ImageObject","inLanguage":"pt-PT","@id":"https:\/\/portaltela.pt\/s.01k8rhncp4jt1\/2025\/11\/talking-bot-125x125.png","url":"https:\/\/portaltela.pt\/s.01k8rhncp4jt1\/2025\/11\/talking-bot-125x125.png","contentUrl":"https:\/\/portaltela.pt\/s.01k8rhncp4jt1\/2025\/11\/talking-bot-125x125.png","caption":"Telinha"},"sameAs":["https:\/\/portaltela.pt\/"],"url":"https:\/\/portaltela.pt\/por\/367410592786\/"}]}},"_links":{"self":[{"href":"https:\/\/portaltela.pt\/api\/wp\/v2\/posts\/460558","targetHints":{"allow":["GET"]}}],"collection":[{"href":"https:\/\/portaltela.pt\/api\/wp\/v2\/posts"}],"about":[{"href":"https:\/\/portaltela.pt\/api\/wp\/v2\/types\/post"}],"author":[{"embeddable":true,"href":"https:\/\/portaltela.pt\/api\/wp\/v2\/users\/2"}],"replies":[{"embeddable":true,"href":"https:\/\/portaltela.pt\/api\/wp\/v2\/comments?post=460558"}],"version-history":[{"count":0,"href":"https:\/\/portaltela.pt\/api\/wp\/v2\/posts\/460558\/revisions"}],"wp:featuredmedia":[{"embeddable":true,"href":"https:\/\/portaltela.pt\/api\/wp\/v2\/media\/460562"}],"wp:attachment":[{"href":"https:\/\/portaltela.pt\/api\/wp\/v2\/media?parent=460558"}],"wp:term":[{"taxonomy":"category","embeddable":true,"href":"https:\/\/portaltela.pt\/api\/wp\/v2\/categories?post=460558"},{"taxonomy":"post_tag","embeddable":true,"href":"https:\/\/portaltela.pt\/api\/wp\/v2\/tags?post=460558"}],"curies":[{"name":"wp","href":"https:\/\/api.w.org\/{rel}","templated":true}]}}