{"id":460547,"date":"2026-04-28T19:03:41","date_gmt":"2026-04-28T22:03:41","guid":{"rendered":"https:\/\/portaltela.pt\/noticias\/2026\/04\/28\/bruno-torres-convoca-15-jogadores-para-portugal-enfrentar-a-ucrania\/"},"modified":"2026-04-28T19:03:41","modified_gmt":"2026-04-28T22:03:41","slug":"bruno-torres-convoca-15-jogadores-para-portugal-enfrentar-a-ucrania","status":"publish","type":"post","link":"https:\/\/portaltela.pt\/desporto\/futebol\/2026\/04\/28\/bruno-torres-convoca-15-jogadores-para-portugal-enfrentar-a-ucrania\/","title":{"rendered":"Bruno Torres convoca 15 jogadores para Portugal enfrentar a Ucr\u00e2nia"},"content":{"rendered":"<p>Bruno Torres convocou 15 jogadores para o est\u00e1gio de prepara\u00e7\u00e3o da Sele\u00e7\u00e3o Nacional de futebol de praia, marcado para a pr\u00f3xima semana na Foz do Lizandro. A equipa far\u00e1 dois encontros de prepara\u00e7\u00e3o frente \u00e0 Ucr\u00e2nia.<\/p>\n<p>Os jogos est\u00e3o agendados para ter\u00e7a e quarta-feira, pelas 17h00 e 15h30, respetivamente. A convocat\u00f3ria inclui tr\u00eas jovens que venceram o Europeu de sub-20 no domingo.<\/p>\n<p>Entre os escolhidos, destacam-se oito atletas da ACD Sot\u00e3o: Andr\u00e9 Louren\u00e7o, Bernardo Lopes, Diogo Dias, Jordan Santos, R\u00faben Brilhante, Rui Coimbra, Bruno Pola Albuquerque (capit\u00e3o dos sub-20) e Louren\u00e7o Costa. Cristiano Almeida (GD Sesimbra) integra o grupo com mais tr\u00eas colegas: Duarte Algarvio, Jo\u00e3o Oliveira e Rodrigo Pinhal.<\/p>\n<p>Completa a lista Jo\u00e3o Gon\u00e7alves (GDU Ericeirense) e os restantes s\u00e3o F\u00e1bio Costa, Filipe Santos e Leonardo Santos (Vila Flor SC). O est\u00e1gio come\u00e7a na segunda-feira, com tr\u00eas sess\u00f5es de treino antes das partidas frente \u00e0 Ucr\u00e2nia.<\/p>\n","protected":false},"excerpt":{"rendered":"<ul>\n<li>Bruno Torres convocou 15 jogadores para o est\u00e1gio de prepara\u00e7\u00e3o da sele\u00e7\u00e3o de futebol de praia, na Foz do Lizandro, na pr\u00f3xima semana.<\/li>\n<li>A equipa enfrenta a Ucr\u00e2nia em dois amistosos, na ter\u00e7a-feira e quarta-feira, com hor\u00e1rios \u00e0s 17h00 e 15h30, respetivamente.<\/li>\n<li>Entre os escolhidos, destacam-se oito atletas do Sot\u00e3o, incluindo Bruno Pola Albuquerque e Louren\u00e7o Costa.<\/li>\n<li>Cristiano Almeida (GD Sesimbra) \u00e9 o terceiro campe\u00e3o europeu entre os nomeados, acompanhado por Duarte Algarvio, Jo\u00e3o Oliveira e Rodrigo Pinhal; o grupo inclui ainda Jo\u00e3o Gon\u00e7alves, F\u00e1bio Costa, Filipe Santos e Leonardo Santos.<\/li>\n<li>O est\u00e1gio come\u00e7a na segunda-feira, com tr\u00eas sess\u00f5es de treino antes dos duelos frente \u00e0 Ucr\u00e2nia.<\/li>\n<\/ul>\n","protected":false},"author":2,"featured_media":460549,"comment_status":"closed","ping_status":"closed","sticky":false,"template":"","format":"standard","meta":{"footnotes":""},"categories":[21,24],"tags":[152,32,1014,1253,2057,2134],"class_list":["post-460547","post","type-post","status-publish","format-standard","has-post-thumbnail","hentry","category-desporto","category-futebol","tag-desporto","tag-futebol","tag-portugal","tag-selecao","tag-selecao-nacional","tag-ucrania"],"yoast_head":"<!-- This site is optimized with the Yoast SEO plugin v27.2 - https:\/\/yoast.com\/product\/yoast-seo-wordpress\/ -->\n<title>Bruno Torres convoca 15 jogadores para Portugal enfrentar a Ucr\u00e2nia - Portal Tela Portugal<\/title>\n<meta name=\"robots\" content=\"index, follow, max-snippet:-1, max-image-preview:large, max-video-preview:-1\" \/>\n<meta property=\"og:locale\" content=\"pt_PT\" \/>\n<meta property=\"og:type\" content=\"article\" \/>\n<meta property=\"og:title\" content=\"Bruno Torres convoca 15 jogadores para Portugal enfrentar a Ucr\u00e2nia - Portal Tela Portugal\" \/>\n<meta property=\"og:description\" content=\"Bruno Torres convocou 15 jogadores para o est\u00e1gio de prepara\u00e7\u00e3o da sele\u00e7\u00e3o de futebol de praia, na Foz do Lizandro, na pr\u00f3xima semana. A equipa enfrenta a Ucr\u00e2nia em dois amistosos, na ter\u00e7a-feira e quarta-feira, com hor\u00e1rios \u00e0s 17h00 e 15h30, respetivamente. Entre os escolhidos, destacam-se oito atletas do Sot\u00e3o, incluindo Bruno Pola Albuquerque e Louren\u00e7o Costa. Cristiano Almeida (GD Sesimbra) \u00e9 o terceiro campe\u00e3o europeu entre os nomeados, acompanhado por Duarte Algarvio, Jo\u00e3o Oliveira e Rodrigo Pinhal; o grupo inclui ainda Jo\u00e3o Gon\u00e7alves, F\u00e1bio Costa, Filipe Santos e Leonardo Santos. O est\u00e1gio come\u00e7a na segunda-feira, com tr\u00eas sess\u00f5es de treino antes dos duelos frente \u00e0 Ucr\u00e2nia.\" \/>\n<meta property=\"og:url\" content=\"https:\/\/portaltela.pt\/noticias\/2026\/04\/28\/bruno-torres-convoca-15-jogadores-para-portugal-enfrentar-a-ucrania\/\" \/>\n<meta property=\"og:site_name\" content=\"Portal Tela Portugal\" \/>\n<meta property=\"article:published_time\" content=\"2026-04-28T22:03:41+00:00\" \/>\n<meta name=\"author\" content=\"Telinha\" \/>\n<meta name=\"twitter:card\" content=\"summary_large_image\" \/>\n<meta name=\"twitter:label1\" content=\"Escrito por\" \/>\n\t<meta name=\"twitter:data1\" content=\"Telinha\" \/>\n\t<meta name=\"twitter:label2\" content=\"Tempo estimado de leitura\" \/>\n\t<meta name=\"twitter:data2\" content=\"1 minuto\" \/>\n<script type=\"application\/ld+json\" class=\"yoast-schema-graph\">{\"@context\":\"https:\/\/schema.org\",\"@graph\":[{\"@type\":\"Article\",\"@id\":\"https:\/\/portaltela.pt\/noticias\/2026\/04\/28\/bruno-torres-convoca-15-jogadores-para-portugal-enfrentar-a-ucrania\/#article\",\"isPartOf\":{\"@id\":\"https:\/\/portaltela.pt\/noticias\/2026\/04\/28\/bruno-torres-convoca-15-jogadores-para-portugal-enfrentar-a-ucrania\/\"},\"author\":{\"name\":\"Telinha\",\"@id\":\"https:\/\/portaltela.pt\/#\/schema\/person\/c4278d4a6028830caff9ee44b42d32ed\"},\"headline\":\"Bruno Torres convoca 15 jogadores para Portugal enfrentar a Ucr\u00e2nia\",\"datePublished\":\"2026-04-28T22:03:41+00:00\",\"mainEntityOfPage\":{\"@id\":\"https:\/\/portaltela.pt\/noticias\/2026\/04\/28\/bruno-torres-convoca-15-jogadores-para-portugal-enfrentar-a-ucrania\/\"},\"wordCount\":180,\"image\":{\"@id\":\"https:\/\/portaltela.pt\/noticias\/2026\/04\/28\/bruno-torres-convoca-15-jogadores-para-portugal-enfrentar-a-ucrania\/#primaryimage\"},\"thumbnailUrl\":\"https:\/\/portaltela.pt\/s.01k8rhncp4jt1\/2026\/04\/img_920x518uu2026-03-30-17-10-01-2430112-im-639130133816050340.jpg\",\"keywords\":[\"desporto\",\"futebol\",\"Portugal\",\"Sele\u00e7\u00e3o\",\"Sele\u00e7\u00e3o Nacional\",\"Ucr\u00e2nia\"],\"articleSection\":[\"Desporto\",\"Futebol\"],\"inLanguage\":\"pt-PT\"},{\"@type\":\"WebPage\",\"@id\":\"https:\/\/portaltela.pt\/noticias\/2026\/04\/28\/bruno-torres-convoca-15-jogadores-para-portugal-enfrentar-a-ucrania\/\",\"url\":\"https:\/\/portaltela.pt\/noticias\/2026\/04\/28\/bruno-torres-convoca-15-jogadores-para-portugal-enfrentar-a-ucrania\/\",\"name\":\"Bruno Torres convoca 15 jogadores para Portugal enfrentar a Ucr\u00e2nia - Portal Tela Portugal\",\"isPartOf\":{\"@id\":\"https:\/\/portaltela.pt\/#website\"},\"primaryImageOfPage\":{\"@id\":\"https:\/\/portaltela.pt\/noticias\/2026\/04\/28\/bruno-torres-convoca-15-jogadores-para-portugal-enfrentar-a-ucrania\/#primaryimage\"},\"image\":{\"@id\":\"https:\/\/portaltela.pt\/noticias\/2026\/04\/28\/bruno-torres-convoca-15-jogadores-para-portugal-enfrentar-a-ucrania\/#primaryimage\"},\"thumbnailUrl\":\"https:\/\/portaltela.pt\/s.01k8rhncp4jt1\/2026\/04\/img_920x518uu2026-03-30-17-10-01-2430112-im-639130133816050340.jpg\",\"datePublished\":\"2026-04-28T22:03:41+00:00\",\"author\":{\"@id\":\"https:\/\/portaltela.pt\/#\/schema\/person\/c4278d4a6028830caff9ee44b42d32ed\"},\"breadcrumb\":{\"@id\":\"https:\/\/portaltela.pt\/noticias\/2026\/04\/28\/bruno-torres-convoca-15-jogadores-para-portugal-enfrentar-a-ucrania\/#breadcrumb\"},\"inLanguage\":\"pt-PT\",\"potentialAction\":[{\"@type\":\"ReadAction\",\"target\":[\"https:\/\/portaltela.pt\/noticias\/2026\/04\/28\/bruno-torres-convoca-15-jogadores-para-portugal-enfrentar-a-ucrania\/\"]}]},{\"@type\":\"ImageObject\",\"inLanguage\":\"pt-PT\",\"@id\":\"https:\/\/portaltela.pt\/noticias\/2026\/04\/28\/bruno-torres-convoca-15-jogadores-para-portugal-enfrentar-a-ucrania\/#primaryimage\",\"url\":\"https:\/\/portaltela.pt\/s.01k8rhncp4jt1\/2026\/04\/img_920x518uu2026-03-30-17-10-01-2430112-im-639130133816050340.jpg\",\"contentUrl\":\"https:\/\/portaltela.pt\/s.01k8rhncp4jt1\/2026\/04\/img_920x518uu2026-03-30-17-10-01-2430112-im-639130133816050340.jpg\",\"width\":796,\"height\":448,\"caption\":\"\u2022 Foto: FPF\"},{\"@type\":\"BreadcrumbList\",\"@id\":\"https:\/\/portaltela.pt\/noticias\/2026\/04\/28\/bruno-torres-convoca-15-jogadores-para-portugal-enfrentar-a-ucrania\/#breadcrumb\",\"itemListElement\":[{\"@type\":\"ListItem\",\"position\":1,\"name\":\"In\u00edcio\",\"item\":\"https:\/\/portaltela.pt\/\"},{\"@type\":\"ListItem\",\"position\":2,\"name\":\"Bruno Torres convoca 15 jogadores para Portugal enfrentar a Ucr\u00e2nia\"}]},{\"@type\":\"WebSite\",\"@id\":\"https:\/\/portaltela.pt\/#website\",\"url\":\"https:\/\/portaltela.pt\/\",\"name\":\"Portal Tela Portugal\",\"description\":\"\",\"potentialAction\":[{\"@type\":\"SearchAction\",\"target\":{\"@type\":\"EntryPoint\",\"urlTemplate\":\"https:\/\/portaltela.pt\/?s={search_term_string}\"},\"query-input\":{\"@type\":\"PropertyValueSpecification\",\"valueRequired\":true,\"valueName\":\"search_term_string\"}}],\"inLanguage\":\"pt-PT\"},{\"@type\":\"Person\",\"@id\":\"https:\/\/portaltela.pt\/#\/schema\/person\/c4278d4a6028830caff9ee44b42d32ed\",\"name\":\"Telinha\",\"image\":{\"@type\":\"ImageObject\",\"inLanguage\":\"pt-PT\",\"@id\":\"https:\/\/portaltela.pt\/s.01k8rhncp4jt1\/2025\/11\/talking-bot-125x125.png\",\"url\":\"https:\/\/portaltela.pt\/s.01k8rhncp4jt1\/2025\/11\/talking-bot-125x125.png\",\"contentUrl\":\"https:\/\/portaltela.pt\/s.01k8rhncp4jt1\/2025\/11\/talking-bot-125x125.png\",\"caption\":\"Telinha\"},\"sameAs\":[\"https:\/\/portaltela.pt\/\"],\"url\":\"https:\/\/portaltela.pt\/por\/367410592786\/\"}]}<\/script>\n<!-- \/ Yoast SEO plugin. -->","yoast_head_json":{"title":"Bruno Torres convoca 15 jogadores para Portugal enfrentar a Ucr\u00e2nia - Portal Tela Portugal","robots":{"index":"index","follow":"follow","max-snippet":"max-snippet:-1","max-image-preview":"max-image-preview:large","max-video-preview":"max-video-preview:-1"},"og_locale":"pt_PT","og_type":"article","og_title":"Bruno Torres convoca 15 jogadores para Portugal enfrentar a Ucr\u00e2nia - Portal Tela Portugal","og_description":"Bruno Torres convocou 15 jogadores para o est\u00e1gio de prepara\u00e7\u00e3o da sele\u00e7\u00e3o de futebol de praia, na Foz do Lizandro, na pr\u00f3xima semana. A equipa enfrenta a Ucr\u00e2nia em dois amistosos, na ter\u00e7a-feira e quarta-feira, com hor\u00e1rios \u00e0s 17h00 e 15h30, respetivamente. Entre os escolhidos, destacam-se oito atletas do Sot\u00e3o, incluindo Bruno Pola Albuquerque e Louren\u00e7o Costa. Cristiano Almeida (GD Sesimbra) \u00e9 o terceiro campe\u00e3o europeu entre os nomeados, acompanhado por Duarte Algarvio, Jo\u00e3o Oliveira e Rodrigo Pinhal; o grupo inclui ainda Jo\u00e3o Gon\u00e7alves, F\u00e1bio Costa, Filipe Santos e Leonardo Santos. O est\u00e1gio come\u00e7a na segunda-feira, com tr\u00eas sess\u00f5es de treino antes dos duelos frente \u00e0 Ucr\u00e2nia.","og_url":"https:\/\/portaltela.pt\/noticias\/2026\/04\/28\/bruno-torres-convoca-15-jogadores-para-portugal-enfrentar-a-ucrania\/","og_site_name":"Portal Tela Portugal","article_published_time":"2026-04-28T22:03:41+00:00","author":"Telinha","twitter_card":"summary_large_image","twitter_misc":{"Escrito por":"Telinha","Tempo estimado de leitura":"1 minuto"},"schema":{"@context":"https:\/\/schema.org","@graph":[{"@type":"Article","@id":"https:\/\/portaltela.pt\/noticias\/2026\/04\/28\/bruno-torres-convoca-15-jogadores-para-portugal-enfrentar-a-ucrania\/#article","isPartOf":{"@id":"https:\/\/portaltela.pt\/noticias\/2026\/04\/28\/bruno-torres-convoca-15-jogadores-para-portugal-enfrentar-a-ucrania\/"},"author":{"name":"Telinha","@id":"https:\/\/portaltela.pt\/#\/schema\/person\/c4278d4a6028830caff9ee44b42d32ed"},"headline":"Bruno Torres convoca 15 jogadores para Portugal enfrentar a Ucr\u00e2nia","datePublished":"2026-04-28T22:03:41+00:00","mainEntityOfPage":{"@id":"https:\/\/portaltela.pt\/noticias\/2026\/04\/28\/bruno-torres-convoca-15-jogadores-para-portugal-enfrentar-a-ucrania\/"},"wordCount":180,"image":{"@id":"https:\/\/portaltela.pt\/noticias\/2026\/04\/28\/bruno-torres-convoca-15-jogadores-para-portugal-enfrentar-a-ucrania\/#primaryimage"},"thumbnailUrl":"https:\/\/portaltela.pt\/s.01k8rhncp4jt1\/2026\/04\/img_920x518uu2026-03-30-17-10-01-2430112-im-639130133816050340.jpg","keywords":["desporto","futebol","Portugal","Sele\u00e7\u00e3o","Sele\u00e7\u00e3o Nacional","Ucr\u00e2nia"],"articleSection":["Desporto","Futebol"],"inLanguage":"pt-PT"},{"@type":"WebPage","@id":"https:\/\/portaltela.pt\/noticias\/2026\/04\/28\/bruno-torres-convoca-15-jogadores-para-portugal-enfrentar-a-ucrania\/","url":"https:\/\/portaltela.pt\/noticias\/2026\/04\/28\/bruno-torres-convoca-15-jogadores-para-portugal-enfrentar-a-ucrania\/","name":"Bruno Torres convoca 15 jogadores para Portugal enfrentar a Ucr\u00e2nia - Portal Tela Portugal","isPartOf":{"@id":"https:\/\/portaltela.pt\/#website"},"primaryImageOfPage":{"@id":"https:\/\/portaltela.pt\/noticias\/2026\/04\/28\/bruno-torres-convoca-15-jogadores-para-portugal-enfrentar-a-ucrania\/#primaryimage"},"image":{"@id":"https:\/\/portaltela.pt\/noticias\/2026\/04\/28\/bruno-torres-convoca-15-jogadores-para-portugal-enfrentar-a-ucrania\/#primaryimage"},"thumbnailUrl":"https:\/\/portaltela.pt\/s.01k8rhncp4jt1\/2026\/04\/img_920x518uu2026-03-30-17-10-01-2430112-im-639130133816050340.jpg","datePublished":"2026-04-28T22:03:41+00:00","author":{"@id":"https:\/\/portaltela.pt\/#\/schema\/person\/c4278d4a6028830caff9ee44b42d32ed"},"breadcrumb":{"@id":"https:\/\/portaltela.pt\/noticias\/2026\/04\/28\/bruno-torres-convoca-15-jogadores-para-portugal-enfrentar-a-ucrania\/#breadcrumb"},"inLanguage":"pt-PT","potentialAction":[{"@type":"ReadAction","target":["https:\/\/portaltela.pt\/noticias\/2026\/04\/28\/bruno-torres-convoca-15-jogadores-para-portugal-enfrentar-a-ucrania\/"]}]},{"@type":"ImageObject","inLanguage":"pt-PT","@id":"https:\/\/portaltela.pt\/noticias\/2026\/04\/28\/bruno-torres-convoca-15-jogadores-para-portugal-enfrentar-a-ucrania\/#primaryimage","url":"https:\/\/portaltela.pt\/s.01k8rhncp4jt1\/2026\/04\/img_920x518uu2026-03-30-17-10-01-2430112-im-639130133816050340.jpg","contentUrl":"https:\/\/portaltela.pt\/s.01k8rhncp4jt1\/2026\/04\/img_920x518uu2026-03-30-17-10-01-2430112-im-639130133816050340.jpg","width":796,"height":448,"caption":"\u2022 Foto: FPF"},{"@type":"BreadcrumbList","@id":"https:\/\/portaltela.pt\/noticias\/2026\/04\/28\/bruno-torres-convoca-15-jogadores-para-portugal-enfrentar-a-ucrania\/#breadcrumb","itemListElement":[{"@type":"ListItem","position":1,"name":"In\u00edcio","item":"https:\/\/portaltela.pt\/"},{"@type":"ListItem","position":2,"name":"Bruno Torres convoca 15 jogadores para Portugal enfrentar a Ucr\u00e2nia"}]},{"@type":"WebSite","@id":"https:\/\/portaltela.pt\/#website","url":"https:\/\/portaltela.pt\/","name":"Portal Tela Portugal","description":"","potentialAction":[{"@type":"SearchAction","target":{"@type":"EntryPoint","urlTemplate":"https:\/\/portaltela.pt\/?s={search_term_string}"},"query-input":{"@type":"PropertyValueSpecification","valueRequired":true,"valueName":"search_term_string"}}],"inLanguage":"pt-PT"},{"@type":"Person","@id":"https:\/\/portaltela.pt\/#\/schema\/person\/c4278d4a6028830caff9ee44b42d32ed","name":"Telinha","image":{"@type":"ImageObject","inLanguage":"pt-PT","@id":"https:\/\/portaltela.pt\/s.01k8rhncp4jt1\/2025\/11\/talking-bot-125x125.png","url":"https:\/\/portaltela.pt\/s.01k8rhncp4jt1\/2025\/11\/talking-bot-125x125.png","contentUrl":"https:\/\/portaltela.pt\/s.01k8rhncp4jt1\/2025\/11\/talking-bot-125x125.png","caption":"Telinha"},"sameAs":["https:\/\/portaltela.pt\/"],"url":"https:\/\/portaltela.pt\/por\/367410592786\/"}]}},"_links":{"self":[{"href":"https:\/\/portaltela.pt\/api\/wp\/v2\/posts\/460547","targetHints":{"allow":["GET"]}}],"collection":[{"href":"https:\/\/portaltela.pt\/api\/wp\/v2\/posts"}],"about":[{"href":"https:\/\/portaltela.pt\/api\/wp\/v2\/types\/post"}],"author":[{"embeddable":true,"href":"https:\/\/portaltela.pt\/api\/wp\/v2\/users\/2"}],"replies":[{"embeddable":true,"href":"https:\/\/portaltela.pt\/api\/wp\/v2\/comments?post=460547"}],"version-history":[{"count":0,"href":"https:\/\/portaltela.pt\/api\/wp\/v2\/posts\/460547\/revisions"}],"wp:featuredmedia":[{"embeddable":true,"href":"https:\/\/portaltela.pt\/api\/wp\/v2\/media\/460549"}],"wp:attachment":[{"href":"https:\/\/portaltela.pt\/api\/wp\/v2\/media?parent=460547"}],"wp:term":[{"taxonomy":"category","embeddable":true,"href":"https:\/\/portaltela.pt\/api\/wp\/v2\/categories?post=460547"},{"taxonomy":"post_tag","embeddable":true,"href":"https:\/\/portaltela.pt\/api\/wp\/v2\/tags?post=460547"}],"curies":[{"name":"wp","href":"https:\/\/api.w.org\/{rel}","templated":true}]}}