{"id":460536,"date":"2026-04-28T18:48:10","date_gmt":"2026-04-28T21:48:10","guid":{"rendered":"https:\/\/portaltela.pt\/noticias\/2026\/04\/28\/regulador-ordena-revisao-de-licencas-da-abc-durante-polemica-com-casal-trump\/"},"modified":"2026-04-28T18:48:10","modified_gmt":"2026-04-28T21:48:10","slug":"regulador-ordena-revisao-de-licencas-da-abc-durante-polemica-com-casal-trump","status":"publish","type":"post","link":"https:\/\/portaltela.pt\/noticias\/politica\/2026\/04\/28\/regulador-ordena-revisao-de-licencas-da-abc-durante-polemica-com-casal-trump\/","title":{"rendered":"Regulador ordena revis\u00e3o de licen\u00e7as da ABC durante pol\u00e9mica com casal Trump"},"content":{"rendered":"<p>A Comiss\u00e3o Federal de Comunica\u00e7\u00f5es (FCC) ordenou \u00e0 Disney que apresente um pedido de renova\u00e7\u00e3o das licen\u00e7as das esta\u00e7\u00f5es locais da ABC, antecipando-se alguns anos ao calend\u00e1rio previsto. A medida surge num momento de pol\u00e9mica p\u00fablica envolvendo o casal Trump e o apresentador Jimmy Kimmel, ap\u00f3s cr\u00edticas ao conte\u00fado do humorista. A FCC ainda n\u00e3o explicou a motiva\u00e7\u00e3o administrativa da decis\u00e3o. A Disney indicou ter tomado conhecimento do pedido e confia que o hist\u00f3rico de servi\u00e7os demonstra as qualifica\u00e7\u00f5es para as licen\u00e7as.<\/p>\n<p>O Presidente Donald Trump exigiu publicamente a demiss\u00e3o de Kimmel, alegando que uma piada do apresentador incita viol\u00eancia ao referir-se \u00e0 primeira-dama Melania Trump. Melania Trump tamb\u00e9m pediu \u00e0 ABC que intervenha face ao tom do humorista, afirmando que o conte\u00fado n\u00e3o \u00e9 adequado e que contribui para a polariza\u00e7\u00e3o. A primeira-dama utilizou a rede social X para reiterar que conte\u00fados desse tipo n\u00e3o devem ter espa\u00e7o no lar dos americanos.<\/p>\n<p>Jimmy Kimmel protagonizou a pol\u00e9mica ao fazer uma par\u00f3dia do Jantar dos Correspondentes da Casa Branca no seu programa, dois dias antes do evento, envolvendo os convidados, incluindo o casal presidencial. O incidente ocorreu numa altura em que houve uma interrup\u00e7\u00e3o de seguran\u00e7a no hotel onde decorreu o jantar, com um homem armado a disparar perto do local. A par\u00f3dia tamb\u00e9m mencionou a primeira-dama atrav\u00e9s de s\u00e1tira com recurso a uma imagem gerada por intelig\u00eancia artificial que foi criada e depois removida.<\/p>\n<p>A ABC\/Disney j\u00e1 enfrentou controv\u00e9rsias anteriores ligadas a Kimmel, tendo suspendido o apresentador no passado ap\u00f3s cr\u00edticas de setores da direita. A FCC, sob a lideran\u00e7a de Brendan Carr, associada ao grupo republicano, amea\u00e7ou anteriormente retirar licen\u00e7as por distor\u00e7\u00e3o informativa e teorias falsas, sugerindo que as licen\u00e7as pudessem ser revistas para manter a confian\u00e7a do p\u00fablico. A emissora acabou por readmitir Kimmel, uma semana ap\u00f3s a suspens\u00e3o, defendendo a natureza humor\u00edstica do conte\u00fado.<\/p>\n<p>Melania Trump declarou que o conte\u00fado do programa n\u00e3o representa com\u00e9dia e responsabilizou o humorista por aprofundar divis\u00f5es pol\u00edticas nos Estados Unidos. A primeira-dama questionou tamb\u00e9m quantas vezes a administra\u00e7\u00e3o da ABC permitir\u00e1 comportamentos considerados ofensivos. O epis\u00f3dio resultou numa tens\u00e3o entre a administra\u00e7\u00e3o presidencial e a empresa detentora das licen\u00e7as, com a FCC a monitorizar o caso no contexto de regula\u00e7\u00e3o de conte\u00fados e de licenciamento de meios de comunica\u00e7\u00e3o.<\/p>\n","protected":false},"excerpt":{"rendered":"<ul>\n<li>A FCC ordenou \u00e0 Disney que apresente um pedido de renova\u00e7\u00e3o das licen\u00e7as das esta\u00e7\u00f5es locais da ABC com v\u00e1rias anos de antecipa\u00e7\u00e3o face ao calend\u00e1rio normal, j\u00e1 que as licen\u00e7as expiram entre 2028 e 2031.<\/li>\n<li>O pedido surge num contexto de pol\u00e9mica entre Donald Trump, Melania Trump e Jimmy Kimmel, ap\u00f3s uma piada considerada \u201capelo \u00e0 viol\u00eancia\u201d dirigida \u00e0 primeira-dama.<\/li>\n<li>A FCC n\u00e3o justificou a decis\u00e3o no aviso administrativo; a Disney afirmou ter recebido o pedido e mostrou confian\u00e7a nas suas compet\u00eancias para manter as licen\u00e7as.<\/li>\n<li>O ex-presidente exigiu publicamente que a ABC despedisse Kimmel; Melania Trump tamb\u00e9m pediu \u00e0 ABC que interviesse face aos coment\u00e1rios do apresentador.<\/li>\n<li>O caso ocorre num historial de tens\u00f5es entre a rede e a audi\u00eancia conservadora, que j\u00e1 associou Kimmel a epis\u00f3dios de controv\u00e9rsia e discuss\u00f5es sobre censura.<\/li>\n<\/ul>\n","protected":false},"author":2,"featured_media":460538,"comment_status":"closed","ping_status":"closed","sticky":false,"template":"","format":"standard","meta":{"footnotes":""},"categories":[1,5],"tags":[5804,5326,506,3512,5706,2832],"class_list":["post-460536","post","type-post","status-publish","format-standard","has-post-thumbnail","hentry","category-noticias","category-politica","tag-comunicacao-institucional","tag-comunicacao-social","tag-imprensa","tag-liberdade-de-imprensa","tag-licenciamentos","tag-politica"],"yoast_head":"<!-- This site is optimized with the Yoast SEO plugin v27.2 - https:\/\/yoast.com\/product\/yoast-seo-wordpress\/ -->\n<title>Regulador ordena revis\u00e3o de licen\u00e7as da ABC durante pol\u00e9mica com casal Trump - Portal Tela Portugal<\/title>\n<meta name=\"robots\" content=\"index, follow, max-snippet:-1, max-image-preview:large, max-video-preview:-1\" \/>\n<meta property=\"og:locale\" content=\"pt_PT\" \/>\n<meta property=\"og:type\" content=\"article\" \/>\n<meta property=\"og:title\" content=\"Regulador ordena revis\u00e3o de licen\u00e7as da ABC durante pol\u00e9mica com casal Trump - Portal Tela Portugal\" \/>\n<meta property=\"og:description\" content=\"A FCC ordenou \u00e0 Disney que apresente um pedido de renova\u00e7\u00e3o das licen\u00e7as das esta\u00e7\u00f5es locais da ABC com v\u00e1rias anos de antecipa\u00e7\u00e3o face ao calend\u00e1rio normal, j\u00e1 que as licen\u00e7as expiram entre 2028 e 2031. O pedido surge num contexto de pol\u00e9mica entre Donald Trump, Melania Trump e Jimmy Kimmel, ap\u00f3s uma piada considerada \u201capelo \u00e0 viol\u00eancia\u201d dirigida \u00e0 primeira-dama. A FCC n\u00e3o justificou a decis\u00e3o no aviso administrativo; a Disney afirmou ter recebido o pedido e mostrou confian\u00e7a nas suas compet\u00eancias para manter as licen\u00e7as. O ex-presidente exigiu publicamente que a ABC despedisse Kimmel; Melania Trump tamb\u00e9m pediu \u00e0 ABC que interviesse face aos coment\u00e1rios do apresentador. O caso ocorre num historial de tens\u00f5es entre a rede e a audi\u00eancia conservadora, que j\u00e1 associou Kimmel a epis\u00f3dios de controv\u00e9rsia e discuss\u00f5es sobre censura.\" \/>\n<meta property=\"og:url\" content=\"https:\/\/portaltela.pt\/noticias\/2026\/04\/28\/regulador-ordena-revisao-de-licencas-da-abc-durante-polemica-com-casal-trump\/\" \/>\n<meta property=\"og:site_name\" content=\"Portal Tela Portugal\" \/>\n<meta property=\"article:published_time\" content=\"2026-04-28T21:48:10+00:00\" \/>\n<meta name=\"author\" content=\"Telinha\" \/>\n<meta name=\"twitter:card\" content=\"summary_large_image\" \/>\n<meta name=\"twitter:label1\" content=\"Escrito por\" \/>\n\t<meta name=\"twitter:data1\" content=\"Telinha\" \/>\n\t<meta name=\"twitter:label2\" content=\"Tempo estimado de leitura\" \/>\n\t<meta name=\"twitter:data2\" content=\"2 minutos\" \/>\n<script type=\"application\/ld+json\" class=\"yoast-schema-graph\">{\"@context\":\"https:\/\/schema.org\",\"@graph\":[{\"@type\":\"Article\",\"@id\":\"https:\/\/portaltela.pt\/noticias\/2026\/04\/28\/regulador-ordena-revisao-de-licencas-da-abc-durante-polemica-com-casal-trump\/#article\",\"isPartOf\":{\"@id\":\"https:\/\/portaltela.pt\/noticias\/2026\/04\/28\/regulador-ordena-revisao-de-licencas-da-abc-durante-polemica-com-casal-trump\/\"},\"author\":{\"name\":\"Telinha\",\"@id\":\"https:\/\/portaltela.pt\/#\/schema\/person\/c4278d4a6028830caff9ee44b42d32ed\"},\"headline\":\"Regulador ordena revis\u00e3o de licen\u00e7as da ABC durante pol\u00e9mica com casal Trump\",\"datePublished\":\"2026-04-28T21:48:10+00:00\",\"mainEntityOfPage\":{\"@id\":\"https:\/\/portaltela.pt\/noticias\/2026\/04\/28\/regulador-ordena-revisao-de-licencas-da-abc-durante-polemica-com-casal-trump\/\"},\"wordCount\":455,\"image\":{\"@id\":\"https:\/\/portaltela.pt\/noticias\/2026\/04\/28\/regulador-ordena-revisao-de-licencas-da-abc-durante-polemica-com-casal-trump\/#primaryimage\"},\"thumbnailUrl\":\"https:\/\/portaltela.pt\/s.01k8rhncp4jt1\/2026\/04\/img_1280x721uu2025-02-18-23-48-31-2194036.jpg\",\"keywords\":[\"comunica\u00e7\u00e3o institucional\",\"comunica\u00e7\u00e3o social\",\"imprensa\",\"liberdade de imprensa\",\"licenciamentos\",\"pol\u00edtica\"],\"articleSection\":[\"Not\u00edcias\",\"Pol\u00edtica\"],\"inLanguage\":\"pt-PT\"},{\"@type\":\"WebPage\",\"@id\":\"https:\/\/portaltela.pt\/noticias\/2026\/04\/28\/regulador-ordena-revisao-de-licencas-da-abc-durante-polemica-com-casal-trump\/\",\"url\":\"https:\/\/portaltela.pt\/noticias\/2026\/04\/28\/regulador-ordena-revisao-de-licencas-da-abc-durante-polemica-com-casal-trump\/\",\"name\":\"Regulador ordena revis\u00e3o de licen\u00e7as da ABC durante pol\u00e9mica com casal Trump - Portal Tela Portugal\",\"isPartOf\":{\"@id\":\"https:\/\/portaltela.pt\/#website\"},\"primaryImageOfPage\":{\"@id\":\"https:\/\/portaltela.pt\/noticias\/2026\/04\/28\/regulador-ordena-revisao-de-licencas-da-abc-durante-polemica-com-casal-trump\/#primaryimage\"},\"image\":{\"@id\":\"https:\/\/portaltela.pt\/noticias\/2026\/04\/28\/regulador-ordena-revisao-de-licencas-da-abc-durante-polemica-com-casal-trump\/#primaryimage\"},\"thumbnailUrl\":\"https:\/\/portaltela.pt\/s.01k8rhncp4jt1\/2026\/04\/img_1280x721uu2025-02-18-23-48-31-2194036.jpg\",\"datePublished\":\"2026-04-28T21:48:10+00:00\",\"author\":{\"@id\":\"https:\/\/portaltela.pt\/#\/schema\/person\/c4278d4a6028830caff9ee44b42d32ed\"},\"breadcrumb\":{\"@id\":\"https:\/\/portaltela.pt\/noticias\/2026\/04\/28\/regulador-ordena-revisao-de-licencas-da-abc-durante-polemica-com-casal-trump\/#breadcrumb\"},\"inLanguage\":\"pt-PT\",\"potentialAction\":[{\"@type\":\"ReadAction\",\"target\":[\"https:\/\/portaltela.pt\/noticias\/2026\/04\/28\/regulador-ordena-revisao-de-licencas-da-abc-durante-polemica-com-casal-trump\/\"]}]},{\"@type\":\"ImageObject\",\"inLanguage\":\"pt-PT\",\"@id\":\"https:\/\/portaltela.pt\/noticias\/2026\/04\/28\/regulador-ordena-revisao-de-licencas-da-abc-durante-polemica-com-casal-trump\/#primaryimage\",\"url\":\"https:\/\/portaltela.pt\/s.01k8rhncp4jt1\/2026\/04\/img_1280x721uu2025-02-18-23-48-31-2194036.jpg\",\"contentUrl\":\"https:\/\/portaltela.pt\/s.01k8rhncp4jt1\/2026\/04\/img_1280x721uu2025-02-18-23-48-31-2194036.jpg\",\"width\":796,\"height\":448,\"caption\":\"ABC\"},{\"@type\":\"BreadcrumbList\",\"@id\":\"https:\/\/portaltela.pt\/noticias\/2026\/04\/28\/regulador-ordena-revisao-de-licencas-da-abc-durante-polemica-com-casal-trump\/#breadcrumb\",\"itemListElement\":[{\"@type\":\"ListItem\",\"position\":1,\"name\":\"In\u00edcio\",\"item\":\"https:\/\/portaltela.pt\/\"},{\"@type\":\"ListItem\",\"position\":2,\"name\":\"Regulador ordena revis\u00e3o de licen\u00e7as da ABC durante pol\u00e9mica com casal Trump\"}]},{\"@type\":\"WebSite\",\"@id\":\"https:\/\/portaltela.pt\/#website\",\"url\":\"https:\/\/portaltela.pt\/\",\"name\":\"Portal Tela Portugal\",\"description\":\"\",\"potentialAction\":[{\"@type\":\"SearchAction\",\"target\":{\"@type\":\"EntryPoint\",\"urlTemplate\":\"https:\/\/portaltela.pt\/?s={search_term_string}\"},\"query-input\":{\"@type\":\"PropertyValueSpecification\",\"valueRequired\":true,\"valueName\":\"search_term_string\"}}],\"inLanguage\":\"pt-PT\"},{\"@type\":\"Person\",\"@id\":\"https:\/\/portaltela.pt\/#\/schema\/person\/c4278d4a6028830caff9ee44b42d32ed\",\"name\":\"Telinha\",\"image\":{\"@type\":\"ImageObject\",\"inLanguage\":\"pt-PT\",\"@id\":\"https:\/\/portaltela.pt\/s.01k8rhncp4jt1\/2025\/11\/talking-bot-125x125.png\",\"url\":\"https:\/\/portaltela.pt\/s.01k8rhncp4jt1\/2025\/11\/talking-bot-125x125.png\",\"contentUrl\":\"https:\/\/portaltela.pt\/s.01k8rhncp4jt1\/2025\/11\/talking-bot-125x125.png\",\"caption\":\"Telinha\"},\"sameAs\":[\"https:\/\/portaltela.pt\/\"],\"url\":\"https:\/\/portaltela.pt\/por\/367410592786\/\"}]}<\/script>\n<!-- \/ Yoast SEO plugin. -->","yoast_head_json":{"title":"Regulador ordena revis\u00e3o de licen\u00e7as da ABC durante pol\u00e9mica com casal Trump - Portal Tela Portugal","robots":{"index":"index","follow":"follow","max-snippet":"max-snippet:-1","max-image-preview":"max-image-preview:large","max-video-preview":"max-video-preview:-1"},"og_locale":"pt_PT","og_type":"article","og_title":"Regulador ordena revis\u00e3o de licen\u00e7as da ABC durante pol\u00e9mica com casal Trump - Portal Tela Portugal","og_description":"A FCC ordenou \u00e0 Disney que apresente um pedido de renova\u00e7\u00e3o das licen\u00e7as das esta\u00e7\u00f5es locais da ABC com v\u00e1rias anos de antecipa\u00e7\u00e3o face ao calend\u00e1rio normal, j\u00e1 que as licen\u00e7as expiram entre 2028 e 2031. O pedido surge num contexto de pol\u00e9mica entre Donald Trump, Melania Trump e Jimmy Kimmel, ap\u00f3s uma piada considerada \u201capelo \u00e0 viol\u00eancia\u201d dirigida \u00e0 primeira-dama. A FCC n\u00e3o justificou a decis\u00e3o no aviso administrativo; a Disney afirmou ter recebido o pedido e mostrou confian\u00e7a nas suas compet\u00eancias para manter as licen\u00e7as. O ex-presidente exigiu publicamente que a ABC despedisse Kimmel; Melania Trump tamb\u00e9m pediu \u00e0 ABC que interviesse face aos coment\u00e1rios do apresentador. O caso ocorre num historial de tens\u00f5es entre a rede e a audi\u00eancia conservadora, que j\u00e1 associou Kimmel a epis\u00f3dios de controv\u00e9rsia e discuss\u00f5es sobre censura.","og_url":"https:\/\/portaltela.pt\/noticias\/2026\/04\/28\/regulador-ordena-revisao-de-licencas-da-abc-durante-polemica-com-casal-trump\/","og_site_name":"Portal Tela Portugal","article_published_time":"2026-04-28T21:48:10+00:00","author":"Telinha","twitter_card":"summary_large_image","twitter_misc":{"Escrito por":"Telinha","Tempo estimado de leitura":"2 minutos"},"schema":{"@context":"https:\/\/schema.org","@graph":[{"@type":"Article","@id":"https:\/\/portaltela.pt\/noticias\/2026\/04\/28\/regulador-ordena-revisao-de-licencas-da-abc-durante-polemica-com-casal-trump\/#article","isPartOf":{"@id":"https:\/\/portaltela.pt\/noticias\/2026\/04\/28\/regulador-ordena-revisao-de-licencas-da-abc-durante-polemica-com-casal-trump\/"},"author":{"name":"Telinha","@id":"https:\/\/portaltela.pt\/#\/schema\/person\/c4278d4a6028830caff9ee44b42d32ed"},"headline":"Regulador ordena revis\u00e3o de licen\u00e7as da ABC durante pol\u00e9mica com casal Trump","datePublished":"2026-04-28T21:48:10+00:00","mainEntityOfPage":{"@id":"https:\/\/portaltela.pt\/noticias\/2026\/04\/28\/regulador-ordena-revisao-de-licencas-da-abc-durante-polemica-com-casal-trump\/"},"wordCount":455,"image":{"@id":"https:\/\/portaltela.pt\/noticias\/2026\/04\/28\/regulador-ordena-revisao-de-licencas-da-abc-durante-polemica-com-casal-trump\/#primaryimage"},"thumbnailUrl":"https:\/\/portaltela.pt\/s.01k8rhncp4jt1\/2026\/04\/img_1280x721uu2025-02-18-23-48-31-2194036.jpg","keywords":["comunica\u00e7\u00e3o institucional","comunica\u00e7\u00e3o social","imprensa","liberdade de imprensa","licenciamentos","pol\u00edtica"],"articleSection":["Not\u00edcias","Pol\u00edtica"],"inLanguage":"pt-PT"},{"@type":"WebPage","@id":"https:\/\/portaltela.pt\/noticias\/2026\/04\/28\/regulador-ordena-revisao-de-licencas-da-abc-durante-polemica-com-casal-trump\/","url":"https:\/\/portaltela.pt\/noticias\/2026\/04\/28\/regulador-ordena-revisao-de-licencas-da-abc-durante-polemica-com-casal-trump\/","name":"Regulador ordena revis\u00e3o de licen\u00e7as da ABC durante pol\u00e9mica com casal Trump - Portal Tela Portugal","isPartOf":{"@id":"https:\/\/portaltela.pt\/#website"},"primaryImageOfPage":{"@id":"https:\/\/portaltela.pt\/noticias\/2026\/04\/28\/regulador-ordena-revisao-de-licencas-da-abc-durante-polemica-com-casal-trump\/#primaryimage"},"image":{"@id":"https:\/\/portaltela.pt\/noticias\/2026\/04\/28\/regulador-ordena-revisao-de-licencas-da-abc-durante-polemica-com-casal-trump\/#primaryimage"},"thumbnailUrl":"https:\/\/portaltela.pt\/s.01k8rhncp4jt1\/2026\/04\/img_1280x721uu2025-02-18-23-48-31-2194036.jpg","datePublished":"2026-04-28T21:48:10+00:00","author":{"@id":"https:\/\/portaltela.pt\/#\/schema\/person\/c4278d4a6028830caff9ee44b42d32ed"},"breadcrumb":{"@id":"https:\/\/portaltela.pt\/noticias\/2026\/04\/28\/regulador-ordena-revisao-de-licencas-da-abc-durante-polemica-com-casal-trump\/#breadcrumb"},"inLanguage":"pt-PT","potentialAction":[{"@type":"ReadAction","target":["https:\/\/portaltela.pt\/noticias\/2026\/04\/28\/regulador-ordena-revisao-de-licencas-da-abc-durante-polemica-com-casal-trump\/"]}]},{"@type":"ImageObject","inLanguage":"pt-PT","@id":"https:\/\/portaltela.pt\/noticias\/2026\/04\/28\/regulador-ordena-revisao-de-licencas-da-abc-durante-polemica-com-casal-trump\/#primaryimage","url":"https:\/\/portaltela.pt\/s.01k8rhncp4jt1\/2026\/04\/img_1280x721uu2025-02-18-23-48-31-2194036.jpg","contentUrl":"https:\/\/portaltela.pt\/s.01k8rhncp4jt1\/2026\/04\/img_1280x721uu2025-02-18-23-48-31-2194036.jpg","width":796,"height":448,"caption":"ABC"},{"@type":"BreadcrumbList","@id":"https:\/\/portaltela.pt\/noticias\/2026\/04\/28\/regulador-ordena-revisao-de-licencas-da-abc-durante-polemica-com-casal-trump\/#breadcrumb","itemListElement":[{"@type":"ListItem","position":1,"name":"In\u00edcio","item":"https:\/\/portaltela.pt\/"},{"@type":"ListItem","position":2,"name":"Regulador ordena revis\u00e3o de licen\u00e7as da ABC durante pol\u00e9mica com casal Trump"}]},{"@type":"WebSite","@id":"https:\/\/portaltela.pt\/#website","url":"https:\/\/portaltela.pt\/","name":"Portal Tela Portugal","description":"","potentialAction":[{"@type":"SearchAction","target":{"@type":"EntryPoint","urlTemplate":"https:\/\/portaltela.pt\/?s={search_term_string}"},"query-input":{"@type":"PropertyValueSpecification","valueRequired":true,"valueName":"search_term_string"}}],"inLanguage":"pt-PT"},{"@type":"Person","@id":"https:\/\/portaltela.pt\/#\/schema\/person\/c4278d4a6028830caff9ee44b42d32ed","name":"Telinha","image":{"@type":"ImageObject","inLanguage":"pt-PT","@id":"https:\/\/portaltela.pt\/s.01k8rhncp4jt1\/2025\/11\/talking-bot-125x125.png","url":"https:\/\/portaltela.pt\/s.01k8rhncp4jt1\/2025\/11\/talking-bot-125x125.png","contentUrl":"https:\/\/portaltela.pt\/s.01k8rhncp4jt1\/2025\/11\/talking-bot-125x125.png","caption":"Telinha"},"sameAs":["https:\/\/portaltela.pt\/"],"url":"https:\/\/portaltela.pt\/por\/367410592786\/"}]}},"_links":{"self":[{"href":"https:\/\/portaltela.pt\/api\/wp\/v2\/posts\/460536","targetHints":{"allow":["GET"]}}],"collection":[{"href":"https:\/\/portaltela.pt\/api\/wp\/v2\/posts"}],"about":[{"href":"https:\/\/portaltela.pt\/api\/wp\/v2\/types\/post"}],"author":[{"embeddable":true,"href":"https:\/\/portaltela.pt\/api\/wp\/v2\/users\/2"}],"replies":[{"embeddable":true,"href":"https:\/\/portaltela.pt\/api\/wp\/v2\/comments?post=460536"}],"version-history":[{"count":0,"href":"https:\/\/portaltela.pt\/api\/wp\/v2\/posts\/460536\/revisions"}],"wp:featuredmedia":[{"embeddable":true,"href":"https:\/\/portaltela.pt\/api\/wp\/v2\/media\/460538"}],"wp:attachment":[{"href":"https:\/\/portaltela.pt\/api\/wp\/v2\/media?parent=460536"}],"wp:term":[{"taxonomy":"category","embeddable":true,"href":"https:\/\/portaltela.pt\/api\/wp\/v2\/categories?post=460536"},{"taxonomy":"post_tag","embeddable":true,"href":"https:\/\/portaltela.pt\/api\/wp\/v2\/tags?post=460536"}],"curies":[{"name":"wp","href":"https:\/\/api.w.org\/{rel}","templated":true}]}}