{"id":460532,"date":"2026-04-28T18:48:04","date_gmt":"2026-04-28T21:48:04","guid":{"rendered":"https:\/\/portaltela.pt\/noticias\/2026\/04\/28\/chega-e-il-acusam-costa-de-mentir-na-operacao-influencer-be-critica-escutas\/"},"modified":"2026-04-28T18:48:04","modified_gmt":"2026-04-28T21:48:04","slug":"chega-e-il-acusam-costa-de-mentir-na-operacao-influencer-be-critica-escutas","status":"publish","type":"post","link":"https:\/\/portaltela.pt\/noticias\/politica\/2026\/04\/28\/chega-e-il-acusam-costa-de-mentir-na-operacao-influencer-be-critica-escutas\/","title":{"rendered":"Chega e IL acusam Costa de mentir na Opera\u00e7\u00e3o Influencer; BE critica escutas"},"content":{"rendered":"<p>Na segunda-feira, a TVI\/CNN revelou uma escuta em que Ant\u00f3nio Costa discute, com o advogado Diogo Lacerda Machado, o projeto Start Campus, no per\u00edodo pr\u00f3ximo ao Natal de 2022. A pe\u00e7a jornal\u00edstica contraria a vers\u00e3o de Costa, apresentada em novembro de 2023, de que nunca falou sobre esse assunto com o consultor de Start Campus. A divulga\u00e7\u00e3o ocorreu no \u00e2mbito do processo Influencer.<\/p>\n<p>Os presidentes do Chega e da Iniciativa Liberal reagiram, acusando Costa de mentir nas declara\u00e7\u00f5es proferidas no processo Influencer. O Chega afirma que as escutas desmentem a vers\u00e3o anterior, enquanto a IL aponta para a necessidade de clarifica\u00e7\u00e3o por parte do Governo. O BE criticou a divulga\u00e7\u00e3o das conversas, e o PS n\u00e3o se pronunciou de forma oficial sobre o tema.<\/p>\n<h3>Rea\u00e7\u00f5es pol\u00edticas e contexto<\/h3>\n<p>No parlamento, Andr\u00e9 Ventura, l\u00edder do Chega, afirmou que Costa foi desmentido pelas escutas e que ele e o PS devem prestar explica\u00e7\u00f5es, considerando grave a situa\u00e7\u00e3o. O Chega tamb\u00e9m mencionou a hip\u00f3tese de recorrer a assistentes no \u00e2mbito do processo Marqu\u00eas, caso haja necessidade de pressionar o avan\u00e7o do inqu\u00e9rito. A l\u00edder da IL, Mariana Leit\u00e3o, sustenta que as escutas revelam que Costa tratou do Start Campus com o advogado, contrariando declara\u00e7\u00f5es anteriores.<\/p>\n<p>O BE, por seu lado, exigiu cautela na divulga\u00e7\u00e3o de material de escuta e defende o direito \u00e0 informa\u00e7\u00e3o, sem coment\u00e1rios adicionais sobre o conte\u00fado. O PS n\u00e3o deu respostas diretas ao assunto, argumentando que n\u00e3o era tema do momento. O PCP e o Bloco de Esquerda reduziram a participa\u00e7\u00e3o, com o \u00faltimo destacando preocupa\u00e7\u00f5es sobre o uso de escutas e a nomea\u00e7\u00e3o de figuras pr\u00f3ximas ao gabinete de Costa.<\/p>\n<p>Patr\u00edcia Gon\u00e7alves, do Livre, reiterou que n\u00e3o \u00e9 o momento de comentar investiga\u00e7\u00f5es em curso, defendendo que os casos sejam esclarecidos pelas vias judiciais. Mant\u00e9m-se o foco institucional na verifica\u00e7\u00e3o dos factos, sem emitir julgamentos pr\u00e9vios ou conclus\u00f5es sobre o impacto pol\u00edtico.<\/p>\n","protected":false},"excerpt":{"rendered":"<ul>\n<li>Os presidentes do Chega e da Iniciativa Liberal afirmaram, nesta ter\u00e7a-feira, que Ant\u00f3nio Costa mentiu nas declara\u00e7\u00f5es no processo Influencer; o BE criticou a divulga\u00e7\u00e3o de escutas, enquanto o PS n\u00e3o comentou.<\/li>\n<li>A TVI\/CNN revelou, na segunda-feira, uma escuta de Costa com o advogado Diogo Lacerda Machado sobre o projeto Start Campus, na v\u00e9spera do Natal de 2022.<\/li>\n<li>Costa tinha alegado que nunca discutiu esse tema com Lacerda Machado, consultor do projeto, o que a escuta contraria.<\/li>\n<li>Andr\u00e9 Ventura, do Chega, pediu explica\u00e7\u00f5es e responsabiliza\u00e7\u00e3o de Costa e do PS, considerando a divulga\u00e7\u00e3o grave e dizendo que Costa j\u00e1 n\u00e3o \u00e9 primeiro-ministro, mas tem responsabilidades.<\/li>\n<li>Mariana Leit\u00e3o, da Iniciativa Liberal, disse que as grava\u00e7\u00f5es mostram que Costa falou com o amigo sobre o Start Campus; o BE criticou a divulga\u00e7\u00e3o, e o PS e o PCP evitaram comentar o tema.<\/li>\n<\/ul>\n","protected":false},"author":2,"featured_media":460534,"comment_status":"closed","ping_status":"closed","sticky":false,"template":"","format":"standard","meta":{"footnotes":""},"categories":[1,5],"tags":[9046,9902,8736,8734,9092,49],"class_list":["post-460532","post","type-post","status-publish","format-standard","has-post-thumbnail","hentry","category-noticias","category-politica","tag-_antonio-costa","tag-_bloco-de-esquerda","tag-_chega","tag-_iniciativa-liberal","tag-_inquerito-criminal","tag-startups"],"yoast_head":"<!-- This site is optimized with the Yoast SEO plugin v27.2 - https:\/\/yoast.com\/product\/yoast-seo-wordpress\/ -->\n<title>Chega e IL acusam Costa de mentir na Opera\u00e7\u00e3o Influencer; BE critica escutas - Portal Tela Portugal<\/title>\n<meta name=\"robots\" content=\"index, follow, max-snippet:-1, max-image-preview:large, max-video-preview:-1\" \/>\n<meta property=\"og:locale\" content=\"pt_PT\" \/>\n<meta property=\"og:type\" content=\"article\" \/>\n<meta property=\"og:title\" content=\"Chega e IL acusam Costa de mentir na Opera\u00e7\u00e3o Influencer; BE critica escutas - Portal Tela Portugal\" \/>\n<meta property=\"og:description\" content=\"Os presidentes do Chega e da Iniciativa Liberal afirmaram, nesta ter\u00e7a-feira, que Ant\u00f3nio Costa mentiu nas declara\u00e7\u00f5es no processo Influencer; o BE criticou a divulga\u00e7\u00e3o de escutas, enquanto o PS n\u00e3o comentou. A TVI\/CNN revelou, na segunda-feira, uma escuta de Costa com o advogado Diogo Lacerda Machado sobre o projeto Start Campus, na v\u00e9spera do Natal de 2022. Costa tinha alegado que nunca discutiu esse tema com Lacerda Machado, consultor do projeto, o que a escuta contraria. Andr\u00e9 Ventura, do Chega, pediu explica\u00e7\u00f5es e responsabiliza\u00e7\u00e3o de Costa e do PS, considerando a divulga\u00e7\u00e3o grave e dizendo que Costa j\u00e1 n\u00e3o \u00e9 primeiro-ministro, mas tem responsabilidades. Mariana Leit\u00e3o, da Iniciativa Liberal, disse que as grava\u00e7\u00f5es mostram que Costa falou com o amigo sobre o Start Campus; o BE criticou a divulga\u00e7\u00e3o, e o PS e o PCP evitaram comentar o tema.\" \/>\n<meta property=\"og:url\" content=\"https:\/\/portaltela.pt\/noticias\/2026\/04\/28\/chega-e-il-acusam-costa-de-mentir-na-operacao-influencer-be-critica-escutas\/\" \/>\n<meta property=\"og:site_name\" content=\"Portal Tela Portugal\" \/>\n<meta property=\"article:published_time\" content=\"2026-04-28T21:48:04+00:00\" \/>\n<meta name=\"author\" content=\"Telinha\" \/>\n<meta name=\"twitter:card\" content=\"summary_large_image\" \/>\n<meta name=\"twitter:label1\" content=\"Escrito por\" \/>\n\t<meta name=\"twitter:data1\" content=\"Telinha\" \/>\n\t<meta name=\"twitter:label2\" content=\"Tempo estimado de leitura\" \/>\n\t<meta name=\"twitter:data2\" content=\"2 minutos\" \/>\n<script type=\"application\/ld+json\" class=\"yoast-schema-graph\">{\"@context\":\"https:\/\/schema.org\",\"@graph\":[{\"@type\":\"Article\",\"@id\":\"https:\/\/portaltela.pt\/noticias\/2026\/04\/28\/chega-e-il-acusam-costa-de-mentir-na-operacao-influencer-be-critica-escutas\/#article\",\"isPartOf\":{\"@id\":\"https:\/\/portaltela.pt\/noticias\/2026\/04\/28\/chega-e-il-acusam-costa-de-mentir-na-operacao-influencer-be-critica-escutas\/\"},\"author\":{\"name\":\"Telinha\",\"@id\":\"https:\/\/portaltela.pt\/#\/schema\/person\/c4278d4a6028830caff9ee44b42d32ed\"},\"headline\":\"Chega e IL acusam Costa de mentir na Opera\u00e7\u00e3o Influencer; BE critica escutas\",\"datePublished\":\"2026-04-28T21:48:04+00:00\",\"mainEntityOfPage\":{\"@id\":\"https:\/\/portaltela.pt\/noticias\/2026\/04\/28\/chega-e-il-acusam-costa-de-mentir-na-operacao-influencer-be-critica-escutas\/\"},\"wordCount\":369,\"image\":{\"@id\":\"https:\/\/portaltela.pt\/noticias\/2026\/04\/28\/chega-e-il-acusam-costa-de-mentir-na-operacao-influencer-be-critica-escutas\/#primaryimage\"},\"thumbnailUrl\":\"https:\/\/portaltela.pt\/s.01k8rhncp4jt1\/2026\/04\/img_1280x721uu2026-03-20-07-44-46-2273598.jpg\",\"keywords\":[\"_Ant\u00f3nio Costa\",\"_Bloco de Esquerda\",\"_Chega\",\"_Iniciativa Liberal\",\"_inqu\u00e9rito criminal\",\"startups\"],\"articleSection\":[\"Not\u00edcias\",\"Pol\u00edtica\"],\"inLanguage\":\"pt-PT\"},{\"@type\":\"WebPage\",\"@id\":\"https:\/\/portaltela.pt\/noticias\/2026\/04\/28\/chega-e-il-acusam-costa-de-mentir-na-operacao-influencer-be-critica-escutas\/\",\"url\":\"https:\/\/portaltela.pt\/noticias\/2026\/04\/28\/chega-e-il-acusam-costa-de-mentir-na-operacao-influencer-be-critica-escutas\/\",\"name\":\"Chega e IL acusam Costa de mentir na Opera\u00e7\u00e3o Influencer; BE critica escutas - Portal Tela Portugal\",\"isPartOf\":{\"@id\":\"https:\/\/portaltela.pt\/#website\"},\"primaryImageOfPage\":{\"@id\":\"https:\/\/portaltela.pt\/noticias\/2026\/04\/28\/chega-e-il-acusam-costa-de-mentir-na-operacao-influencer-be-critica-escutas\/#primaryimage\"},\"image\":{\"@id\":\"https:\/\/portaltela.pt\/noticias\/2026\/04\/28\/chega-e-il-acusam-costa-de-mentir-na-operacao-influencer-be-critica-escutas\/#primaryimage\"},\"thumbnailUrl\":\"https:\/\/portaltela.pt\/s.01k8rhncp4jt1\/2026\/04\/img_1280x721uu2026-03-20-07-44-46-2273598.jpg\",\"datePublished\":\"2026-04-28T21:48:04+00:00\",\"author\":{\"@id\":\"https:\/\/portaltela.pt\/#\/schema\/person\/c4278d4a6028830caff9ee44b42d32ed\"},\"breadcrumb\":{\"@id\":\"https:\/\/portaltela.pt\/noticias\/2026\/04\/28\/chega-e-il-acusam-costa-de-mentir-na-operacao-influencer-be-critica-escutas\/#breadcrumb\"},\"inLanguage\":\"pt-PT\",\"potentialAction\":[{\"@type\":\"ReadAction\",\"target\":[\"https:\/\/portaltela.pt\/noticias\/2026\/04\/28\/chega-e-il-acusam-costa-de-mentir-na-operacao-influencer-be-critica-escutas\/\"]}]},{\"@type\":\"ImageObject\",\"inLanguage\":\"pt-PT\",\"@id\":\"https:\/\/portaltela.pt\/noticias\/2026\/04\/28\/chega-e-il-acusam-costa-de-mentir-na-operacao-influencer-be-critica-escutas\/#primaryimage\",\"url\":\"https:\/\/portaltela.pt\/s.01k8rhncp4jt1\/2026\/04\/img_1280x721uu2026-03-20-07-44-46-2273598.jpg\",\"contentUrl\":\"https:\/\/portaltela.pt\/s.01k8rhncp4jt1\/2026\/04\/img_1280x721uu2026-03-20-07-44-46-2273598.jpg\",\"width\":796,\"height\":448,\"caption\":\"Ant\u00f3nio Costa\"},{\"@type\":\"BreadcrumbList\",\"@id\":\"https:\/\/portaltela.pt\/noticias\/2026\/04\/28\/chega-e-il-acusam-costa-de-mentir-na-operacao-influencer-be-critica-escutas\/#breadcrumb\",\"itemListElement\":[{\"@type\":\"ListItem\",\"position\":1,\"name\":\"In\u00edcio\",\"item\":\"https:\/\/portaltela.pt\/\"},{\"@type\":\"ListItem\",\"position\":2,\"name\":\"Chega e IL acusam Costa de mentir na Opera\u00e7\u00e3o Influencer; BE critica escutas\"}]},{\"@type\":\"WebSite\",\"@id\":\"https:\/\/portaltela.pt\/#website\",\"url\":\"https:\/\/portaltela.pt\/\",\"name\":\"Portal Tela Portugal\",\"description\":\"\",\"potentialAction\":[{\"@type\":\"SearchAction\",\"target\":{\"@type\":\"EntryPoint\",\"urlTemplate\":\"https:\/\/portaltela.pt\/?s={search_term_string}\"},\"query-input\":{\"@type\":\"PropertyValueSpecification\",\"valueRequired\":true,\"valueName\":\"search_term_string\"}}],\"inLanguage\":\"pt-PT\"},{\"@type\":\"Person\",\"@id\":\"https:\/\/portaltela.pt\/#\/schema\/person\/c4278d4a6028830caff9ee44b42d32ed\",\"name\":\"Telinha\",\"image\":{\"@type\":\"ImageObject\",\"inLanguage\":\"pt-PT\",\"@id\":\"https:\/\/portaltela.pt\/s.01k8rhncp4jt1\/2025\/11\/talking-bot-125x125.png\",\"url\":\"https:\/\/portaltela.pt\/s.01k8rhncp4jt1\/2025\/11\/talking-bot-125x125.png\",\"contentUrl\":\"https:\/\/portaltela.pt\/s.01k8rhncp4jt1\/2025\/11\/talking-bot-125x125.png\",\"caption\":\"Telinha\"},\"sameAs\":[\"https:\/\/portaltela.pt\/\"],\"url\":\"https:\/\/portaltela.pt\/por\/367410592786\/\"}]}<\/script>\n<!-- \/ Yoast SEO plugin. -->","yoast_head_json":{"title":"Chega e IL acusam Costa de mentir na Opera\u00e7\u00e3o Influencer; BE critica escutas - Portal Tela Portugal","robots":{"index":"index","follow":"follow","max-snippet":"max-snippet:-1","max-image-preview":"max-image-preview:large","max-video-preview":"max-video-preview:-1"},"og_locale":"pt_PT","og_type":"article","og_title":"Chega e IL acusam Costa de mentir na Opera\u00e7\u00e3o Influencer; BE critica escutas - Portal Tela Portugal","og_description":"Os presidentes do Chega e da Iniciativa Liberal afirmaram, nesta ter\u00e7a-feira, que Ant\u00f3nio Costa mentiu nas declara\u00e7\u00f5es no processo Influencer; o BE criticou a divulga\u00e7\u00e3o de escutas, enquanto o PS n\u00e3o comentou. A TVI\/CNN revelou, na segunda-feira, uma escuta de Costa com o advogado Diogo Lacerda Machado sobre o projeto Start Campus, na v\u00e9spera do Natal de 2022. Costa tinha alegado que nunca discutiu esse tema com Lacerda Machado, consultor do projeto, o que a escuta contraria. Andr\u00e9 Ventura, do Chega, pediu explica\u00e7\u00f5es e responsabiliza\u00e7\u00e3o de Costa e do PS, considerando a divulga\u00e7\u00e3o grave e dizendo que Costa j\u00e1 n\u00e3o \u00e9 primeiro-ministro, mas tem responsabilidades. Mariana Leit\u00e3o, da Iniciativa Liberal, disse que as grava\u00e7\u00f5es mostram que Costa falou com o amigo sobre o Start Campus; o BE criticou a divulga\u00e7\u00e3o, e o PS e o PCP evitaram comentar o tema.","og_url":"https:\/\/portaltela.pt\/noticias\/2026\/04\/28\/chega-e-il-acusam-costa-de-mentir-na-operacao-influencer-be-critica-escutas\/","og_site_name":"Portal Tela Portugal","article_published_time":"2026-04-28T21:48:04+00:00","author":"Telinha","twitter_card":"summary_large_image","twitter_misc":{"Escrito por":"Telinha","Tempo estimado de leitura":"2 minutos"},"schema":{"@context":"https:\/\/schema.org","@graph":[{"@type":"Article","@id":"https:\/\/portaltela.pt\/noticias\/2026\/04\/28\/chega-e-il-acusam-costa-de-mentir-na-operacao-influencer-be-critica-escutas\/#article","isPartOf":{"@id":"https:\/\/portaltela.pt\/noticias\/2026\/04\/28\/chega-e-il-acusam-costa-de-mentir-na-operacao-influencer-be-critica-escutas\/"},"author":{"name":"Telinha","@id":"https:\/\/portaltela.pt\/#\/schema\/person\/c4278d4a6028830caff9ee44b42d32ed"},"headline":"Chega e IL acusam Costa de mentir na Opera\u00e7\u00e3o Influencer; BE critica escutas","datePublished":"2026-04-28T21:48:04+00:00","mainEntityOfPage":{"@id":"https:\/\/portaltela.pt\/noticias\/2026\/04\/28\/chega-e-il-acusam-costa-de-mentir-na-operacao-influencer-be-critica-escutas\/"},"wordCount":369,"image":{"@id":"https:\/\/portaltela.pt\/noticias\/2026\/04\/28\/chega-e-il-acusam-costa-de-mentir-na-operacao-influencer-be-critica-escutas\/#primaryimage"},"thumbnailUrl":"https:\/\/portaltela.pt\/s.01k8rhncp4jt1\/2026\/04\/img_1280x721uu2026-03-20-07-44-46-2273598.jpg","keywords":["_Ant\u00f3nio Costa","_Bloco de Esquerda","_Chega","_Iniciativa Liberal","_inqu\u00e9rito criminal","startups"],"articleSection":["Not\u00edcias","Pol\u00edtica"],"inLanguage":"pt-PT"},{"@type":"WebPage","@id":"https:\/\/portaltela.pt\/noticias\/2026\/04\/28\/chega-e-il-acusam-costa-de-mentir-na-operacao-influencer-be-critica-escutas\/","url":"https:\/\/portaltela.pt\/noticias\/2026\/04\/28\/chega-e-il-acusam-costa-de-mentir-na-operacao-influencer-be-critica-escutas\/","name":"Chega e IL acusam Costa de mentir na Opera\u00e7\u00e3o Influencer; BE critica escutas - Portal Tela Portugal","isPartOf":{"@id":"https:\/\/portaltela.pt\/#website"},"primaryImageOfPage":{"@id":"https:\/\/portaltela.pt\/noticias\/2026\/04\/28\/chega-e-il-acusam-costa-de-mentir-na-operacao-influencer-be-critica-escutas\/#primaryimage"},"image":{"@id":"https:\/\/portaltela.pt\/noticias\/2026\/04\/28\/chega-e-il-acusam-costa-de-mentir-na-operacao-influencer-be-critica-escutas\/#primaryimage"},"thumbnailUrl":"https:\/\/portaltela.pt\/s.01k8rhncp4jt1\/2026\/04\/img_1280x721uu2026-03-20-07-44-46-2273598.jpg","datePublished":"2026-04-28T21:48:04+00:00","author":{"@id":"https:\/\/portaltela.pt\/#\/schema\/person\/c4278d4a6028830caff9ee44b42d32ed"},"breadcrumb":{"@id":"https:\/\/portaltela.pt\/noticias\/2026\/04\/28\/chega-e-il-acusam-costa-de-mentir-na-operacao-influencer-be-critica-escutas\/#breadcrumb"},"inLanguage":"pt-PT","potentialAction":[{"@type":"ReadAction","target":["https:\/\/portaltela.pt\/noticias\/2026\/04\/28\/chega-e-il-acusam-costa-de-mentir-na-operacao-influencer-be-critica-escutas\/"]}]},{"@type":"ImageObject","inLanguage":"pt-PT","@id":"https:\/\/portaltela.pt\/noticias\/2026\/04\/28\/chega-e-il-acusam-costa-de-mentir-na-operacao-influencer-be-critica-escutas\/#primaryimage","url":"https:\/\/portaltela.pt\/s.01k8rhncp4jt1\/2026\/04\/img_1280x721uu2026-03-20-07-44-46-2273598.jpg","contentUrl":"https:\/\/portaltela.pt\/s.01k8rhncp4jt1\/2026\/04\/img_1280x721uu2026-03-20-07-44-46-2273598.jpg","width":796,"height":448,"caption":"Ant\u00f3nio Costa"},{"@type":"BreadcrumbList","@id":"https:\/\/portaltela.pt\/noticias\/2026\/04\/28\/chega-e-il-acusam-costa-de-mentir-na-operacao-influencer-be-critica-escutas\/#breadcrumb","itemListElement":[{"@type":"ListItem","position":1,"name":"In\u00edcio","item":"https:\/\/portaltela.pt\/"},{"@type":"ListItem","position":2,"name":"Chega e IL acusam Costa de mentir na Opera\u00e7\u00e3o Influencer; BE critica escutas"}]},{"@type":"WebSite","@id":"https:\/\/portaltela.pt\/#website","url":"https:\/\/portaltela.pt\/","name":"Portal Tela Portugal","description":"","potentialAction":[{"@type":"SearchAction","target":{"@type":"EntryPoint","urlTemplate":"https:\/\/portaltela.pt\/?s={search_term_string}"},"query-input":{"@type":"PropertyValueSpecification","valueRequired":true,"valueName":"search_term_string"}}],"inLanguage":"pt-PT"},{"@type":"Person","@id":"https:\/\/portaltela.pt\/#\/schema\/person\/c4278d4a6028830caff9ee44b42d32ed","name":"Telinha","image":{"@type":"ImageObject","inLanguage":"pt-PT","@id":"https:\/\/portaltela.pt\/s.01k8rhncp4jt1\/2025\/11\/talking-bot-125x125.png","url":"https:\/\/portaltela.pt\/s.01k8rhncp4jt1\/2025\/11\/talking-bot-125x125.png","contentUrl":"https:\/\/portaltela.pt\/s.01k8rhncp4jt1\/2025\/11\/talking-bot-125x125.png","caption":"Telinha"},"sameAs":["https:\/\/portaltela.pt\/"],"url":"https:\/\/portaltela.pt\/por\/367410592786\/"}]}},"_links":{"self":[{"href":"https:\/\/portaltela.pt\/api\/wp\/v2\/posts\/460532","targetHints":{"allow":["GET"]}}],"collection":[{"href":"https:\/\/portaltela.pt\/api\/wp\/v2\/posts"}],"about":[{"href":"https:\/\/portaltela.pt\/api\/wp\/v2\/types\/post"}],"author":[{"embeddable":true,"href":"https:\/\/portaltela.pt\/api\/wp\/v2\/users\/2"}],"replies":[{"embeddable":true,"href":"https:\/\/portaltela.pt\/api\/wp\/v2\/comments?post=460532"}],"version-history":[{"count":0,"href":"https:\/\/portaltela.pt\/api\/wp\/v2\/posts\/460532\/revisions"}],"wp:featuredmedia":[{"embeddable":true,"href":"https:\/\/portaltela.pt\/api\/wp\/v2\/media\/460534"}],"wp:attachment":[{"href":"https:\/\/portaltela.pt\/api\/wp\/v2\/media?parent=460532"}],"wp:term":[{"taxonomy":"category","embeddable":true,"href":"https:\/\/portaltela.pt\/api\/wp\/v2\/categories?post=460532"},{"taxonomy":"post_tag","embeddable":true,"href":"https:\/\/portaltela.pt\/api\/wp\/v2\/tags?post=460532"}],"curies":[{"name":"wp","href":"https:\/\/api.w.org\/{rel}","templated":true}]}}