{"id":460520,"date":"2026-04-28T18:18:26","date_gmt":"2026-04-28T21:18:26","guid":{"rendered":"https:\/\/portaltela.pt\/noticias\/2026\/04\/28\/porsche-falha-entrada-no-tunel-do-campo-alegre-e-fica-com-as-rodas-no-ar\/"},"modified":"2026-04-28T18:18:26","modified_gmt":"2026-04-28T21:18:26","slug":"porsche-falha-entrada-no-tunel-do-campo-alegre-e-fica-com-as-rodas-no-ar","status":"publish","type":"post","link":"https:\/\/portaltela.pt\/acidentes\/2026\/04\/28\/porsche-falha-entrada-no-tunel-do-campo-alegre-e-fica-com-as-rodas-no-ar\/","title":{"rendered":"Porsche falha entrada no t\u00fanel do Campo Alegre e fica com as rodas no ar"},"content":{"rendered":"<p>Um Porsche Panamera despistou-se esta ter\u00e7a-feira, \u00e0 noite, junto ao t\u00fanel do Campo Alegre, no Porto, subindo ao muro e ficando pendurado. O ve\u00edculo derrubou o sem\u00e1foro que sinaliza a entrada do t\u00fanel e ficou com as rodas no ar, ocupando parte da faixa de rodagem.<\/p>\n<p>O carro, um Panamera 4 E-Hybrid de matr\u00edcula 2022, seguia na dire\u00e7\u00e3o da Foz, quando, perto da antiga Junta de Freguesia de Massarelos, galgou o murete. O muro serviu de rampa, levando o ve\u00edculo a descer cerca de 10 metros.<\/p>\n<p>N\u00e3o houve registo de feridos. O tr\u00e2nsito para a dire\u00e7\u00e3o da Foz foi cortado at\u00e9 \u00e0 remo\u00e7\u00e3o do Porsche. No local estiveram os Bombeiros Sapadores do Porto e a PSP, que coordenaram a opera\u00e7\u00e3o e a circula\u00e7\u00e3o vi\u00e1ria durante a interven\u00e7\u00e3o.<\/p>\n<h3>Interven\u00e7\u00e3o e vias<\/h3>\n<p>Bombeiros Sapadores do Porto realizaram a remo\u00e7\u00e3o do ve\u00edculo com apoio da PSP. A circula\u00e7\u00e3o foi restabelecida assim que o carro foi retirado e o sem\u00e1foro danificado foi substitu\u00eddo, marcando o fim da ocorr\u00eancia.<\/p>\n","protected":false},"excerpt":{"rendered":"<ul>\n<li>Um Porsche Panamera 4 E-Hybrid de 2022 despistou-se junto ao t\u00fanel do Campo Alegre, no Porto, e subiu ao muro.<\/li>\n<li>O muro serviu de rampa e o ve\u00edculo deslizou cerca de 10 metros, ficando com duas rodas no ar e ocupando parte da faixa de rodagem.<\/li>\n<li>O sem\u00e1foro que sinalizava a entrada do t\u00fanel foi derrubado pelo impacto.<\/li>\n<li>N\u00e3o houve registo de feridos; o tr\u00e2nsito em dire\u00e7\u00e3o \u00e0 Foz ficou cortado at\u00e9 \u00e0 remo\u00e7\u00e3o do carro.<\/li>\n<li>No local estiveram os Bombeiros Sapadores do Porto e a Pol\u00edcia de Seguran\u00e7a P\u00fablica.<\/li>\n<\/ul>\n","protected":false},"author":2,"featured_media":460522,"comment_status":"closed","ping_status":"closed","sticky":false,"template":"","format":"standard","meta":{"footnotes":""},"categories":[6849],"tags":[8341,7958,8565,8088,8041,8751],"class_list":["post-460520","post","type-post","status-publish","format-standard","has-post-thumbnail","hentry","category-acidentes","tag-_acidente","tag-_acidente-rodoviario","tag-_bombeiros-sapadores","tag-_porto","tag-_psp","tag-_transito"],"yoast_head":"<!-- This site is optimized with the Yoast SEO plugin v27.2 - https:\/\/yoast.com\/product\/yoast-seo-wordpress\/ -->\n<title>Porsche falha entrada no t\u00fanel do Campo Alegre e fica com as rodas no ar - Portal Tela Portugal<\/title>\n<meta name=\"robots\" content=\"index, follow, max-snippet:-1, max-image-preview:large, max-video-preview:-1\" \/>\n<meta property=\"og:locale\" content=\"pt_PT\" \/>\n<meta property=\"og:type\" content=\"article\" \/>\n<meta property=\"og:title\" content=\"Porsche falha entrada no t\u00fanel do Campo Alegre e fica com as rodas no ar - Portal Tela Portugal\" \/>\n<meta property=\"og:description\" content=\"Um Porsche Panamera 4 E-Hybrid de 2022 despistou-se junto ao t\u00fanel do Campo Alegre, no Porto, e subiu ao muro. O muro serviu de rampa e o ve\u00edculo deslizou cerca de 10 metros, ficando com duas rodas no ar e ocupando parte da faixa de rodagem. O sem\u00e1foro que sinalizava a entrada do t\u00fanel foi derrubado pelo impacto. N\u00e3o houve registo de feridos; o tr\u00e2nsito em dire\u00e7\u00e3o \u00e0 Foz ficou cortado at\u00e9 \u00e0 remo\u00e7\u00e3o do carro. No local estiveram os Bombeiros Sapadores do Porto e a Pol\u00edcia de Seguran\u00e7a P\u00fablica.\" \/>\n<meta property=\"og:url\" content=\"https:\/\/portaltela.pt\/noticias\/2026\/04\/28\/porsche-falha-entrada-no-tunel-do-campo-alegre-e-fica-com-as-rodas-no-ar\/\" \/>\n<meta property=\"og:site_name\" content=\"Portal Tela Portugal\" \/>\n<meta property=\"article:published_time\" content=\"2026-04-28T21:18:26+00:00\" \/>\n<meta name=\"author\" content=\"Telinha\" \/>\n<meta name=\"twitter:card\" content=\"summary_large_image\" \/>\n<meta name=\"twitter:label1\" content=\"Escrito por\" \/>\n\t<meta name=\"twitter:data1\" content=\"Telinha\" \/>\n\t<meta name=\"twitter:label2\" content=\"Tempo estimado de leitura\" \/>\n\t<meta name=\"twitter:data2\" content=\"1 minuto\" \/>\n<script type=\"application\/ld+json\" class=\"yoast-schema-graph\">{\"@context\":\"https:\/\/schema.org\",\"@graph\":[{\"@type\":\"Article\",\"@id\":\"https:\/\/portaltela.pt\/noticias\/2026\/04\/28\/porsche-falha-entrada-no-tunel-do-campo-alegre-e-fica-com-as-rodas-no-ar\/#article\",\"isPartOf\":{\"@id\":\"https:\/\/portaltela.pt\/noticias\/2026\/04\/28\/porsche-falha-entrada-no-tunel-do-campo-alegre-e-fica-com-as-rodas-no-ar\/\"},\"author\":{\"name\":\"Telinha\",\"@id\":\"https:\/\/portaltela.pt\/#\/schema\/person\/c4278d4a6028830caff9ee44b42d32ed\"},\"headline\":\"Porsche falha entrada no t\u00fanel do Campo Alegre e fica com as rodas no ar\",\"datePublished\":\"2026-04-28T21:18:26+00:00\",\"mainEntityOfPage\":{\"@id\":\"https:\/\/portaltela.pt\/noticias\/2026\/04\/28\/porsche-falha-entrada-no-tunel-do-campo-alegre-e-fica-com-as-rodas-no-ar\/\"},\"wordCount\":198,\"image\":{\"@id\":\"https:\/\/portaltela.pt\/noticias\/2026\/04\/28\/porsche-falha-entrada-no-tunel-do-campo-alegre-e-fica-com-as-rodas-no-ar\/#primaryimage\"},\"thumbnailUrl\":\"https:\/\/portaltela.pt\/s.01k8rhncp4jt1\/2026\/04\/image-1629.jpg\",\"keywords\":[\"_acidente\",\"_acidente rodovi\u00e1rio\",\"_Bombeiros Sapadores\",\"_Porto\",\"_PSP\",\"_tr\u00e2nsito\"],\"articleSection\":[\"Acidentes\"],\"inLanguage\":\"pt-PT\"},{\"@type\":\"WebPage\",\"@id\":\"https:\/\/portaltela.pt\/noticias\/2026\/04\/28\/porsche-falha-entrada-no-tunel-do-campo-alegre-e-fica-com-as-rodas-no-ar\/\",\"url\":\"https:\/\/portaltela.pt\/noticias\/2026\/04\/28\/porsche-falha-entrada-no-tunel-do-campo-alegre-e-fica-com-as-rodas-no-ar\/\",\"name\":\"Porsche falha entrada no t\u00fanel do Campo Alegre e fica com as rodas no ar - Portal Tela Portugal\",\"isPartOf\":{\"@id\":\"https:\/\/portaltela.pt\/#website\"},\"primaryImageOfPage\":{\"@id\":\"https:\/\/portaltela.pt\/noticias\/2026\/04\/28\/porsche-falha-entrada-no-tunel-do-campo-alegre-e-fica-com-as-rodas-no-ar\/#primaryimage\"},\"image\":{\"@id\":\"https:\/\/portaltela.pt\/noticias\/2026\/04\/28\/porsche-falha-entrada-no-tunel-do-campo-alegre-e-fica-com-as-rodas-no-ar\/#primaryimage\"},\"thumbnailUrl\":\"https:\/\/portaltela.pt\/s.01k8rhncp4jt1\/2026\/04\/image-1629.jpg\",\"datePublished\":\"2026-04-28T21:18:26+00:00\",\"author\":{\"@id\":\"https:\/\/portaltela.pt\/#\/schema\/person\/c4278d4a6028830caff9ee44b42d32ed\"},\"breadcrumb\":{\"@id\":\"https:\/\/portaltela.pt\/noticias\/2026\/04\/28\/porsche-falha-entrada-no-tunel-do-campo-alegre-e-fica-com-as-rodas-no-ar\/#breadcrumb\"},\"inLanguage\":\"pt-PT\",\"potentialAction\":[{\"@type\":\"ReadAction\",\"target\":[\"https:\/\/portaltela.pt\/noticias\/2026\/04\/28\/porsche-falha-entrada-no-tunel-do-campo-alegre-e-fica-com-as-rodas-no-ar\/\"]}]},{\"@type\":\"ImageObject\",\"inLanguage\":\"pt-PT\",\"@id\":\"https:\/\/portaltela.pt\/noticias\/2026\/04\/28\/porsche-falha-entrada-no-tunel-do-campo-alegre-e-fica-com-as-rodas-no-ar\/#primaryimage\",\"url\":\"https:\/\/portaltela.pt\/s.01k8rhncp4jt1\/2026\/04\/image-1629.jpg\",\"contentUrl\":\"https:\/\/portaltela.pt\/s.01k8rhncp4jt1\/2026\/04\/image-1629.jpg\",\"width\":796,\"height\":448,\"caption\":\"Porsche ficou com duas roda no ar\"},{\"@type\":\"BreadcrumbList\",\"@id\":\"https:\/\/portaltela.pt\/noticias\/2026\/04\/28\/porsche-falha-entrada-no-tunel-do-campo-alegre-e-fica-com-as-rodas-no-ar\/#breadcrumb\",\"itemListElement\":[{\"@type\":\"ListItem\",\"position\":1,\"name\":\"In\u00edcio\",\"item\":\"https:\/\/portaltela.pt\/\"},{\"@type\":\"ListItem\",\"position\":2,\"name\":\"Porsche falha entrada no t\u00fanel do Campo Alegre e fica com as rodas no ar\"}]},{\"@type\":\"WebSite\",\"@id\":\"https:\/\/portaltela.pt\/#website\",\"url\":\"https:\/\/portaltela.pt\/\",\"name\":\"Portal Tela Portugal\",\"description\":\"\",\"potentialAction\":[{\"@type\":\"SearchAction\",\"target\":{\"@type\":\"EntryPoint\",\"urlTemplate\":\"https:\/\/portaltela.pt\/?s={search_term_string}\"},\"query-input\":{\"@type\":\"PropertyValueSpecification\",\"valueRequired\":true,\"valueName\":\"search_term_string\"}}],\"inLanguage\":\"pt-PT\"},{\"@type\":\"Person\",\"@id\":\"https:\/\/portaltela.pt\/#\/schema\/person\/c4278d4a6028830caff9ee44b42d32ed\",\"name\":\"Telinha\",\"image\":{\"@type\":\"ImageObject\",\"inLanguage\":\"pt-PT\",\"@id\":\"https:\/\/portaltela.pt\/s.01k8rhncp4jt1\/2025\/11\/talking-bot-125x125.png\",\"url\":\"https:\/\/portaltela.pt\/s.01k8rhncp4jt1\/2025\/11\/talking-bot-125x125.png\",\"contentUrl\":\"https:\/\/portaltela.pt\/s.01k8rhncp4jt1\/2025\/11\/talking-bot-125x125.png\",\"caption\":\"Telinha\"},\"sameAs\":[\"https:\/\/portaltela.pt\/\"],\"url\":\"https:\/\/portaltela.pt\/por\/367410592786\/\"}]}<\/script>\n<!-- \/ Yoast SEO plugin. -->","yoast_head_json":{"title":"Porsche falha entrada no t\u00fanel do Campo Alegre e fica com as rodas no ar - Portal Tela Portugal","robots":{"index":"index","follow":"follow","max-snippet":"max-snippet:-1","max-image-preview":"max-image-preview:large","max-video-preview":"max-video-preview:-1"},"og_locale":"pt_PT","og_type":"article","og_title":"Porsche falha entrada no t\u00fanel do Campo Alegre e fica com as rodas no ar - Portal Tela Portugal","og_description":"Um Porsche Panamera 4 E-Hybrid de 2022 despistou-se junto ao t\u00fanel do Campo Alegre, no Porto, e subiu ao muro. O muro serviu de rampa e o ve\u00edculo deslizou cerca de 10 metros, ficando com duas rodas no ar e ocupando parte da faixa de rodagem. O sem\u00e1foro que sinalizava a entrada do t\u00fanel foi derrubado pelo impacto. N\u00e3o houve registo de feridos; o tr\u00e2nsito em dire\u00e7\u00e3o \u00e0 Foz ficou cortado at\u00e9 \u00e0 remo\u00e7\u00e3o do carro. No local estiveram os Bombeiros Sapadores do Porto e a Pol\u00edcia de Seguran\u00e7a P\u00fablica.","og_url":"https:\/\/portaltela.pt\/noticias\/2026\/04\/28\/porsche-falha-entrada-no-tunel-do-campo-alegre-e-fica-com-as-rodas-no-ar\/","og_site_name":"Portal Tela Portugal","article_published_time":"2026-04-28T21:18:26+00:00","author":"Telinha","twitter_card":"summary_large_image","twitter_misc":{"Escrito por":"Telinha","Tempo estimado de leitura":"1 minuto"},"schema":{"@context":"https:\/\/schema.org","@graph":[{"@type":"Article","@id":"https:\/\/portaltela.pt\/noticias\/2026\/04\/28\/porsche-falha-entrada-no-tunel-do-campo-alegre-e-fica-com-as-rodas-no-ar\/#article","isPartOf":{"@id":"https:\/\/portaltela.pt\/noticias\/2026\/04\/28\/porsche-falha-entrada-no-tunel-do-campo-alegre-e-fica-com-as-rodas-no-ar\/"},"author":{"name":"Telinha","@id":"https:\/\/portaltela.pt\/#\/schema\/person\/c4278d4a6028830caff9ee44b42d32ed"},"headline":"Porsche falha entrada no t\u00fanel do Campo Alegre e fica com as rodas no ar","datePublished":"2026-04-28T21:18:26+00:00","mainEntityOfPage":{"@id":"https:\/\/portaltela.pt\/noticias\/2026\/04\/28\/porsche-falha-entrada-no-tunel-do-campo-alegre-e-fica-com-as-rodas-no-ar\/"},"wordCount":198,"image":{"@id":"https:\/\/portaltela.pt\/noticias\/2026\/04\/28\/porsche-falha-entrada-no-tunel-do-campo-alegre-e-fica-com-as-rodas-no-ar\/#primaryimage"},"thumbnailUrl":"https:\/\/portaltela.pt\/s.01k8rhncp4jt1\/2026\/04\/image-1629.jpg","keywords":["_acidente","_acidente rodovi\u00e1rio","_Bombeiros Sapadores","_Porto","_PSP","_tr\u00e2nsito"],"articleSection":["Acidentes"],"inLanguage":"pt-PT"},{"@type":"WebPage","@id":"https:\/\/portaltela.pt\/noticias\/2026\/04\/28\/porsche-falha-entrada-no-tunel-do-campo-alegre-e-fica-com-as-rodas-no-ar\/","url":"https:\/\/portaltela.pt\/noticias\/2026\/04\/28\/porsche-falha-entrada-no-tunel-do-campo-alegre-e-fica-com-as-rodas-no-ar\/","name":"Porsche falha entrada no t\u00fanel do Campo Alegre e fica com as rodas no ar - Portal Tela Portugal","isPartOf":{"@id":"https:\/\/portaltela.pt\/#website"},"primaryImageOfPage":{"@id":"https:\/\/portaltela.pt\/noticias\/2026\/04\/28\/porsche-falha-entrada-no-tunel-do-campo-alegre-e-fica-com-as-rodas-no-ar\/#primaryimage"},"image":{"@id":"https:\/\/portaltela.pt\/noticias\/2026\/04\/28\/porsche-falha-entrada-no-tunel-do-campo-alegre-e-fica-com-as-rodas-no-ar\/#primaryimage"},"thumbnailUrl":"https:\/\/portaltela.pt\/s.01k8rhncp4jt1\/2026\/04\/image-1629.jpg","datePublished":"2026-04-28T21:18:26+00:00","author":{"@id":"https:\/\/portaltela.pt\/#\/schema\/person\/c4278d4a6028830caff9ee44b42d32ed"},"breadcrumb":{"@id":"https:\/\/portaltela.pt\/noticias\/2026\/04\/28\/porsche-falha-entrada-no-tunel-do-campo-alegre-e-fica-com-as-rodas-no-ar\/#breadcrumb"},"inLanguage":"pt-PT","potentialAction":[{"@type":"ReadAction","target":["https:\/\/portaltela.pt\/noticias\/2026\/04\/28\/porsche-falha-entrada-no-tunel-do-campo-alegre-e-fica-com-as-rodas-no-ar\/"]}]},{"@type":"ImageObject","inLanguage":"pt-PT","@id":"https:\/\/portaltela.pt\/noticias\/2026\/04\/28\/porsche-falha-entrada-no-tunel-do-campo-alegre-e-fica-com-as-rodas-no-ar\/#primaryimage","url":"https:\/\/portaltela.pt\/s.01k8rhncp4jt1\/2026\/04\/image-1629.jpg","contentUrl":"https:\/\/portaltela.pt\/s.01k8rhncp4jt1\/2026\/04\/image-1629.jpg","width":796,"height":448,"caption":"Porsche ficou com duas roda no ar"},{"@type":"BreadcrumbList","@id":"https:\/\/portaltela.pt\/noticias\/2026\/04\/28\/porsche-falha-entrada-no-tunel-do-campo-alegre-e-fica-com-as-rodas-no-ar\/#breadcrumb","itemListElement":[{"@type":"ListItem","position":1,"name":"In\u00edcio","item":"https:\/\/portaltela.pt\/"},{"@type":"ListItem","position":2,"name":"Porsche falha entrada no t\u00fanel do Campo Alegre e fica com as rodas no ar"}]},{"@type":"WebSite","@id":"https:\/\/portaltela.pt\/#website","url":"https:\/\/portaltela.pt\/","name":"Portal Tela Portugal","description":"","potentialAction":[{"@type":"SearchAction","target":{"@type":"EntryPoint","urlTemplate":"https:\/\/portaltela.pt\/?s={search_term_string}"},"query-input":{"@type":"PropertyValueSpecification","valueRequired":true,"valueName":"search_term_string"}}],"inLanguage":"pt-PT"},{"@type":"Person","@id":"https:\/\/portaltela.pt\/#\/schema\/person\/c4278d4a6028830caff9ee44b42d32ed","name":"Telinha","image":{"@type":"ImageObject","inLanguage":"pt-PT","@id":"https:\/\/portaltela.pt\/s.01k8rhncp4jt1\/2025\/11\/talking-bot-125x125.png","url":"https:\/\/portaltela.pt\/s.01k8rhncp4jt1\/2025\/11\/talking-bot-125x125.png","contentUrl":"https:\/\/portaltela.pt\/s.01k8rhncp4jt1\/2025\/11\/talking-bot-125x125.png","caption":"Telinha"},"sameAs":["https:\/\/portaltela.pt\/"],"url":"https:\/\/portaltela.pt\/por\/367410592786\/"}]}},"_links":{"self":[{"href":"https:\/\/portaltela.pt\/api\/wp\/v2\/posts\/460520","targetHints":{"allow":["GET"]}}],"collection":[{"href":"https:\/\/portaltela.pt\/api\/wp\/v2\/posts"}],"about":[{"href":"https:\/\/portaltela.pt\/api\/wp\/v2\/types\/post"}],"author":[{"embeddable":true,"href":"https:\/\/portaltela.pt\/api\/wp\/v2\/users\/2"}],"replies":[{"embeddable":true,"href":"https:\/\/portaltela.pt\/api\/wp\/v2\/comments?post=460520"}],"version-history":[{"count":0,"href":"https:\/\/portaltela.pt\/api\/wp\/v2\/posts\/460520\/revisions"}],"wp:featuredmedia":[{"embeddable":true,"href":"https:\/\/portaltela.pt\/api\/wp\/v2\/media\/460522"}],"wp:attachment":[{"href":"https:\/\/portaltela.pt\/api\/wp\/v2\/media?parent=460520"}],"wp:term":[{"taxonomy":"category","embeddable":true,"href":"https:\/\/portaltela.pt\/api\/wp\/v2\/categories?post=460520"},{"taxonomy":"post_tag","embeddable":true,"href":"https:\/\/portaltela.pt\/api\/wp\/v2\/tags?post=460520"}],"curies":[{"name":"wp","href":"https:\/\/api.w.org\/{rel}","templated":true}]}}