{"id":460519,"date":"2026-04-28T18:18:21","date_gmt":"2026-04-28T21:18:21","guid":{"rendered":"https:\/\/portaltela.pt\/noticias\/2026\/04\/28\/psg-e-bayern-munique-abrem-as-meias-finais-da-champions-com-jogo-memoravel\/"},"modified":"2026-04-28T18:18:21","modified_gmt":"2026-04-28T21:18:21","slug":"psg-e-bayern-munique-abrem-as-meias-finais-da-champions-com-jogo-memoravel","status":"publish","type":"post","link":"https:\/\/portaltela.pt\/desporto\/futebol\/2026\/04\/28\/psg-e-bayern-munique-abrem-as-meias-finais-da-champions-com-jogo-memoravel\/","title":{"rendered":"PSG e Bayern Munique abrem as meias-finais da Champions com jogo memor\u00e1vel"},"content":{"rendered":"<p>O PSG venceu o Bayern Munique por 5-4 na primeira m\u00e3o das meias-finais da Liga dos Campe\u00f5es, disputada no Parc des Princes. O encontro foi marcado por uma partida de alto ritmo e com ainda mais reviravoltas.<\/p>\n<p>Do lado do PSG, Harry Kane abriu o marcador de pen\u00e1lti, numa exibi\u00e7\u00e3o que contou com presen\u00e7a de jogadores portugueses como Nuno Mendes e Vitinha, ambos titulares. Kvaratskhelia empatou antes de Jo\u00e3o Neves colocar o PSG na frente pela primeira vez. Olise empatou outra vez, e Demb\u00e9l\u00e9 bisou, mantendo o PSG em vantagem. No entanto, Upamecano e Luis D\u00edaz reduziram a diferen\u00e7a perto do final.<\/p>\n<p>A equipa francesa chegou aos 5-2 aos 58 minutos, mas o Bayern n\u00e3o desistiu e reduziu para 5-4, marcando em ten\u2011to\u2011ten com Upamecano e Luis D\u00edaz. A segundos de apito final, houve novas oportunidades para o PSG ampliar a vantagem, sem contudo alterar o resultado. A segunda m\u00e3o ocorre em Munique, dando continuidade \u00e0 eliminat\u00f3ria.<\/p>\n<h3>Desfecho e perspetivas para a segunda m\u00e3o<\/h3>\n<p>A meia-final segue em aberto, com o PSG em vantagem na eliminat\u00f3ria e o Bayern ciente de que precisa de marcar na Alemanha para inverter a situa\u00e7\u00e3o. A segunda disputa est\u00e1 marcada para Munique, ainda sem hora definida.<\/p>\n<h3>Olhos no pr\u00f3ximo jogo<\/h3>\n<p>Esta quarta-feira, \u00e0s 20h, Atl\u00e9tico Madrid e Arsenal entram em campo na outra meia-final, em Madrid, abrindo as aten\u00e7\u00f5es para o desfecho da Liga dos Campe\u00f5es.<\/p>\n","protected":false},"excerpt":{"rendered":"<ul>\n<li>O Paris Saint-Germain venceu o Bayern Munique por cinco a quatro na primeira m\u00e3o das meias-finais da Liga dos Campe\u00f5es, em Paris.<\/li>\n<li>O jogo come\u00e7ou com Harry Kane a marcar de pen\u00e1lti, esteve muito aberto e contou com golos de Nuno Mendes, Vitinha, Kvaratskhelia e Demb\u00e9l\u00e9.<\/li>\n<li>O PSG chegou a 58 minutos com cinco dois no marcador, ap\u00f3s as marcas de Demb\u00e9l\u00e9 (duplo) e de Kvaratskhelia.<\/li>\n<li>O Bayern diminuiu para cinco a quatro j\u00e1 perto do final, com golos de Upamecano e Lu\u00eds D\u00edaz, mantendo o suspense para a eliminat\u00f3ria.<\/li>\n<li>A segunda m\u00e3o \u00e9 em Munique, enquanto, na outra meia-final, Atl\u00e9tico de Madrid enfrenta Arsenal em Madrid na quarta-feira \u00e0s 20 horas.<\/li>\n<\/ul>\n","protected":false},"author":2,"featured_media":460521,"comment_status":"closed","ping_status":"closed","sticky":false,"template":"","format":"standard","meta":{"footnotes":""},"categories":[21,24],"tags":[1720,3577,32,3338,1982,2752],"class_list":["post-460519","post","type-post","status-publish","format-standard","has-post-thumbnail","hentry","category-desporto","category-futebol","tag-bayern-munique","tag-champions-league","tag-futebol","tag-futebol-internacional","tag-paris-saint-germain","tag-vitinha"],"yoast_head":"<!-- This site is optimized with the Yoast SEO plugin v27.2 - https:\/\/yoast.com\/product\/yoast-seo-wordpress\/ -->\n<title>PSG e Bayern Munique abrem as meias-finais da Champions com jogo memor\u00e1vel - Portal Tela Portugal<\/title>\n<meta name=\"robots\" content=\"index, follow, max-snippet:-1, max-image-preview:large, max-video-preview:-1\" \/>\n<meta property=\"og:locale\" content=\"pt_PT\" \/>\n<meta property=\"og:type\" content=\"article\" \/>\n<meta property=\"og:title\" content=\"PSG e Bayern Munique abrem as meias-finais da Champions com jogo memor\u00e1vel - Portal Tela Portugal\" \/>\n<meta property=\"og:description\" content=\"O Paris Saint-Germain venceu o Bayern Munique por cinco a quatro na primeira m\u00e3o das meias-finais da Liga dos Campe\u00f5es, em Paris. O jogo come\u00e7ou com Harry Kane a marcar de pen\u00e1lti, esteve muito aberto e contou com golos de Nuno Mendes, Vitinha, Kvaratskhelia e Demb\u00e9l\u00e9. O PSG chegou a 58 minutos com cinco dois no marcador, ap\u00f3s as marcas de Demb\u00e9l\u00e9 (duplo) e de Kvaratskhelia. O Bayern diminuiu para cinco a quatro j\u00e1 perto do final, com golos de Upamecano e Lu\u00eds D\u00edaz, mantendo o suspense para a eliminat\u00f3ria. A segunda m\u00e3o \u00e9 em Munique, enquanto, na outra meia-final, Atl\u00e9tico de Madrid enfrenta Arsenal em Madrid na quarta-feira \u00e0s 20 horas.\" \/>\n<meta property=\"og:url\" content=\"https:\/\/portaltela.pt\/noticias\/2026\/04\/28\/psg-e-bayern-munique-abrem-as-meias-finais-da-champions-com-jogo-memoravel\/\" \/>\n<meta property=\"og:site_name\" content=\"Portal Tela Portugal\" \/>\n<meta property=\"article:published_time\" content=\"2026-04-28T21:18:21+00:00\" \/>\n<meta name=\"author\" content=\"Telinha\" \/>\n<meta name=\"twitter:card\" content=\"summary_large_image\" \/>\n<meta name=\"twitter:label1\" content=\"Escrito por\" \/>\n\t<meta name=\"twitter:data1\" content=\"Telinha\" \/>\n\t<meta name=\"twitter:label2\" content=\"Tempo estimado de leitura\" \/>\n\t<meta name=\"twitter:data2\" content=\"1 minuto\" \/>\n<script type=\"application\/ld+json\" class=\"yoast-schema-graph\">{\"@context\":\"https:\/\/schema.org\",\"@graph\":[{\"@type\":\"Article\",\"@id\":\"https:\/\/portaltela.pt\/noticias\/2026\/04\/28\/psg-e-bayern-munique-abrem-as-meias-finais-da-champions-com-jogo-memoravel\/#article\",\"isPartOf\":{\"@id\":\"https:\/\/portaltela.pt\/noticias\/2026\/04\/28\/psg-e-bayern-munique-abrem-as-meias-finais-da-champions-com-jogo-memoravel\/\"},\"author\":{\"name\":\"Telinha\",\"@id\":\"https:\/\/portaltela.pt\/#\/schema\/person\/c4278d4a6028830caff9ee44b42d32ed\"},\"headline\":\"PSG e Bayern Munique abrem as meias-finais da Champions com jogo memor\u00e1vel\",\"datePublished\":\"2026-04-28T21:18:21+00:00\",\"mainEntityOfPage\":{\"@id\":\"https:\/\/portaltela.pt\/noticias\/2026\/04\/28\/psg-e-bayern-munique-abrem-as-meias-finais-da-champions-com-jogo-memoravel\/\"},\"wordCount\":265,\"image\":{\"@id\":\"https:\/\/portaltela.pt\/noticias\/2026\/04\/28\/psg-e-bayern-munique-abrem-as-meias-finais-da-champions-com-jogo-memoravel\/#primaryimage\"},\"thumbnailUrl\":\"https:\/\/portaltela.pt\/s.01k8rhncp4jt1\/2026\/04\/image-1628.jpg\",\"keywords\":[\"Bayern Munique\",\"Champions League\",\"futebol\",\"futebol internacional\",\"Paris Saint-Germain\",\"Vitinha\"],\"articleSection\":[\"Desporto\",\"Futebol\"],\"inLanguage\":\"pt-PT\"},{\"@type\":\"WebPage\",\"@id\":\"https:\/\/portaltela.pt\/noticias\/2026\/04\/28\/psg-e-bayern-munique-abrem-as-meias-finais-da-champions-com-jogo-memoravel\/\",\"url\":\"https:\/\/portaltela.pt\/noticias\/2026\/04\/28\/psg-e-bayern-munique-abrem-as-meias-finais-da-champions-com-jogo-memoravel\/\",\"name\":\"PSG e Bayern Munique abrem as meias-finais da Champions com jogo memor\u00e1vel - Portal Tela Portugal\",\"isPartOf\":{\"@id\":\"https:\/\/portaltela.pt\/#website\"},\"primaryImageOfPage\":{\"@id\":\"https:\/\/portaltela.pt\/noticias\/2026\/04\/28\/psg-e-bayern-munique-abrem-as-meias-finais-da-champions-com-jogo-memoravel\/#primaryimage\"},\"image\":{\"@id\":\"https:\/\/portaltela.pt\/noticias\/2026\/04\/28\/psg-e-bayern-munique-abrem-as-meias-finais-da-champions-com-jogo-memoravel\/#primaryimage\"},\"thumbnailUrl\":\"https:\/\/portaltela.pt\/s.01k8rhncp4jt1\/2026\/04\/image-1628.jpg\",\"datePublished\":\"2026-04-28T21:18:21+00:00\",\"author\":{\"@id\":\"https:\/\/portaltela.pt\/#\/schema\/person\/c4278d4a6028830caff9ee44b42d32ed\"},\"breadcrumb\":{\"@id\":\"https:\/\/portaltela.pt\/noticias\/2026\/04\/28\/psg-e-bayern-munique-abrem-as-meias-finais-da-champions-com-jogo-memoravel\/#breadcrumb\"},\"inLanguage\":\"pt-PT\",\"potentialAction\":[{\"@type\":\"ReadAction\",\"target\":[\"https:\/\/portaltela.pt\/noticias\/2026\/04\/28\/psg-e-bayern-munique-abrem-as-meias-finais-da-champions-com-jogo-memoravel\/\"]}]},{\"@type\":\"ImageObject\",\"inLanguage\":\"pt-PT\",\"@id\":\"https:\/\/portaltela.pt\/noticias\/2026\/04\/28\/psg-e-bayern-munique-abrem-as-meias-finais-da-champions-com-jogo-memoravel\/#primaryimage\",\"url\":\"https:\/\/portaltela.pt\/s.01k8rhncp4jt1\/2026\/04\/image-1628.jpg\",\"contentUrl\":\"https:\/\/portaltela.pt\/s.01k8rhncp4jt1\/2026\/04\/image-1628.jpg\",\"width\":796,\"height\":448,\"caption\":\"Jo\u00e3o Neves marcou o segundo golo do PSG\"},{\"@type\":\"BreadcrumbList\",\"@id\":\"https:\/\/portaltela.pt\/noticias\/2026\/04\/28\/psg-e-bayern-munique-abrem-as-meias-finais-da-champions-com-jogo-memoravel\/#breadcrumb\",\"itemListElement\":[{\"@type\":\"ListItem\",\"position\":1,\"name\":\"In\u00edcio\",\"item\":\"https:\/\/portaltela.pt\/\"},{\"@type\":\"ListItem\",\"position\":2,\"name\":\"PSG e Bayern Munique abrem as meias-finais da Champions com jogo memor\u00e1vel\"}]},{\"@type\":\"WebSite\",\"@id\":\"https:\/\/portaltela.pt\/#website\",\"url\":\"https:\/\/portaltela.pt\/\",\"name\":\"Portal Tela Portugal\",\"description\":\"\",\"potentialAction\":[{\"@type\":\"SearchAction\",\"target\":{\"@type\":\"EntryPoint\",\"urlTemplate\":\"https:\/\/portaltela.pt\/?s={search_term_string}\"},\"query-input\":{\"@type\":\"PropertyValueSpecification\",\"valueRequired\":true,\"valueName\":\"search_term_string\"}}],\"inLanguage\":\"pt-PT\"},{\"@type\":\"Person\",\"@id\":\"https:\/\/portaltela.pt\/#\/schema\/person\/c4278d4a6028830caff9ee44b42d32ed\",\"name\":\"Telinha\",\"image\":{\"@type\":\"ImageObject\",\"inLanguage\":\"pt-PT\",\"@id\":\"https:\/\/portaltela.pt\/s.01k8rhncp4jt1\/2025\/11\/talking-bot-125x125.png\",\"url\":\"https:\/\/portaltela.pt\/s.01k8rhncp4jt1\/2025\/11\/talking-bot-125x125.png\",\"contentUrl\":\"https:\/\/portaltela.pt\/s.01k8rhncp4jt1\/2025\/11\/talking-bot-125x125.png\",\"caption\":\"Telinha\"},\"sameAs\":[\"https:\/\/portaltela.pt\/\"],\"url\":\"https:\/\/portaltela.pt\/por\/367410592786\/\"}]}<\/script>\n<!-- \/ Yoast SEO plugin. -->","yoast_head_json":{"title":"PSG e Bayern Munique abrem as meias-finais da Champions com jogo memor\u00e1vel - Portal Tela Portugal","robots":{"index":"index","follow":"follow","max-snippet":"max-snippet:-1","max-image-preview":"max-image-preview:large","max-video-preview":"max-video-preview:-1"},"og_locale":"pt_PT","og_type":"article","og_title":"PSG e Bayern Munique abrem as meias-finais da Champions com jogo memor\u00e1vel - Portal Tela Portugal","og_description":"O Paris Saint-Germain venceu o Bayern Munique por cinco a quatro na primeira m\u00e3o das meias-finais da Liga dos Campe\u00f5es, em Paris. O jogo come\u00e7ou com Harry Kane a marcar de pen\u00e1lti, esteve muito aberto e contou com golos de Nuno Mendes, Vitinha, Kvaratskhelia e Demb\u00e9l\u00e9. O PSG chegou a 58 minutos com cinco dois no marcador, ap\u00f3s as marcas de Demb\u00e9l\u00e9 (duplo) e de Kvaratskhelia. O Bayern diminuiu para cinco a quatro j\u00e1 perto do final, com golos de Upamecano e Lu\u00eds D\u00edaz, mantendo o suspense para a eliminat\u00f3ria. A segunda m\u00e3o \u00e9 em Munique, enquanto, na outra meia-final, Atl\u00e9tico de Madrid enfrenta Arsenal em Madrid na quarta-feira \u00e0s 20 horas.","og_url":"https:\/\/portaltela.pt\/noticias\/2026\/04\/28\/psg-e-bayern-munique-abrem-as-meias-finais-da-champions-com-jogo-memoravel\/","og_site_name":"Portal Tela Portugal","article_published_time":"2026-04-28T21:18:21+00:00","author":"Telinha","twitter_card":"summary_large_image","twitter_misc":{"Escrito por":"Telinha","Tempo estimado de leitura":"1 minuto"},"schema":{"@context":"https:\/\/schema.org","@graph":[{"@type":"Article","@id":"https:\/\/portaltela.pt\/noticias\/2026\/04\/28\/psg-e-bayern-munique-abrem-as-meias-finais-da-champions-com-jogo-memoravel\/#article","isPartOf":{"@id":"https:\/\/portaltela.pt\/noticias\/2026\/04\/28\/psg-e-bayern-munique-abrem-as-meias-finais-da-champions-com-jogo-memoravel\/"},"author":{"name":"Telinha","@id":"https:\/\/portaltela.pt\/#\/schema\/person\/c4278d4a6028830caff9ee44b42d32ed"},"headline":"PSG e Bayern Munique abrem as meias-finais da Champions com jogo memor\u00e1vel","datePublished":"2026-04-28T21:18:21+00:00","mainEntityOfPage":{"@id":"https:\/\/portaltela.pt\/noticias\/2026\/04\/28\/psg-e-bayern-munique-abrem-as-meias-finais-da-champions-com-jogo-memoravel\/"},"wordCount":265,"image":{"@id":"https:\/\/portaltela.pt\/noticias\/2026\/04\/28\/psg-e-bayern-munique-abrem-as-meias-finais-da-champions-com-jogo-memoravel\/#primaryimage"},"thumbnailUrl":"https:\/\/portaltela.pt\/s.01k8rhncp4jt1\/2026\/04\/image-1628.jpg","keywords":["Bayern Munique","Champions League","futebol","futebol internacional","Paris Saint-Germain","Vitinha"],"articleSection":["Desporto","Futebol"],"inLanguage":"pt-PT"},{"@type":"WebPage","@id":"https:\/\/portaltela.pt\/noticias\/2026\/04\/28\/psg-e-bayern-munique-abrem-as-meias-finais-da-champions-com-jogo-memoravel\/","url":"https:\/\/portaltela.pt\/noticias\/2026\/04\/28\/psg-e-bayern-munique-abrem-as-meias-finais-da-champions-com-jogo-memoravel\/","name":"PSG e Bayern Munique abrem as meias-finais da Champions com jogo memor\u00e1vel - Portal Tela Portugal","isPartOf":{"@id":"https:\/\/portaltela.pt\/#website"},"primaryImageOfPage":{"@id":"https:\/\/portaltela.pt\/noticias\/2026\/04\/28\/psg-e-bayern-munique-abrem-as-meias-finais-da-champions-com-jogo-memoravel\/#primaryimage"},"image":{"@id":"https:\/\/portaltela.pt\/noticias\/2026\/04\/28\/psg-e-bayern-munique-abrem-as-meias-finais-da-champions-com-jogo-memoravel\/#primaryimage"},"thumbnailUrl":"https:\/\/portaltela.pt\/s.01k8rhncp4jt1\/2026\/04\/image-1628.jpg","datePublished":"2026-04-28T21:18:21+00:00","author":{"@id":"https:\/\/portaltela.pt\/#\/schema\/person\/c4278d4a6028830caff9ee44b42d32ed"},"breadcrumb":{"@id":"https:\/\/portaltela.pt\/noticias\/2026\/04\/28\/psg-e-bayern-munique-abrem-as-meias-finais-da-champions-com-jogo-memoravel\/#breadcrumb"},"inLanguage":"pt-PT","potentialAction":[{"@type":"ReadAction","target":["https:\/\/portaltela.pt\/noticias\/2026\/04\/28\/psg-e-bayern-munique-abrem-as-meias-finais-da-champions-com-jogo-memoravel\/"]}]},{"@type":"ImageObject","inLanguage":"pt-PT","@id":"https:\/\/portaltela.pt\/noticias\/2026\/04\/28\/psg-e-bayern-munique-abrem-as-meias-finais-da-champions-com-jogo-memoravel\/#primaryimage","url":"https:\/\/portaltela.pt\/s.01k8rhncp4jt1\/2026\/04\/image-1628.jpg","contentUrl":"https:\/\/portaltela.pt\/s.01k8rhncp4jt1\/2026\/04\/image-1628.jpg","width":796,"height":448,"caption":"Jo\u00e3o Neves marcou o segundo golo do PSG"},{"@type":"BreadcrumbList","@id":"https:\/\/portaltela.pt\/noticias\/2026\/04\/28\/psg-e-bayern-munique-abrem-as-meias-finais-da-champions-com-jogo-memoravel\/#breadcrumb","itemListElement":[{"@type":"ListItem","position":1,"name":"In\u00edcio","item":"https:\/\/portaltela.pt\/"},{"@type":"ListItem","position":2,"name":"PSG e Bayern Munique abrem as meias-finais da Champions com jogo memor\u00e1vel"}]},{"@type":"WebSite","@id":"https:\/\/portaltela.pt\/#website","url":"https:\/\/portaltela.pt\/","name":"Portal Tela Portugal","description":"","potentialAction":[{"@type":"SearchAction","target":{"@type":"EntryPoint","urlTemplate":"https:\/\/portaltela.pt\/?s={search_term_string}"},"query-input":{"@type":"PropertyValueSpecification","valueRequired":true,"valueName":"search_term_string"}}],"inLanguage":"pt-PT"},{"@type":"Person","@id":"https:\/\/portaltela.pt\/#\/schema\/person\/c4278d4a6028830caff9ee44b42d32ed","name":"Telinha","image":{"@type":"ImageObject","inLanguage":"pt-PT","@id":"https:\/\/portaltela.pt\/s.01k8rhncp4jt1\/2025\/11\/talking-bot-125x125.png","url":"https:\/\/portaltela.pt\/s.01k8rhncp4jt1\/2025\/11\/talking-bot-125x125.png","contentUrl":"https:\/\/portaltela.pt\/s.01k8rhncp4jt1\/2025\/11\/talking-bot-125x125.png","caption":"Telinha"},"sameAs":["https:\/\/portaltela.pt\/"],"url":"https:\/\/portaltela.pt\/por\/367410592786\/"}]}},"_links":{"self":[{"href":"https:\/\/portaltela.pt\/api\/wp\/v2\/posts\/460519","targetHints":{"allow":["GET"]}}],"collection":[{"href":"https:\/\/portaltela.pt\/api\/wp\/v2\/posts"}],"about":[{"href":"https:\/\/portaltela.pt\/api\/wp\/v2\/types\/post"}],"author":[{"embeddable":true,"href":"https:\/\/portaltela.pt\/api\/wp\/v2\/users\/2"}],"replies":[{"embeddable":true,"href":"https:\/\/portaltela.pt\/api\/wp\/v2\/comments?post=460519"}],"version-history":[{"count":0,"href":"https:\/\/portaltela.pt\/api\/wp\/v2\/posts\/460519\/revisions"}],"wp:featuredmedia":[{"embeddable":true,"href":"https:\/\/portaltela.pt\/api\/wp\/v2\/media\/460521"}],"wp:attachment":[{"href":"https:\/\/portaltela.pt\/api\/wp\/v2\/media?parent=460519"}],"wp:term":[{"taxonomy":"category","embeddable":true,"href":"https:\/\/portaltela.pt\/api\/wp\/v2\/categories?post=460519"},{"taxonomy":"post_tag","embeddable":true,"href":"https:\/\/portaltela.pt\/api\/wp\/v2\/tags?post=460519"}],"curies":[{"name":"wp","href":"https:\/\/api.w.org\/{rel}","templated":true}]}}