{"id":460515,"date":"2026-04-28T18:17:53","date_gmt":"2026-04-28T21:17:53","guid":{"rendered":"https:\/\/portaltela.pt\/noticias\/2026\/04\/28\/psg-reage-com-arte-a-nove-golos-frente-ao-bayern-em-paris\/"},"modified":"2026-04-28T18:17:53","modified_gmt":"2026-04-28T21:17:53","slug":"psg-reage-com-arte-a-nove-golos-frente-ao-bayern-em-paris","status":"publish","type":"post","link":"https:\/\/portaltela.pt\/desporto\/futebol\/2026\/04\/28\/psg-reage-com-arte-a-nove-golos-frente-ao-bayern-em-paris\/","title":{"rendered":"PSG reage com arte a nove golos frente ao Bayern em Paris"},"content":{"rendered":"<p>Noite de alta intensidade em Paris, no Parc des Princes, com a meia-final da Liga dos Campe\u00f5es entre PSG e Bayern Munique a terminar num 5-4 para os franceses. O jogo come\u00e7ou com dom\u00ednio alem\u00e3o, mas a rea\u00e7\u00e3o parisiense confirmou uma primeira m\u00e3o imprevis\u00edvel para a segunda m\u00e3o em Munique.<\/p>\n<p>Logo aos 16 minutos, Harry Kane adiantou o Bayern a partir de um pen\u00e1lti, num in\u00edcio firme dos visitantes. O PSG respondeu com press\u00e3o intensa e Olise quase fez o 0-2, mas Safonov evitou o golo com defesa sensacional.<\/p>\n<h3>Reviravolta e equil\u00edbrio<\/h3>\n<p>Kvaratskhelia impulsionou o PSG, oferecendo a assist\u00eancia que originou a resposta de Demb\u00e9l\u00e9, que empatou o encontro. Jo\u00e3o Neves colocou o PSG na dianteira aos 33 minutos, aproveitando cruzamento de Olise que desfez o Bayern. O Bayern reagiu perto do intervalo com Kane e Diaz em movimento.<\/p>\n<p>A segunda parte come\u00e7ou com o Bayern a pressionar, e Diaz e Kane voltaram a desequilibrar o jogo. O PSG ampliou a vantagem com Kvaratskhelia e Demb\u00e9l\u00e9 a bisarem, levando o marcador a 5-2.<\/p>\n<h3>\u00daltimos momentos frios para o PSG<\/h3>\n<p>O Bayern n\u00e3o desistiu e ainda reduziu com golos de Upamecano, aos 65\u2019, e de Luis D\u00edaz, aos 68\u2019, num lance pr\u00f3ximo do fora de jogo. O 5-4 final ficou marcado por uma combina\u00e7\u00e3o de sorte e t\u00e9cnica, com os alem\u00e3es a manterem a esperan\u00e7a at\u00e9 ao apito final.<\/p>\n<p>No desfecho, o PSG leva uma vantagem de dois golos para Munique, onde se vai decidir a passagem \u00e0 final. Os adeptos guardam na mem\u00f3ria um jogo marcado por in\u00fameras ocasi\u00f5es, bolas ao ferro e uma reviravolta bem apresentada.<\/p>\n","protected":false},"excerpt":{"rendered":"<ul>\n<li>PSG venceu Bayern Munique por 5-4, no jogo da primeira m\u00e3o das meias-finais da Liga dos Campe\u00f5es, disputado em Paris.<\/li>\n<li>O Bayern adiantou-se com golo de pen\u00e1lti de Kane aos 16 minutos, depois de uma jogada iniciada por D\u00edaz.<\/li>\n<li>O PSG reagiu com Olise a desequilibrar, seguido de golo de Jo\u00e3o Neves e mais dois de Kvaratskhelia e Demb\u00e9l\u00e9, marcados aos 33, 41 e aos 58 minutos, respetivamente.<\/li>\n<li>Ainda no primeiro tempo, Davies marcou o 2-2 para o Bayern aos 45+5 minutos, com o PSG a chegar aos 3-2 ao intervalo gra\u00e7as a um pen\u00e1lti convertida por Kane.<\/li>\n<li>No segundo tempo, o Bayern reduziu para 5-4 com remates de Upamecano (desvio) aos 65 minutos e de D\u00edaz aos 68, mas o PSG mant\u00e9m vantagem para a segunda m\u00e3o em Munique.<\/li>\n<\/ul>\n","protected":false},"author":2,"featured_media":460517,"comment_status":"closed","ping_status":"closed","sticky":false,"template":"","format":"standard","meta":{"footnotes":""},"categories":[21,24],"tags":[3577,3492,9900,32,3338,9901],"class_list":["post-460515","post","type-post","status-publish","format-standard","has-post-thumbnail","hentry","category-desporto","category-futebol","tag-champions-league","tag-dembele","tag-diaz","tag-futebol","tag-futebol-internacional","tag-kvaratskhelia"],"yoast_head":"<!-- This site is optimized with the Yoast SEO plugin v27.2 - https:\/\/yoast.com\/product\/yoast-seo-wordpress\/ -->\n<title>PSG reage com arte a nove golos frente ao Bayern em Paris - Portal Tela Portugal<\/title>\n<meta name=\"robots\" content=\"index, follow, max-snippet:-1, max-image-preview:large, max-video-preview:-1\" \/>\n<meta property=\"og:locale\" content=\"pt_PT\" \/>\n<meta property=\"og:type\" content=\"article\" \/>\n<meta property=\"og:title\" content=\"PSG reage com arte a nove golos frente ao Bayern em Paris - Portal Tela Portugal\" \/>\n<meta property=\"og:description\" content=\"PSG venceu Bayern Munique por 5-4, no jogo da primeira m\u00e3o das meias-finais da Liga dos Campe\u00f5es, disputado em Paris. O Bayern adiantou-se com golo de pen\u00e1lti de Kane aos 16 minutos, depois de uma jogada iniciada por D\u00edaz. O PSG reagiu com Olise a desequilibrar, seguido de golo de Jo\u00e3o Neves e mais dois de Kvaratskhelia e Demb\u00e9l\u00e9, marcados aos 33, 41 e aos 58 minutos, respetivamente. Ainda no primeiro tempo, Davies marcou o 2-2 para o Bayern aos 45+5 minutos, com o PSG a chegar aos 3-2 ao intervalo gra\u00e7as a um pen\u00e1lti convertida por Kane. No segundo tempo, o Bayern reduziu para 5-4 com remates de Upamecano (desvio) aos 65 minutos e de D\u00edaz aos 68, mas o PSG mant\u00e9m vantagem para a segunda m\u00e3o em Munique.\" \/>\n<meta property=\"og:url\" content=\"https:\/\/portaltela.pt\/noticias\/2026\/04\/28\/psg-reage-com-arte-a-nove-golos-frente-ao-bayern-em-paris\/\" \/>\n<meta property=\"og:site_name\" content=\"Portal Tela Portugal\" \/>\n<meta property=\"article:published_time\" content=\"2026-04-28T21:17:53+00:00\" \/>\n<meta name=\"author\" content=\"Telinha\" \/>\n<meta name=\"twitter:card\" content=\"summary_large_image\" \/>\n<meta name=\"twitter:label1\" content=\"Escrito por\" \/>\n\t<meta name=\"twitter:data1\" content=\"Telinha\" \/>\n\t<meta name=\"twitter:label2\" content=\"Tempo estimado de leitura\" \/>\n\t<meta name=\"twitter:data2\" content=\"1 minuto\" \/>\n<script type=\"application\/ld+json\" class=\"yoast-schema-graph\">{\"@context\":\"https:\/\/schema.org\",\"@graph\":[{\"@type\":\"Article\",\"@id\":\"https:\/\/portaltela.pt\/noticias\/2026\/04\/28\/psg-reage-com-arte-a-nove-golos-frente-ao-bayern-em-paris\/#article\",\"isPartOf\":{\"@id\":\"https:\/\/portaltela.pt\/noticias\/2026\/04\/28\/psg-reage-com-arte-a-nove-golos-frente-ao-bayern-em-paris\/\"},\"author\":{\"name\":\"Telinha\",\"@id\":\"https:\/\/portaltela.pt\/#\/schema\/person\/c4278d4a6028830caff9ee44b42d32ed\"},\"headline\":\"PSG reage com arte a nove golos frente ao Bayern em Paris\",\"datePublished\":\"2026-04-28T21:17:53+00:00\",\"mainEntityOfPage\":{\"@id\":\"https:\/\/portaltela.pt\/noticias\/2026\/04\/28\/psg-reage-com-arte-a-nove-golos-frente-ao-bayern-em-paris\/\"},\"wordCount\":301,\"image\":{\"@id\":\"https:\/\/portaltela.pt\/noticias\/2026\/04\/28\/psg-reage-com-arte-a-nove-golos-frente-ao-bayern-em-paris\/#primaryimage\"},\"thumbnailUrl\":\"https:\/\/portaltela.pt\/s.01k8rhncp4jt1\/2026\/04\/2084737.jpg\",\"keywords\":[\"Champions League\",\"Demb\u00e9l\u00e9\",\"Diaz\",\"futebol\",\"futebol internacional\",\"Kvaratskhelia\"],\"articleSection\":[\"Desporto\",\"Futebol\"],\"inLanguage\":\"pt-PT\"},{\"@type\":\"WebPage\",\"@id\":\"https:\/\/portaltela.pt\/noticias\/2026\/04\/28\/psg-reage-com-arte-a-nove-golos-frente-ao-bayern-em-paris\/\",\"url\":\"https:\/\/portaltela.pt\/noticias\/2026\/04\/28\/psg-reage-com-arte-a-nove-golos-frente-ao-bayern-em-paris\/\",\"name\":\"PSG reage com arte a nove golos frente ao Bayern em Paris - Portal Tela Portugal\",\"isPartOf\":{\"@id\":\"https:\/\/portaltela.pt\/#website\"},\"primaryImageOfPage\":{\"@id\":\"https:\/\/portaltela.pt\/noticias\/2026\/04\/28\/psg-reage-com-arte-a-nove-golos-frente-ao-bayern-em-paris\/#primaryimage\"},\"image\":{\"@id\":\"https:\/\/portaltela.pt\/noticias\/2026\/04\/28\/psg-reage-com-arte-a-nove-golos-frente-ao-bayern-em-paris\/#primaryimage\"},\"thumbnailUrl\":\"https:\/\/portaltela.pt\/s.01k8rhncp4jt1\/2026\/04\/2084737.jpg\",\"datePublished\":\"2026-04-28T21:17:53+00:00\",\"author\":{\"@id\":\"https:\/\/portaltela.pt\/#\/schema\/person\/c4278d4a6028830caff9ee44b42d32ed\"},\"breadcrumb\":{\"@id\":\"https:\/\/portaltela.pt\/noticias\/2026\/04\/28\/psg-reage-com-arte-a-nove-golos-frente-ao-bayern-em-paris\/#breadcrumb\"},\"inLanguage\":\"pt-PT\",\"potentialAction\":[{\"@type\":\"ReadAction\",\"target\":[\"https:\/\/portaltela.pt\/noticias\/2026\/04\/28\/psg-reage-com-arte-a-nove-golos-frente-ao-bayern-em-paris\/\"]}]},{\"@type\":\"ImageObject\",\"inLanguage\":\"pt-PT\",\"@id\":\"https:\/\/portaltela.pt\/noticias\/2026\/04\/28\/psg-reage-com-arte-a-nove-golos-frente-ao-bayern-em-paris\/#primaryimage\",\"url\":\"https:\/\/portaltela.pt\/s.01k8rhncp4jt1\/2026\/04\/2084737.jpg\",\"contentUrl\":\"https:\/\/portaltela.pt\/s.01k8rhncp4jt1\/2026\/04\/2084737.jpg\",\"width\":796,\"height\":448,\"caption\":\"Jo\u00e3o Neves e Luis D\u00edaz em despique, no Parque dos Pr\u00edncipes\"},{\"@type\":\"BreadcrumbList\",\"@id\":\"https:\/\/portaltela.pt\/noticias\/2026\/04\/28\/psg-reage-com-arte-a-nove-golos-frente-ao-bayern-em-paris\/#breadcrumb\",\"itemListElement\":[{\"@type\":\"ListItem\",\"position\":1,\"name\":\"In\u00edcio\",\"item\":\"https:\/\/portaltela.pt\/\"},{\"@type\":\"ListItem\",\"position\":2,\"name\":\"PSG reage com arte a nove golos frente ao Bayern em Paris\"}]},{\"@type\":\"WebSite\",\"@id\":\"https:\/\/portaltela.pt\/#website\",\"url\":\"https:\/\/portaltela.pt\/\",\"name\":\"Portal Tela Portugal\",\"description\":\"\",\"potentialAction\":[{\"@type\":\"SearchAction\",\"target\":{\"@type\":\"EntryPoint\",\"urlTemplate\":\"https:\/\/portaltela.pt\/?s={search_term_string}\"},\"query-input\":{\"@type\":\"PropertyValueSpecification\",\"valueRequired\":true,\"valueName\":\"search_term_string\"}}],\"inLanguage\":\"pt-PT\"},{\"@type\":\"Person\",\"@id\":\"https:\/\/portaltela.pt\/#\/schema\/person\/c4278d4a6028830caff9ee44b42d32ed\",\"name\":\"Telinha\",\"image\":{\"@type\":\"ImageObject\",\"inLanguage\":\"pt-PT\",\"@id\":\"https:\/\/portaltela.pt\/s.01k8rhncp4jt1\/2025\/11\/talking-bot-125x125.png\",\"url\":\"https:\/\/portaltela.pt\/s.01k8rhncp4jt1\/2025\/11\/talking-bot-125x125.png\",\"contentUrl\":\"https:\/\/portaltela.pt\/s.01k8rhncp4jt1\/2025\/11\/talking-bot-125x125.png\",\"caption\":\"Telinha\"},\"sameAs\":[\"https:\/\/portaltela.pt\/\"],\"url\":\"https:\/\/portaltela.pt\/por\/367410592786\/\"}]}<\/script>\n<!-- \/ Yoast SEO plugin. -->","yoast_head_json":{"title":"PSG reage com arte a nove golos frente ao Bayern em Paris - Portal Tela Portugal","robots":{"index":"index","follow":"follow","max-snippet":"max-snippet:-1","max-image-preview":"max-image-preview:large","max-video-preview":"max-video-preview:-1"},"og_locale":"pt_PT","og_type":"article","og_title":"PSG reage com arte a nove golos frente ao Bayern em Paris - Portal Tela Portugal","og_description":"PSG venceu Bayern Munique por 5-4, no jogo da primeira m\u00e3o das meias-finais da Liga dos Campe\u00f5es, disputado em Paris. O Bayern adiantou-se com golo de pen\u00e1lti de Kane aos 16 minutos, depois de uma jogada iniciada por D\u00edaz. O PSG reagiu com Olise a desequilibrar, seguido de golo de Jo\u00e3o Neves e mais dois de Kvaratskhelia e Demb\u00e9l\u00e9, marcados aos 33, 41 e aos 58 minutos, respetivamente. Ainda no primeiro tempo, Davies marcou o 2-2 para o Bayern aos 45+5 minutos, com o PSG a chegar aos 3-2 ao intervalo gra\u00e7as a um pen\u00e1lti convertida por Kane. No segundo tempo, o Bayern reduziu para 5-4 com remates de Upamecano (desvio) aos 65 minutos e de D\u00edaz aos 68, mas o PSG mant\u00e9m vantagem para a segunda m\u00e3o em Munique.","og_url":"https:\/\/portaltela.pt\/noticias\/2026\/04\/28\/psg-reage-com-arte-a-nove-golos-frente-ao-bayern-em-paris\/","og_site_name":"Portal Tela Portugal","article_published_time":"2026-04-28T21:17:53+00:00","author":"Telinha","twitter_card":"summary_large_image","twitter_misc":{"Escrito por":"Telinha","Tempo estimado de leitura":"1 minuto"},"schema":{"@context":"https:\/\/schema.org","@graph":[{"@type":"Article","@id":"https:\/\/portaltela.pt\/noticias\/2026\/04\/28\/psg-reage-com-arte-a-nove-golos-frente-ao-bayern-em-paris\/#article","isPartOf":{"@id":"https:\/\/portaltela.pt\/noticias\/2026\/04\/28\/psg-reage-com-arte-a-nove-golos-frente-ao-bayern-em-paris\/"},"author":{"name":"Telinha","@id":"https:\/\/portaltela.pt\/#\/schema\/person\/c4278d4a6028830caff9ee44b42d32ed"},"headline":"PSG reage com arte a nove golos frente ao Bayern em Paris","datePublished":"2026-04-28T21:17:53+00:00","mainEntityOfPage":{"@id":"https:\/\/portaltela.pt\/noticias\/2026\/04\/28\/psg-reage-com-arte-a-nove-golos-frente-ao-bayern-em-paris\/"},"wordCount":301,"image":{"@id":"https:\/\/portaltela.pt\/noticias\/2026\/04\/28\/psg-reage-com-arte-a-nove-golos-frente-ao-bayern-em-paris\/#primaryimage"},"thumbnailUrl":"https:\/\/portaltela.pt\/s.01k8rhncp4jt1\/2026\/04\/2084737.jpg","keywords":["Champions League","Demb\u00e9l\u00e9","Diaz","futebol","futebol internacional","Kvaratskhelia"],"articleSection":["Desporto","Futebol"],"inLanguage":"pt-PT"},{"@type":"WebPage","@id":"https:\/\/portaltela.pt\/noticias\/2026\/04\/28\/psg-reage-com-arte-a-nove-golos-frente-ao-bayern-em-paris\/","url":"https:\/\/portaltela.pt\/noticias\/2026\/04\/28\/psg-reage-com-arte-a-nove-golos-frente-ao-bayern-em-paris\/","name":"PSG reage com arte a nove golos frente ao Bayern em Paris - Portal Tela Portugal","isPartOf":{"@id":"https:\/\/portaltela.pt\/#website"},"primaryImageOfPage":{"@id":"https:\/\/portaltela.pt\/noticias\/2026\/04\/28\/psg-reage-com-arte-a-nove-golos-frente-ao-bayern-em-paris\/#primaryimage"},"image":{"@id":"https:\/\/portaltela.pt\/noticias\/2026\/04\/28\/psg-reage-com-arte-a-nove-golos-frente-ao-bayern-em-paris\/#primaryimage"},"thumbnailUrl":"https:\/\/portaltela.pt\/s.01k8rhncp4jt1\/2026\/04\/2084737.jpg","datePublished":"2026-04-28T21:17:53+00:00","author":{"@id":"https:\/\/portaltela.pt\/#\/schema\/person\/c4278d4a6028830caff9ee44b42d32ed"},"breadcrumb":{"@id":"https:\/\/portaltela.pt\/noticias\/2026\/04\/28\/psg-reage-com-arte-a-nove-golos-frente-ao-bayern-em-paris\/#breadcrumb"},"inLanguage":"pt-PT","potentialAction":[{"@type":"ReadAction","target":["https:\/\/portaltela.pt\/noticias\/2026\/04\/28\/psg-reage-com-arte-a-nove-golos-frente-ao-bayern-em-paris\/"]}]},{"@type":"ImageObject","inLanguage":"pt-PT","@id":"https:\/\/portaltela.pt\/noticias\/2026\/04\/28\/psg-reage-com-arte-a-nove-golos-frente-ao-bayern-em-paris\/#primaryimage","url":"https:\/\/portaltela.pt\/s.01k8rhncp4jt1\/2026\/04\/2084737.jpg","contentUrl":"https:\/\/portaltela.pt\/s.01k8rhncp4jt1\/2026\/04\/2084737.jpg","width":796,"height":448,"caption":"Jo\u00e3o Neves e Luis D\u00edaz em despique, no Parque dos Pr\u00edncipes"},{"@type":"BreadcrumbList","@id":"https:\/\/portaltela.pt\/noticias\/2026\/04\/28\/psg-reage-com-arte-a-nove-golos-frente-ao-bayern-em-paris\/#breadcrumb","itemListElement":[{"@type":"ListItem","position":1,"name":"In\u00edcio","item":"https:\/\/portaltela.pt\/"},{"@type":"ListItem","position":2,"name":"PSG reage com arte a nove golos frente ao Bayern em Paris"}]},{"@type":"WebSite","@id":"https:\/\/portaltela.pt\/#website","url":"https:\/\/portaltela.pt\/","name":"Portal Tela Portugal","description":"","potentialAction":[{"@type":"SearchAction","target":{"@type":"EntryPoint","urlTemplate":"https:\/\/portaltela.pt\/?s={search_term_string}"},"query-input":{"@type":"PropertyValueSpecification","valueRequired":true,"valueName":"search_term_string"}}],"inLanguage":"pt-PT"},{"@type":"Person","@id":"https:\/\/portaltela.pt\/#\/schema\/person\/c4278d4a6028830caff9ee44b42d32ed","name":"Telinha","image":{"@type":"ImageObject","inLanguage":"pt-PT","@id":"https:\/\/portaltela.pt\/s.01k8rhncp4jt1\/2025\/11\/talking-bot-125x125.png","url":"https:\/\/portaltela.pt\/s.01k8rhncp4jt1\/2025\/11\/talking-bot-125x125.png","contentUrl":"https:\/\/portaltela.pt\/s.01k8rhncp4jt1\/2025\/11\/talking-bot-125x125.png","caption":"Telinha"},"sameAs":["https:\/\/portaltela.pt\/"],"url":"https:\/\/portaltela.pt\/por\/367410592786\/"}]}},"_links":{"self":[{"href":"https:\/\/portaltela.pt\/api\/wp\/v2\/posts\/460515","targetHints":{"allow":["GET"]}}],"collection":[{"href":"https:\/\/portaltela.pt\/api\/wp\/v2\/posts"}],"about":[{"href":"https:\/\/portaltela.pt\/api\/wp\/v2\/types\/post"}],"author":[{"embeddable":true,"href":"https:\/\/portaltela.pt\/api\/wp\/v2\/users\/2"}],"replies":[{"embeddable":true,"href":"https:\/\/portaltela.pt\/api\/wp\/v2\/comments?post=460515"}],"version-history":[{"count":0,"href":"https:\/\/portaltela.pt\/api\/wp\/v2\/posts\/460515\/revisions"}],"wp:featuredmedia":[{"embeddable":true,"href":"https:\/\/portaltela.pt\/api\/wp\/v2\/media\/460517"}],"wp:attachment":[{"href":"https:\/\/portaltela.pt\/api\/wp\/v2\/media?parent=460515"}],"wp:term":[{"taxonomy":"category","embeddable":true,"href":"https:\/\/portaltela.pt\/api\/wp\/v2\/categories?post=460515"},{"taxonomy":"post_tag","embeddable":true,"href":"https:\/\/portaltela.pt\/api\/wp\/v2\/tags?post=460515"}],"curies":[{"name":"wp","href":"https:\/\/api.w.org\/{rel}","templated":true}]}}