{"id":460507,"date":"2026-04-28T18:03:16","date_gmt":"2026-04-28T21:03:16","guid":{"rendered":"https:\/\/portaltela.pt\/noticias\/2026\/04\/28\/dani-alves-e-derlei-assistem-a-fafe-sao-joao-de-ver\/"},"modified":"2026-04-28T18:03:16","modified_gmt":"2026-04-28T21:03:16","slug":"dani-alves-e-derlei-assistem-a-fafe-sao-joao-de-ver","status":"publish","type":"post","link":"https:\/\/portaltela.pt\/desporto\/futebol\/2026\/04\/28\/dani-alves-e-derlei-assistem-a-fafe-sao-joao-de-ver\/","title":{"rendered":"Dani Alves e Derlei assistem a Fafe-S\u00e3o Jo\u00e3o de Ver"},"content":{"rendered":"<p>Dani Alves, copropriet\u00e1rio do S\u00e3o Jo\u00e3o de Ver, esteve esta noite na bancada a assistir ao duelo da Liga 3 entre o Fafe e o S\u00e3o Jo\u00e3o de Ver. O encontro realizou-se no \u00e2mbito da competi\u00e7\u00e3o e contou com a presen\u00e7a do clube de Alves.<\/p>\n<p>Ao lado do ex-jogador Derlei, que representou FC Porto, Sporting e Benfica, o antigo internacional brasileiro acompanhou o jogo de perto. A presen\u00e7a dos dois nomes de relevo no futebol chamou a aten\u00e7\u00e3o de adeptos no recinto.<\/p>\n<p>A visita acontece num contexto de atividade ligada ao S\u00e3o Jo\u00e3o de Ver, que est\u00e1 envolvido na Liga 3. A presen\u00e7a de <strong>Dani Alves<\/strong> e <strong>Derlei<\/strong> refor\u00e7a o interesse medi\u00e1tico em torno do clube de Ver.<\/p>\n<p>O encontro seguiu o normal andamento da partida, sem incidentes reportados. A presen\u00e7a de celebridades no est\u00e1dio \u00e9 comum em jogos da Liga 3, contribuindo para a visibilidade do campeonato e do clube anfitri\u00e3o.<\/p>\n","protected":false},"excerpt":{"rendered":"<ul>\n<li>Dani Alves, copropriet\u00e1rio do S\u00e3o Jo\u00e3o de Ver, esteve na tribuna a ver o jogo contra o Fafe.<\/li>\n<li>Derlei, ex-jogador que representou FC Porto, Sporting e Benfica, acompanhou-o na bancada.<\/li>\n<li>O encontro integra a Liga 3.<\/li>\n<li>Os dois s\u00e3o figuras bem conhecidas no mundo do futebol.<\/li>\n<\/ul>\n","protected":false},"author":2,"featured_media":460510,"comment_status":"closed","ping_status":"closed","sticky":false,"template":"","format":"standard","meta":{"footnotes":""},"categories":[21,24],"tags":[3259,1147,32,1786,5661],"class_list":["post-460507","post","type-post","status-publish","format-standard","has-post-thumbnail","hentry","category-desporto","category-futebol","tag-celebidades","tag-fafe","tag-futebol","tag-liga","tag-pessoas-publicas"],"yoast_head":"<!-- This site is optimized with the Yoast SEO plugin v27.2 - https:\/\/yoast.com\/product\/yoast-seo-wordpress\/ -->\n<title>Dani Alves e Derlei assistem a Fafe-S\u00e3o Jo\u00e3o de Ver - Portal Tela Portugal<\/title>\n<meta name=\"robots\" content=\"index, follow, max-snippet:-1, max-image-preview:large, max-video-preview:-1\" \/>\n<meta property=\"og:locale\" content=\"pt_PT\" \/>\n<meta property=\"og:type\" content=\"article\" \/>\n<meta property=\"og:title\" content=\"Dani Alves e Derlei assistem a Fafe-S\u00e3o Jo\u00e3o de Ver - Portal Tela Portugal\" \/>\n<meta property=\"og:description\" content=\"Dani Alves, copropriet\u00e1rio do S\u00e3o Jo\u00e3o de Ver, esteve na tribuna a ver o jogo contra o Fafe. Derlei, ex-jogador que representou FC Porto, Sporting e Benfica, acompanhou-o na bancada. O encontro integra a Liga 3. Os dois s\u00e3o figuras bem conhecidas no mundo do futebol.\" \/>\n<meta property=\"og:url\" content=\"https:\/\/portaltela.pt\/noticias\/2026\/04\/28\/dani-alves-e-derlei-assistem-a-fafe-sao-joao-de-ver\/\" \/>\n<meta property=\"og:site_name\" content=\"Portal Tela Portugal\" \/>\n<meta property=\"article:published_time\" content=\"2026-04-28T21:03:16+00:00\" \/>\n<meta name=\"author\" content=\"Telinha\" \/>\n<meta name=\"twitter:card\" content=\"summary_large_image\" \/>\n<meta name=\"twitter:label1\" content=\"Escrito por\" \/>\n\t<meta name=\"twitter:data1\" content=\"Telinha\" \/>\n\t<meta name=\"twitter:label2\" content=\"Tempo estimado de leitura\" \/>\n\t<meta name=\"twitter:data2\" content=\"1 minuto\" \/>\n<script type=\"application\/ld+json\" class=\"yoast-schema-graph\">{\"@context\":\"https:\/\/schema.org\",\"@graph\":[{\"@type\":\"Article\",\"@id\":\"https:\/\/portaltela.pt\/noticias\/2026\/04\/28\/dani-alves-e-derlei-assistem-a-fafe-sao-joao-de-ver\/#article\",\"isPartOf\":{\"@id\":\"https:\/\/portaltela.pt\/noticias\/2026\/04\/28\/dani-alves-e-derlei-assistem-a-fafe-sao-joao-de-ver\/\"},\"author\":{\"name\":\"Telinha\",\"@id\":\"https:\/\/portaltela.pt\/#\/schema\/person\/c4278d4a6028830caff9ee44b42d32ed\"},\"headline\":\"Dani Alves e Derlei assistem a Fafe-S\u00e3o Jo\u00e3o de Ver\",\"datePublished\":\"2026-04-28T21:03:16+00:00\",\"mainEntityOfPage\":{\"@id\":\"https:\/\/portaltela.pt\/noticias\/2026\/04\/28\/dani-alves-e-derlei-assistem-a-fafe-sao-joao-de-ver\/\"},\"wordCount\":177,\"image\":{\"@id\":\"https:\/\/portaltela.pt\/noticias\/2026\/04\/28\/dani-alves-e-derlei-assistem-a-fafe-sao-joao-de-ver\/#primaryimage\"},\"thumbnailUrl\":\"https:\/\/portaltela.pt\/s.01k8rhncp4jt1\/2026\/04\/img_1200x721uu2026-04-28-21-48-21-2435820.jpg\",\"keywords\":[\"celebidades\",\"Fafe\",\"futebol\",\"Liga\",\"pessoas p\u00fablicas\"],\"articleSection\":[\"Desporto\",\"Futebol\"],\"inLanguage\":\"pt-PT\"},{\"@type\":\"WebPage\",\"@id\":\"https:\/\/portaltela.pt\/noticias\/2026\/04\/28\/dani-alves-e-derlei-assistem-a-fafe-sao-joao-de-ver\/\",\"url\":\"https:\/\/portaltela.pt\/noticias\/2026\/04\/28\/dani-alves-e-derlei-assistem-a-fafe-sao-joao-de-ver\/\",\"name\":\"Dani Alves e Derlei assistem a Fafe-S\u00e3o Jo\u00e3o de Ver - Portal Tela Portugal\",\"isPartOf\":{\"@id\":\"https:\/\/portaltela.pt\/#website\"},\"primaryImageOfPage\":{\"@id\":\"https:\/\/portaltela.pt\/noticias\/2026\/04\/28\/dani-alves-e-derlei-assistem-a-fafe-sao-joao-de-ver\/#primaryimage\"},\"image\":{\"@id\":\"https:\/\/portaltela.pt\/noticias\/2026\/04\/28\/dani-alves-e-derlei-assistem-a-fafe-sao-joao-de-ver\/#primaryimage\"},\"thumbnailUrl\":\"https:\/\/portaltela.pt\/s.01k8rhncp4jt1\/2026\/04\/img_1200x721uu2026-04-28-21-48-21-2435820.jpg\",\"datePublished\":\"2026-04-28T21:03:16+00:00\",\"author\":{\"@id\":\"https:\/\/portaltela.pt\/#\/schema\/person\/c4278d4a6028830caff9ee44b42d32ed\"},\"breadcrumb\":{\"@id\":\"https:\/\/portaltela.pt\/noticias\/2026\/04\/28\/dani-alves-e-derlei-assistem-a-fafe-sao-joao-de-ver\/#breadcrumb\"},\"inLanguage\":\"pt-PT\",\"potentialAction\":[{\"@type\":\"ReadAction\",\"target\":[\"https:\/\/portaltela.pt\/noticias\/2026\/04\/28\/dani-alves-e-derlei-assistem-a-fafe-sao-joao-de-ver\/\"]}]},{\"@type\":\"ImageObject\",\"inLanguage\":\"pt-PT\",\"@id\":\"https:\/\/portaltela.pt\/noticias\/2026\/04\/28\/dani-alves-e-derlei-assistem-a-fafe-sao-joao-de-ver\/#primaryimage\",\"url\":\"https:\/\/portaltela.pt\/s.01k8rhncp4jt1\/2026\/04\/img_1200x721uu2026-04-28-21-48-21-2435820.jpg\",\"contentUrl\":\"https:\/\/portaltela.pt\/s.01k8rhncp4jt1\/2026\/04\/img_1200x721uu2026-04-28-21-48-21-2435820.jpg\",\"width\":796,\"height\":448,\"caption\":\"Caras bem conehcidas no jogo da Liga 3\"},{\"@type\":\"BreadcrumbList\",\"@id\":\"https:\/\/portaltela.pt\/noticias\/2026\/04\/28\/dani-alves-e-derlei-assistem-a-fafe-sao-joao-de-ver\/#breadcrumb\",\"itemListElement\":[{\"@type\":\"ListItem\",\"position\":1,\"name\":\"In\u00edcio\",\"item\":\"https:\/\/portaltela.pt\/\"},{\"@type\":\"ListItem\",\"position\":2,\"name\":\"Dani Alves e Derlei assistem a Fafe-S\u00e3o Jo\u00e3o de Ver\"}]},{\"@type\":\"WebSite\",\"@id\":\"https:\/\/portaltela.pt\/#website\",\"url\":\"https:\/\/portaltela.pt\/\",\"name\":\"Portal Tela Portugal\",\"description\":\"\",\"potentialAction\":[{\"@type\":\"SearchAction\",\"target\":{\"@type\":\"EntryPoint\",\"urlTemplate\":\"https:\/\/portaltela.pt\/?s={search_term_string}\"},\"query-input\":{\"@type\":\"PropertyValueSpecification\",\"valueRequired\":true,\"valueName\":\"search_term_string\"}}],\"inLanguage\":\"pt-PT\"},{\"@type\":\"Person\",\"@id\":\"https:\/\/portaltela.pt\/#\/schema\/person\/c4278d4a6028830caff9ee44b42d32ed\",\"name\":\"Telinha\",\"image\":{\"@type\":\"ImageObject\",\"inLanguage\":\"pt-PT\",\"@id\":\"https:\/\/portaltela.pt\/s.01k8rhncp4jt1\/2025\/11\/talking-bot-125x125.png\",\"url\":\"https:\/\/portaltela.pt\/s.01k8rhncp4jt1\/2025\/11\/talking-bot-125x125.png\",\"contentUrl\":\"https:\/\/portaltela.pt\/s.01k8rhncp4jt1\/2025\/11\/talking-bot-125x125.png\",\"caption\":\"Telinha\"},\"sameAs\":[\"https:\/\/portaltela.pt\/\"],\"url\":\"https:\/\/portaltela.pt\/por\/367410592786\/\"}]}<\/script>\n<!-- \/ Yoast SEO plugin. -->","yoast_head_json":{"title":"Dani Alves e Derlei assistem a Fafe-S\u00e3o Jo\u00e3o de Ver - Portal Tela Portugal","robots":{"index":"index","follow":"follow","max-snippet":"max-snippet:-1","max-image-preview":"max-image-preview:large","max-video-preview":"max-video-preview:-1"},"og_locale":"pt_PT","og_type":"article","og_title":"Dani Alves e Derlei assistem a Fafe-S\u00e3o Jo\u00e3o de Ver - Portal Tela Portugal","og_description":"Dani Alves, copropriet\u00e1rio do S\u00e3o Jo\u00e3o de Ver, esteve na tribuna a ver o jogo contra o Fafe. Derlei, ex-jogador que representou FC Porto, Sporting e Benfica, acompanhou-o na bancada. O encontro integra a Liga 3. Os dois s\u00e3o figuras bem conhecidas no mundo do futebol.","og_url":"https:\/\/portaltela.pt\/noticias\/2026\/04\/28\/dani-alves-e-derlei-assistem-a-fafe-sao-joao-de-ver\/","og_site_name":"Portal Tela Portugal","article_published_time":"2026-04-28T21:03:16+00:00","author":"Telinha","twitter_card":"summary_large_image","twitter_misc":{"Escrito por":"Telinha","Tempo estimado de leitura":"1 minuto"},"schema":{"@context":"https:\/\/schema.org","@graph":[{"@type":"Article","@id":"https:\/\/portaltela.pt\/noticias\/2026\/04\/28\/dani-alves-e-derlei-assistem-a-fafe-sao-joao-de-ver\/#article","isPartOf":{"@id":"https:\/\/portaltela.pt\/noticias\/2026\/04\/28\/dani-alves-e-derlei-assistem-a-fafe-sao-joao-de-ver\/"},"author":{"name":"Telinha","@id":"https:\/\/portaltela.pt\/#\/schema\/person\/c4278d4a6028830caff9ee44b42d32ed"},"headline":"Dani Alves e Derlei assistem a Fafe-S\u00e3o Jo\u00e3o de Ver","datePublished":"2026-04-28T21:03:16+00:00","mainEntityOfPage":{"@id":"https:\/\/portaltela.pt\/noticias\/2026\/04\/28\/dani-alves-e-derlei-assistem-a-fafe-sao-joao-de-ver\/"},"wordCount":177,"image":{"@id":"https:\/\/portaltela.pt\/noticias\/2026\/04\/28\/dani-alves-e-derlei-assistem-a-fafe-sao-joao-de-ver\/#primaryimage"},"thumbnailUrl":"https:\/\/portaltela.pt\/s.01k8rhncp4jt1\/2026\/04\/img_1200x721uu2026-04-28-21-48-21-2435820.jpg","keywords":["celebidades","Fafe","futebol","Liga","pessoas p\u00fablicas"],"articleSection":["Desporto","Futebol"],"inLanguage":"pt-PT"},{"@type":"WebPage","@id":"https:\/\/portaltela.pt\/noticias\/2026\/04\/28\/dani-alves-e-derlei-assistem-a-fafe-sao-joao-de-ver\/","url":"https:\/\/portaltela.pt\/noticias\/2026\/04\/28\/dani-alves-e-derlei-assistem-a-fafe-sao-joao-de-ver\/","name":"Dani Alves e Derlei assistem a Fafe-S\u00e3o Jo\u00e3o de Ver - Portal Tela Portugal","isPartOf":{"@id":"https:\/\/portaltela.pt\/#website"},"primaryImageOfPage":{"@id":"https:\/\/portaltela.pt\/noticias\/2026\/04\/28\/dani-alves-e-derlei-assistem-a-fafe-sao-joao-de-ver\/#primaryimage"},"image":{"@id":"https:\/\/portaltela.pt\/noticias\/2026\/04\/28\/dani-alves-e-derlei-assistem-a-fafe-sao-joao-de-ver\/#primaryimage"},"thumbnailUrl":"https:\/\/portaltela.pt\/s.01k8rhncp4jt1\/2026\/04\/img_1200x721uu2026-04-28-21-48-21-2435820.jpg","datePublished":"2026-04-28T21:03:16+00:00","author":{"@id":"https:\/\/portaltela.pt\/#\/schema\/person\/c4278d4a6028830caff9ee44b42d32ed"},"breadcrumb":{"@id":"https:\/\/portaltela.pt\/noticias\/2026\/04\/28\/dani-alves-e-derlei-assistem-a-fafe-sao-joao-de-ver\/#breadcrumb"},"inLanguage":"pt-PT","potentialAction":[{"@type":"ReadAction","target":["https:\/\/portaltela.pt\/noticias\/2026\/04\/28\/dani-alves-e-derlei-assistem-a-fafe-sao-joao-de-ver\/"]}]},{"@type":"ImageObject","inLanguage":"pt-PT","@id":"https:\/\/portaltela.pt\/noticias\/2026\/04\/28\/dani-alves-e-derlei-assistem-a-fafe-sao-joao-de-ver\/#primaryimage","url":"https:\/\/portaltela.pt\/s.01k8rhncp4jt1\/2026\/04\/img_1200x721uu2026-04-28-21-48-21-2435820.jpg","contentUrl":"https:\/\/portaltela.pt\/s.01k8rhncp4jt1\/2026\/04\/img_1200x721uu2026-04-28-21-48-21-2435820.jpg","width":796,"height":448,"caption":"Caras bem conehcidas no jogo da Liga 3"},{"@type":"BreadcrumbList","@id":"https:\/\/portaltela.pt\/noticias\/2026\/04\/28\/dani-alves-e-derlei-assistem-a-fafe-sao-joao-de-ver\/#breadcrumb","itemListElement":[{"@type":"ListItem","position":1,"name":"In\u00edcio","item":"https:\/\/portaltela.pt\/"},{"@type":"ListItem","position":2,"name":"Dani Alves e Derlei assistem a Fafe-S\u00e3o Jo\u00e3o de Ver"}]},{"@type":"WebSite","@id":"https:\/\/portaltela.pt\/#website","url":"https:\/\/portaltela.pt\/","name":"Portal Tela Portugal","description":"","potentialAction":[{"@type":"SearchAction","target":{"@type":"EntryPoint","urlTemplate":"https:\/\/portaltela.pt\/?s={search_term_string}"},"query-input":{"@type":"PropertyValueSpecification","valueRequired":true,"valueName":"search_term_string"}}],"inLanguage":"pt-PT"},{"@type":"Person","@id":"https:\/\/portaltela.pt\/#\/schema\/person\/c4278d4a6028830caff9ee44b42d32ed","name":"Telinha","image":{"@type":"ImageObject","inLanguage":"pt-PT","@id":"https:\/\/portaltela.pt\/s.01k8rhncp4jt1\/2025\/11\/talking-bot-125x125.png","url":"https:\/\/portaltela.pt\/s.01k8rhncp4jt1\/2025\/11\/talking-bot-125x125.png","contentUrl":"https:\/\/portaltela.pt\/s.01k8rhncp4jt1\/2025\/11\/talking-bot-125x125.png","caption":"Telinha"},"sameAs":["https:\/\/portaltela.pt\/"],"url":"https:\/\/portaltela.pt\/por\/367410592786\/"}]}},"_links":{"self":[{"href":"https:\/\/portaltela.pt\/api\/wp\/v2\/posts\/460507","targetHints":{"allow":["GET"]}}],"collection":[{"href":"https:\/\/portaltela.pt\/api\/wp\/v2\/posts"}],"about":[{"href":"https:\/\/portaltela.pt\/api\/wp\/v2\/types\/post"}],"author":[{"embeddable":true,"href":"https:\/\/portaltela.pt\/api\/wp\/v2\/users\/2"}],"replies":[{"embeddable":true,"href":"https:\/\/portaltela.pt\/api\/wp\/v2\/comments?post=460507"}],"version-history":[{"count":0,"href":"https:\/\/portaltela.pt\/api\/wp\/v2\/posts\/460507\/revisions"}],"wp:featuredmedia":[{"embeddable":true,"href":"https:\/\/portaltela.pt\/api\/wp\/v2\/media\/460510"}],"wp:attachment":[{"href":"https:\/\/portaltela.pt\/api\/wp\/v2\/media?parent=460507"}],"wp:term":[{"taxonomy":"category","embeddable":true,"href":"https:\/\/portaltela.pt\/api\/wp\/v2\/categories?post=460507"},{"taxonomy":"post_tag","embeddable":true,"href":"https:\/\/portaltela.pt\/api\/wp\/v2\/tags?post=460507"}],"curies":[{"name":"wp","href":"https:\/\/api.w.org\/{rel}","templated":true}]}}