{"id":460503,"date":"2026-04-28T18:02:58","date_gmt":"2026-04-28T21:02:58","guid":{"rendered":"https:\/\/portaltela.pt\/noticias\/2026\/04\/28\/presidente-de-israel-convoca-netanyahu-e-procuradores-para-acordo-em-caso-de-corrupcao\/"},"modified":"2026-04-28T18:02:58","modified_gmt":"2026-04-28T21:02:58","slug":"presidente-de-israel-convoca-netanyahu-e-procuradores-para-acordo-em-caso-de-corrupcao","status":"publish","type":"post","link":"https:\/\/portaltela.pt\/noticias\/politica\/2026\/04\/28\/presidente-de-israel-convoca-netanyahu-e-procuradores-para-acordo-em-caso-de-corrupcao\/","title":{"rendered":"Presidente de Israel convoca Netanyahu e procuradores para acordo em caso de corrup\u00e7\u00e3o"},"content":{"rendered":"<p>O presidente de Israel convocou o primeiro-ministro e os procuradores para discutir um poss\u00edvel acordo no \u00e2mbito de um caso de corrup\u00e7\u00e3o. N\u00e3o foram divulgados detalhes sobre o conte\u00fado da reuni\u00e3o, nem a data ou o local.<\/p>\n<p>Segundo informa\u00e7\u00f5es n\u00e3o confirmadas publicamente, o objetivo seria avan\u00e7ar para uma eventual tratativa entre as partes envolvidas. Os motivos exatos e as etapas subsequentes n\u00e3o foram detalhados pelas autoridades.<\/p>\n<p>As pessoas envolvidas incluem o presidente, o primeiro-ministro Benjamin Netanyahu e representantes da procuradoria. A comunica\u00e7\u00e3o oficial permanece reservada, mantendo o p\u00fablico sem confirma\u00e7\u00e3o sobre o desfecho ou impactos legais.<\/p>\n<p>At\u00e9 ao momento, as circunst\u00e2ncias da reuni\u00e3o mant\u00eam-se vagas, com pouca informa\u00e7\u00e3o dispon\u00edvel al\u00e9m da exist\u00eancia do encontro. Acompanhar-se-\u00e3o atualiza\u00e7\u00f5es oficiais \u00e0 medida que forem tornadas p\u00fablicas.<\/p>\n","protected":false},"excerpt":{"rendered":"<ul>\n<li>O Presidente de Israel convocou o primeiro-ministro, Benjamin Netanyahu, e procuradores para discutir um poss\u00edvel acordo num caso de corrup\u00e7\u00e3o.<\/li>\n<li>A nota indica que o conte\u00fado completo est\u00e1 dispon\u00edvel apenas para subscritores.<\/li>\n<li>O texto fornecido n\u00e3o inclui mais detalhes sobre o acordo ou o caso.<\/li>\n<li>N\u00e3o h\u00e1 informa\u00e7\u00f5es adicionais verific\u00e1veis no material dispon\u00edvel.<\/li>\n<\/ul>\n","protected":false},"author":2,"featured_media":460504,"comment_status":"closed","ping_status":"closed","sticky":false,"template":"","format":"standard","meta":{"footnotes":""},"categories":[6912,5],"tags":[83,1878,3708,2832,30],"class_list":["post-460503","post","type-post","status-publish","format-standard","has-post-thumbnail","hentry","category-internacionais","category-politica","tag-corrupcao","tag-inquerito-criminal","tag-israel","tag-politica","tag-presidente"],"yoast_head":"<!-- This site is optimized with the Yoast SEO plugin v27.2 - https:\/\/yoast.com\/product\/yoast-seo-wordpress\/ -->\n<title>Presidente de Israel convoca Netanyahu e procuradores para acordo em caso de corrup\u00e7\u00e3o - Portal Tela Portugal<\/title>\n<meta name=\"robots\" content=\"index, follow, max-snippet:-1, max-image-preview:large, max-video-preview:-1\" \/>\n<meta property=\"og:locale\" content=\"pt_PT\" \/>\n<meta property=\"og:type\" content=\"article\" \/>\n<meta property=\"og:title\" content=\"Presidente de Israel convoca Netanyahu e procuradores para acordo em caso de corrup\u00e7\u00e3o - Portal Tela Portugal\" \/>\n<meta property=\"og:description\" content=\"O Presidente de Israel convocou o primeiro-ministro, Benjamin Netanyahu, e procuradores para discutir um poss\u00edvel acordo num caso de corrup\u00e7\u00e3o. A nota indica que o conte\u00fado completo est\u00e1 dispon\u00edvel apenas para subscritores. O texto fornecido n\u00e3o inclui mais detalhes sobre o acordo ou o caso. N\u00e3o h\u00e1 informa\u00e7\u00f5es adicionais verific\u00e1veis no material dispon\u00edvel.\" \/>\n<meta property=\"og:url\" content=\"https:\/\/portaltela.pt\/noticias\/2026\/04\/28\/presidente-de-israel-convoca-netanyahu-e-procuradores-para-acordo-em-caso-de-corrupcao\/\" \/>\n<meta property=\"og:site_name\" content=\"Portal Tela Portugal\" \/>\n<meta property=\"article:published_time\" content=\"2026-04-28T21:02:58+00:00\" \/>\n<meta name=\"author\" content=\"Telinha\" \/>\n<meta name=\"twitter:card\" content=\"summary_large_image\" \/>\n<meta name=\"twitter:label1\" content=\"Escrito por\" \/>\n\t<meta name=\"twitter:data1\" content=\"Telinha\" \/>\n\t<meta name=\"twitter:label2\" content=\"Tempo estimado de leitura\" \/>\n\t<meta name=\"twitter:data2\" content=\"1 minuto\" \/>\n<script type=\"application\/ld+json\" class=\"yoast-schema-graph\">{\"@context\":\"https:\/\/schema.org\",\"@graph\":[{\"@type\":\"Article\",\"@id\":\"https:\/\/portaltela.pt\/noticias\/2026\/04\/28\/presidente-de-israel-convoca-netanyahu-e-procuradores-para-acordo-em-caso-de-corrupcao\/#article\",\"isPartOf\":{\"@id\":\"https:\/\/portaltela.pt\/noticias\/2026\/04\/28\/presidente-de-israel-convoca-netanyahu-e-procuradores-para-acordo-em-caso-de-corrupcao\/\"},\"author\":{\"name\":\"Telinha\",\"@id\":\"https:\/\/portaltela.pt\/#\/schema\/person\/c4278d4a6028830caff9ee44b42d32ed\"},\"headline\":\"Presidente de Israel convoca Netanyahu e procuradores para acordo em caso de corrup\u00e7\u00e3o\",\"datePublished\":\"2026-04-28T21:02:58+00:00\",\"mainEntityOfPage\":{\"@id\":\"https:\/\/portaltela.pt\/noticias\/2026\/04\/28\/presidente-de-israel-convoca-netanyahu-e-procuradores-para-acordo-em-caso-de-corrupcao\/\"},\"wordCount\":158,\"image\":{\"@id\":\"https:\/\/portaltela.pt\/noticias\/2026\/04\/28\/presidente-de-israel-convoca-netanyahu-e-procuradores-para-acordo-em-caso-de-corrupcao\/#primaryimage\"},\"thumbnailUrl\":\"https:\/\/portaltela.pt\/s.01k8rhncp4jt1\/2026\/04\/CACHE_780X1200_ANALOG_WATERMARKED_46968755_14739537459427.jpg\",\"keywords\":[\"corrup\u00e7\u00e3o\",\"inqu\u00e9rito criminal\",\"Israel\",\"pol\u00edtica\",\"presidente\"],\"articleSection\":[\"Internacionais\",\"Pol\u00edtica\"],\"inLanguage\":\"pt-PT\"},{\"@type\":\"WebPage\",\"@id\":\"https:\/\/portaltela.pt\/noticias\/2026\/04\/28\/presidente-de-israel-convoca-netanyahu-e-procuradores-para-acordo-em-caso-de-corrupcao\/\",\"url\":\"https:\/\/portaltela.pt\/noticias\/2026\/04\/28\/presidente-de-israel-convoca-netanyahu-e-procuradores-para-acordo-em-caso-de-corrupcao\/\",\"name\":\"Presidente de Israel convoca Netanyahu e procuradores para acordo em caso de corrup\u00e7\u00e3o - Portal Tela Portugal\",\"isPartOf\":{\"@id\":\"https:\/\/portaltela.pt\/#website\"},\"primaryImageOfPage\":{\"@id\":\"https:\/\/portaltela.pt\/noticias\/2026\/04\/28\/presidente-de-israel-convoca-netanyahu-e-procuradores-para-acordo-em-caso-de-corrupcao\/#primaryimage\"},\"image\":{\"@id\":\"https:\/\/portaltela.pt\/noticias\/2026\/04\/28\/presidente-de-israel-convoca-netanyahu-e-procuradores-para-acordo-em-caso-de-corrupcao\/#primaryimage\"},\"thumbnailUrl\":\"https:\/\/portaltela.pt\/s.01k8rhncp4jt1\/2026\/04\/CACHE_780X1200_ANALOG_WATERMARKED_46968755_14739537459427.jpg\",\"datePublished\":\"2026-04-28T21:02:58+00:00\",\"author\":{\"@id\":\"https:\/\/portaltela.pt\/#\/schema\/person\/c4278d4a6028830caff9ee44b42d32ed\"},\"breadcrumb\":{\"@id\":\"https:\/\/portaltela.pt\/noticias\/2026\/04\/28\/presidente-de-israel-convoca-netanyahu-e-procuradores-para-acordo-em-caso-de-corrupcao\/#breadcrumb\"},\"inLanguage\":\"pt-PT\",\"potentialAction\":[{\"@type\":\"ReadAction\",\"target\":[\"https:\/\/portaltela.pt\/noticias\/2026\/04\/28\/presidente-de-israel-convoca-netanyahu-e-procuradores-para-acordo-em-caso-de-corrupcao\/\"]}]},{\"@type\":\"ImageObject\",\"inLanguage\":\"pt-PT\",\"@id\":\"https:\/\/portaltela.pt\/noticias\/2026\/04\/28\/presidente-de-israel-convoca-netanyahu-e-procuradores-para-acordo-em-caso-de-corrupcao\/#primaryimage\",\"url\":\"https:\/\/portaltela.pt\/s.01k8rhncp4jt1\/2026\/04\/CACHE_780X1200_ANALOG_WATERMARKED_46968755_14739537459427.jpg\",\"contentUrl\":\"https:\/\/portaltela.pt\/s.01k8rhncp4jt1\/2026\/04\/CACHE_780X1200_ANALOG_WATERMARKED_46968755_14739537459427.jpg\",\"width\":768,\"height\":512,\"caption\":\"Photo\"},{\"@type\":\"BreadcrumbList\",\"@id\":\"https:\/\/portaltela.pt\/noticias\/2026\/04\/28\/presidente-de-israel-convoca-netanyahu-e-procuradores-para-acordo-em-caso-de-corrupcao\/#breadcrumb\",\"itemListElement\":[{\"@type\":\"ListItem\",\"position\":1,\"name\":\"In\u00edcio\",\"item\":\"https:\/\/portaltela.pt\/\"},{\"@type\":\"ListItem\",\"position\":2,\"name\":\"Presidente de Israel convoca Netanyahu e procuradores para acordo em caso de corrup\u00e7\u00e3o\"}]},{\"@type\":\"WebSite\",\"@id\":\"https:\/\/portaltela.pt\/#website\",\"url\":\"https:\/\/portaltela.pt\/\",\"name\":\"Portal Tela Portugal\",\"description\":\"\",\"potentialAction\":[{\"@type\":\"SearchAction\",\"target\":{\"@type\":\"EntryPoint\",\"urlTemplate\":\"https:\/\/portaltela.pt\/?s={search_term_string}\"},\"query-input\":{\"@type\":\"PropertyValueSpecification\",\"valueRequired\":true,\"valueName\":\"search_term_string\"}}],\"inLanguage\":\"pt-PT\"},{\"@type\":\"Person\",\"@id\":\"https:\/\/portaltela.pt\/#\/schema\/person\/c4278d4a6028830caff9ee44b42d32ed\",\"name\":\"Telinha\",\"image\":{\"@type\":\"ImageObject\",\"inLanguage\":\"pt-PT\",\"@id\":\"https:\/\/portaltela.pt\/s.01k8rhncp4jt1\/2025\/11\/talking-bot-125x125.png\",\"url\":\"https:\/\/portaltela.pt\/s.01k8rhncp4jt1\/2025\/11\/talking-bot-125x125.png\",\"contentUrl\":\"https:\/\/portaltela.pt\/s.01k8rhncp4jt1\/2025\/11\/talking-bot-125x125.png\",\"caption\":\"Telinha\"},\"sameAs\":[\"https:\/\/portaltela.pt\/\"],\"url\":\"https:\/\/portaltela.pt\/por\/367410592786\/\"}]}<\/script>\n<!-- \/ Yoast SEO plugin. -->","yoast_head_json":{"title":"Presidente de Israel convoca Netanyahu e procuradores para acordo em caso de corrup\u00e7\u00e3o - Portal Tela Portugal","robots":{"index":"index","follow":"follow","max-snippet":"max-snippet:-1","max-image-preview":"max-image-preview:large","max-video-preview":"max-video-preview:-1"},"og_locale":"pt_PT","og_type":"article","og_title":"Presidente de Israel convoca Netanyahu e procuradores para acordo em caso de corrup\u00e7\u00e3o - Portal Tela Portugal","og_description":"O Presidente de Israel convocou o primeiro-ministro, Benjamin Netanyahu, e procuradores para discutir um poss\u00edvel acordo num caso de corrup\u00e7\u00e3o. A nota indica que o conte\u00fado completo est\u00e1 dispon\u00edvel apenas para subscritores. O texto fornecido n\u00e3o inclui mais detalhes sobre o acordo ou o caso. N\u00e3o h\u00e1 informa\u00e7\u00f5es adicionais verific\u00e1veis no material dispon\u00edvel.","og_url":"https:\/\/portaltela.pt\/noticias\/2026\/04\/28\/presidente-de-israel-convoca-netanyahu-e-procuradores-para-acordo-em-caso-de-corrupcao\/","og_site_name":"Portal Tela Portugal","article_published_time":"2026-04-28T21:02:58+00:00","author":"Telinha","twitter_card":"summary_large_image","twitter_misc":{"Escrito por":"Telinha","Tempo estimado de leitura":"1 minuto"},"schema":{"@context":"https:\/\/schema.org","@graph":[{"@type":"Article","@id":"https:\/\/portaltela.pt\/noticias\/2026\/04\/28\/presidente-de-israel-convoca-netanyahu-e-procuradores-para-acordo-em-caso-de-corrupcao\/#article","isPartOf":{"@id":"https:\/\/portaltela.pt\/noticias\/2026\/04\/28\/presidente-de-israel-convoca-netanyahu-e-procuradores-para-acordo-em-caso-de-corrupcao\/"},"author":{"name":"Telinha","@id":"https:\/\/portaltela.pt\/#\/schema\/person\/c4278d4a6028830caff9ee44b42d32ed"},"headline":"Presidente de Israel convoca Netanyahu e procuradores para acordo em caso de corrup\u00e7\u00e3o","datePublished":"2026-04-28T21:02:58+00:00","mainEntityOfPage":{"@id":"https:\/\/portaltela.pt\/noticias\/2026\/04\/28\/presidente-de-israel-convoca-netanyahu-e-procuradores-para-acordo-em-caso-de-corrupcao\/"},"wordCount":158,"image":{"@id":"https:\/\/portaltela.pt\/noticias\/2026\/04\/28\/presidente-de-israel-convoca-netanyahu-e-procuradores-para-acordo-em-caso-de-corrupcao\/#primaryimage"},"thumbnailUrl":"https:\/\/portaltela.pt\/s.01k8rhncp4jt1\/2026\/04\/CACHE_780X1200_ANALOG_WATERMARKED_46968755_14739537459427.jpg","keywords":["corrup\u00e7\u00e3o","inqu\u00e9rito criminal","Israel","pol\u00edtica","presidente"],"articleSection":["Internacionais","Pol\u00edtica"],"inLanguage":"pt-PT"},{"@type":"WebPage","@id":"https:\/\/portaltela.pt\/noticias\/2026\/04\/28\/presidente-de-israel-convoca-netanyahu-e-procuradores-para-acordo-em-caso-de-corrupcao\/","url":"https:\/\/portaltela.pt\/noticias\/2026\/04\/28\/presidente-de-israel-convoca-netanyahu-e-procuradores-para-acordo-em-caso-de-corrupcao\/","name":"Presidente de Israel convoca Netanyahu e procuradores para acordo em caso de corrup\u00e7\u00e3o - Portal Tela Portugal","isPartOf":{"@id":"https:\/\/portaltela.pt\/#website"},"primaryImageOfPage":{"@id":"https:\/\/portaltela.pt\/noticias\/2026\/04\/28\/presidente-de-israel-convoca-netanyahu-e-procuradores-para-acordo-em-caso-de-corrupcao\/#primaryimage"},"image":{"@id":"https:\/\/portaltela.pt\/noticias\/2026\/04\/28\/presidente-de-israel-convoca-netanyahu-e-procuradores-para-acordo-em-caso-de-corrupcao\/#primaryimage"},"thumbnailUrl":"https:\/\/portaltela.pt\/s.01k8rhncp4jt1\/2026\/04\/CACHE_780X1200_ANALOG_WATERMARKED_46968755_14739537459427.jpg","datePublished":"2026-04-28T21:02:58+00:00","author":{"@id":"https:\/\/portaltela.pt\/#\/schema\/person\/c4278d4a6028830caff9ee44b42d32ed"},"breadcrumb":{"@id":"https:\/\/portaltela.pt\/noticias\/2026\/04\/28\/presidente-de-israel-convoca-netanyahu-e-procuradores-para-acordo-em-caso-de-corrupcao\/#breadcrumb"},"inLanguage":"pt-PT","potentialAction":[{"@type":"ReadAction","target":["https:\/\/portaltela.pt\/noticias\/2026\/04\/28\/presidente-de-israel-convoca-netanyahu-e-procuradores-para-acordo-em-caso-de-corrupcao\/"]}]},{"@type":"ImageObject","inLanguage":"pt-PT","@id":"https:\/\/portaltela.pt\/noticias\/2026\/04\/28\/presidente-de-israel-convoca-netanyahu-e-procuradores-para-acordo-em-caso-de-corrupcao\/#primaryimage","url":"https:\/\/portaltela.pt\/s.01k8rhncp4jt1\/2026\/04\/CACHE_780X1200_ANALOG_WATERMARKED_46968755_14739537459427.jpg","contentUrl":"https:\/\/portaltela.pt\/s.01k8rhncp4jt1\/2026\/04\/CACHE_780X1200_ANALOG_WATERMARKED_46968755_14739537459427.jpg","width":768,"height":512,"caption":"Photo"},{"@type":"BreadcrumbList","@id":"https:\/\/portaltela.pt\/noticias\/2026\/04\/28\/presidente-de-israel-convoca-netanyahu-e-procuradores-para-acordo-em-caso-de-corrupcao\/#breadcrumb","itemListElement":[{"@type":"ListItem","position":1,"name":"In\u00edcio","item":"https:\/\/portaltela.pt\/"},{"@type":"ListItem","position":2,"name":"Presidente de Israel convoca Netanyahu e procuradores para acordo em caso de corrup\u00e7\u00e3o"}]},{"@type":"WebSite","@id":"https:\/\/portaltela.pt\/#website","url":"https:\/\/portaltela.pt\/","name":"Portal Tela Portugal","description":"","potentialAction":[{"@type":"SearchAction","target":{"@type":"EntryPoint","urlTemplate":"https:\/\/portaltela.pt\/?s={search_term_string}"},"query-input":{"@type":"PropertyValueSpecification","valueRequired":true,"valueName":"search_term_string"}}],"inLanguage":"pt-PT"},{"@type":"Person","@id":"https:\/\/portaltela.pt\/#\/schema\/person\/c4278d4a6028830caff9ee44b42d32ed","name":"Telinha","image":{"@type":"ImageObject","inLanguage":"pt-PT","@id":"https:\/\/portaltela.pt\/s.01k8rhncp4jt1\/2025\/11\/talking-bot-125x125.png","url":"https:\/\/portaltela.pt\/s.01k8rhncp4jt1\/2025\/11\/talking-bot-125x125.png","contentUrl":"https:\/\/portaltela.pt\/s.01k8rhncp4jt1\/2025\/11\/talking-bot-125x125.png","caption":"Telinha"},"sameAs":["https:\/\/portaltela.pt\/"],"url":"https:\/\/portaltela.pt\/por\/367410592786\/"}]}},"_links":{"self":[{"href":"https:\/\/portaltela.pt\/api\/wp\/v2\/posts\/460503","targetHints":{"allow":["GET"]}}],"collection":[{"href":"https:\/\/portaltela.pt\/api\/wp\/v2\/posts"}],"about":[{"href":"https:\/\/portaltela.pt\/api\/wp\/v2\/types\/post"}],"author":[{"embeddable":true,"href":"https:\/\/portaltela.pt\/api\/wp\/v2\/users\/2"}],"replies":[{"embeddable":true,"href":"https:\/\/portaltela.pt\/api\/wp\/v2\/comments?post=460503"}],"version-history":[{"count":0,"href":"https:\/\/portaltela.pt\/api\/wp\/v2\/posts\/460503\/revisions"}],"wp:featuredmedia":[{"embeddable":true,"href":"https:\/\/portaltela.pt\/api\/wp\/v2\/media\/460504"}],"wp:attachment":[{"href":"https:\/\/portaltela.pt\/api\/wp\/v2\/media?parent=460503"}],"wp:term":[{"taxonomy":"category","embeddable":true,"href":"https:\/\/portaltela.pt\/api\/wp\/v2\/categories?post=460503"},{"taxonomy":"post_tag","embeddable":true,"href":"https:\/\/portaltela.pt\/api\/wp\/v2\/tags?post=460503"}],"curies":[{"name":"wp","href":"https:\/\/api.w.org\/{rel}","templated":true}]}}