{"id":460495,"date":"2026-04-28T17:48:24","date_gmt":"2026-04-28T20:48:24","guid":{"rendered":"https:\/\/portaltela.pt\/noticias\/2026\/04\/28\/desmistificam-mitos-sobre-a-lavagem-de-calcas-de-ganga\/"},"modified":"2026-04-28T17:48:24","modified_gmt":"2026-04-28T20:48:24","slug":"desmistificam-mitos-sobre-a-lavagem-de-calcas-de-ganga","status":"publish","type":"post","link":"https:\/\/portaltela.pt\/curiosidades\/2026\/04\/28\/desmistificam-mitos-sobre-a-lavagem-de-calcas-de-ganga\/","title":{"rendered":"Desmistificam mitos sobre a lavagem de cal\u00e7as de ganga"},"content":{"rendered":"<p>Os maiores mitos sobre a lavagem de cal\u00e7as de ganga n\u00e3o passam de mal-entendidos comuns. A ideia de que lavar jeans desgasta o tecido e deteriora a apar\u00eancia costuma ser, na maior parte, um mito.<\/p>\n<p>Para responder \u00e0 frequ\u00eancia ideal de lavagem, \u00e9 essencial aceitar que as cal\u00e7as de ganga precisam de lavagem, simulando uma necessidade constante. No entanto, nem todas as cal\u00e7as de ganga s\u00e3o iguais, e os cuidados variam conforme o tipo de ganga e o uso.<\/p>\n<p>Especialistas destacam que o desgaste n\u00e3o resulta apenas da lavagem, mas tamb\u00e9m do uso, da frequ\u00eancia de uso e do m\u00e9todo de lavagem. Assim, n\u00e3o existe uma regra universal aplic\u00e1vel a todas as pe\u00e7as.<\/p>\n<p>A orienta\u00e7\u00e3o pr\u00e1tica envolve considerar o tecido, o estilo e as instru\u00e7\u00f5es de lavagem do fabricante. Em geral, optar por lavagens menos frequentes e utilizar ciclos adequados pode ajudar a manter o toque e a cor por mais tempo.<\/p>\n","protected":false},"excerpt":{"rendered":"<ul>\n<li>O texto destr\u00f3i o mito de que lavar cal\u00e7as de ganga as desgasta, afetando apar\u00eancia e toque.<\/li>\n<li>Afirma que, na maioria das vezes, esse conceito \u00e9 um mito.<\/li>\n<li>Consta que \u00e9 necess\u00e1rio lavar as cal\u00e7as de ganga para come\u00e7ar a manter a higiene.<\/li>\n<li>Conclui que nem todas as cal\u00e7as de ganga s\u00e3o iguais, sugerindo varia\u00e7\u00f5es entre modelos.<\/li>\n<\/ul>\n","protected":false},"author":2,"featured_media":460502,"comment_status":"closed","ping_status":"closed","sticky":false,"template":"","format":"standard","meta":{"footnotes":""},"categories":[7384],"tags":[135,5059,2025,239],"class_list":["post-460495","post","type-post","status-publish","format-standard","has-post-thumbnail","hentry","category-curiosidades","tag-moda","tag-roupas","tag-textil-vestuario","tag-vestuario"],"yoast_head":"<!-- This site is optimized with the Yoast SEO plugin v27.2 - https:\/\/yoast.com\/product\/yoast-seo-wordpress\/ -->\n<title>Desmistificam mitos sobre a lavagem de cal\u00e7as de ganga - Portal Tela Portugal<\/title>\n<meta name=\"robots\" content=\"index, follow, max-snippet:-1, max-image-preview:large, max-video-preview:-1\" \/>\n<meta property=\"og:locale\" content=\"pt_PT\" \/>\n<meta property=\"og:type\" content=\"article\" \/>\n<meta property=\"og:title\" content=\"Desmistificam mitos sobre a lavagem de cal\u00e7as de ganga - Portal Tela Portugal\" \/>\n<meta property=\"og:description\" content=\"O texto destr\u00f3i o mito de que lavar cal\u00e7as de ganga as desgasta, afetando apar\u00eancia e toque. Afirma que, na maioria das vezes, esse conceito \u00e9 um mito. Consta que \u00e9 necess\u00e1rio lavar as cal\u00e7as de ganga para come\u00e7ar a manter a higiene. Conclui que nem todas as cal\u00e7as de ganga s\u00e3o iguais, sugerindo varia\u00e7\u00f5es entre modelos.\" \/>\n<meta property=\"og:url\" content=\"https:\/\/portaltela.pt\/noticias\/2026\/04\/28\/desmistificam-mitos-sobre-a-lavagem-de-calcas-de-ganga\/\" \/>\n<meta property=\"og:site_name\" content=\"Portal Tela Portugal\" \/>\n<meta property=\"article:published_time\" content=\"2026-04-28T20:48:24+00:00\" \/>\n<meta name=\"author\" content=\"Telinha\" \/>\n<meta name=\"twitter:card\" content=\"summary_large_image\" \/>\n<meta name=\"twitter:label1\" content=\"Escrito por\" \/>\n\t<meta name=\"twitter:data1\" content=\"Telinha\" \/>\n\t<meta name=\"twitter:label2\" content=\"Tempo estimado de leitura\" \/>\n\t<meta name=\"twitter:data2\" content=\"1 minuto\" \/>\n<script type=\"application\/ld+json\" class=\"yoast-schema-graph\">{\"@context\":\"https:\/\/schema.org\",\"@graph\":[{\"@type\":\"Article\",\"@id\":\"https:\/\/portaltela.pt\/noticias\/2026\/04\/28\/desmistificam-mitos-sobre-a-lavagem-de-calcas-de-ganga\/#article\",\"isPartOf\":{\"@id\":\"https:\/\/portaltela.pt\/noticias\/2026\/04\/28\/desmistificam-mitos-sobre-a-lavagem-de-calcas-de-ganga\/\"},\"author\":{\"name\":\"Telinha\",\"@id\":\"https:\/\/portaltela.pt\/#\/schema\/person\/c4278d4a6028830caff9ee44b42d32ed\"},\"headline\":\"Desmistificam mitos sobre a lavagem de cal\u00e7as de ganga\",\"datePublished\":\"2026-04-28T20:48:24+00:00\",\"mainEntityOfPage\":{\"@id\":\"https:\/\/portaltela.pt\/noticias\/2026\/04\/28\/desmistificam-mitos-sobre-a-lavagem-de-calcas-de-ganga\/\"},\"wordCount\":177,\"image\":{\"@id\":\"https:\/\/portaltela.pt\/noticias\/2026\/04\/28\/desmistificam-mitos-sobre-a-lavagem-de-calcas-de-ganga\/#primaryimage\"},\"thumbnailUrl\":\"https:\/\/portaltela.pt\/s.01k8rhncp4jt1\/2026\/04\/2084670.jpg\",\"keywords\":[\"moda\",\"roupas\",\"t\u00eaxtil-vestu\u00e1rio\",\"vestu\u00e1rio\"],\"articleSection\":[\"Curiosidades\"],\"inLanguage\":\"pt-PT\"},{\"@type\":\"WebPage\",\"@id\":\"https:\/\/portaltela.pt\/noticias\/2026\/04\/28\/desmistificam-mitos-sobre-a-lavagem-de-calcas-de-ganga\/\",\"url\":\"https:\/\/portaltela.pt\/noticias\/2026\/04\/28\/desmistificam-mitos-sobre-a-lavagem-de-calcas-de-ganga\/\",\"name\":\"Desmistificam mitos sobre a lavagem de cal\u00e7as de ganga - Portal Tela Portugal\",\"isPartOf\":{\"@id\":\"https:\/\/portaltela.pt\/#website\"},\"primaryImageOfPage\":{\"@id\":\"https:\/\/portaltela.pt\/noticias\/2026\/04\/28\/desmistificam-mitos-sobre-a-lavagem-de-calcas-de-ganga\/#primaryimage\"},\"image\":{\"@id\":\"https:\/\/portaltela.pt\/noticias\/2026\/04\/28\/desmistificam-mitos-sobre-a-lavagem-de-calcas-de-ganga\/#primaryimage\"},\"thumbnailUrl\":\"https:\/\/portaltela.pt\/s.01k8rhncp4jt1\/2026\/04\/2084670.jpg\",\"datePublished\":\"2026-04-28T20:48:24+00:00\",\"author\":{\"@id\":\"https:\/\/portaltela.pt\/#\/schema\/person\/c4278d4a6028830caff9ee44b42d32ed\"},\"breadcrumb\":{\"@id\":\"https:\/\/portaltela.pt\/noticias\/2026\/04\/28\/desmistificam-mitos-sobre-a-lavagem-de-calcas-de-ganga\/#breadcrumb\"},\"inLanguage\":\"pt-PT\",\"potentialAction\":[{\"@type\":\"ReadAction\",\"target\":[\"https:\/\/portaltela.pt\/noticias\/2026\/04\/28\/desmistificam-mitos-sobre-a-lavagem-de-calcas-de-ganga\/\"]}]},{\"@type\":\"ImageObject\",\"inLanguage\":\"pt-PT\",\"@id\":\"https:\/\/portaltela.pt\/noticias\/2026\/04\/28\/desmistificam-mitos-sobre-a-lavagem-de-calcas-de-ganga\/#primaryimage\",\"url\":\"https:\/\/portaltela.pt\/s.01k8rhncp4jt1\/2026\/04\/2084670.jpg\",\"contentUrl\":\"https:\/\/portaltela.pt\/s.01k8rhncp4jt1\/2026\/04\/2084670.jpg\",\"width\":796,\"height\":448,\"caption\":\"A recomenda\u00e7\u00e3o \u00e9 para que se lavem as cal\u00e7as ap\u00f3s cinco a sete utiliza\u00e7\u00f5es\"},{\"@type\":\"BreadcrumbList\",\"@id\":\"https:\/\/portaltela.pt\/noticias\/2026\/04\/28\/desmistificam-mitos-sobre-a-lavagem-de-calcas-de-ganga\/#breadcrumb\",\"itemListElement\":[{\"@type\":\"ListItem\",\"position\":1,\"name\":\"In\u00edcio\",\"item\":\"https:\/\/portaltela.pt\/\"},{\"@type\":\"ListItem\",\"position\":2,\"name\":\"Desmistificam mitos sobre a lavagem de cal\u00e7as de ganga\"}]},{\"@type\":\"WebSite\",\"@id\":\"https:\/\/portaltela.pt\/#website\",\"url\":\"https:\/\/portaltela.pt\/\",\"name\":\"Portal Tela Portugal\",\"description\":\"\",\"potentialAction\":[{\"@type\":\"SearchAction\",\"target\":{\"@type\":\"EntryPoint\",\"urlTemplate\":\"https:\/\/portaltela.pt\/?s={search_term_string}\"},\"query-input\":{\"@type\":\"PropertyValueSpecification\",\"valueRequired\":true,\"valueName\":\"search_term_string\"}}],\"inLanguage\":\"pt-PT\"},{\"@type\":\"Person\",\"@id\":\"https:\/\/portaltela.pt\/#\/schema\/person\/c4278d4a6028830caff9ee44b42d32ed\",\"name\":\"Telinha\",\"image\":{\"@type\":\"ImageObject\",\"inLanguage\":\"pt-PT\",\"@id\":\"https:\/\/portaltela.pt\/s.01k8rhncp4jt1\/2025\/11\/talking-bot-125x125.png\",\"url\":\"https:\/\/portaltela.pt\/s.01k8rhncp4jt1\/2025\/11\/talking-bot-125x125.png\",\"contentUrl\":\"https:\/\/portaltela.pt\/s.01k8rhncp4jt1\/2025\/11\/talking-bot-125x125.png\",\"caption\":\"Telinha\"},\"sameAs\":[\"https:\/\/portaltela.pt\/\"],\"url\":\"https:\/\/portaltela.pt\/por\/367410592786\/\"}]}<\/script>\n<!-- \/ Yoast SEO plugin. -->","yoast_head_json":{"title":"Desmistificam mitos sobre a lavagem de cal\u00e7as de ganga - Portal Tela Portugal","robots":{"index":"index","follow":"follow","max-snippet":"max-snippet:-1","max-image-preview":"max-image-preview:large","max-video-preview":"max-video-preview:-1"},"og_locale":"pt_PT","og_type":"article","og_title":"Desmistificam mitos sobre a lavagem de cal\u00e7as de ganga - Portal Tela Portugal","og_description":"O texto destr\u00f3i o mito de que lavar cal\u00e7as de ganga as desgasta, afetando apar\u00eancia e toque. Afirma que, na maioria das vezes, esse conceito \u00e9 um mito. Consta que \u00e9 necess\u00e1rio lavar as cal\u00e7as de ganga para come\u00e7ar a manter a higiene. Conclui que nem todas as cal\u00e7as de ganga s\u00e3o iguais, sugerindo varia\u00e7\u00f5es entre modelos.","og_url":"https:\/\/portaltela.pt\/noticias\/2026\/04\/28\/desmistificam-mitos-sobre-a-lavagem-de-calcas-de-ganga\/","og_site_name":"Portal Tela Portugal","article_published_time":"2026-04-28T20:48:24+00:00","author":"Telinha","twitter_card":"summary_large_image","twitter_misc":{"Escrito por":"Telinha","Tempo estimado de leitura":"1 minuto"},"schema":{"@context":"https:\/\/schema.org","@graph":[{"@type":"Article","@id":"https:\/\/portaltela.pt\/noticias\/2026\/04\/28\/desmistificam-mitos-sobre-a-lavagem-de-calcas-de-ganga\/#article","isPartOf":{"@id":"https:\/\/portaltela.pt\/noticias\/2026\/04\/28\/desmistificam-mitos-sobre-a-lavagem-de-calcas-de-ganga\/"},"author":{"name":"Telinha","@id":"https:\/\/portaltela.pt\/#\/schema\/person\/c4278d4a6028830caff9ee44b42d32ed"},"headline":"Desmistificam mitos sobre a lavagem de cal\u00e7as de ganga","datePublished":"2026-04-28T20:48:24+00:00","mainEntityOfPage":{"@id":"https:\/\/portaltela.pt\/noticias\/2026\/04\/28\/desmistificam-mitos-sobre-a-lavagem-de-calcas-de-ganga\/"},"wordCount":177,"image":{"@id":"https:\/\/portaltela.pt\/noticias\/2026\/04\/28\/desmistificam-mitos-sobre-a-lavagem-de-calcas-de-ganga\/#primaryimage"},"thumbnailUrl":"https:\/\/portaltela.pt\/s.01k8rhncp4jt1\/2026\/04\/2084670.jpg","keywords":["moda","roupas","t\u00eaxtil-vestu\u00e1rio","vestu\u00e1rio"],"articleSection":["Curiosidades"],"inLanguage":"pt-PT"},{"@type":"WebPage","@id":"https:\/\/portaltela.pt\/noticias\/2026\/04\/28\/desmistificam-mitos-sobre-a-lavagem-de-calcas-de-ganga\/","url":"https:\/\/portaltela.pt\/noticias\/2026\/04\/28\/desmistificam-mitos-sobre-a-lavagem-de-calcas-de-ganga\/","name":"Desmistificam mitos sobre a lavagem de cal\u00e7as de ganga - Portal Tela Portugal","isPartOf":{"@id":"https:\/\/portaltela.pt\/#website"},"primaryImageOfPage":{"@id":"https:\/\/portaltela.pt\/noticias\/2026\/04\/28\/desmistificam-mitos-sobre-a-lavagem-de-calcas-de-ganga\/#primaryimage"},"image":{"@id":"https:\/\/portaltela.pt\/noticias\/2026\/04\/28\/desmistificam-mitos-sobre-a-lavagem-de-calcas-de-ganga\/#primaryimage"},"thumbnailUrl":"https:\/\/portaltela.pt\/s.01k8rhncp4jt1\/2026\/04\/2084670.jpg","datePublished":"2026-04-28T20:48:24+00:00","author":{"@id":"https:\/\/portaltela.pt\/#\/schema\/person\/c4278d4a6028830caff9ee44b42d32ed"},"breadcrumb":{"@id":"https:\/\/portaltela.pt\/noticias\/2026\/04\/28\/desmistificam-mitos-sobre-a-lavagem-de-calcas-de-ganga\/#breadcrumb"},"inLanguage":"pt-PT","potentialAction":[{"@type":"ReadAction","target":["https:\/\/portaltela.pt\/noticias\/2026\/04\/28\/desmistificam-mitos-sobre-a-lavagem-de-calcas-de-ganga\/"]}]},{"@type":"ImageObject","inLanguage":"pt-PT","@id":"https:\/\/portaltela.pt\/noticias\/2026\/04\/28\/desmistificam-mitos-sobre-a-lavagem-de-calcas-de-ganga\/#primaryimage","url":"https:\/\/portaltela.pt\/s.01k8rhncp4jt1\/2026\/04\/2084670.jpg","contentUrl":"https:\/\/portaltela.pt\/s.01k8rhncp4jt1\/2026\/04\/2084670.jpg","width":796,"height":448,"caption":"A recomenda\u00e7\u00e3o \u00e9 para que se lavem as cal\u00e7as ap\u00f3s cinco a sete utiliza\u00e7\u00f5es"},{"@type":"BreadcrumbList","@id":"https:\/\/portaltela.pt\/noticias\/2026\/04\/28\/desmistificam-mitos-sobre-a-lavagem-de-calcas-de-ganga\/#breadcrumb","itemListElement":[{"@type":"ListItem","position":1,"name":"In\u00edcio","item":"https:\/\/portaltela.pt\/"},{"@type":"ListItem","position":2,"name":"Desmistificam mitos sobre a lavagem de cal\u00e7as de ganga"}]},{"@type":"WebSite","@id":"https:\/\/portaltela.pt\/#website","url":"https:\/\/portaltela.pt\/","name":"Portal Tela Portugal","description":"","potentialAction":[{"@type":"SearchAction","target":{"@type":"EntryPoint","urlTemplate":"https:\/\/portaltela.pt\/?s={search_term_string}"},"query-input":{"@type":"PropertyValueSpecification","valueRequired":true,"valueName":"search_term_string"}}],"inLanguage":"pt-PT"},{"@type":"Person","@id":"https:\/\/portaltela.pt\/#\/schema\/person\/c4278d4a6028830caff9ee44b42d32ed","name":"Telinha","image":{"@type":"ImageObject","inLanguage":"pt-PT","@id":"https:\/\/portaltela.pt\/s.01k8rhncp4jt1\/2025\/11\/talking-bot-125x125.png","url":"https:\/\/portaltela.pt\/s.01k8rhncp4jt1\/2025\/11\/talking-bot-125x125.png","contentUrl":"https:\/\/portaltela.pt\/s.01k8rhncp4jt1\/2025\/11\/talking-bot-125x125.png","caption":"Telinha"},"sameAs":["https:\/\/portaltela.pt\/"],"url":"https:\/\/portaltela.pt\/por\/367410592786\/"}]}},"_links":{"self":[{"href":"https:\/\/portaltela.pt\/api\/wp\/v2\/posts\/460495","targetHints":{"allow":["GET"]}}],"collection":[{"href":"https:\/\/portaltela.pt\/api\/wp\/v2\/posts"}],"about":[{"href":"https:\/\/portaltela.pt\/api\/wp\/v2\/types\/post"}],"author":[{"embeddable":true,"href":"https:\/\/portaltela.pt\/api\/wp\/v2\/users\/2"}],"replies":[{"embeddable":true,"href":"https:\/\/portaltela.pt\/api\/wp\/v2\/comments?post=460495"}],"version-history":[{"count":0,"href":"https:\/\/portaltela.pt\/api\/wp\/v2\/posts\/460495\/revisions"}],"wp:featuredmedia":[{"embeddable":true,"href":"https:\/\/portaltela.pt\/api\/wp\/v2\/media\/460502"}],"wp:attachment":[{"href":"https:\/\/portaltela.pt\/api\/wp\/v2\/media?parent=460495"}],"wp:term":[{"taxonomy":"category","embeddable":true,"href":"https:\/\/portaltela.pt\/api\/wp\/v2\/categories?post=460495"},{"taxonomy":"post_tag","embeddable":true,"href":"https:\/\/portaltela.pt\/api\/wp\/v2\/tags?post=460495"}],"curies":[{"name":"wp","href":"https:\/\/api.w.org\/{rel}","templated":true}]}}