{"id":460494,"date":"2026-04-28T17:48:22","date_gmt":"2026-04-28T20:48:22","guid":{"rendered":"https:\/\/portaltela.pt\/noticias\/2026\/04\/28\/rei-carlos-iii-afirma-que-a-alianca-eua-reino-unido-nao-pode-viver-do-passado\/"},"modified":"2026-04-28T17:48:22","modified_gmt":"2026-04-28T20:48:22","slug":"rei-carlos-iii-afirma-que-a-alianca-eua-reino-unido-nao-pode-viver-do-passado","status":"publish","type":"post","link":"https:\/\/portaltela.pt\/noticias\/politica\/2026\/04\/28\/rei-carlos-iii-afirma-que-a-alianca-eua-reino-unido-nao-pode-viver-do-passado\/","title":{"rendered":"Rei Carlos III afirma que a alian\u00e7a EUA-Reino Unido n\u00e3o pode viver do passado"},"content":{"rendered":"<p>O rei Carlos III afirmou ao Congresso dos Estados Unidos que a alian\u00e7a entre o Reino Unido e os EUA n\u00e3o pode depender apenas de conquistas do passado. O monarca destacou a necessidade de fortalecer a coopera\u00e7\u00e3o entre os dois pa\u00edses frente aos desafios contempor\u00e2neos.<\/p>\n<p>O discurso foi proferido perante membros do Congresso, numa sess\u00e3o marcada pela \u00eanfase na rela\u00e7\u00e3o transatl\u00e2ntica. Carlos III lembrou que o relacionamento bilateral exige respostas atuais e estrat\u00e9gicas, n\u00e3o apenas reconhecimento hist\u00f3rico.<\/p>\n<p>Segundo a Casa Real, o objetivo \u00e9 manter a parceria relevante em \u00e1reas como seguran\u00e7a, economia e inova\u00e7\u00e3o, acompanhando mudan\u00e7as geopol\u00edticas e tecnol\u00f3gicas que influenciam a coopera\u00e7\u00e3o anglo-sax\u00f3nica.<\/p>\n<p>O encontro ocorreu nos EUA, com o rei a sublinhar que a mudan\u00e7a r\u00e1pida do panorama global requer a\u00e7\u00f5es conjuntas, transpar\u00eancia e di\u00e1logo cont\u00ednuo entre Londres e Washington.<\/p>\n","protected":false},"excerpt":{"rendered":"<ul>\n<li>O rei Carlos III afirmou, perante o Congresso dos EUA, que a alian\u00e7a entre os dois pa\u00edses n\u00e3o pode basear-se apenas em conquistas passadas.<\/li>\n<li>Refor\u00e7ar a coopera\u00e7\u00e3o entre os Estados Unidos e o Reino Unido foi destacado como essencial para enfrentar os desafios atuais.<\/li>\n<li>A interven\u00e7\u00e3o enfatizou a necessidade de a rela\u00e7\u00e3o evoluir para manter relev\u00e2ncia no contexto global presente.<\/li>\n<li>O objetivo \u00e9 manter a parceria estrat\u00e9gica alinhada com as exig\u00eancias do momento, sem depender do passado.<\/li>\n<\/ul>\n","protected":false},"author":2,"featured_media":460501,"comment_status":"closed","ping_status":"closed","sticky":false,"template":"","format":"standard","meta":{"footnotes":""},"categories":[6912,5],"tags":[256,28,1600,33,7439,2111],"class_list":["post-460494","post","type-post","status-publish","format-standard","has-post-thumbnail","hentry","category-internacionais","category-politica","tag-cooperacao-internacional","tag-economia","tag-estados-unidos","tag-inovacao","tag-politica-externa","tag-reino-unido"],"yoast_head":"<!-- This site is optimized with the Yoast SEO plugin v27.2 - https:\/\/yoast.com\/product\/yoast-seo-wordpress\/ -->\n<title>Rei Carlos III afirma que a alian\u00e7a EUA-Reino Unido n\u00e3o pode viver do passado - Portal Tela Portugal<\/title>\n<meta name=\"robots\" content=\"index, follow, max-snippet:-1, max-image-preview:large, max-video-preview:-1\" \/>\n<meta property=\"og:locale\" content=\"pt_PT\" \/>\n<meta property=\"og:type\" content=\"article\" \/>\n<meta property=\"og:title\" content=\"Rei Carlos III afirma que a alian\u00e7a EUA-Reino Unido n\u00e3o pode viver do passado - Portal Tela Portugal\" \/>\n<meta property=\"og:description\" content=\"O rei Carlos III afirmou, perante o Congresso dos EUA, que a alian\u00e7a entre os dois pa\u00edses n\u00e3o pode basear-se apenas em conquistas passadas. Refor\u00e7ar a coopera\u00e7\u00e3o entre os Estados Unidos e o Reino Unido foi destacado como essencial para enfrentar os desafios atuais. A interven\u00e7\u00e3o enfatizou a necessidade de a rela\u00e7\u00e3o evoluir para manter relev\u00e2ncia no contexto global presente. O objetivo \u00e9 manter a parceria estrat\u00e9gica alinhada com as exig\u00eancias do momento, sem depender do passado.\" \/>\n<meta property=\"og:url\" content=\"https:\/\/portaltela.pt\/noticias\/2026\/04\/28\/rei-carlos-iii-afirma-que-a-alianca-eua-reino-unido-nao-pode-viver-do-passado\/\" \/>\n<meta property=\"og:site_name\" content=\"Portal Tela Portugal\" \/>\n<meta property=\"article:published_time\" content=\"2026-04-28T20:48:22+00:00\" \/>\n<meta name=\"author\" content=\"Telinha\" \/>\n<meta name=\"twitter:card\" content=\"summary_large_image\" \/>\n<meta name=\"twitter:label1\" content=\"Escrito por\" \/>\n\t<meta name=\"twitter:data1\" content=\"Telinha\" \/>\n\t<meta name=\"twitter:label2\" content=\"Tempo estimado de leitura\" \/>\n\t<meta name=\"twitter:data2\" content=\"1 minuto\" \/>\n<script type=\"application\/ld+json\" class=\"yoast-schema-graph\">{\"@context\":\"https:\/\/schema.org\",\"@graph\":[{\"@type\":\"Article\",\"@id\":\"https:\/\/portaltela.pt\/noticias\/2026\/04\/28\/rei-carlos-iii-afirma-que-a-alianca-eua-reino-unido-nao-pode-viver-do-passado\/#article\",\"isPartOf\":{\"@id\":\"https:\/\/portaltela.pt\/noticias\/2026\/04\/28\/rei-carlos-iii-afirma-que-a-alianca-eua-reino-unido-nao-pode-viver-do-passado\/\"},\"author\":{\"name\":\"Telinha\",\"@id\":\"https:\/\/portaltela.pt\/#\/schema\/person\/c4278d4a6028830caff9ee44b42d32ed\"},\"headline\":\"Rei Carlos III afirma que a alian\u00e7a EUA-Reino Unido n\u00e3o pode viver do passado\",\"datePublished\":\"2026-04-28T20:48:22+00:00\",\"mainEntityOfPage\":{\"@id\":\"https:\/\/portaltela.pt\/noticias\/2026\/04\/28\/rei-carlos-iii-afirma-que-a-alianca-eua-reino-unido-nao-pode-viver-do-passado\/\"},\"wordCount\":172,\"image\":{\"@id\":\"https:\/\/portaltela.pt\/noticias\/2026\/04\/28\/rei-carlos-iii-afirma-que-a-alianca-eua-reino-unido-nao-pode-viver-do-passado\/#primaryimage\"},\"thumbnailUrl\":\"https:\/\/portaltela.pt\/s.01k8rhncp4jt1\/2026\/04\/img_1280x722uu2026-04-28-21-43-26-2281712.jpg\",\"keywords\":[\"coopera\u00e7\u00e3o internacional\",\"economia\",\"Estados Unidos\",\"inova\u00e7\u00e3o\",\"pol\u00edtica externa\",\"Reino Unido\"],\"articleSection\":[\"Internacionais\",\"Pol\u00edtica\"],\"inLanguage\":\"pt-PT\"},{\"@type\":\"WebPage\",\"@id\":\"https:\/\/portaltela.pt\/noticias\/2026\/04\/28\/rei-carlos-iii-afirma-que-a-alianca-eua-reino-unido-nao-pode-viver-do-passado\/\",\"url\":\"https:\/\/portaltela.pt\/noticias\/2026\/04\/28\/rei-carlos-iii-afirma-que-a-alianca-eua-reino-unido-nao-pode-viver-do-passado\/\",\"name\":\"Rei Carlos III afirma que a alian\u00e7a EUA-Reino Unido n\u00e3o pode viver do passado - Portal Tela Portugal\",\"isPartOf\":{\"@id\":\"https:\/\/portaltela.pt\/#website\"},\"primaryImageOfPage\":{\"@id\":\"https:\/\/portaltela.pt\/noticias\/2026\/04\/28\/rei-carlos-iii-afirma-que-a-alianca-eua-reino-unido-nao-pode-viver-do-passado\/#primaryimage\"},\"image\":{\"@id\":\"https:\/\/portaltela.pt\/noticias\/2026\/04\/28\/rei-carlos-iii-afirma-que-a-alianca-eua-reino-unido-nao-pode-viver-do-passado\/#primaryimage\"},\"thumbnailUrl\":\"https:\/\/portaltela.pt\/s.01k8rhncp4jt1\/2026\/04\/img_1280x722uu2026-04-28-21-43-26-2281712.jpg\",\"datePublished\":\"2026-04-28T20:48:22+00:00\",\"author\":{\"@id\":\"https:\/\/portaltela.pt\/#\/schema\/person\/c4278d4a6028830caff9ee44b42d32ed\"},\"breadcrumb\":{\"@id\":\"https:\/\/portaltela.pt\/noticias\/2026\/04\/28\/rei-carlos-iii-afirma-que-a-alianca-eua-reino-unido-nao-pode-viver-do-passado\/#breadcrumb\"},\"inLanguage\":\"pt-PT\",\"potentialAction\":[{\"@type\":\"ReadAction\",\"target\":[\"https:\/\/portaltela.pt\/noticias\/2026\/04\/28\/rei-carlos-iii-afirma-que-a-alianca-eua-reino-unido-nao-pode-viver-do-passado\/\"]}]},{\"@type\":\"ImageObject\",\"inLanguage\":\"pt-PT\",\"@id\":\"https:\/\/portaltela.pt\/noticias\/2026\/04\/28\/rei-carlos-iii-afirma-que-a-alianca-eua-reino-unido-nao-pode-viver-do-passado\/#primaryimage\",\"url\":\"https:\/\/portaltela.pt\/s.01k8rhncp4jt1\/2026\/04\/img_1280x722uu2026-04-28-21-43-26-2281712.jpg\",\"contentUrl\":\"https:\/\/portaltela.pt\/s.01k8rhncp4jt1\/2026\/04\/img_1280x722uu2026-04-28-21-43-26-2281712.jpg\",\"width\":796,\"height\":448,\"caption\":\"Rei Carlos III destaca rela\u00e7\u00e3o entre EUA e Reino Unido em discurso no Congresso\"},{\"@type\":\"BreadcrumbList\",\"@id\":\"https:\/\/portaltela.pt\/noticias\/2026\/04\/28\/rei-carlos-iii-afirma-que-a-alianca-eua-reino-unido-nao-pode-viver-do-passado\/#breadcrumb\",\"itemListElement\":[{\"@type\":\"ListItem\",\"position\":1,\"name\":\"In\u00edcio\",\"item\":\"https:\/\/portaltela.pt\/\"},{\"@type\":\"ListItem\",\"position\":2,\"name\":\"Rei Carlos III afirma que a alian\u00e7a EUA-Reino Unido n\u00e3o pode viver do passado\"}]},{\"@type\":\"WebSite\",\"@id\":\"https:\/\/portaltela.pt\/#website\",\"url\":\"https:\/\/portaltela.pt\/\",\"name\":\"Portal Tela Portugal\",\"description\":\"\",\"potentialAction\":[{\"@type\":\"SearchAction\",\"target\":{\"@type\":\"EntryPoint\",\"urlTemplate\":\"https:\/\/portaltela.pt\/?s={search_term_string}\"},\"query-input\":{\"@type\":\"PropertyValueSpecification\",\"valueRequired\":true,\"valueName\":\"search_term_string\"}}],\"inLanguage\":\"pt-PT\"},{\"@type\":\"Person\",\"@id\":\"https:\/\/portaltela.pt\/#\/schema\/person\/c4278d4a6028830caff9ee44b42d32ed\",\"name\":\"Telinha\",\"image\":{\"@type\":\"ImageObject\",\"inLanguage\":\"pt-PT\",\"@id\":\"https:\/\/portaltela.pt\/s.01k8rhncp4jt1\/2025\/11\/talking-bot-125x125.png\",\"url\":\"https:\/\/portaltela.pt\/s.01k8rhncp4jt1\/2025\/11\/talking-bot-125x125.png\",\"contentUrl\":\"https:\/\/portaltela.pt\/s.01k8rhncp4jt1\/2025\/11\/talking-bot-125x125.png\",\"caption\":\"Telinha\"},\"sameAs\":[\"https:\/\/portaltela.pt\/\"],\"url\":\"https:\/\/portaltela.pt\/por\/367410592786\/\"}]}<\/script>\n<!-- \/ Yoast SEO plugin. -->","yoast_head_json":{"title":"Rei Carlos III afirma que a alian\u00e7a EUA-Reino Unido n\u00e3o pode viver do passado - Portal Tela Portugal","robots":{"index":"index","follow":"follow","max-snippet":"max-snippet:-1","max-image-preview":"max-image-preview:large","max-video-preview":"max-video-preview:-1"},"og_locale":"pt_PT","og_type":"article","og_title":"Rei Carlos III afirma que a alian\u00e7a EUA-Reino Unido n\u00e3o pode viver do passado - Portal Tela Portugal","og_description":"O rei Carlos III afirmou, perante o Congresso dos EUA, que a alian\u00e7a entre os dois pa\u00edses n\u00e3o pode basear-se apenas em conquistas passadas. Refor\u00e7ar a coopera\u00e7\u00e3o entre os Estados Unidos e o Reino Unido foi destacado como essencial para enfrentar os desafios atuais. A interven\u00e7\u00e3o enfatizou a necessidade de a rela\u00e7\u00e3o evoluir para manter relev\u00e2ncia no contexto global presente. O objetivo \u00e9 manter a parceria estrat\u00e9gica alinhada com as exig\u00eancias do momento, sem depender do passado.","og_url":"https:\/\/portaltela.pt\/noticias\/2026\/04\/28\/rei-carlos-iii-afirma-que-a-alianca-eua-reino-unido-nao-pode-viver-do-passado\/","og_site_name":"Portal Tela Portugal","article_published_time":"2026-04-28T20:48:22+00:00","author":"Telinha","twitter_card":"summary_large_image","twitter_misc":{"Escrito por":"Telinha","Tempo estimado de leitura":"1 minuto"},"schema":{"@context":"https:\/\/schema.org","@graph":[{"@type":"Article","@id":"https:\/\/portaltela.pt\/noticias\/2026\/04\/28\/rei-carlos-iii-afirma-que-a-alianca-eua-reino-unido-nao-pode-viver-do-passado\/#article","isPartOf":{"@id":"https:\/\/portaltela.pt\/noticias\/2026\/04\/28\/rei-carlos-iii-afirma-que-a-alianca-eua-reino-unido-nao-pode-viver-do-passado\/"},"author":{"name":"Telinha","@id":"https:\/\/portaltela.pt\/#\/schema\/person\/c4278d4a6028830caff9ee44b42d32ed"},"headline":"Rei Carlos III afirma que a alian\u00e7a EUA-Reino Unido n\u00e3o pode viver do passado","datePublished":"2026-04-28T20:48:22+00:00","mainEntityOfPage":{"@id":"https:\/\/portaltela.pt\/noticias\/2026\/04\/28\/rei-carlos-iii-afirma-que-a-alianca-eua-reino-unido-nao-pode-viver-do-passado\/"},"wordCount":172,"image":{"@id":"https:\/\/portaltela.pt\/noticias\/2026\/04\/28\/rei-carlos-iii-afirma-que-a-alianca-eua-reino-unido-nao-pode-viver-do-passado\/#primaryimage"},"thumbnailUrl":"https:\/\/portaltela.pt\/s.01k8rhncp4jt1\/2026\/04\/img_1280x722uu2026-04-28-21-43-26-2281712.jpg","keywords":["coopera\u00e7\u00e3o internacional","economia","Estados Unidos","inova\u00e7\u00e3o","pol\u00edtica externa","Reino Unido"],"articleSection":["Internacionais","Pol\u00edtica"],"inLanguage":"pt-PT"},{"@type":"WebPage","@id":"https:\/\/portaltela.pt\/noticias\/2026\/04\/28\/rei-carlos-iii-afirma-que-a-alianca-eua-reino-unido-nao-pode-viver-do-passado\/","url":"https:\/\/portaltela.pt\/noticias\/2026\/04\/28\/rei-carlos-iii-afirma-que-a-alianca-eua-reino-unido-nao-pode-viver-do-passado\/","name":"Rei Carlos III afirma que a alian\u00e7a EUA-Reino Unido n\u00e3o pode viver do passado - Portal Tela Portugal","isPartOf":{"@id":"https:\/\/portaltela.pt\/#website"},"primaryImageOfPage":{"@id":"https:\/\/portaltela.pt\/noticias\/2026\/04\/28\/rei-carlos-iii-afirma-que-a-alianca-eua-reino-unido-nao-pode-viver-do-passado\/#primaryimage"},"image":{"@id":"https:\/\/portaltela.pt\/noticias\/2026\/04\/28\/rei-carlos-iii-afirma-que-a-alianca-eua-reino-unido-nao-pode-viver-do-passado\/#primaryimage"},"thumbnailUrl":"https:\/\/portaltela.pt\/s.01k8rhncp4jt1\/2026\/04\/img_1280x722uu2026-04-28-21-43-26-2281712.jpg","datePublished":"2026-04-28T20:48:22+00:00","author":{"@id":"https:\/\/portaltela.pt\/#\/schema\/person\/c4278d4a6028830caff9ee44b42d32ed"},"breadcrumb":{"@id":"https:\/\/portaltela.pt\/noticias\/2026\/04\/28\/rei-carlos-iii-afirma-que-a-alianca-eua-reino-unido-nao-pode-viver-do-passado\/#breadcrumb"},"inLanguage":"pt-PT","potentialAction":[{"@type":"ReadAction","target":["https:\/\/portaltela.pt\/noticias\/2026\/04\/28\/rei-carlos-iii-afirma-que-a-alianca-eua-reino-unido-nao-pode-viver-do-passado\/"]}]},{"@type":"ImageObject","inLanguage":"pt-PT","@id":"https:\/\/portaltela.pt\/noticias\/2026\/04\/28\/rei-carlos-iii-afirma-que-a-alianca-eua-reino-unido-nao-pode-viver-do-passado\/#primaryimage","url":"https:\/\/portaltela.pt\/s.01k8rhncp4jt1\/2026\/04\/img_1280x722uu2026-04-28-21-43-26-2281712.jpg","contentUrl":"https:\/\/portaltela.pt\/s.01k8rhncp4jt1\/2026\/04\/img_1280x722uu2026-04-28-21-43-26-2281712.jpg","width":796,"height":448,"caption":"Rei Carlos III destaca rela\u00e7\u00e3o entre EUA e Reino Unido em discurso no Congresso"},{"@type":"BreadcrumbList","@id":"https:\/\/portaltela.pt\/noticias\/2026\/04\/28\/rei-carlos-iii-afirma-que-a-alianca-eua-reino-unido-nao-pode-viver-do-passado\/#breadcrumb","itemListElement":[{"@type":"ListItem","position":1,"name":"In\u00edcio","item":"https:\/\/portaltela.pt\/"},{"@type":"ListItem","position":2,"name":"Rei Carlos III afirma que a alian\u00e7a EUA-Reino Unido n\u00e3o pode viver do passado"}]},{"@type":"WebSite","@id":"https:\/\/portaltela.pt\/#website","url":"https:\/\/portaltela.pt\/","name":"Portal Tela Portugal","description":"","potentialAction":[{"@type":"SearchAction","target":{"@type":"EntryPoint","urlTemplate":"https:\/\/portaltela.pt\/?s={search_term_string}"},"query-input":{"@type":"PropertyValueSpecification","valueRequired":true,"valueName":"search_term_string"}}],"inLanguage":"pt-PT"},{"@type":"Person","@id":"https:\/\/portaltela.pt\/#\/schema\/person\/c4278d4a6028830caff9ee44b42d32ed","name":"Telinha","image":{"@type":"ImageObject","inLanguage":"pt-PT","@id":"https:\/\/portaltela.pt\/s.01k8rhncp4jt1\/2025\/11\/talking-bot-125x125.png","url":"https:\/\/portaltela.pt\/s.01k8rhncp4jt1\/2025\/11\/talking-bot-125x125.png","contentUrl":"https:\/\/portaltela.pt\/s.01k8rhncp4jt1\/2025\/11\/talking-bot-125x125.png","caption":"Telinha"},"sameAs":["https:\/\/portaltela.pt\/"],"url":"https:\/\/portaltela.pt\/por\/367410592786\/"}]}},"_links":{"self":[{"href":"https:\/\/portaltela.pt\/api\/wp\/v2\/posts\/460494","targetHints":{"allow":["GET"]}}],"collection":[{"href":"https:\/\/portaltela.pt\/api\/wp\/v2\/posts"}],"about":[{"href":"https:\/\/portaltela.pt\/api\/wp\/v2\/types\/post"}],"author":[{"embeddable":true,"href":"https:\/\/portaltela.pt\/api\/wp\/v2\/users\/2"}],"replies":[{"embeddable":true,"href":"https:\/\/portaltela.pt\/api\/wp\/v2\/comments?post=460494"}],"version-history":[{"count":0,"href":"https:\/\/portaltela.pt\/api\/wp\/v2\/posts\/460494\/revisions"}],"wp:featuredmedia":[{"embeddable":true,"href":"https:\/\/portaltela.pt\/api\/wp\/v2\/media\/460501"}],"wp:attachment":[{"href":"https:\/\/portaltela.pt\/api\/wp\/v2\/media?parent=460494"}],"wp:term":[{"taxonomy":"category","embeddable":true,"href":"https:\/\/portaltela.pt\/api\/wp\/v2\/categories?post=460494"},{"taxonomy":"post_tag","embeddable":true,"href":"https:\/\/portaltela.pt\/api\/wp\/v2\/tags?post=460494"}],"curies":[{"name":"wp","href":"https:\/\/api.w.org\/{rel}","templated":true}]}}