{"id":460488,"date":"2026-04-28T17:48:19","date_gmt":"2026-04-28T20:48:19","guid":{"rendered":"https:\/\/portaltela.pt\/noticias\/2026\/04\/28\/maior-torre-de-apartamentos-do-pais-inicia-construcao-em-gaia-em-2027\/"},"modified":"2026-04-28T17:48:19","modified_gmt":"2026-04-28T20:48:19","slug":"maior-torre-de-apartamentos-do-pais-inicia-construcao-em-gaia-em-2027","status":"publish","type":"post","link":"https:\/\/portaltela.pt\/noticias\/economia\/2026\/04\/28\/maior-torre-de-apartamentos-do-pais-inicia-construcao-em-gaia-em-2027\/","title":{"rendered":"Maior torre de apartamentos do pa\u00eds inicia constru\u00e7\u00e3o em Gaia em 2027"},"content":{"rendered":"<p>A constru\u00e7\u00e3o da torre de habita\u00e7\u00e3o mais alta de Portugal est\u00e1 prevista para come\u00e7ar em Vila Nova de Gaia, no pr\u00f3ximo ano. O projeto Haya Towers aposta numa \u00e1rea junto \u00e0 rotunda Edgar Cardoso, na VL8, num investimento de 150 milh\u00f5es de euros, com conclus\u00e3o prevista para 2030.<\/p>\n<p>O empreendimento contempla duas torres, com 30 e 31 andares, sendo a mais alta com 107 metros. As obras dever\u00e3o ocupar cerca de 40 mil metros quadrados de \u00e1rea de constru\u00e7\u00e3o. No total, v\u00e3o alojar 361 apartamentos de tipologias que v\u00e3o desde T0 a T5.<\/p>\n<p>As promotoras Glowing e Krest explicam que o conjunto ser\u00e1 composto por unidades de diferentes formatos para habita\u00e7\u00e3o. A proximidade \u00e0 futura linha Rubi do metro surge como uma das vantagens estrat\u00e9gicas do projeto, que antecipa mais edif\u00edcios de grande altura na zona.<\/p>\n<p>A opera\u00e7\u00e3o inclui ainda a implementa\u00e7\u00e3o de infraestruturas que dever\u00e3o suportar o crescente dinamismo do eixo urbano de Gaia. A C\u00e2mara Municipal de Gaia n\u00e3o se pronuncia publicamente sobre prazos adicionais ou impactos locais, mantendo o foco no desenvolvimento urbano da regi\u00e3o.<\/p>\n","protected":false},"excerpt":{"rendered":"<ul>\n<li>Est\u00e1 previsto para o pr\u00f3ximo ano avan\u00e7ar a constru\u00e7\u00e3o da Haya Towers, a torre de habita\u00e7\u00e3o mais alta do pa\u00eds, em Vila Nova de Gaia, junto \u00e0 rotunda Edgar Cardoso, na VL8.<\/li>\n<li>O investimento \u00e9 de 150 milh\u00f5es de euros e a conclus\u00e3o est\u00e1 prevista para 2030.<\/li>\n<li>O projeto envolve duas torres, uma com 30 andares e outra com 31, sendo esta a mais alta, com 107 metros.<\/li>\n<li>As torres v\u00e3o acolher 361 apartamentos de tipologias entre T0 e T5, num total de cerca de 40 mil metros quadrados de \u00e1rea de constru\u00e7\u00e3o.<\/li>\n<li>A proximidade \u00e0 esta\u00e7\u00e3o da futura Linha Rubi do metropolitano \u00e9 apontada como vantagem, com perspetivas de novos edif\u00edcios altos na \u00e1rea.<\/li>\n<\/ul>\n","protected":false},"author":2,"featured_media":460499,"comment_status":"closed","ping_status":"closed","sticky":false,"template":"","format":"standard","meta":{"footnotes":""},"categories":[2,6735],"tags":[718,7443,1761,150,258,316],"class_list":["post-460488","post","type-post","status-publish","format-standard","has-post-thumbnail","hentry","category-economia","category-negocios","tag-construcao","tag-desenvolvimento-urbano","tag-gaia","tag-habitacao","tag-infraestruturas","tag-investimento"],"yoast_head":"<!-- This site is optimized with the Yoast SEO plugin v27.2 - https:\/\/yoast.com\/product\/yoast-seo-wordpress\/ -->\n<title>Maior torre de apartamentos do pa\u00eds inicia constru\u00e7\u00e3o em Gaia em 2027 - Portal Tela Portugal<\/title>\n<meta name=\"robots\" content=\"index, follow, max-snippet:-1, max-image-preview:large, max-video-preview:-1\" \/>\n<meta property=\"og:locale\" content=\"pt_PT\" \/>\n<meta property=\"og:type\" content=\"article\" \/>\n<meta property=\"og:title\" content=\"Maior torre de apartamentos do pa\u00eds inicia constru\u00e7\u00e3o em Gaia em 2027 - Portal Tela Portugal\" \/>\n<meta property=\"og:description\" content=\"Est\u00e1 previsto para o pr\u00f3ximo ano avan\u00e7ar a constru\u00e7\u00e3o da Haya Towers, a torre de habita\u00e7\u00e3o mais alta do pa\u00eds, em Vila Nova de Gaia, junto \u00e0 rotunda Edgar Cardoso, na VL8. O investimento \u00e9 de 150 milh\u00f5es de euros e a conclus\u00e3o est\u00e1 prevista para 2030. O projeto envolve duas torres, uma com 30 andares e outra com 31, sendo esta a mais alta, com 107 metros. As torres v\u00e3o acolher 361 apartamentos de tipologias entre T0 e T5, num total de cerca de 40 mil metros quadrados de \u00e1rea de constru\u00e7\u00e3o. A proximidade \u00e0 esta\u00e7\u00e3o da futura Linha Rubi do metropolitano \u00e9 apontada como vantagem, com perspetivas de novos edif\u00edcios altos na \u00e1rea.\" \/>\n<meta property=\"og:url\" content=\"https:\/\/portaltela.pt\/noticias\/2026\/04\/28\/maior-torre-de-apartamentos-do-pais-inicia-construcao-em-gaia-em-2027\/\" \/>\n<meta property=\"og:site_name\" content=\"Portal Tela Portugal\" \/>\n<meta property=\"article:published_time\" content=\"2026-04-28T20:48:19+00:00\" \/>\n<meta name=\"author\" content=\"Telinha\" \/>\n<meta name=\"twitter:card\" content=\"summary_large_image\" \/>\n<meta name=\"twitter:label1\" content=\"Escrito por\" \/>\n\t<meta name=\"twitter:data1\" content=\"Telinha\" \/>\n\t<meta name=\"twitter:label2\" content=\"Tempo estimado de leitura\" \/>\n\t<meta name=\"twitter:data2\" content=\"1 minuto\" \/>\n<script type=\"application\/ld+json\" class=\"yoast-schema-graph\">{\"@context\":\"https:\/\/schema.org\",\"@graph\":[{\"@type\":\"Article\",\"@id\":\"https:\/\/portaltela.pt\/noticias\/2026\/04\/28\/maior-torre-de-apartamentos-do-pais-inicia-construcao-em-gaia-em-2027\/#article\",\"isPartOf\":{\"@id\":\"https:\/\/portaltela.pt\/noticias\/2026\/04\/28\/maior-torre-de-apartamentos-do-pais-inicia-construcao-em-gaia-em-2027\/\"},\"author\":{\"name\":\"Telinha\",\"@id\":\"https:\/\/portaltela.pt\/#\/schema\/person\/c4278d4a6028830caff9ee44b42d32ed\"},\"headline\":\"Maior torre de apartamentos do pa\u00eds inicia constru\u00e7\u00e3o em Gaia em 2027\",\"datePublished\":\"2026-04-28T20:48:19+00:00\",\"mainEntityOfPage\":{\"@id\":\"https:\/\/portaltela.pt\/noticias\/2026\/04\/28\/maior-torre-de-apartamentos-do-pais-inicia-construcao-em-gaia-em-2027\/\"},\"wordCount\":201,\"image\":{\"@id\":\"https:\/\/portaltela.pt\/noticias\/2026\/04\/28\/maior-torre-de-apartamentos-do-pais-inicia-construcao-em-gaia-em-2027\/#primaryimage\"},\"thumbnailUrl\":\"https:\/\/portaltela.pt\/s.01k8rhncp4jt1\/2026\/04\/image-1627.jpg\",\"keywords\":[\"Constru\u00e7\u00e3o\",\"desenvolvimento urbano\",\"Gaia\",\"habita\u00e7\u00e3o\",\"infraestruturas\",\"investimento\"],\"articleSection\":[\"Economia\",\"Neg\u00f3cios\"],\"inLanguage\":\"pt-PT\"},{\"@type\":\"WebPage\",\"@id\":\"https:\/\/portaltela.pt\/noticias\/2026\/04\/28\/maior-torre-de-apartamentos-do-pais-inicia-construcao-em-gaia-em-2027\/\",\"url\":\"https:\/\/portaltela.pt\/noticias\/2026\/04\/28\/maior-torre-de-apartamentos-do-pais-inicia-construcao-em-gaia-em-2027\/\",\"name\":\"Maior torre de apartamentos do pa\u00eds inicia constru\u00e7\u00e3o em Gaia em 2027 - Portal Tela Portugal\",\"isPartOf\":{\"@id\":\"https:\/\/portaltela.pt\/#website\"},\"primaryImageOfPage\":{\"@id\":\"https:\/\/portaltela.pt\/noticias\/2026\/04\/28\/maior-torre-de-apartamentos-do-pais-inicia-construcao-em-gaia-em-2027\/#primaryimage\"},\"image\":{\"@id\":\"https:\/\/portaltela.pt\/noticias\/2026\/04\/28\/maior-torre-de-apartamentos-do-pais-inicia-construcao-em-gaia-em-2027\/#primaryimage\"},\"thumbnailUrl\":\"https:\/\/portaltela.pt\/s.01k8rhncp4jt1\/2026\/04\/image-1627.jpg\",\"datePublished\":\"2026-04-28T20:48:19+00:00\",\"author\":{\"@id\":\"https:\/\/portaltela.pt\/#\/schema\/person\/c4278d4a6028830caff9ee44b42d32ed\"},\"breadcrumb\":{\"@id\":\"https:\/\/portaltela.pt\/noticias\/2026\/04\/28\/maior-torre-de-apartamentos-do-pais-inicia-construcao-em-gaia-em-2027\/#breadcrumb\"},\"inLanguage\":\"pt-PT\",\"potentialAction\":[{\"@type\":\"ReadAction\",\"target\":[\"https:\/\/portaltela.pt\/noticias\/2026\/04\/28\/maior-torre-de-apartamentos-do-pais-inicia-construcao-em-gaia-em-2027\/\"]}]},{\"@type\":\"ImageObject\",\"inLanguage\":\"pt-PT\",\"@id\":\"https:\/\/portaltela.pt\/noticias\/2026\/04\/28\/maior-torre-de-apartamentos-do-pais-inicia-construcao-em-gaia-em-2027\/#primaryimage\",\"url\":\"https:\/\/portaltela.pt\/s.01k8rhncp4jt1\/2026\/04\/image-1627.jpg\",\"contentUrl\":\"https:\/\/portaltela.pt\/s.01k8rhncp4jt1\/2026\/04\/image-1627.jpg\",\"width\":796,\"height\":448,\"caption\":\"Imagem virtual mostra conceito do projeto e como poder\u00e3o ficar as duas torres\"},{\"@type\":\"BreadcrumbList\",\"@id\":\"https:\/\/portaltela.pt\/noticias\/2026\/04\/28\/maior-torre-de-apartamentos-do-pais-inicia-construcao-em-gaia-em-2027\/#breadcrumb\",\"itemListElement\":[{\"@type\":\"ListItem\",\"position\":1,\"name\":\"In\u00edcio\",\"item\":\"https:\/\/portaltela.pt\/\"},{\"@type\":\"ListItem\",\"position\":2,\"name\":\"Maior torre de apartamentos do pa\u00eds inicia constru\u00e7\u00e3o em Gaia em 2027\"}]},{\"@type\":\"WebSite\",\"@id\":\"https:\/\/portaltela.pt\/#website\",\"url\":\"https:\/\/portaltela.pt\/\",\"name\":\"Portal Tela Portugal\",\"description\":\"\",\"potentialAction\":[{\"@type\":\"SearchAction\",\"target\":{\"@type\":\"EntryPoint\",\"urlTemplate\":\"https:\/\/portaltela.pt\/?s={search_term_string}\"},\"query-input\":{\"@type\":\"PropertyValueSpecification\",\"valueRequired\":true,\"valueName\":\"search_term_string\"}}],\"inLanguage\":\"pt-PT\"},{\"@type\":\"Person\",\"@id\":\"https:\/\/portaltela.pt\/#\/schema\/person\/c4278d4a6028830caff9ee44b42d32ed\",\"name\":\"Telinha\",\"image\":{\"@type\":\"ImageObject\",\"inLanguage\":\"pt-PT\",\"@id\":\"https:\/\/portaltela.pt\/s.01k8rhncp4jt1\/2025\/11\/talking-bot-125x125.png\",\"url\":\"https:\/\/portaltela.pt\/s.01k8rhncp4jt1\/2025\/11\/talking-bot-125x125.png\",\"contentUrl\":\"https:\/\/portaltela.pt\/s.01k8rhncp4jt1\/2025\/11\/talking-bot-125x125.png\",\"caption\":\"Telinha\"},\"sameAs\":[\"https:\/\/portaltela.pt\/\"],\"url\":\"https:\/\/portaltela.pt\/por\/367410592786\/\"}]}<\/script>\n<!-- \/ Yoast SEO plugin. -->","yoast_head_json":{"title":"Maior torre de apartamentos do pa\u00eds inicia constru\u00e7\u00e3o em Gaia em 2027 - Portal Tela Portugal","robots":{"index":"index","follow":"follow","max-snippet":"max-snippet:-1","max-image-preview":"max-image-preview:large","max-video-preview":"max-video-preview:-1"},"og_locale":"pt_PT","og_type":"article","og_title":"Maior torre de apartamentos do pa\u00eds inicia constru\u00e7\u00e3o em Gaia em 2027 - Portal Tela Portugal","og_description":"Est\u00e1 previsto para o pr\u00f3ximo ano avan\u00e7ar a constru\u00e7\u00e3o da Haya Towers, a torre de habita\u00e7\u00e3o mais alta do pa\u00eds, em Vila Nova de Gaia, junto \u00e0 rotunda Edgar Cardoso, na VL8. O investimento \u00e9 de 150 milh\u00f5es de euros e a conclus\u00e3o est\u00e1 prevista para 2030. O projeto envolve duas torres, uma com 30 andares e outra com 31, sendo esta a mais alta, com 107 metros. As torres v\u00e3o acolher 361 apartamentos de tipologias entre T0 e T5, num total de cerca de 40 mil metros quadrados de \u00e1rea de constru\u00e7\u00e3o. A proximidade \u00e0 esta\u00e7\u00e3o da futura Linha Rubi do metropolitano \u00e9 apontada como vantagem, com perspetivas de novos edif\u00edcios altos na \u00e1rea.","og_url":"https:\/\/portaltela.pt\/noticias\/2026\/04\/28\/maior-torre-de-apartamentos-do-pais-inicia-construcao-em-gaia-em-2027\/","og_site_name":"Portal Tela Portugal","article_published_time":"2026-04-28T20:48:19+00:00","author":"Telinha","twitter_card":"summary_large_image","twitter_misc":{"Escrito por":"Telinha","Tempo estimado de leitura":"1 minuto"},"schema":{"@context":"https:\/\/schema.org","@graph":[{"@type":"Article","@id":"https:\/\/portaltela.pt\/noticias\/2026\/04\/28\/maior-torre-de-apartamentos-do-pais-inicia-construcao-em-gaia-em-2027\/#article","isPartOf":{"@id":"https:\/\/portaltela.pt\/noticias\/2026\/04\/28\/maior-torre-de-apartamentos-do-pais-inicia-construcao-em-gaia-em-2027\/"},"author":{"name":"Telinha","@id":"https:\/\/portaltela.pt\/#\/schema\/person\/c4278d4a6028830caff9ee44b42d32ed"},"headline":"Maior torre de apartamentos do pa\u00eds inicia constru\u00e7\u00e3o em Gaia em 2027","datePublished":"2026-04-28T20:48:19+00:00","mainEntityOfPage":{"@id":"https:\/\/portaltela.pt\/noticias\/2026\/04\/28\/maior-torre-de-apartamentos-do-pais-inicia-construcao-em-gaia-em-2027\/"},"wordCount":201,"image":{"@id":"https:\/\/portaltela.pt\/noticias\/2026\/04\/28\/maior-torre-de-apartamentos-do-pais-inicia-construcao-em-gaia-em-2027\/#primaryimage"},"thumbnailUrl":"https:\/\/portaltela.pt\/s.01k8rhncp4jt1\/2026\/04\/image-1627.jpg","keywords":["Constru\u00e7\u00e3o","desenvolvimento urbano","Gaia","habita\u00e7\u00e3o","infraestruturas","investimento"],"articleSection":["Economia","Neg\u00f3cios"],"inLanguage":"pt-PT"},{"@type":"WebPage","@id":"https:\/\/portaltela.pt\/noticias\/2026\/04\/28\/maior-torre-de-apartamentos-do-pais-inicia-construcao-em-gaia-em-2027\/","url":"https:\/\/portaltela.pt\/noticias\/2026\/04\/28\/maior-torre-de-apartamentos-do-pais-inicia-construcao-em-gaia-em-2027\/","name":"Maior torre de apartamentos do pa\u00eds inicia constru\u00e7\u00e3o em Gaia em 2027 - Portal Tela Portugal","isPartOf":{"@id":"https:\/\/portaltela.pt\/#website"},"primaryImageOfPage":{"@id":"https:\/\/portaltela.pt\/noticias\/2026\/04\/28\/maior-torre-de-apartamentos-do-pais-inicia-construcao-em-gaia-em-2027\/#primaryimage"},"image":{"@id":"https:\/\/portaltela.pt\/noticias\/2026\/04\/28\/maior-torre-de-apartamentos-do-pais-inicia-construcao-em-gaia-em-2027\/#primaryimage"},"thumbnailUrl":"https:\/\/portaltela.pt\/s.01k8rhncp4jt1\/2026\/04\/image-1627.jpg","datePublished":"2026-04-28T20:48:19+00:00","author":{"@id":"https:\/\/portaltela.pt\/#\/schema\/person\/c4278d4a6028830caff9ee44b42d32ed"},"breadcrumb":{"@id":"https:\/\/portaltela.pt\/noticias\/2026\/04\/28\/maior-torre-de-apartamentos-do-pais-inicia-construcao-em-gaia-em-2027\/#breadcrumb"},"inLanguage":"pt-PT","potentialAction":[{"@type":"ReadAction","target":["https:\/\/portaltela.pt\/noticias\/2026\/04\/28\/maior-torre-de-apartamentos-do-pais-inicia-construcao-em-gaia-em-2027\/"]}]},{"@type":"ImageObject","inLanguage":"pt-PT","@id":"https:\/\/portaltela.pt\/noticias\/2026\/04\/28\/maior-torre-de-apartamentos-do-pais-inicia-construcao-em-gaia-em-2027\/#primaryimage","url":"https:\/\/portaltela.pt\/s.01k8rhncp4jt1\/2026\/04\/image-1627.jpg","contentUrl":"https:\/\/portaltela.pt\/s.01k8rhncp4jt1\/2026\/04\/image-1627.jpg","width":796,"height":448,"caption":"Imagem virtual mostra conceito do projeto e como poder\u00e3o ficar as duas torres"},{"@type":"BreadcrumbList","@id":"https:\/\/portaltela.pt\/noticias\/2026\/04\/28\/maior-torre-de-apartamentos-do-pais-inicia-construcao-em-gaia-em-2027\/#breadcrumb","itemListElement":[{"@type":"ListItem","position":1,"name":"In\u00edcio","item":"https:\/\/portaltela.pt\/"},{"@type":"ListItem","position":2,"name":"Maior torre de apartamentos do pa\u00eds inicia constru\u00e7\u00e3o em Gaia em 2027"}]},{"@type":"WebSite","@id":"https:\/\/portaltela.pt\/#website","url":"https:\/\/portaltela.pt\/","name":"Portal Tela Portugal","description":"","potentialAction":[{"@type":"SearchAction","target":{"@type":"EntryPoint","urlTemplate":"https:\/\/portaltela.pt\/?s={search_term_string}"},"query-input":{"@type":"PropertyValueSpecification","valueRequired":true,"valueName":"search_term_string"}}],"inLanguage":"pt-PT"},{"@type":"Person","@id":"https:\/\/portaltela.pt\/#\/schema\/person\/c4278d4a6028830caff9ee44b42d32ed","name":"Telinha","image":{"@type":"ImageObject","inLanguage":"pt-PT","@id":"https:\/\/portaltela.pt\/s.01k8rhncp4jt1\/2025\/11\/talking-bot-125x125.png","url":"https:\/\/portaltela.pt\/s.01k8rhncp4jt1\/2025\/11\/talking-bot-125x125.png","contentUrl":"https:\/\/portaltela.pt\/s.01k8rhncp4jt1\/2025\/11\/talking-bot-125x125.png","caption":"Telinha"},"sameAs":["https:\/\/portaltela.pt\/"],"url":"https:\/\/portaltela.pt\/por\/367410592786\/"}]}},"_links":{"self":[{"href":"https:\/\/portaltela.pt\/api\/wp\/v2\/posts\/460488","targetHints":{"allow":["GET"]}}],"collection":[{"href":"https:\/\/portaltela.pt\/api\/wp\/v2\/posts"}],"about":[{"href":"https:\/\/portaltela.pt\/api\/wp\/v2\/types\/post"}],"author":[{"embeddable":true,"href":"https:\/\/portaltela.pt\/api\/wp\/v2\/users\/2"}],"replies":[{"embeddable":true,"href":"https:\/\/portaltela.pt\/api\/wp\/v2\/comments?post=460488"}],"version-history":[{"count":0,"href":"https:\/\/portaltela.pt\/api\/wp\/v2\/posts\/460488\/revisions"}],"wp:featuredmedia":[{"embeddable":true,"href":"https:\/\/portaltela.pt\/api\/wp\/v2\/media\/460499"}],"wp:attachment":[{"href":"https:\/\/portaltela.pt\/api\/wp\/v2\/media?parent=460488"}],"wp:term":[{"taxonomy":"category","embeddable":true,"href":"https:\/\/portaltela.pt\/api\/wp\/v2\/categories?post=460488"},{"taxonomy":"post_tag","embeddable":true,"href":"https:\/\/portaltela.pt\/api\/wp\/v2\/tags?post=460488"}],"curies":[{"name":"wp","href":"https:\/\/api.w.org\/{rel}","templated":true}]}}