{"id":460484,"date":"2026-04-28T17:48:06","date_gmt":"2026-04-28T20:48:06","guid":{"rendered":"https:\/\/portaltela.pt\/noticias\/2026\/04\/28\/trabalhador-resgatado-em-cascais-de-grua-de-30-metros\/"},"modified":"2026-04-28T17:48:06","modified_gmt":"2026-04-28T20:48:06","slug":"trabalhador-resgatado-em-cascais-de-grua-de-30-metros","status":"publish","type":"post","link":"https:\/\/portaltela.pt\/noticias\/2026\/04\/28\/trabalhador-resgatado-em-cascais-de-grua-de-30-metros\/","title":{"rendered":"Trabalhador resgatado em Cascais de grua de 30 metros"},"content":{"rendered":"<p>Um trabalhador da constru\u00e7\u00e3o civil foi resgatado da cabine de uma grua, a 30 metros de altura, numa obra na Parede, Cascais. O incidente ocorreu por volta das 17h50 desta ter\u00e7a-feira. O homem foi assistido no local e o resgate decorreu com recurso a meios pr\u00f3prios da empresa.<\/p>\n<p>Segundo o comandante dos Bombeiros de Parede, o operador detectou algo fora do comum durante as manobras e sentiu que n\u00e3o estava em seguran\u00e7a. N\u00e3o ficou claro o motivo da reten\u00e7\u00e3o na cabine.<\/p>\n<p>Do INEM participaram uma ambul\u00e2ncia, a VMER de Cascais e a mota de emerg\u00eancia, mas n\u00e3o foi necess\u00e1rio qualquer transporte hospitalar. Os Bombeiros do Dafundo tamb\u00e9m foram mobilizados pela altura da opera\u00e7\u00e3o.<\/p>\n<h3>Incidentes com gruas noutras zonas<\/h3>\n<p>Num balan\u00e7o do mesmo per\u00edodo, aponta-se para dois outros acidentes envolvendo gruas. Em Coimbra, na segunda-feira, um homem de 51 anos morreu ap\u00f3s queda de uma grua em Eira. Em Figueira da Foz, um homem de 50 anos perdeu a vida ap\u00f3s ferimentos graves resultantes de uma queda de grua em Buarcos.<\/p>\n<p>O caso de Cascais mant\u00e9m-se sob avalia\u00e7\u00e3o pelas autoridades competentes, com a investiga\u00e7\u00e3o a apurar as causas da imobiliza\u00e7\u00e3o do trabalhador na cabine.<\/p>\n","protected":false},"excerpt":{"rendered":"<ul>\n<li>Trabalhador de 23 anos ficou preso na cabine de uma grua a 30 metros de altura, numa obra em Parede, Cascais.<\/li>\n<li>O alerta foi dado por volta das 17h50; estiveram no local os Bombeiros de Parede, a PSP e a equipa do INEM, que chegou a enviar VMER, mas n\u00e3o foi necess\u00e1rio recorrer a estes meios.<\/li>\n<li>O operador ter\u00e1 notado algo estranho durante as manobras e sentiu-se inseguro.<\/li>\n<li>O resgate foi efetuado com recursos da empresa em que o trabalhador trabalha; ao descer, caminhou com apoio pr\u00f3prio e recusou ir ao hospital.<\/li>\n<li>Este \u00e9 o terceiro incidente envolvendo gruas em dois dias, com mortes anteriores em Coimbra (Eira) e Figueira da Foz.<\/li>\n<\/ul>\n","protected":false},"author":2,"featured_media":460486,"comment_status":"closed","ping_status":"closed","sticky":false,"template":"","format":"standard","meta":{"footnotes":""},"categories":[6849,1],"tags":[8341,8054,8248,8594,8600,8042],"class_list":["post-460484","post","type-post","status-publish","format-standard","has-post-thumbnail","hentry","category-acidentes","category-noticias","tag-_acidente","tag-_bombeiros","tag-_cascais","tag-_emergencias","tag-_inem","tag-_trabalhadores"],"yoast_head":"<!-- This site is optimized with the Yoast SEO plugin v27.2 - https:\/\/yoast.com\/product\/yoast-seo-wordpress\/ -->\n<title>Trabalhador resgatado em Cascais de grua de 30 metros - Portal Tela Portugal<\/title>\n<meta name=\"robots\" content=\"index, follow, max-snippet:-1, max-image-preview:large, max-video-preview:-1\" \/>\n<meta property=\"og:locale\" content=\"pt_PT\" \/>\n<meta property=\"og:type\" content=\"article\" \/>\n<meta property=\"og:title\" content=\"Trabalhador resgatado em Cascais de grua de 30 metros - Portal Tela Portugal\" \/>\n<meta property=\"og:description\" content=\"Trabalhador de 23 anos ficou preso na cabine de uma grua a 30 metros de altura, numa obra em Parede, Cascais. O alerta foi dado por volta das 17h50; estiveram no local os Bombeiros de Parede, a PSP e a equipa do INEM, que chegou a enviar VMER, mas n\u00e3o foi necess\u00e1rio recorrer a estes meios. O operador ter\u00e1 notado algo estranho durante as manobras e sentiu-se inseguro. O resgate foi efetuado com recursos da empresa em que o trabalhador trabalha; ao descer, caminhou com apoio pr\u00f3prio e recusou ir ao hospital. Este \u00e9 o terceiro incidente envolvendo gruas em dois dias, com mortes anteriores em Coimbra (Eira) e Figueira da Foz.\" \/>\n<meta property=\"og:url\" content=\"https:\/\/portaltela.pt\/noticias\/2026\/04\/28\/trabalhador-resgatado-em-cascais-de-grua-de-30-metros\/\" \/>\n<meta property=\"og:site_name\" content=\"Portal Tela Portugal\" \/>\n<meta property=\"article:published_time\" content=\"2026-04-28T20:48:06+00:00\" \/>\n<meta name=\"author\" content=\"Telinha\" \/>\n<meta name=\"twitter:card\" content=\"summary_large_image\" \/>\n<meta name=\"twitter:label1\" content=\"Escrito por\" \/>\n\t<meta name=\"twitter:data1\" content=\"Telinha\" \/>\n\t<meta name=\"twitter:label2\" content=\"Tempo estimado de leitura\" \/>\n\t<meta name=\"twitter:data2\" content=\"1 minuto\" \/>\n<script type=\"application\/ld+json\" class=\"yoast-schema-graph\">{\"@context\":\"https:\/\/schema.org\",\"@graph\":[{\"@type\":\"Article\",\"@id\":\"https:\/\/portaltela.pt\/noticias\/2026\/04\/28\/trabalhador-resgatado-em-cascais-de-grua-de-30-metros\/#article\",\"isPartOf\":{\"@id\":\"https:\/\/portaltela.pt\/noticias\/2026\/04\/28\/trabalhador-resgatado-em-cascais-de-grua-de-30-metros\/\"},\"author\":{\"name\":\"Telinha\",\"@id\":\"https:\/\/portaltela.pt\/#\/schema\/person\/c4278d4a6028830caff9ee44b42d32ed\"},\"headline\":\"Trabalhador resgatado em Cascais de grua de 30 metros\",\"datePublished\":\"2026-04-28T20:48:06+00:00\",\"mainEntityOfPage\":{\"@id\":\"https:\/\/portaltela.pt\/noticias\/2026\/04\/28\/trabalhador-resgatado-em-cascais-de-grua-de-30-metros\/\"},\"wordCount\":219,\"image\":{\"@id\":\"https:\/\/portaltela.pt\/noticias\/2026\/04\/28\/trabalhador-resgatado-em-cascais-de-grua-de-30-metros\/#primaryimage\"},\"thumbnailUrl\":\"https:\/\/portaltela.pt\/s.01k8rhncp4jt1\/2026\/04\/2084724.jpg\",\"keywords\":[\"_acidente\",\"_Bombeiros\",\"_Cascais\",\"_emerg\u00eancias\",\"_INEM\",\"_trabalhadores\"],\"articleSection\":[\"Acidentes\",\"Not\u00edcias\"],\"inLanguage\":\"pt-PT\"},{\"@type\":\"WebPage\",\"@id\":\"https:\/\/portaltela.pt\/noticias\/2026\/04\/28\/trabalhador-resgatado-em-cascais-de-grua-de-30-metros\/\",\"url\":\"https:\/\/portaltela.pt\/noticias\/2026\/04\/28\/trabalhador-resgatado-em-cascais-de-grua-de-30-metros\/\",\"name\":\"Trabalhador resgatado em Cascais de grua de 30 metros - Portal Tela Portugal\",\"isPartOf\":{\"@id\":\"https:\/\/portaltela.pt\/#website\"},\"primaryImageOfPage\":{\"@id\":\"https:\/\/portaltela.pt\/noticias\/2026\/04\/28\/trabalhador-resgatado-em-cascais-de-grua-de-30-metros\/#primaryimage\"},\"image\":{\"@id\":\"https:\/\/portaltela.pt\/noticias\/2026\/04\/28\/trabalhador-resgatado-em-cascais-de-grua-de-30-metros\/#primaryimage\"},\"thumbnailUrl\":\"https:\/\/portaltela.pt\/s.01k8rhncp4jt1\/2026\/04\/2084724.jpg\",\"datePublished\":\"2026-04-28T20:48:06+00:00\",\"author\":{\"@id\":\"https:\/\/portaltela.pt\/#\/schema\/person\/c4278d4a6028830caff9ee44b42d32ed\"},\"breadcrumb\":{\"@id\":\"https:\/\/portaltela.pt\/noticias\/2026\/04\/28\/trabalhador-resgatado-em-cascais-de-grua-de-30-metros\/#breadcrumb\"},\"inLanguage\":\"pt-PT\",\"potentialAction\":[{\"@type\":\"ReadAction\",\"target\":[\"https:\/\/portaltela.pt\/noticias\/2026\/04\/28\/trabalhador-resgatado-em-cascais-de-grua-de-30-metros\/\"]}]},{\"@type\":\"ImageObject\",\"inLanguage\":\"pt-PT\",\"@id\":\"https:\/\/portaltela.pt\/noticias\/2026\/04\/28\/trabalhador-resgatado-em-cascais-de-grua-de-30-metros\/#primaryimage\",\"url\":\"https:\/\/portaltela.pt\/s.01k8rhncp4jt1\/2026\/04\/2084724.jpg\",\"contentUrl\":\"https:\/\/portaltela.pt\/s.01k8rhncp4jt1\/2026\/04\/2084724.jpg\",\"width\":796,\"height\":448,\"caption\":\"Os bombeiros de Parede (aqui em fotografia de arquivo) foram chamados ao local\"},{\"@type\":\"BreadcrumbList\",\"@id\":\"https:\/\/portaltela.pt\/noticias\/2026\/04\/28\/trabalhador-resgatado-em-cascais-de-grua-de-30-metros\/#breadcrumb\",\"itemListElement\":[{\"@type\":\"ListItem\",\"position\":1,\"name\":\"In\u00edcio\",\"item\":\"https:\/\/portaltela.pt\/\"},{\"@type\":\"ListItem\",\"position\":2,\"name\":\"Trabalhador resgatado em Cascais de grua de 30 metros\"}]},{\"@type\":\"WebSite\",\"@id\":\"https:\/\/portaltela.pt\/#website\",\"url\":\"https:\/\/portaltela.pt\/\",\"name\":\"Portal Tela Portugal\",\"description\":\"\",\"potentialAction\":[{\"@type\":\"SearchAction\",\"target\":{\"@type\":\"EntryPoint\",\"urlTemplate\":\"https:\/\/portaltela.pt\/?s={search_term_string}\"},\"query-input\":{\"@type\":\"PropertyValueSpecification\",\"valueRequired\":true,\"valueName\":\"search_term_string\"}}],\"inLanguage\":\"pt-PT\"},{\"@type\":\"Person\",\"@id\":\"https:\/\/portaltela.pt\/#\/schema\/person\/c4278d4a6028830caff9ee44b42d32ed\",\"name\":\"Telinha\",\"image\":{\"@type\":\"ImageObject\",\"inLanguage\":\"pt-PT\",\"@id\":\"https:\/\/portaltela.pt\/s.01k8rhncp4jt1\/2025\/11\/talking-bot-125x125.png\",\"url\":\"https:\/\/portaltela.pt\/s.01k8rhncp4jt1\/2025\/11\/talking-bot-125x125.png\",\"contentUrl\":\"https:\/\/portaltela.pt\/s.01k8rhncp4jt1\/2025\/11\/talking-bot-125x125.png\",\"caption\":\"Telinha\"},\"sameAs\":[\"https:\/\/portaltela.pt\/\"],\"url\":\"https:\/\/portaltela.pt\/por\/367410592786\/\"}]}<\/script>\n<!-- \/ Yoast SEO plugin. -->","yoast_head_json":{"title":"Trabalhador resgatado em Cascais de grua de 30 metros - Portal Tela Portugal","robots":{"index":"index","follow":"follow","max-snippet":"max-snippet:-1","max-image-preview":"max-image-preview:large","max-video-preview":"max-video-preview:-1"},"og_locale":"pt_PT","og_type":"article","og_title":"Trabalhador resgatado em Cascais de grua de 30 metros - Portal Tela Portugal","og_description":"Trabalhador de 23 anos ficou preso na cabine de uma grua a 30 metros de altura, numa obra em Parede, Cascais. O alerta foi dado por volta das 17h50; estiveram no local os Bombeiros de Parede, a PSP e a equipa do INEM, que chegou a enviar VMER, mas n\u00e3o foi necess\u00e1rio recorrer a estes meios. O operador ter\u00e1 notado algo estranho durante as manobras e sentiu-se inseguro. O resgate foi efetuado com recursos da empresa em que o trabalhador trabalha; ao descer, caminhou com apoio pr\u00f3prio e recusou ir ao hospital. Este \u00e9 o terceiro incidente envolvendo gruas em dois dias, com mortes anteriores em Coimbra (Eira) e Figueira da Foz.","og_url":"https:\/\/portaltela.pt\/noticias\/2026\/04\/28\/trabalhador-resgatado-em-cascais-de-grua-de-30-metros\/","og_site_name":"Portal Tela Portugal","article_published_time":"2026-04-28T20:48:06+00:00","author":"Telinha","twitter_card":"summary_large_image","twitter_misc":{"Escrito por":"Telinha","Tempo estimado de leitura":"1 minuto"},"schema":{"@context":"https:\/\/schema.org","@graph":[{"@type":"Article","@id":"https:\/\/portaltela.pt\/noticias\/2026\/04\/28\/trabalhador-resgatado-em-cascais-de-grua-de-30-metros\/#article","isPartOf":{"@id":"https:\/\/portaltela.pt\/noticias\/2026\/04\/28\/trabalhador-resgatado-em-cascais-de-grua-de-30-metros\/"},"author":{"name":"Telinha","@id":"https:\/\/portaltela.pt\/#\/schema\/person\/c4278d4a6028830caff9ee44b42d32ed"},"headline":"Trabalhador resgatado em Cascais de grua de 30 metros","datePublished":"2026-04-28T20:48:06+00:00","mainEntityOfPage":{"@id":"https:\/\/portaltela.pt\/noticias\/2026\/04\/28\/trabalhador-resgatado-em-cascais-de-grua-de-30-metros\/"},"wordCount":219,"image":{"@id":"https:\/\/portaltela.pt\/noticias\/2026\/04\/28\/trabalhador-resgatado-em-cascais-de-grua-de-30-metros\/#primaryimage"},"thumbnailUrl":"https:\/\/portaltela.pt\/s.01k8rhncp4jt1\/2026\/04\/2084724.jpg","keywords":["_acidente","_Bombeiros","_Cascais","_emerg\u00eancias","_INEM","_trabalhadores"],"articleSection":["Acidentes","Not\u00edcias"],"inLanguage":"pt-PT"},{"@type":"WebPage","@id":"https:\/\/portaltela.pt\/noticias\/2026\/04\/28\/trabalhador-resgatado-em-cascais-de-grua-de-30-metros\/","url":"https:\/\/portaltela.pt\/noticias\/2026\/04\/28\/trabalhador-resgatado-em-cascais-de-grua-de-30-metros\/","name":"Trabalhador resgatado em Cascais de grua de 30 metros - Portal Tela Portugal","isPartOf":{"@id":"https:\/\/portaltela.pt\/#website"},"primaryImageOfPage":{"@id":"https:\/\/portaltela.pt\/noticias\/2026\/04\/28\/trabalhador-resgatado-em-cascais-de-grua-de-30-metros\/#primaryimage"},"image":{"@id":"https:\/\/portaltela.pt\/noticias\/2026\/04\/28\/trabalhador-resgatado-em-cascais-de-grua-de-30-metros\/#primaryimage"},"thumbnailUrl":"https:\/\/portaltela.pt\/s.01k8rhncp4jt1\/2026\/04\/2084724.jpg","datePublished":"2026-04-28T20:48:06+00:00","author":{"@id":"https:\/\/portaltela.pt\/#\/schema\/person\/c4278d4a6028830caff9ee44b42d32ed"},"breadcrumb":{"@id":"https:\/\/portaltela.pt\/noticias\/2026\/04\/28\/trabalhador-resgatado-em-cascais-de-grua-de-30-metros\/#breadcrumb"},"inLanguage":"pt-PT","potentialAction":[{"@type":"ReadAction","target":["https:\/\/portaltela.pt\/noticias\/2026\/04\/28\/trabalhador-resgatado-em-cascais-de-grua-de-30-metros\/"]}]},{"@type":"ImageObject","inLanguage":"pt-PT","@id":"https:\/\/portaltela.pt\/noticias\/2026\/04\/28\/trabalhador-resgatado-em-cascais-de-grua-de-30-metros\/#primaryimage","url":"https:\/\/portaltela.pt\/s.01k8rhncp4jt1\/2026\/04\/2084724.jpg","contentUrl":"https:\/\/portaltela.pt\/s.01k8rhncp4jt1\/2026\/04\/2084724.jpg","width":796,"height":448,"caption":"Os bombeiros de Parede (aqui em fotografia de arquivo) foram chamados ao local"},{"@type":"BreadcrumbList","@id":"https:\/\/portaltela.pt\/noticias\/2026\/04\/28\/trabalhador-resgatado-em-cascais-de-grua-de-30-metros\/#breadcrumb","itemListElement":[{"@type":"ListItem","position":1,"name":"In\u00edcio","item":"https:\/\/portaltela.pt\/"},{"@type":"ListItem","position":2,"name":"Trabalhador resgatado em Cascais de grua de 30 metros"}]},{"@type":"WebSite","@id":"https:\/\/portaltela.pt\/#website","url":"https:\/\/portaltela.pt\/","name":"Portal Tela Portugal","description":"","potentialAction":[{"@type":"SearchAction","target":{"@type":"EntryPoint","urlTemplate":"https:\/\/portaltela.pt\/?s={search_term_string}"},"query-input":{"@type":"PropertyValueSpecification","valueRequired":true,"valueName":"search_term_string"}}],"inLanguage":"pt-PT"},{"@type":"Person","@id":"https:\/\/portaltela.pt\/#\/schema\/person\/c4278d4a6028830caff9ee44b42d32ed","name":"Telinha","image":{"@type":"ImageObject","inLanguage":"pt-PT","@id":"https:\/\/portaltela.pt\/s.01k8rhncp4jt1\/2025\/11\/talking-bot-125x125.png","url":"https:\/\/portaltela.pt\/s.01k8rhncp4jt1\/2025\/11\/talking-bot-125x125.png","contentUrl":"https:\/\/portaltela.pt\/s.01k8rhncp4jt1\/2025\/11\/talking-bot-125x125.png","caption":"Telinha"},"sameAs":["https:\/\/portaltela.pt\/"],"url":"https:\/\/portaltela.pt\/por\/367410592786\/"}]}},"_links":{"self":[{"href":"https:\/\/portaltela.pt\/api\/wp\/v2\/posts\/460484","targetHints":{"allow":["GET"]}}],"collection":[{"href":"https:\/\/portaltela.pt\/api\/wp\/v2\/posts"}],"about":[{"href":"https:\/\/portaltela.pt\/api\/wp\/v2\/types\/post"}],"author":[{"embeddable":true,"href":"https:\/\/portaltela.pt\/api\/wp\/v2\/users\/2"}],"replies":[{"embeddable":true,"href":"https:\/\/portaltela.pt\/api\/wp\/v2\/comments?post=460484"}],"version-history":[{"count":0,"href":"https:\/\/portaltela.pt\/api\/wp\/v2\/posts\/460484\/revisions"}],"wp:featuredmedia":[{"embeddable":true,"href":"https:\/\/portaltela.pt\/api\/wp\/v2\/media\/460486"}],"wp:attachment":[{"href":"https:\/\/portaltela.pt\/api\/wp\/v2\/media?parent=460484"}],"wp:term":[{"taxonomy":"category","embeddable":true,"href":"https:\/\/portaltela.pt\/api\/wp\/v2\/categories?post=460484"},{"taxonomy":"post_tag","embeddable":true,"href":"https:\/\/portaltela.pt\/api\/wp\/v2\/tags?post=460484"}],"curies":[{"name":"wp","href":"https:\/\/api.w.org\/{rel}","templated":true}]}}