{"id":460479,"date":"2026-04-28T17:33:49","date_gmt":"2026-04-28T20:33:49","guid":{"rendered":"https:\/\/portaltela.pt\/noticias\/2026\/04\/28\/imagens-em-nova-iorque-revelam-relacao-entre-renato-seabra-e-carlos-castro\/"},"modified":"2026-04-28T17:33:49","modified_gmt":"2026-04-28T20:33:49","slug":"imagens-em-nova-iorque-revelam-relacao-entre-renato-seabra-e-carlos-castro","status":"publish","type":"post","link":"https:\/\/portaltela.pt\/noticias\/internacional\/2026\/04\/28\/imagens-em-nova-iorque-revelam-relacao-entre-renato-seabra-e-carlos-castro\/","title":{"rendered":"Imagens em Nova Iorque revelam rela\u00e7\u00e3o entre Renato Seabra e Carlos Castro"},"content":{"rendered":"<p>O corpo de uma not\u00edcia do portal CM descreve a divulga\u00e7\u00e3o de idas e vindas entre Renato Seabra e Carlos Castro, com base numa cole\u00e7\u00e3o de 167 imagens obtidas por uma c\u00e2mara fotogr\u00e1fica. As imagens, exibidas na Investiga\u00e7\u00e3o CM de 28 de abril na CMTV, dizem respeito a um romance entre as duas pessoas em Nova Iorque. A reportagem \u00e9 apresentada pela equipa da CMTV, sem incluir conclus\u00f5es adicionais.<\/p>\n<p>As imagens s\u00e3o apresentadas como parte do material investigado, sem que a reda\u00e7\u00e3o avance com ju\u00edzos de valor. A fonte n\u00e3o especifica a origem das imagens nem se houve edi\u00e7\u00e3o pr\u00e9via para publica\u00e7\u00e3o. O objetivo \u00e9 informar sobre o conte\u00fado do material revelado.<\/p>\n<h3>Imagens mostram destrui\u00e7\u00e3o de t\u00faneis do Hezbollah no sul do L\u00edbano<\/h3>\n<p>Novas imagens exibem danos em t\u00faneis atribu\u00eddos ao Hezbollah, localizados no sul do L\u00edbano. O material fotogr\u00e1fico mostra trechos de infraestrutura afetados por ataques, com descri\u00e7\u00f5es sobre a extens\u00e3o dos danos. A divulga\u00e7\u00e3o n\u00e3o detalha respons\u00e1veis nem consequ\u00eancias estrat\u00e9gicas.<\/p>\n<h3>Bombeiros resgatam trabalhador em palmeira a 20 metros de altura nos EUA<\/h3>\n<p>Em territ\u00f3rio norte-americano, bombeiros efetuaram o resgate de um trabalhador suspenso numa palmeira, a cerca de 20 metros de altura. O incidente ocorreu sem divulga\u00e7\u00e3o de nomes. N\u00e3o foram divulgadas informa\u00e7\u00f5es sobre ferimentos ou causas do risco.<\/p>\n<h3>Alunos evitam trag\u00e9dia ap\u00f3s motorista escolar desmaiar ao volante nos EUA<\/h3>\n<p>Em outra ocorr\u00eancia nos EUA, alunos conseguiram evitar uma trag\u00e9dia ap\u00f3s o motorista de um autocarro escolar desmaiar ao volante. O ve\u00edculo permaneceu sob controlo e conseguiu parar em seguran\u00e7a. N\u00e3o h\u00e1 relatos de feridos graves.<\/p>\n<h3>Arte nasce entre ru\u00ednas em festival na Faixa de Gaza<\/h3>\n<p>Durante um festival na Faixa de Gaza, artistas criaram obras entre ru\u00ednas e escombros. As interven\u00e7\u00f5es visam explorar a rela\u00e7\u00e3o entre devasta\u00e7\u00e3o e express\u00e3o criativa. O evento \u00e9 apresentado como moment\u00e2neo e cultural, sem incid\u00eancia de viol\u00eancia reportada.<\/p>\n<h3>Inc\u00eandio provoca nuvem negra e chamas intensas na R\u00fassia<\/h3>\n<p>Um inc\u00eandio intenso na R\u00fassia gerou uma nuvem negra vis\u00edvel a partir de imagens a\u00e9reas. O fogo exigiu a interven\u00e7\u00e3o de meios de combate a inc\u00eandios. N\u00e3o foram indicados n\u00fameros de v\u00edtimas ou danos exatos.<\/p>\n","protected":false},"excerpt":{"rendered":"<ul>\n<li>167 imagens retiradas de c\u00e2mara mostram romance entre Renato Seabra e Carlos Castro em Nova Iorque.<\/li>\n<li>Imagens mostram destrui\u00e7\u00e3o de t\u00faneis do Hezbollah no sul do L\u00edbano.<\/li>\n<li>Bombeiros resgatam trabalhador em palmeira a 20 metros de altura nos EUA.<\/li>\n<li>Alunos evitam trag\u00e9dia ap\u00f3s motorista escolar desmaiar ao volante nos EUA.<\/li>\n<li>Inc\u00eandio provoca nuvem negra e chamas intensas na R\u00fassia.<\/li>\n<\/ul>\n","protected":false},"author":2,"featured_media":460482,"comment_status":"closed","ping_status":"closed","sticky":false,"template":"","format":"standard","meta":{"footnotes":""},"categories":[6790,4],"tags":[9068,1600,3651,6635,7537,3110],"class_list":["post-460479","post","type-post","status-publish","format-standard","has-post-thumbnail","hentry","category-conflitos","category-internacional","tag-_conflitos","tag-estados-unidos","tag-gaza","tag-libano","tag-nova-york","tag-russia"],"yoast_head":"<!-- This site is optimized with the Yoast SEO plugin v27.2 - https:\/\/yoast.com\/product\/yoast-seo-wordpress\/ -->\n<title>Imagens em Nova Iorque revelam rela\u00e7\u00e3o entre Renato Seabra e Carlos Castro - Portal Tela Portugal<\/title>\n<meta name=\"robots\" content=\"index, follow, max-snippet:-1, max-image-preview:large, max-video-preview:-1\" \/>\n<meta property=\"og:locale\" content=\"pt_PT\" \/>\n<meta property=\"og:type\" content=\"article\" \/>\n<meta property=\"og:title\" content=\"Imagens em Nova Iorque revelam rela\u00e7\u00e3o entre Renato Seabra e Carlos Castro - Portal Tela Portugal\" \/>\n<meta property=\"og:description\" content=\"167 imagens retiradas de c\u00e2mara mostram romance entre Renato Seabra e Carlos Castro em Nova Iorque. Imagens mostram destrui\u00e7\u00e3o de t\u00faneis do Hezbollah no sul do L\u00edbano. Bombeiros resgatam trabalhador em palmeira a 20 metros de altura nos EUA. Alunos evitam trag\u00e9dia ap\u00f3s motorista escolar desmaiar ao volante nos EUA. Inc\u00eandio provoca nuvem negra e chamas intensas na R\u00fassia.\" \/>\n<meta property=\"og:url\" content=\"https:\/\/portaltela.pt\/noticias\/2026\/04\/28\/imagens-em-nova-iorque-revelam-relacao-entre-renato-seabra-e-carlos-castro\/\" \/>\n<meta property=\"og:site_name\" content=\"Portal Tela Portugal\" \/>\n<meta property=\"article:published_time\" content=\"2026-04-28T20:33:49+00:00\" \/>\n<meta name=\"author\" content=\"Telinha\" \/>\n<meta name=\"twitter:card\" content=\"summary_large_image\" \/>\n<meta name=\"twitter:label1\" content=\"Escrito por\" \/>\n\t<meta name=\"twitter:data1\" content=\"Telinha\" \/>\n\t<meta name=\"twitter:label2\" content=\"Tempo estimado de leitura\" \/>\n\t<meta name=\"twitter:data2\" content=\"2 minutos\" \/>\n<script type=\"application\/ld+json\" class=\"yoast-schema-graph\">{\"@context\":\"https:\/\/schema.org\",\"@graph\":[{\"@type\":\"Article\",\"@id\":\"https:\/\/portaltela.pt\/noticias\/2026\/04\/28\/imagens-em-nova-iorque-revelam-relacao-entre-renato-seabra-e-carlos-castro\/#article\",\"isPartOf\":{\"@id\":\"https:\/\/portaltela.pt\/noticias\/2026\/04\/28\/imagens-em-nova-iorque-revelam-relacao-entre-renato-seabra-e-carlos-castro\/\"},\"author\":{\"name\":\"Telinha\",\"@id\":\"https:\/\/portaltela.pt\/#\/schema\/person\/c4278d4a6028830caff9ee44b42d32ed\"},\"headline\":\"Imagens em Nova Iorque revelam rela\u00e7\u00e3o entre Renato Seabra e Carlos Castro\",\"datePublished\":\"2026-04-28T20:33:49+00:00\",\"mainEntityOfPage\":{\"@id\":\"https:\/\/portaltela.pt\/noticias\/2026\/04\/28\/imagens-em-nova-iorque-revelam-relacao-entre-renato-seabra-e-carlos-castro\/\"},\"wordCount\":417,\"image\":{\"@id\":\"https:\/\/portaltela.pt\/noticias\/2026\/04\/28\/imagens-em-nova-iorque-revelam-relacao-entre-renato-seabra-e-carlos-castro\/#primaryimage\"},\"thumbnailUrl\":\"https:\/\/portaltela.pt\/s.01k8rhncp4jt1\/2026\/04\/img_1280x722uu2026-04-27-23-46-03-2281499.jpg\",\"keywords\":[\"_conflitos\",\"Estados Unidos\",\"Gaza\",\"L\u00edbano\",\"Nova York\",\"R\u00fassia\"],\"articleSection\":[\"Conflitos\",\"Internacional\"],\"inLanguage\":\"pt-PT\"},{\"@type\":\"WebPage\",\"@id\":\"https:\/\/portaltela.pt\/noticias\/2026\/04\/28\/imagens-em-nova-iorque-revelam-relacao-entre-renato-seabra-e-carlos-castro\/\",\"url\":\"https:\/\/portaltela.pt\/noticias\/2026\/04\/28\/imagens-em-nova-iorque-revelam-relacao-entre-renato-seabra-e-carlos-castro\/\",\"name\":\"Imagens em Nova Iorque revelam rela\u00e7\u00e3o entre Renato Seabra e Carlos Castro - Portal Tela Portugal\",\"isPartOf\":{\"@id\":\"https:\/\/portaltela.pt\/#website\"},\"primaryImageOfPage\":{\"@id\":\"https:\/\/portaltela.pt\/noticias\/2026\/04\/28\/imagens-em-nova-iorque-revelam-relacao-entre-renato-seabra-e-carlos-castro\/#primaryimage\"},\"image\":{\"@id\":\"https:\/\/portaltela.pt\/noticias\/2026\/04\/28\/imagens-em-nova-iorque-revelam-relacao-entre-renato-seabra-e-carlos-castro\/#primaryimage\"},\"thumbnailUrl\":\"https:\/\/portaltela.pt\/s.01k8rhncp4jt1\/2026\/04\/img_1280x722uu2026-04-27-23-46-03-2281499.jpg\",\"datePublished\":\"2026-04-28T20:33:49+00:00\",\"author\":{\"@id\":\"https:\/\/portaltela.pt\/#\/schema\/person\/c4278d4a6028830caff9ee44b42d32ed\"},\"breadcrumb\":{\"@id\":\"https:\/\/portaltela.pt\/noticias\/2026\/04\/28\/imagens-em-nova-iorque-revelam-relacao-entre-renato-seabra-e-carlos-castro\/#breadcrumb\"},\"inLanguage\":\"pt-PT\",\"potentialAction\":[{\"@type\":\"ReadAction\",\"target\":[\"https:\/\/portaltela.pt\/noticias\/2026\/04\/28\/imagens-em-nova-iorque-revelam-relacao-entre-renato-seabra-e-carlos-castro\/\"]}]},{\"@type\":\"ImageObject\",\"inLanguage\":\"pt-PT\",\"@id\":\"https:\/\/portaltela.pt\/noticias\/2026\/04\/28\/imagens-em-nova-iorque-revelam-relacao-entre-renato-seabra-e-carlos-castro\/#primaryimage\",\"url\":\"https:\/\/portaltela.pt\/s.01k8rhncp4jt1\/2026\/04\/img_1280x722uu2026-04-27-23-46-03-2281499.jpg\",\"contentUrl\":\"https:\/\/portaltela.pt\/s.01k8rhncp4jt1\/2026\/04\/img_1280x722uu2026-04-27-23-46-03-2281499.jpg\",\"width\":796,\"height\":448,\"caption\":\"Photo\"},{\"@type\":\"BreadcrumbList\",\"@id\":\"https:\/\/portaltela.pt\/noticias\/2026\/04\/28\/imagens-em-nova-iorque-revelam-relacao-entre-renato-seabra-e-carlos-castro\/#breadcrumb\",\"itemListElement\":[{\"@type\":\"ListItem\",\"position\":1,\"name\":\"In\u00edcio\",\"item\":\"https:\/\/portaltela.pt\/\"},{\"@type\":\"ListItem\",\"position\":2,\"name\":\"Imagens em Nova Iorque revelam rela\u00e7\u00e3o entre Renato Seabra e Carlos Castro\"}]},{\"@type\":\"WebSite\",\"@id\":\"https:\/\/portaltela.pt\/#website\",\"url\":\"https:\/\/portaltela.pt\/\",\"name\":\"Portal Tela Portugal\",\"description\":\"\",\"potentialAction\":[{\"@type\":\"SearchAction\",\"target\":{\"@type\":\"EntryPoint\",\"urlTemplate\":\"https:\/\/portaltela.pt\/?s={search_term_string}\"},\"query-input\":{\"@type\":\"PropertyValueSpecification\",\"valueRequired\":true,\"valueName\":\"search_term_string\"}}],\"inLanguage\":\"pt-PT\"},{\"@type\":\"Person\",\"@id\":\"https:\/\/portaltela.pt\/#\/schema\/person\/c4278d4a6028830caff9ee44b42d32ed\",\"name\":\"Telinha\",\"image\":{\"@type\":\"ImageObject\",\"inLanguage\":\"pt-PT\",\"@id\":\"https:\/\/portaltela.pt\/s.01k8rhncp4jt1\/2025\/11\/talking-bot-125x125.png\",\"url\":\"https:\/\/portaltela.pt\/s.01k8rhncp4jt1\/2025\/11\/talking-bot-125x125.png\",\"contentUrl\":\"https:\/\/portaltela.pt\/s.01k8rhncp4jt1\/2025\/11\/talking-bot-125x125.png\",\"caption\":\"Telinha\"},\"sameAs\":[\"https:\/\/portaltela.pt\/\"],\"url\":\"https:\/\/portaltela.pt\/por\/367410592786\/\"}]}<\/script>\n<!-- \/ Yoast SEO plugin. -->","yoast_head_json":{"title":"Imagens em Nova Iorque revelam rela\u00e7\u00e3o entre Renato Seabra e Carlos Castro - Portal Tela Portugal","robots":{"index":"index","follow":"follow","max-snippet":"max-snippet:-1","max-image-preview":"max-image-preview:large","max-video-preview":"max-video-preview:-1"},"og_locale":"pt_PT","og_type":"article","og_title":"Imagens em Nova Iorque revelam rela\u00e7\u00e3o entre Renato Seabra e Carlos Castro - Portal Tela Portugal","og_description":"167 imagens retiradas de c\u00e2mara mostram romance entre Renato Seabra e Carlos Castro em Nova Iorque. Imagens mostram destrui\u00e7\u00e3o de t\u00faneis do Hezbollah no sul do L\u00edbano. Bombeiros resgatam trabalhador em palmeira a 20 metros de altura nos EUA. Alunos evitam trag\u00e9dia ap\u00f3s motorista escolar desmaiar ao volante nos EUA. Inc\u00eandio provoca nuvem negra e chamas intensas na R\u00fassia.","og_url":"https:\/\/portaltela.pt\/noticias\/2026\/04\/28\/imagens-em-nova-iorque-revelam-relacao-entre-renato-seabra-e-carlos-castro\/","og_site_name":"Portal Tela Portugal","article_published_time":"2026-04-28T20:33:49+00:00","author":"Telinha","twitter_card":"summary_large_image","twitter_misc":{"Escrito por":"Telinha","Tempo estimado de leitura":"2 minutos"},"schema":{"@context":"https:\/\/schema.org","@graph":[{"@type":"Article","@id":"https:\/\/portaltela.pt\/noticias\/2026\/04\/28\/imagens-em-nova-iorque-revelam-relacao-entre-renato-seabra-e-carlos-castro\/#article","isPartOf":{"@id":"https:\/\/portaltela.pt\/noticias\/2026\/04\/28\/imagens-em-nova-iorque-revelam-relacao-entre-renato-seabra-e-carlos-castro\/"},"author":{"name":"Telinha","@id":"https:\/\/portaltela.pt\/#\/schema\/person\/c4278d4a6028830caff9ee44b42d32ed"},"headline":"Imagens em Nova Iorque revelam rela\u00e7\u00e3o entre Renato Seabra e Carlos Castro","datePublished":"2026-04-28T20:33:49+00:00","mainEntityOfPage":{"@id":"https:\/\/portaltela.pt\/noticias\/2026\/04\/28\/imagens-em-nova-iorque-revelam-relacao-entre-renato-seabra-e-carlos-castro\/"},"wordCount":417,"image":{"@id":"https:\/\/portaltela.pt\/noticias\/2026\/04\/28\/imagens-em-nova-iorque-revelam-relacao-entre-renato-seabra-e-carlos-castro\/#primaryimage"},"thumbnailUrl":"https:\/\/portaltela.pt\/s.01k8rhncp4jt1\/2026\/04\/img_1280x722uu2026-04-27-23-46-03-2281499.jpg","keywords":["_conflitos","Estados Unidos","Gaza","L\u00edbano","Nova York","R\u00fassia"],"articleSection":["Conflitos","Internacional"],"inLanguage":"pt-PT"},{"@type":"WebPage","@id":"https:\/\/portaltela.pt\/noticias\/2026\/04\/28\/imagens-em-nova-iorque-revelam-relacao-entre-renato-seabra-e-carlos-castro\/","url":"https:\/\/portaltela.pt\/noticias\/2026\/04\/28\/imagens-em-nova-iorque-revelam-relacao-entre-renato-seabra-e-carlos-castro\/","name":"Imagens em Nova Iorque revelam rela\u00e7\u00e3o entre Renato Seabra e Carlos Castro - Portal Tela Portugal","isPartOf":{"@id":"https:\/\/portaltela.pt\/#website"},"primaryImageOfPage":{"@id":"https:\/\/portaltela.pt\/noticias\/2026\/04\/28\/imagens-em-nova-iorque-revelam-relacao-entre-renato-seabra-e-carlos-castro\/#primaryimage"},"image":{"@id":"https:\/\/portaltela.pt\/noticias\/2026\/04\/28\/imagens-em-nova-iorque-revelam-relacao-entre-renato-seabra-e-carlos-castro\/#primaryimage"},"thumbnailUrl":"https:\/\/portaltela.pt\/s.01k8rhncp4jt1\/2026\/04\/img_1280x722uu2026-04-27-23-46-03-2281499.jpg","datePublished":"2026-04-28T20:33:49+00:00","author":{"@id":"https:\/\/portaltela.pt\/#\/schema\/person\/c4278d4a6028830caff9ee44b42d32ed"},"breadcrumb":{"@id":"https:\/\/portaltela.pt\/noticias\/2026\/04\/28\/imagens-em-nova-iorque-revelam-relacao-entre-renato-seabra-e-carlos-castro\/#breadcrumb"},"inLanguage":"pt-PT","potentialAction":[{"@type":"ReadAction","target":["https:\/\/portaltela.pt\/noticias\/2026\/04\/28\/imagens-em-nova-iorque-revelam-relacao-entre-renato-seabra-e-carlos-castro\/"]}]},{"@type":"ImageObject","inLanguage":"pt-PT","@id":"https:\/\/portaltela.pt\/noticias\/2026\/04\/28\/imagens-em-nova-iorque-revelam-relacao-entre-renato-seabra-e-carlos-castro\/#primaryimage","url":"https:\/\/portaltela.pt\/s.01k8rhncp4jt1\/2026\/04\/img_1280x722uu2026-04-27-23-46-03-2281499.jpg","contentUrl":"https:\/\/portaltela.pt\/s.01k8rhncp4jt1\/2026\/04\/img_1280x722uu2026-04-27-23-46-03-2281499.jpg","width":796,"height":448,"caption":"Photo"},{"@type":"BreadcrumbList","@id":"https:\/\/portaltela.pt\/noticias\/2026\/04\/28\/imagens-em-nova-iorque-revelam-relacao-entre-renato-seabra-e-carlos-castro\/#breadcrumb","itemListElement":[{"@type":"ListItem","position":1,"name":"In\u00edcio","item":"https:\/\/portaltela.pt\/"},{"@type":"ListItem","position":2,"name":"Imagens em Nova Iorque revelam rela\u00e7\u00e3o entre Renato Seabra e Carlos Castro"}]},{"@type":"WebSite","@id":"https:\/\/portaltela.pt\/#website","url":"https:\/\/portaltela.pt\/","name":"Portal Tela Portugal","description":"","potentialAction":[{"@type":"SearchAction","target":{"@type":"EntryPoint","urlTemplate":"https:\/\/portaltela.pt\/?s={search_term_string}"},"query-input":{"@type":"PropertyValueSpecification","valueRequired":true,"valueName":"search_term_string"}}],"inLanguage":"pt-PT"},{"@type":"Person","@id":"https:\/\/portaltela.pt\/#\/schema\/person\/c4278d4a6028830caff9ee44b42d32ed","name":"Telinha","image":{"@type":"ImageObject","inLanguage":"pt-PT","@id":"https:\/\/portaltela.pt\/s.01k8rhncp4jt1\/2025\/11\/talking-bot-125x125.png","url":"https:\/\/portaltela.pt\/s.01k8rhncp4jt1\/2025\/11\/talking-bot-125x125.png","contentUrl":"https:\/\/portaltela.pt\/s.01k8rhncp4jt1\/2025\/11\/talking-bot-125x125.png","caption":"Telinha"},"sameAs":["https:\/\/portaltela.pt\/"],"url":"https:\/\/portaltela.pt\/por\/367410592786\/"}]}},"_links":{"self":[{"href":"https:\/\/portaltela.pt\/api\/wp\/v2\/posts\/460479","targetHints":{"allow":["GET"]}}],"collection":[{"href":"https:\/\/portaltela.pt\/api\/wp\/v2\/posts"}],"about":[{"href":"https:\/\/portaltela.pt\/api\/wp\/v2\/types\/post"}],"author":[{"embeddable":true,"href":"https:\/\/portaltela.pt\/api\/wp\/v2\/users\/2"}],"replies":[{"embeddable":true,"href":"https:\/\/portaltela.pt\/api\/wp\/v2\/comments?post=460479"}],"version-history":[{"count":0,"href":"https:\/\/portaltela.pt\/api\/wp\/v2\/posts\/460479\/revisions"}],"wp:featuredmedia":[{"embeddable":true,"href":"https:\/\/portaltela.pt\/api\/wp\/v2\/media\/460482"}],"wp:attachment":[{"href":"https:\/\/portaltela.pt\/api\/wp\/v2\/media?parent=460479"}],"wp:term":[{"taxonomy":"category","embeddable":true,"href":"https:\/\/portaltela.pt\/api\/wp\/v2\/categories?post=460479"},{"taxonomy":"post_tag","embeddable":true,"href":"https:\/\/portaltela.pt\/api\/wp\/v2\/tags?post=460479"}],"curies":[{"name":"wp","href":"https:\/\/api.w.org\/{rel}","templated":true}]}}