{"id":460478,"date":"2026-04-28T17:33:45","date_gmt":"2026-04-28T20:33:45","guid":{"rendered":"https:\/\/portaltela.pt\/noticias\/2026\/04\/28\/concertos-gratuitos-em-leiria-homenageiam-afetados-pelo-mau-tempo\/"},"modified":"2026-04-28T17:33:45","modified_gmt":"2026-04-28T20:33:45","slug":"concertos-gratuitos-em-leiria-homenageiam-afetados-pelo-mau-tempo","status":"publish","type":"post","link":"https:\/\/portaltela.pt\/musica\/2026\/04\/28\/concertos-gratuitos-em-leiria-homenageiam-afetados-pelo-mau-tempo\/","title":{"rendered":"Concertos gratuitos em Leiria homenageiam afetados pelo mau tempo"},"content":{"rendered":"<p>O concerto gratuito em Leiria faz parte do projeto Concertamos Juntos, criado ap\u00f3s o mau tempo que afetou v\u00e1rias regi\u00f5es. O evento realiza-se a 23 de maio, das 16h00 \u00e0s 23h00, no estacionamento do Est\u00e1dio Municipal de Leiria. A iniciativa presta homenagem \u00e0 for\u00e7a e \u00e0 uni\u00e3o da regi\u00e3o.<\/p>\n<p>Na bolsa de artistas confirmados est\u00e3o Agir, B\u00e1rbara Bandeira, Calema, Cuca Roseta, Tony Carreira, Plut\u00f3nio e Kura. A receita obtida com os bilhetes reverte integralmente para a C\u00e1ritas Diocesana de Leiria, para apoiar a reconstru\u00e7\u00e3o das zonas afetadas.<\/p>\n<h3>Participantes e contexto<\/h3>\n<p>A apresenta\u00e7\u00e3o foi anunciada numa confer\u00eancia no Centro de Artes Villa Portela, em Leiria. O presidente da C\u00e2mara, Gon\u00e7alo Lopes, destacou a liga\u00e7\u00e3o entre solidariedade e m\u00fasica, sublinhando que o concerto relembra os momentos dif\u00edceis e refor\u00e7a a for\u00e7a coletiva.<\/p>\n<p>A iniciativa envolve tamb\u00e9m a Vodafone Portugal, que afirma apoiar a recupera\u00e7\u00e3o das comunica\u00e7\u00f5es afetadas pelo mau tempo. Segundo a empresa, menos de mil clientes est\u00e3o sem servi\u00e7o fixo, e a ajuda pretende manter as liga\u00e7\u00f5es ativas.<\/p>\n<h3>Outras a\u00e7\u00f5es do projeto<\/h3>\n<p>Antes de Leiria, j\u00e1 tinham sido anunciados dois concertos: 5 de maio, no Coliseu de Lisboa, com Mariza, Capit\u00e3o Fausto e outros; e 7 de maio, no Coliseu do Porto, com Ornatos Violeta, Slow J e mais artistas. A receita destes eventos tamb\u00e9m reverte para a C\u00e1ritas Diocesana de Leiria.<\/p>\n<p>Tiago Castelo Branco, da produtora MOT, explicou que os sete artistas presentes em Leiria aceitaram participar de imediato, sem cobran\u00e7a de cach\u00ea, apenas com custos de estadia e alimenta\u00e7\u00e3o. A promotora Ritmos tamb\u00e9m elogiou a colabora\u00e7\u00e3o das partes envolvidas, incluindo entidades p\u00fablicas e privadas.<\/p>\n","protected":false},"excerpt":{"rendered":"<ul>\n<li>Concerto gratuito em Leiria, no estacionamento do Est\u00e1dio Municipal, no dia 23 de maio, das 16h00 \u00e0s 23h00, para homenagear as pessoas afetadas pelo mau tempo.<\/li>\n<li>Participam Agir, B\u00e1rbara Bandeira, Calema, Cuca Roseta, Tony Carreira, Plut\u00f3nio e Kura.<\/li>\n<li>O evento integra o projeto Concertamos Juntos, que j\u00e1 divulgou dois concertos solid\u00e1rios com receitas a reverterem integralmente para a C\u00e1ritas Diocesana de Leiria.<\/li>\n<li>A Vodafone Portugal participa para apoiar a reconstru\u00e7\u00e3o e a reposi\u00e7\u00e3o de telecomunica\u00e7\u00f5es, com menos de mil clientes ainda sem servi\u00e7o.<\/li>\n<li>Autoridades locais destacam a m\u00fasica como express\u00e3o de solidariedade e refor\u00e7am a coes\u00e3o social gerada pela s\u00e9rie de concertos.<\/li>\n<\/ul>\n","protected":false},"author":2,"featured_media":460481,"comment_status":"closed","ping_status":"closed","sticky":false,"template":"","format":"standard","meta":{"footnotes":""},"categories":[12,6676],"tags":[8894,8198,8846,762,5952,593],"class_list":["post-460478","post","type-post","status-publish","format-standard","has-post-thumbnail","hentry","category-entretenimento","category-musica","tag-_acoes-sociais","tag-_leiria","tag-_solidariedade-social","tag-artistas","tag-caritas-diocesana","tag-concertos"],"yoast_head":"<!-- This site is optimized with the Yoast SEO plugin v27.2 - https:\/\/yoast.com\/product\/yoast-seo-wordpress\/ -->\n<title>Concertos gratuitos em Leiria homenageiam afetados pelo mau tempo - Portal Tela Portugal<\/title>\n<meta name=\"robots\" content=\"index, follow, max-snippet:-1, max-image-preview:large, max-video-preview:-1\" \/>\n<meta property=\"og:locale\" content=\"pt_PT\" \/>\n<meta property=\"og:type\" content=\"article\" \/>\n<meta property=\"og:title\" content=\"Concertos gratuitos em Leiria homenageiam afetados pelo mau tempo - Portal Tela Portugal\" \/>\n<meta property=\"og:description\" content=\"Concerto gratuito em Leiria, no estacionamento do Est\u00e1dio Municipal, no dia 23 de maio, das 16h00 \u00e0s 23h00, para homenagear as pessoas afetadas pelo mau tempo. Participam Agir, B\u00e1rbara Bandeira, Calema, Cuca Roseta, Tony Carreira, Plut\u00f3nio e Kura. O evento integra o projeto Concertamos Juntos, que j\u00e1 divulgou dois concertos solid\u00e1rios com receitas a reverterem integralmente para a C\u00e1ritas Diocesana de Leiria. A Vodafone Portugal participa para apoiar a reconstru\u00e7\u00e3o e a reposi\u00e7\u00e3o de telecomunica\u00e7\u00f5es, com menos de mil clientes ainda sem servi\u00e7o. Autoridades locais destacam a m\u00fasica como express\u00e3o de solidariedade e refor\u00e7am a coes\u00e3o social gerada pela s\u00e9rie de concertos.\" \/>\n<meta property=\"og:url\" content=\"https:\/\/portaltela.pt\/noticias\/2026\/04\/28\/concertos-gratuitos-em-leiria-homenageiam-afetados-pelo-mau-tempo\/\" \/>\n<meta property=\"og:site_name\" content=\"Portal Tela Portugal\" \/>\n<meta property=\"article:published_time\" content=\"2026-04-28T20:33:45+00:00\" \/>\n<meta name=\"author\" content=\"Telinha\" \/>\n<meta name=\"twitter:card\" content=\"summary_large_image\" \/>\n<meta name=\"twitter:label1\" content=\"Escrito por\" \/>\n\t<meta name=\"twitter:data1\" content=\"Telinha\" \/>\n\t<meta name=\"twitter:label2\" content=\"Tempo estimado de leitura\" \/>\n\t<meta name=\"twitter:data2\" content=\"1 minuto\" \/>\n<script type=\"application\/ld+json\" class=\"yoast-schema-graph\">{\"@context\":\"https:\/\/schema.org\",\"@graph\":[{\"@type\":\"Article\",\"@id\":\"https:\/\/portaltela.pt\/noticias\/2026\/04\/28\/concertos-gratuitos-em-leiria-homenageiam-afetados-pelo-mau-tempo\/#article\",\"isPartOf\":{\"@id\":\"https:\/\/portaltela.pt\/noticias\/2026\/04\/28\/concertos-gratuitos-em-leiria-homenageiam-afetados-pelo-mau-tempo\/\"},\"author\":{\"name\":\"Telinha\",\"@id\":\"https:\/\/portaltela.pt\/#\/schema\/person\/c4278d4a6028830caff9ee44b42d32ed\"},\"headline\":\"Concertos gratuitos em Leiria homenageiam afetados pelo mau tempo\",\"datePublished\":\"2026-04-28T20:33:45+00:00\",\"mainEntityOfPage\":{\"@id\":\"https:\/\/portaltela.pt\/noticias\/2026\/04\/28\/concertos-gratuitos-em-leiria-homenageiam-afetados-pelo-mau-tempo\/\"},\"wordCount\":305,\"image\":{\"@id\":\"https:\/\/portaltela.pt\/noticias\/2026\/04\/28\/concertos-gratuitos-em-leiria-homenageiam-afetados-pelo-mau-tempo\/#primaryimage\"},\"thumbnailUrl\":\"https:\/\/portaltela.pt\/s.01k8rhncp4jt1\/2026\/04\/img_1280x721uu2025-06-30-14-55-39-2219634-im-639078174696139356.jpg\",\"keywords\":[\"_a\u00e7\u00f5es sociais\",\"_Leiria\",\"_Solidariedade Social\",\"artistas\",\"C\u00e1ritas Diocesana\",\"concertos\"],\"articleSection\":[\"Entretenimento\",\"M\u00fasica\"],\"inLanguage\":\"pt-PT\"},{\"@type\":\"WebPage\",\"@id\":\"https:\/\/portaltela.pt\/noticias\/2026\/04\/28\/concertos-gratuitos-em-leiria-homenageiam-afetados-pelo-mau-tempo\/\",\"url\":\"https:\/\/portaltela.pt\/noticias\/2026\/04\/28\/concertos-gratuitos-em-leiria-homenageiam-afetados-pelo-mau-tempo\/\",\"name\":\"Concertos gratuitos em Leiria homenageiam afetados pelo mau tempo - Portal Tela Portugal\",\"isPartOf\":{\"@id\":\"https:\/\/portaltela.pt\/#website\"},\"primaryImageOfPage\":{\"@id\":\"https:\/\/portaltela.pt\/noticias\/2026\/04\/28\/concertos-gratuitos-em-leiria-homenageiam-afetados-pelo-mau-tempo\/#primaryimage\"},\"image\":{\"@id\":\"https:\/\/portaltela.pt\/noticias\/2026\/04\/28\/concertos-gratuitos-em-leiria-homenageiam-afetados-pelo-mau-tempo\/#primaryimage\"},\"thumbnailUrl\":\"https:\/\/portaltela.pt\/s.01k8rhncp4jt1\/2026\/04\/img_1280x721uu2025-06-30-14-55-39-2219634-im-639078174696139356.jpg\",\"datePublished\":\"2026-04-28T20:33:45+00:00\",\"author\":{\"@id\":\"https:\/\/portaltela.pt\/#\/schema\/person\/c4278d4a6028830caff9ee44b42d32ed\"},\"breadcrumb\":{\"@id\":\"https:\/\/portaltela.pt\/noticias\/2026\/04\/28\/concertos-gratuitos-em-leiria-homenageiam-afetados-pelo-mau-tempo\/#breadcrumb\"},\"inLanguage\":\"pt-PT\",\"potentialAction\":[{\"@type\":\"ReadAction\",\"target\":[\"https:\/\/portaltela.pt\/noticias\/2026\/04\/28\/concertos-gratuitos-em-leiria-homenageiam-afetados-pelo-mau-tempo\/\"]}]},{\"@type\":\"ImageObject\",\"inLanguage\":\"pt-PT\",\"@id\":\"https:\/\/portaltela.pt\/noticias\/2026\/04\/28\/concertos-gratuitos-em-leiria-homenageiam-afetados-pelo-mau-tempo\/#primaryimage\",\"url\":\"https:\/\/portaltela.pt\/s.01k8rhncp4jt1\/2026\/04\/img_1280x721uu2025-06-30-14-55-39-2219634-im-639078174696139356.jpg\",\"contentUrl\":\"https:\/\/portaltela.pt\/s.01k8rhncp4jt1\/2026\/04\/img_1280x721uu2025-06-30-14-55-39-2219634-im-639078174696139356.jpg\",\"width\":796,\"height\":448,\"caption\":\"Photo\"},{\"@type\":\"BreadcrumbList\",\"@id\":\"https:\/\/portaltela.pt\/noticias\/2026\/04\/28\/concertos-gratuitos-em-leiria-homenageiam-afetados-pelo-mau-tempo\/#breadcrumb\",\"itemListElement\":[{\"@type\":\"ListItem\",\"position\":1,\"name\":\"In\u00edcio\",\"item\":\"https:\/\/portaltela.pt\/\"},{\"@type\":\"ListItem\",\"position\":2,\"name\":\"Concertos gratuitos em Leiria homenageiam afetados pelo mau tempo\"}]},{\"@type\":\"WebSite\",\"@id\":\"https:\/\/portaltela.pt\/#website\",\"url\":\"https:\/\/portaltela.pt\/\",\"name\":\"Portal Tela Portugal\",\"description\":\"\",\"potentialAction\":[{\"@type\":\"SearchAction\",\"target\":{\"@type\":\"EntryPoint\",\"urlTemplate\":\"https:\/\/portaltela.pt\/?s={search_term_string}\"},\"query-input\":{\"@type\":\"PropertyValueSpecification\",\"valueRequired\":true,\"valueName\":\"search_term_string\"}}],\"inLanguage\":\"pt-PT\"},{\"@type\":\"Person\",\"@id\":\"https:\/\/portaltela.pt\/#\/schema\/person\/c4278d4a6028830caff9ee44b42d32ed\",\"name\":\"Telinha\",\"image\":{\"@type\":\"ImageObject\",\"inLanguage\":\"pt-PT\",\"@id\":\"https:\/\/portaltela.pt\/s.01k8rhncp4jt1\/2025\/11\/talking-bot-125x125.png\",\"url\":\"https:\/\/portaltela.pt\/s.01k8rhncp4jt1\/2025\/11\/talking-bot-125x125.png\",\"contentUrl\":\"https:\/\/portaltela.pt\/s.01k8rhncp4jt1\/2025\/11\/talking-bot-125x125.png\",\"caption\":\"Telinha\"},\"sameAs\":[\"https:\/\/portaltela.pt\/\"],\"url\":\"https:\/\/portaltela.pt\/por\/367410592786\/\"}]}<\/script>\n<!-- \/ Yoast SEO plugin. -->","yoast_head_json":{"title":"Concertos gratuitos em Leiria homenageiam afetados pelo mau tempo - Portal Tela Portugal","robots":{"index":"index","follow":"follow","max-snippet":"max-snippet:-1","max-image-preview":"max-image-preview:large","max-video-preview":"max-video-preview:-1"},"og_locale":"pt_PT","og_type":"article","og_title":"Concertos gratuitos em Leiria homenageiam afetados pelo mau tempo - Portal Tela Portugal","og_description":"Concerto gratuito em Leiria, no estacionamento do Est\u00e1dio Municipal, no dia 23 de maio, das 16h00 \u00e0s 23h00, para homenagear as pessoas afetadas pelo mau tempo. Participam Agir, B\u00e1rbara Bandeira, Calema, Cuca Roseta, Tony Carreira, Plut\u00f3nio e Kura. O evento integra o projeto Concertamos Juntos, que j\u00e1 divulgou dois concertos solid\u00e1rios com receitas a reverterem integralmente para a C\u00e1ritas Diocesana de Leiria. A Vodafone Portugal participa para apoiar a reconstru\u00e7\u00e3o e a reposi\u00e7\u00e3o de telecomunica\u00e7\u00f5es, com menos de mil clientes ainda sem servi\u00e7o. Autoridades locais destacam a m\u00fasica como express\u00e3o de solidariedade e refor\u00e7am a coes\u00e3o social gerada pela s\u00e9rie de concertos.","og_url":"https:\/\/portaltela.pt\/noticias\/2026\/04\/28\/concertos-gratuitos-em-leiria-homenageiam-afetados-pelo-mau-tempo\/","og_site_name":"Portal Tela Portugal","article_published_time":"2026-04-28T20:33:45+00:00","author":"Telinha","twitter_card":"summary_large_image","twitter_misc":{"Escrito por":"Telinha","Tempo estimado de leitura":"1 minuto"},"schema":{"@context":"https:\/\/schema.org","@graph":[{"@type":"Article","@id":"https:\/\/portaltela.pt\/noticias\/2026\/04\/28\/concertos-gratuitos-em-leiria-homenageiam-afetados-pelo-mau-tempo\/#article","isPartOf":{"@id":"https:\/\/portaltela.pt\/noticias\/2026\/04\/28\/concertos-gratuitos-em-leiria-homenageiam-afetados-pelo-mau-tempo\/"},"author":{"name":"Telinha","@id":"https:\/\/portaltela.pt\/#\/schema\/person\/c4278d4a6028830caff9ee44b42d32ed"},"headline":"Concertos gratuitos em Leiria homenageiam afetados pelo mau tempo","datePublished":"2026-04-28T20:33:45+00:00","mainEntityOfPage":{"@id":"https:\/\/portaltela.pt\/noticias\/2026\/04\/28\/concertos-gratuitos-em-leiria-homenageiam-afetados-pelo-mau-tempo\/"},"wordCount":305,"image":{"@id":"https:\/\/portaltela.pt\/noticias\/2026\/04\/28\/concertos-gratuitos-em-leiria-homenageiam-afetados-pelo-mau-tempo\/#primaryimage"},"thumbnailUrl":"https:\/\/portaltela.pt\/s.01k8rhncp4jt1\/2026\/04\/img_1280x721uu2025-06-30-14-55-39-2219634-im-639078174696139356.jpg","keywords":["_a\u00e7\u00f5es sociais","_Leiria","_Solidariedade Social","artistas","C\u00e1ritas Diocesana","concertos"],"articleSection":["Entretenimento","M\u00fasica"],"inLanguage":"pt-PT"},{"@type":"WebPage","@id":"https:\/\/portaltela.pt\/noticias\/2026\/04\/28\/concertos-gratuitos-em-leiria-homenageiam-afetados-pelo-mau-tempo\/","url":"https:\/\/portaltela.pt\/noticias\/2026\/04\/28\/concertos-gratuitos-em-leiria-homenageiam-afetados-pelo-mau-tempo\/","name":"Concertos gratuitos em Leiria homenageiam afetados pelo mau tempo - Portal Tela Portugal","isPartOf":{"@id":"https:\/\/portaltela.pt\/#website"},"primaryImageOfPage":{"@id":"https:\/\/portaltela.pt\/noticias\/2026\/04\/28\/concertos-gratuitos-em-leiria-homenageiam-afetados-pelo-mau-tempo\/#primaryimage"},"image":{"@id":"https:\/\/portaltela.pt\/noticias\/2026\/04\/28\/concertos-gratuitos-em-leiria-homenageiam-afetados-pelo-mau-tempo\/#primaryimage"},"thumbnailUrl":"https:\/\/portaltela.pt\/s.01k8rhncp4jt1\/2026\/04\/img_1280x721uu2025-06-30-14-55-39-2219634-im-639078174696139356.jpg","datePublished":"2026-04-28T20:33:45+00:00","author":{"@id":"https:\/\/portaltela.pt\/#\/schema\/person\/c4278d4a6028830caff9ee44b42d32ed"},"breadcrumb":{"@id":"https:\/\/portaltela.pt\/noticias\/2026\/04\/28\/concertos-gratuitos-em-leiria-homenageiam-afetados-pelo-mau-tempo\/#breadcrumb"},"inLanguage":"pt-PT","potentialAction":[{"@type":"ReadAction","target":["https:\/\/portaltela.pt\/noticias\/2026\/04\/28\/concertos-gratuitos-em-leiria-homenageiam-afetados-pelo-mau-tempo\/"]}]},{"@type":"ImageObject","inLanguage":"pt-PT","@id":"https:\/\/portaltela.pt\/noticias\/2026\/04\/28\/concertos-gratuitos-em-leiria-homenageiam-afetados-pelo-mau-tempo\/#primaryimage","url":"https:\/\/portaltela.pt\/s.01k8rhncp4jt1\/2026\/04\/img_1280x721uu2025-06-30-14-55-39-2219634-im-639078174696139356.jpg","contentUrl":"https:\/\/portaltela.pt\/s.01k8rhncp4jt1\/2026\/04\/img_1280x721uu2025-06-30-14-55-39-2219634-im-639078174696139356.jpg","width":796,"height":448,"caption":"Photo"},{"@type":"BreadcrumbList","@id":"https:\/\/portaltela.pt\/noticias\/2026\/04\/28\/concertos-gratuitos-em-leiria-homenageiam-afetados-pelo-mau-tempo\/#breadcrumb","itemListElement":[{"@type":"ListItem","position":1,"name":"In\u00edcio","item":"https:\/\/portaltela.pt\/"},{"@type":"ListItem","position":2,"name":"Concertos gratuitos em Leiria homenageiam afetados pelo mau tempo"}]},{"@type":"WebSite","@id":"https:\/\/portaltela.pt\/#website","url":"https:\/\/portaltela.pt\/","name":"Portal Tela Portugal","description":"","potentialAction":[{"@type":"SearchAction","target":{"@type":"EntryPoint","urlTemplate":"https:\/\/portaltela.pt\/?s={search_term_string}"},"query-input":{"@type":"PropertyValueSpecification","valueRequired":true,"valueName":"search_term_string"}}],"inLanguage":"pt-PT"},{"@type":"Person","@id":"https:\/\/portaltela.pt\/#\/schema\/person\/c4278d4a6028830caff9ee44b42d32ed","name":"Telinha","image":{"@type":"ImageObject","inLanguage":"pt-PT","@id":"https:\/\/portaltela.pt\/s.01k8rhncp4jt1\/2025\/11\/talking-bot-125x125.png","url":"https:\/\/portaltela.pt\/s.01k8rhncp4jt1\/2025\/11\/talking-bot-125x125.png","contentUrl":"https:\/\/portaltela.pt\/s.01k8rhncp4jt1\/2025\/11\/talking-bot-125x125.png","caption":"Telinha"},"sameAs":["https:\/\/portaltela.pt\/"],"url":"https:\/\/portaltela.pt\/por\/367410592786\/"}]}},"_links":{"self":[{"href":"https:\/\/portaltela.pt\/api\/wp\/v2\/posts\/460478","targetHints":{"allow":["GET"]}}],"collection":[{"href":"https:\/\/portaltela.pt\/api\/wp\/v2\/posts"}],"about":[{"href":"https:\/\/portaltela.pt\/api\/wp\/v2\/types\/post"}],"author":[{"embeddable":true,"href":"https:\/\/portaltela.pt\/api\/wp\/v2\/users\/2"}],"replies":[{"embeddable":true,"href":"https:\/\/portaltela.pt\/api\/wp\/v2\/comments?post=460478"}],"version-history":[{"count":0,"href":"https:\/\/portaltela.pt\/api\/wp\/v2\/posts\/460478\/revisions"}],"wp:featuredmedia":[{"embeddable":true,"href":"https:\/\/portaltela.pt\/api\/wp\/v2\/media\/460481"}],"wp:attachment":[{"href":"https:\/\/portaltela.pt\/api\/wp\/v2\/media?parent=460478"}],"wp:term":[{"taxonomy":"category","embeddable":true,"href":"https:\/\/portaltela.pt\/api\/wp\/v2\/categories?post=460478"},{"taxonomy":"post_tag","embeddable":true,"href":"https:\/\/portaltela.pt\/api\/wp\/v2\/tags?post=460478"}],"curies":[{"name":"wp","href":"https:\/\/api.w.org\/{rel}","templated":true}]}}