{"id":460477,"date":"2026-04-28T17:33:42","date_gmt":"2026-04-28T20:33:42","guid":{"rendered":"https:\/\/portaltela.pt\/noticias\/2026\/04\/28\/benfica-afirmou-que-mourinho-era-treinador-apenas-a-curto-prazo\/"},"modified":"2026-04-28T17:33:42","modified_gmt":"2026-04-28T20:33:42","slug":"benfica-afirmou-que-mourinho-era-treinador-apenas-a-curto-prazo","status":"publish","type":"post","link":"https:\/\/portaltela.pt\/desporto\/futebol\/2026\/04\/28\/benfica-afirmou-que-mourinho-era-treinador-apenas-a-curto-prazo\/","title":{"rendered":"Benfica afirmou que Mourinho era treinador apenas a curto prazo"},"content":{"rendered":"<p>V\u00edtor Pinto, subdiretor do Record, afirmou que a possibilidade de Jos\u00e9 Mourinho regressar ao Real Madrid ganha for\u00e7a. No programa Record na Hora, o jornalista alegou que a sa\u00edda do t\u00e9cnico para Espanha seria um problema que Rui Costa podia ter evitado.<\/p>\n<p>Pinto sustenta ainda que o Benfica n\u00e3o ter\u00e1 renovado com Mourinho por considerar que o treinador j\u00e1 representava um objetivo de curto prazo. Segundo a an\u00e1lise do comentador, a dire\u00e7\u00e3o do clube n\u00e3o anteviu a hip\u00f3tese de chegar apenas ao segundo lugar no campeonato.<\/p>\n<p>A discuss\u00e3o surgiu a partir do cen\u00e1rio relativo ao futuro de Mourinho, que orienta o Benfica at\u00e9 ao momento. A entrevista enfatiza que a gest\u00e3o de contratos pode influenciar decis\u00f5es estrat\u00e9gicas do clube.<\/p>\n<h3>Contexto<\/h3>\n<p>O coment\u00e1rio foi exibido num programa de televis\u00e3o de alcance nacional, envolvendo an\u00e1lise de acontecimentos recentes do futebol portugu\u00eas. As declara\u00e7\u00f5es focam-se no envolvimento de Rui Costa e na avalia\u00e7\u00e3o da dire\u00e7\u00e3o da SAD.<\/p>\n<p>A manchete implicada centraliza a ideia de que muta\u00e7\u00f5es na equipa t\u00e9cnica s\u00e3o consideradas pela lideran\u00e7a como oportunidades de realinhamento estrat\u00e9gico. A narrativa aponta para uma leitura cr\u00edtica sobre a gest\u00e3o de contrata\u00e7\u00f5es.<\/p>\n<p>A not\u00edcia n\u00e3o revela fontes adicionais nem confirma\u00e7\u00f5es oficiais. Mant\u00e9m-se o tom informativo, sem opini\u00f5es ou julgamentos sobre as escolhas feitas pela dire\u00e7\u00e3o.<\/p>\n","protected":false},"excerpt":{"rendered":"<ul>\n<li>A poss\u00edvel sa\u00edda de Jos\u00e9 Mourinho e o seu regresso ao Real Madrid ganham for\u00e7a, segundo o programa Record na Hora.<\/li>\n<li>V\u00edtor Pinto, subdiretor do Record, afirmou que a sa\u00edda do treinador foi um problema que Rui Costa podia ter evitado.<\/li>\n<li>O coment\u00e1rio acrescenta que o presidente do Benfica n\u00e3o antevia que a equipa pudesse alcan\u00e7ar o segundo lugar do campeonato.<\/li>\n<li>A discuss\u00e3o centrada na gest\u00e3o de Mourinho relaciona\u2011se com a forma como o clube lidou com a continuidade do treinador.<\/li>\n<\/ul>\n","protected":false},"author":2,"featured_media":460480,"comment_status":"closed","ping_status":"closed","sticky":false,"template":"","format":"standard","meta":{"footnotes":""},"categories":[21,24],"tags":[1946,2219,32,2415,3310,2714],"class_list":["post-460477","post","type-post","status-publish","format-standard","has-post-thumbnail","hentry","category-desporto","category-futebol","tag-benfica","tag-contratacoes","tag-futebol","tag-gestao","tag-mourinho","tag-real-madrid"],"yoast_head":"<!-- This site is optimized with the Yoast SEO plugin v27.2 - https:\/\/yoast.com\/product\/yoast-seo-wordpress\/ -->\n<title>Benfica afirmou que Mourinho era treinador apenas a curto prazo - Portal Tela Portugal<\/title>\n<meta name=\"robots\" content=\"index, follow, max-snippet:-1, max-image-preview:large, max-video-preview:-1\" \/>\n<meta property=\"og:locale\" content=\"pt_PT\" \/>\n<meta property=\"og:type\" content=\"article\" \/>\n<meta property=\"og:title\" content=\"Benfica afirmou que Mourinho era treinador apenas a curto prazo - Portal Tela Portugal\" \/>\n<meta property=\"og:description\" content=\"A poss\u00edvel sa\u00edda de Jos\u00e9 Mourinho e o seu regresso ao Real Madrid ganham for\u00e7a, segundo o programa Record na Hora. V\u00edtor Pinto, subdiretor do Record, afirmou que a sa\u00edda do treinador foi um problema que Rui Costa podia ter evitado. O coment\u00e1rio acrescenta que o presidente do Benfica n\u00e3o antevia que a equipa pudesse alcan\u00e7ar o segundo lugar do campeonato. A discuss\u00e3o centrada na gest\u00e3o de Mourinho relaciona\u2011se com a forma como o clube lidou com a continuidade do treinador.\" \/>\n<meta property=\"og:url\" content=\"https:\/\/portaltela.pt\/noticias\/2026\/04\/28\/benfica-afirmou-que-mourinho-era-treinador-apenas-a-curto-prazo\/\" \/>\n<meta property=\"og:site_name\" content=\"Portal Tela Portugal\" \/>\n<meta property=\"article:published_time\" content=\"2026-04-28T20:33:42+00:00\" \/>\n<meta name=\"author\" content=\"Telinha\" \/>\n<meta name=\"twitter:card\" content=\"summary_large_image\" \/>\n<meta name=\"twitter:label1\" content=\"Escrito por\" \/>\n\t<meta name=\"twitter:data1\" content=\"Telinha\" \/>\n\t<meta name=\"twitter:label2\" content=\"Tempo estimado de leitura\" \/>\n\t<meta name=\"twitter:data2\" content=\"1 minuto\" \/>\n<script type=\"application\/ld+json\" class=\"yoast-schema-graph\">{\"@context\":\"https:\/\/schema.org\",\"@graph\":[{\"@type\":\"Article\",\"@id\":\"https:\/\/portaltela.pt\/noticias\/2026\/04\/28\/benfica-afirmou-que-mourinho-era-treinador-apenas-a-curto-prazo\/#article\",\"isPartOf\":{\"@id\":\"https:\/\/portaltela.pt\/noticias\/2026\/04\/28\/benfica-afirmou-que-mourinho-era-treinador-apenas-a-curto-prazo\/\"},\"author\":{\"name\":\"Telinha\",\"@id\":\"https:\/\/portaltela.pt\/#\/schema\/person\/c4278d4a6028830caff9ee44b42d32ed\"},\"headline\":\"Benfica afirmou que Mourinho era treinador apenas a curto prazo\",\"datePublished\":\"2026-04-28T20:33:42+00:00\",\"mainEntityOfPage\":{\"@id\":\"https:\/\/portaltela.pt\/noticias\/2026\/04\/28\/benfica-afirmou-que-mourinho-era-treinador-apenas-a-curto-prazo\/\"},\"wordCount\":255,\"image\":{\"@id\":\"https:\/\/portaltela.pt\/noticias\/2026\/04\/28\/benfica-afirmou-que-mourinho-era-treinador-apenas-a-curto-prazo\/#primaryimage\"},\"thumbnailUrl\":\"https:\/\/portaltela.pt\/s.01k8rhncp4jt1\/2026\/04\/img_1200x721uu2026-04-28-21-19-00-2435814.jpg\",\"keywords\":[\"Benfica\",\"contrata\u00e7\u00f5es\",\"futebol\",\"gest\u00e3o\",\"Mourinho\",\"Real Madrid\"],\"articleSection\":[\"Desporto\",\"Futebol\"],\"inLanguage\":\"pt-PT\"},{\"@type\":\"WebPage\",\"@id\":\"https:\/\/portaltela.pt\/noticias\/2026\/04\/28\/benfica-afirmou-que-mourinho-era-treinador-apenas-a-curto-prazo\/\",\"url\":\"https:\/\/portaltela.pt\/noticias\/2026\/04\/28\/benfica-afirmou-que-mourinho-era-treinador-apenas-a-curto-prazo\/\",\"name\":\"Benfica afirmou que Mourinho era treinador apenas a curto prazo - Portal Tela Portugal\",\"isPartOf\":{\"@id\":\"https:\/\/portaltela.pt\/#website\"},\"primaryImageOfPage\":{\"@id\":\"https:\/\/portaltela.pt\/noticias\/2026\/04\/28\/benfica-afirmou-que-mourinho-era-treinador-apenas-a-curto-prazo\/#primaryimage\"},\"image\":{\"@id\":\"https:\/\/portaltela.pt\/noticias\/2026\/04\/28\/benfica-afirmou-que-mourinho-era-treinador-apenas-a-curto-prazo\/#primaryimage\"},\"thumbnailUrl\":\"https:\/\/portaltela.pt\/s.01k8rhncp4jt1\/2026\/04\/img_1200x721uu2026-04-28-21-19-00-2435814.jpg\",\"datePublished\":\"2026-04-28T20:33:42+00:00\",\"author\":{\"@id\":\"https:\/\/portaltela.pt\/#\/schema\/person\/c4278d4a6028830caff9ee44b42d32ed\"},\"breadcrumb\":{\"@id\":\"https:\/\/portaltela.pt\/noticias\/2026\/04\/28\/benfica-afirmou-que-mourinho-era-treinador-apenas-a-curto-prazo\/#breadcrumb\"},\"inLanguage\":\"pt-PT\",\"potentialAction\":[{\"@type\":\"ReadAction\",\"target\":[\"https:\/\/portaltela.pt\/noticias\/2026\/04\/28\/benfica-afirmou-que-mourinho-era-treinador-apenas-a-curto-prazo\/\"]}]},{\"@type\":\"ImageObject\",\"inLanguage\":\"pt-PT\",\"@id\":\"https:\/\/portaltela.pt\/noticias\/2026\/04\/28\/benfica-afirmou-que-mourinho-era-treinador-apenas-a-curto-prazo\/#primaryimage\",\"url\":\"https:\/\/portaltela.pt\/s.01k8rhncp4jt1\/2026\/04\/img_1200x721uu2026-04-28-21-19-00-2435814.jpg\",\"contentUrl\":\"https:\/\/portaltela.pt\/s.01k8rhncp4jt1\/2026\/04\/img_1200x721uu2026-04-28-21-19-00-2435814.jpg\",\"width\":796,\"height\":448,\"caption\":\"Photo\"},{\"@type\":\"BreadcrumbList\",\"@id\":\"https:\/\/portaltela.pt\/noticias\/2026\/04\/28\/benfica-afirmou-que-mourinho-era-treinador-apenas-a-curto-prazo\/#breadcrumb\",\"itemListElement\":[{\"@type\":\"ListItem\",\"position\":1,\"name\":\"In\u00edcio\",\"item\":\"https:\/\/portaltela.pt\/\"},{\"@type\":\"ListItem\",\"position\":2,\"name\":\"Benfica afirmou que Mourinho era treinador apenas a curto prazo\"}]},{\"@type\":\"WebSite\",\"@id\":\"https:\/\/portaltela.pt\/#website\",\"url\":\"https:\/\/portaltela.pt\/\",\"name\":\"Portal Tela Portugal\",\"description\":\"\",\"potentialAction\":[{\"@type\":\"SearchAction\",\"target\":{\"@type\":\"EntryPoint\",\"urlTemplate\":\"https:\/\/portaltela.pt\/?s={search_term_string}\"},\"query-input\":{\"@type\":\"PropertyValueSpecification\",\"valueRequired\":true,\"valueName\":\"search_term_string\"}}],\"inLanguage\":\"pt-PT\"},{\"@type\":\"Person\",\"@id\":\"https:\/\/portaltela.pt\/#\/schema\/person\/c4278d4a6028830caff9ee44b42d32ed\",\"name\":\"Telinha\",\"image\":{\"@type\":\"ImageObject\",\"inLanguage\":\"pt-PT\",\"@id\":\"https:\/\/portaltela.pt\/s.01k8rhncp4jt1\/2025\/11\/talking-bot-125x125.png\",\"url\":\"https:\/\/portaltela.pt\/s.01k8rhncp4jt1\/2025\/11\/talking-bot-125x125.png\",\"contentUrl\":\"https:\/\/portaltela.pt\/s.01k8rhncp4jt1\/2025\/11\/talking-bot-125x125.png\",\"caption\":\"Telinha\"},\"sameAs\":[\"https:\/\/portaltela.pt\/\"],\"url\":\"https:\/\/portaltela.pt\/por\/367410592786\/\"}]}<\/script>\n<!-- \/ Yoast SEO plugin. -->","yoast_head_json":{"title":"Benfica afirmou que Mourinho era treinador apenas a curto prazo - Portal Tela Portugal","robots":{"index":"index","follow":"follow","max-snippet":"max-snippet:-1","max-image-preview":"max-image-preview:large","max-video-preview":"max-video-preview:-1"},"og_locale":"pt_PT","og_type":"article","og_title":"Benfica afirmou que Mourinho era treinador apenas a curto prazo - Portal Tela Portugal","og_description":"A poss\u00edvel sa\u00edda de Jos\u00e9 Mourinho e o seu regresso ao Real Madrid ganham for\u00e7a, segundo o programa Record na Hora. V\u00edtor Pinto, subdiretor do Record, afirmou que a sa\u00edda do treinador foi um problema que Rui Costa podia ter evitado. O coment\u00e1rio acrescenta que o presidente do Benfica n\u00e3o antevia que a equipa pudesse alcan\u00e7ar o segundo lugar do campeonato. A discuss\u00e3o centrada na gest\u00e3o de Mourinho relaciona\u2011se com a forma como o clube lidou com a continuidade do treinador.","og_url":"https:\/\/portaltela.pt\/noticias\/2026\/04\/28\/benfica-afirmou-que-mourinho-era-treinador-apenas-a-curto-prazo\/","og_site_name":"Portal Tela Portugal","article_published_time":"2026-04-28T20:33:42+00:00","author":"Telinha","twitter_card":"summary_large_image","twitter_misc":{"Escrito por":"Telinha","Tempo estimado de leitura":"1 minuto"},"schema":{"@context":"https:\/\/schema.org","@graph":[{"@type":"Article","@id":"https:\/\/portaltela.pt\/noticias\/2026\/04\/28\/benfica-afirmou-que-mourinho-era-treinador-apenas-a-curto-prazo\/#article","isPartOf":{"@id":"https:\/\/portaltela.pt\/noticias\/2026\/04\/28\/benfica-afirmou-que-mourinho-era-treinador-apenas-a-curto-prazo\/"},"author":{"name":"Telinha","@id":"https:\/\/portaltela.pt\/#\/schema\/person\/c4278d4a6028830caff9ee44b42d32ed"},"headline":"Benfica afirmou que Mourinho era treinador apenas a curto prazo","datePublished":"2026-04-28T20:33:42+00:00","mainEntityOfPage":{"@id":"https:\/\/portaltela.pt\/noticias\/2026\/04\/28\/benfica-afirmou-que-mourinho-era-treinador-apenas-a-curto-prazo\/"},"wordCount":255,"image":{"@id":"https:\/\/portaltela.pt\/noticias\/2026\/04\/28\/benfica-afirmou-que-mourinho-era-treinador-apenas-a-curto-prazo\/#primaryimage"},"thumbnailUrl":"https:\/\/portaltela.pt\/s.01k8rhncp4jt1\/2026\/04\/img_1200x721uu2026-04-28-21-19-00-2435814.jpg","keywords":["Benfica","contrata\u00e7\u00f5es","futebol","gest\u00e3o","Mourinho","Real Madrid"],"articleSection":["Desporto","Futebol"],"inLanguage":"pt-PT"},{"@type":"WebPage","@id":"https:\/\/portaltela.pt\/noticias\/2026\/04\/28\/benfica-afirmou-que-mourinho-era-treinador-apenas-a-curto-prazo\/","url":"https:\/\/portaltela.pt\/noticias\/2026\/04\/28\/benfica-afirmou-que-mourinho-era-treinador-apenas-a-curto-prazo\/","name":"Benfica afirmou que Mourinho era treinador apenas a curto prazo - Portal Tela Portugal","isPartOf":{"@id":"https:\/\/portaltela.pt\/#website"},"primaryImageOfPage":{"@id":"https:\/\/portaltela.pt\/noticias\/2026\/04\/28\/benfica-afirmou-que-mourinho-era-treinador-apenas-a-curto-prazo\/#primaryimage"},"image":{"@id":"https:\/\/portaltela.pt\/noticias\/2026\/04\/28\/benfica-afirmou-que-mourinho-era-treinador-apenas-a-curto-prazo\/#primaryimage"},"thumbnailUrl":"https:\/\/portaltela.pt\/s.01k8rhncp4jt1\/2026\/04\/img_1200x721uu2026-04-28-21-19-00-2435814.jpg","datePublished":"2026-04-28T20:33:42+00:00","author":{"@id":"https:\/\/portaltela.pt\/#\/schema\/person\/c4278d4a6028830caff9ee44b42d32ed"},"breadcrumb":{"@id":"https:\/\/portaltela.pt\/noticias\/2026\/04\/28\/benfica-afirmou-que-mourinho-era-treinador-apenas-a-curto-prazo\/#breadcrumb"},"inLanguage":"pt-PT","potentialAction":[{"@type":"ReadAction","target":["https:\/\/portaltela.pt\/noticias\/2026\/04\/28\/benfica-afirmou-que-mourinho-era-treinador-apenas-a-curto-prazo\/"]}]},{"@type":"ImageObject","inLanguage":"pt-PT","@id":"https:\/\/portaltela.pt\/noticias\/2026\/04\/28\/benfica-afirmou-que-mourinho-era-treinador-apenas-a-curto-prazo\/#primaryimage","url":"https:\/\/portaltela.pt\/s.01k8rhncp4jt1\/2026\/04\/img_1200x721uu2026-04-28-21-19-00-2435814.jpg","contentUrl":"https:\/\/portaltela.pt\/s.01k8rhncp4jt1\/2026\/04\/img_1200x721uu2026-04-28-21-19-00-2435814.jpg","width":796,"height":448,"caption":"Photo"},{"@type":"BreadcrumbList","@id":"https:\/\/portaltela.pt\/noticias\/2026\/04\/28\/benfica-afirmou-que-mourinho-era-treinador-apenas-a-curto-prazo\/#breadcrumb","itemListElement":[{"@type":"ListItem","position":1,"name":"In\u00edcio","item":"https:\/\/portaltela.pt\/"},{"@type":"ListItem","position":2,"name":"Benfica afirmou que Mourinho era treinador apenas a curto prazo"}]},{"@type":"WebSite","@id":"https:\/\/portaltela.pt\/#website","url":"https:\/\/portaltela.pt\/","name":"Portal Tela Portugal","description":"","potentialAction":[{"@type":"SearchAction","target":{"@type":"EntryPoint","urlTemplate":"https:\/\/portaltela.pt\/?s={search_term_string}"},"query-input":{"@type":"PropertyValueSpecification","valueRequired":true,"valueName":"search_term_string"}}],"inLanguage":"pt-PT"},{"@type":"Person","@id":"https:\/\/portaltela.pt\/#\/schema\/person\/c4278d4a6028830caff9ee44b42d32ed","name":"Telinha","image":{"@type":"ImageObject","inLanguage":"pt-PT","@id":"https:\/\/portaltela.pt\/s.01k8rhncp4jt1\/2025\/11\/talking-bot-125x125.png","url":"https:\/\/portaltela.pt\/s.01k8rhncp4jt1\/2025\/11\/talking-bot-125x125.png","contentUrl":"https:\/\/portaltela.pt\/s.01k8rhncp4jt1\/2025\/11\/talking-bot-125x125.png","caption":"Telinha"},"sameAs":["https:\/\/portaltela.pt\/"],"url":"https:\/\/portaltela.pt\/por\/367410592786\/"}]}},"_links":{"self":[{"href":"https:\/\/portaltela.pt\/api\/wp\/v2\/posts\/460477","targetHints":{"allow":["GET"]}}],"collection":[{"href":"https:\/\/portaltela.pt\/api\/wp\/v2\/posts"}],"about":[{"href":"https:\/\/portaltela.pt\/api\/wp\/v2\/types\/post"}],"author":[{"embeddable":true,"href":"https:\/\/portaltela.pt\/api\/wp\/v2\/users\/2"}],"replies":[{"embeddable":true,"href":"https:\/\/portaltela.pt\/api\/wp\/v2\/comments?post=460477"}],"version-history":[{"count":0,"href":"https:\/\/portaltela.pt\/api\/wp\/v2\/posts\/460477\/revisions"}],"wp:featuredmedia":[{"embeddable":true,"href":"https:\/\/portaltela.pt\/api\/wp\/v2\/media\/460480"}],"wp:attachment":[{"href":"https:\/\/portaltela.pt\/api\/wp\/v2\/media?parent=460477"}],"wp:term":[{"taxonomy":"category","embeddable":true,"href":"https:\/\/portaltela.pt\/api\/wp\/v2\/categories?post=460477"},{"taxonomy":"post_tag","embeddable":true,"href":"https:\/\/portaltela.pt\/api\/wp\/v2\/tags?post=460477"}],"curies":[{"name":"wp","href":"https:\/\/api.w.org\/{rel}","templated":true}]}}