{"id":460473,"date":"2026-04-28T17:33:15","date_gmt":"2026-04-28T20:33:15","guid":{"rendered":"https:\/\/portaltela.pt\/noticias\/2026\/04\/28\/arteta-promete-agarrar-a-oportunidade-com-as-duas-maos\/"},"modified":"2026-04-28T17:33:15","modified_gmt":"2026-04-28T20:33:15","slug":"arteta-promete-agarrar-a-oportunidade-com-as-duas-maos","status":"publish","type":"post","link":"https:\/\/portaltela.pt\/desporto\/futebol\/2026\/04\/28\/arteta-promete-agarrar-a-oportunidade-com-as-duas-maos\/","title":{"rendered":"Arteta promete agarrar a oportunidade com as duas m\u00e3os"},"content":{"rendered":"<p>Mikel Arteta afirma que o Arsenal tem uma oportunidade relevante de chegar \u00e0 final da Liga dos Campe\u00f5es. O treinador espanhol falou numa confer\u00eancia de imprensa antes do encontro da meia-final frente ao Atl\u00e9tico de Madrid, marcado para amanh\u00e3, \u00e0s 20h.<\/p>\n<p>Arteta sublinhou o privil\u00e9gio de chegar novamente \u00e0s meias-finais, pela segunda \u00e9poca consecutiva, e admitiu que a equipa pretende dominar a eliminat\u00f3ria desde o in\u00edcio para indicar o caminho rumo \u00e0 final.<\/p>\n<p>Na mesma sess\u00e3o, o t\u00e9cnico revelou as baixas para o jogo de amanh\u00e3: Havertz e Timber ficam de fora, enquanto Eze e Calafiori est\u00e3o dispon\u00edveis ap\u00f3s recupera\u00e7\u00e3o. Tamb\u00e9m recusou comentar a campanha de Diego Simeone sobre Juli\u00e1n \u00c1lvarez.<\/p>\n<p>Sobre o tema, Arteta destacou que n\u00e3o comenta sobre jogadores que n\u00e3o sejam seus, mantendo o foco no que compete ao Arsenal e na estrat\u00e9gia para o duelo com o Atl\u00e9tico.<\/p>\n","protected":false},"excerpt":{"rendered":"<ul>\n<li>Arteta diz que \u00e9 um enorme privil\u00e9gio estar novamente nas meias-finais da Liga dos Campe\u00f5es e que a equipa quer dominar o jogo de amanh\u00e3 frente ao Atl\u00e9tico de Madrid.<\/li>\n<li>O treinador espanhol, de 44 anos, espera ver uma equipa dominante e determinada a vencer a eliminat\u00f3ria desde o in\u00edcio.<\/li>\n<li>Havertz e Timber ficam de fora do jogo de amanh\u00e3, \u00e0s 20h, enquanto Eze e Calafiori est\u00e3o recuperados.<\/li>\n<li>Arteta n\u00e3o comentou as alegadas negocia\u00e7\u00f5es do Arsenal por Juli\u00e1n \u00c1lvarez, afirmando que n\u00e3o fala de jogadores que n\u00e3o s\u00e3o seus.<\/li>\n<li>Os Gunners procuram chegar \u00e0 final da Champions pela segunda \u00e9poca consecutiva.<\/li>\n<\/ul>\n","protected":false},"author":2,"featured_media":460474,"comment_status":"closed","ping_status":"closed","sticky":false,"template":"","format":"standard","meta":{"footnotes":""},"categories":[21,24],"tags":[1109,3577,1287,32,3338,2477],"class_list":["post-460473","post","type-post","status-publish","format-standard","has-post-thumbnail","hentry","category-desporto","category-futebol","tag-atletico-de-madrid","tag-champions-league","tag-equipas","tag-futebol","tag-futebol-internacional","tag-treinadores"],"yoast_head":"<!-- This site is optimized with the Yoast SEO plugin v27.2 - https:\/\/yoast.com\/product\/yoast-seo-wordpress\/ -->\n<title>Arteta promete agarrar a oportunidade com as duas m\u00e3os - Portal Tela Portugal<\/title>\n<meta name=\"robots\" content=\"index, follow, max-snippet:-1, max-image-preview:large, max-video-preview:-1\" \/>\n<meta property=\"og:locale\" content=\"pt_PT\" \/>\n<meta property=\"og:type\" content=\"article\" \/>\n<meta property=\"og:title\" content=\"Arteta promete agarrar a oportunidade com as duas m\u00e3os - Portal Tela Portugal\" \/>\n<meta property=\"og:description\" content=\"Arteta diz que \u00e9 um enorme privil\u00e9gio estar novamente nas meias-finais da Liga dos Campe\u00f5es e que a equipa quer dominar o jogo de amanh\u00e3 frente ao Atl\u00e9tico de Madrid. O treinador espanhol, de 44 anos, espera ver uma equipa dominante e determinada a vencer a eliminat\u00f3ria desde o in\u00edcio. Havertz e Timber ficam de fora do jogo de amanh\u00e3, \u00e0s 20h, enquanto Eze e Calafiori est\u00e3o recuperados. Arteta n\u00e3o comentou as alegadas negocia\u00e7\u00f5es do Arsenal por Juli\u00e1n \u00c1lvarez, afirmando que n\u00e3o fala de jogadores que n\u00e3o s\u00e3o seus. Os Gunners procuram chegar \u00e0 final da Champions pela segunda \u00e9poca consecutiva.\" \/>\n<meta property=\"og:url\" content=\"https:\/\/portaltela.pt\/noticias\/2026\/04\/28\/arteta-promete-agarrar-a-oportunidade-com-as-duas-maos\/\" \/>\n<meta property=\"og:site_name\" content=\"Portal Tela Portugal\" \/>\n<meta property=\"article:published_time\" content=\"2026-04-28T20:33:15+00:00\" \/>\n<meta name=\"author\" content=\"Telinha\" \/>\n<meta name=\"twitter:card\" content=\"summary_large_image\" \/>\n<meta name=\"twitter:label1\" content=\"Escrito por\" \/>\n\t<meta name=\"twitter:data1\" content=\"Telinha\" \/>\n\t<meta name=\"twitter:label2\" content=\"Tempo estimado de leitura\" \/>\n\t<meta name=\"twitter:data2\" content=\"1 minuto\" \/>\n<script type=\"application\/ld+json\" class=\"yoast-schema-graph\">{\"@context\":\"https:\/\/schema.org\",\"@graph\":[{\"@type\":\"Article\",\"@id\":\"https:\/\/portaltela.pt\/noticias\/2026\/04\/28\/arteta-promete-agarrar-a-oportunidade-com-as-duas-maos\/#article\",\"isPartOf\":{\"@id\":\"https:\/\/portaltela.pt\/noticias\/2026\/04\/28\/arteta-promete-agarrar-a-oportunidade-com-as-duas-maos\/\"},\"author\":{\"name\":\"Telinha\",\"@id\":\"https:\/\/portaltela.pt\/#\/schema\/person\/c4278d4a6028830caff9ee44b42d32ed\"},\"headline\":\"Arteta promete agarrar a oportunidade com as duas m\u00e3os\",\"datePublished\":\"2026-04-28T20:33:15+00:00\",\"mainEntityOfPage\":{\"@id\":\"https:\/\/portaltela.pt\/noticias\/2026\/04\/28\/arteta-promete-agarrar-a-oportunidade-com-as-duas-maos\/\"},\"wordCount\":168,\"image\":{\"@id\":\"https:\/\/portaltela.pt\/noticias\/2026\/04\/28\/arteta-promete-agarrar-a-oportunidade-com-as-duas-maos\/#primaryimage\"},\"thumbnailUrl\":\"https:\/\/portaltela.pt\/s.01k8rhncp4jt1\/2026\/04\/img_920x518uu2026-04-07-09-15-32-2431535-im-639130069230859415.jpg\",\"keywords\":[\"Atl\u00e9tico de Madrid\",\"Champions League\",\"equipas\",\"futebol\",\"futebol internacional\",\"treinadores\"],\"articleSection\":[\"Desporto\",\"Futebol\"],\"inLanguage\":\"pt-PT\"},{\"@type\":\"WebPage\",\"@id\":\"https:\/\/portaltela.pt\/noticias\/2026\/04\/28\/arteta-promete-agarrar-a-oportunidade-com-as-duas-maos\/\",\"url\":\"https:\/\/portaltela.pt\/noticias\/2026\/04\/28\/arteta-promete-agarrar-a-oportunidade-com-as-duas-maos\/\",\"name\":\"Arteta promete agarrar a oportunidade com as duas m\u00e3os - Portal Tela Portugal\",\"isPartOf\":{\"@id\":\"https:\/\/portaltela.pt\/#website\"},\"primaryImageOfPage\":{\"@id\":\"https:\/\/portaltela.pt\/noticias\/2026\/04\/28\/arteta-promete-agarrar-a-oportunidade-com-as-duas-maos\/#primaryimage\"},\"image\":{\"@id\":\"https:\/\/portaltela.pt\/noticias\/2026\/04\/28\/arteta-promete-agarrar-a-oportunidade-com-as-duas-maos\/#primaryimage\"},\"thumbnailUrl\":\"https:\/\/portaltela.pt\/s.01k8rhncp4jt1\/2026\/04\/img_920x518uu2026-04-07-09-15-32-2431535-im-639130069230859415.jpg\",\"datePublished\":\"2026-04-28T20:33:15+00:00\",\"author\":{\"@id\":\"https:\/\/portaltela.pt\/#\/schema\/person\/c4278d4a6028830caff9ee44b42d32ed\"},\"breadcrumb\":{\"@id\":\"https:\/\/portaltela.pt\/noticias\/2026\/04\/28\/arteta-promete-agarrar-a-oportunidade-com-as-duas-maos\/#breadcrumb\"},\"inLanguage\":\"pt-PT\",\"potentialAction\":[{\"@type\":\"ReadAction\",\"target\":[\"https:\/\/portaltela.pt\/noticias\/2026\/04\/28\/arteta-promete-agarrar-a-oportunidade-com-as-duas-maos\/\"]}]},{\"@type\":\"ImageObject\",\"inLanguage\":\"pt-PT\",\"@id\":\"https:\/\/portaltela.pt\/noticias\/2026\/04\/28\/arteta-promete-agarrar-a-oportunidade-com-as-duas-maos\/#primaryimage\",\"url\":\"https:\/\/portaltela.pt\/s.01k8rhncp4jt1\/2026\/04\/img_920x518uu2026-04-07-09-15-32-2431535-im-639130069230859415.jpg\",\"contentUrl\":\"https:\/\/portaltela.pt\/s.01k8rhncp4jt1\/2026\/04\/img_920x518uu2026-04-07-09-15-32-2431535-im-639130069230859415.jpg\",\"width\":796,\"height\":448,\"caption\":\"Arteta est\u00e1 nas meias-finais da Champions pelo segundo ano seguido\"},{\"@type\":\"BreadcrumbList\",\"@id\":\"https:\/\/portaltela.pt\/noticias\/2026\/04\/28\/arteta-promete-agarrar-a-oportunidade-com-as-duas-maos\/#breadcrumb\",\"itemListElement\":[{\"@type\":\"ListItem\",\"position\":1,\"name\":\"In\u00edcio\",\"item\":\"https:\/\/portaltela.pt\/\"},{\"@type\":\"ListItem\",\"position\":2,\"name\":\"Arteta promete agarrar a oportunidade com as duas m\u00e3os\"}]},{\"@type\":\"WebSite\",\"@id\":\"https:\/\/portaltela.pt\/#website\",\"url\":\"https:\/\/portaltela.pt\/\",\"name\":\"Portal Tela Portugal\",\"description\":\"\",\"potentialAction\":[{\"@type\":\"SearchAction\",\"target\":{\"@type\":\"EntryPoint\",\"urlTemplate\":\"https:\/\/portaltela.pt\/?s={search_term_string}\"},\"query-input\":{\"@type\":\"PropertyValueSpecification\",\"valueRequired\":true,\"valueName\":\"search_term_string\"}}],\"inLanguage\":\"pt-PT\"},{\"@type\":\"Person\",\"@id\":\"https:\/\/portaltela.pt\/#\/schema\/person\/c4278d4a6028830caff9ee44b42d32ed\",\"name\":\"Telinha\",\"image\":{\"@type\":\"ImageObject\",\"inLanguage\":\"pt-PT\",\"@id\":\"https:\/\/portaltela.pt\/s.01k8rhncp4jt1\/2025\/11\/talking-bot-125x125.png\",\"url\":\"https:\/\/portaltela.pt\/s.01k8rhncp4jt1\/2025\/11\/talking-bot-125x125.png\",\"contentUrl\":\"https:\/\/portaltela.pt\/s.01k8rhncp4jt1\/2025\/11\/talking-bot-125x125.png\",\"caption\":\"Telinha\"},\"sameAs\":[\"https:\/\/portaltela.pt\/\"],\"url\":\"https:\/\/portaltela.pt\/por\/367410592786\/\"}]}<\/script>\n<!-- \/ Yoast SEO plugin. -->","yoast_head_json":{"title":"Arteta promete agarrar a oportunidade com as duas m\u00e3os - Portal Tela Portugal","robots":{"index":"index","follow":"follow","max-snippet":"max-snippet:-1","max-image-preview":"max-image-preview:large","max-video-preview":"max-video-preview:-1"},"og_locale":"pt_PT","og_type":"article","og_title":"Arteta promete agarrar a oportunidade com as duas m\u00e3os - Portal Tela Portugal","og_description":"Arteta diz que \u00e9 um enorme privil\u00e9gio estar novamente nas meias-finais da Liga dos Campe\u00f5es e que a equipa quer dominar o jogo de amanh\u00e3 frente ao Atl\u00e9tico de Madrid. O treinador espanhol, de 44 anos, espera ver uma equipa dominante e determinada a vencer a eliminat\u00f3ria desde o in\u00edcio. Havertz e Timber ficam de fora do jogo de amanh\u00e3, \u00e0s 20h, enquanto Eze e Calafiori est\u00e3o recuperados. Arteta n\u00e3o comentou as alegadas negocia\u00e7\u00f5es do Arsenal por Juli\u00e1n \u00c1lvarez, afirmando que n\u00e3o fala de jogadores que n\u00e3o s\u00e3o seus. Os Gunners procuram chegar \u00e0 final da Champions pela segunda \u00e9poca consecutiva.","og_url":"https:\/\/portaltela.pt\/noticias\/2026\/04\/28\/arteta-promete-agarrar-a-oportunidade-com-as-duas-maos\/","og_site_name":"Portal Tela Portugal","article_published_time":"2026-04-28T20:33:15+00:00","author":"Telinha","twitter_card":"summary_large_image","twitter_misc":{"Escrito por":"Telinha","Tempo estimado de leitura":"1 minuto"},"schema":{"@context":"https:\/\/schema.org","@graph":[{"@type":"Article","@id":"https:\/\/portaltela.pt\/noticias\/2026\/04\/28\/arteta-promete-agarrar-a-oportunidade-com-as-duas-maos\/#article","isPartOf":{"@id":"https:\/\/portaltela.pt\/noticias\/2026\/04\/28\/arteta-promete-agarrar-a-oportunidade-com-as-duas-maos\/"},"author":{"name":"Telinha","@id":"https:\/\/portaltela.pt\/#\/schema\/person\/c4278d4a6028830caff9ee44b42d32ed"},"headline":"Arteta promete agarrar a oportunidade com as duas m\u00e3os","datePublished":"2026-04-28T20:33:15+00:00","mainEntityOfPage":{"@id":"https:\/\/portaltela.pt\/noticias\/2026\/04\/28\/arteta-promete-agarrar-a-oportunidade-com-as-duas-maos\/"},"wordCount":168,"image":{"@id":"https:\/\/portaltela.pt\/noticias\/2026\/04\/28\/arteta-promete-agarrar-a-oportunidade-com-as-duas-maos\/#primaryimage"},"thumbnailUrl":"https:\/\/portaltela.pt\/s.01k8rhncp4jt1\/2026\/04\/img_920x518uu2026-04-07-09-15-32-2431535-im-639130069230859415.jpg","keywords":["Atl\u00e9tico de Madrid","Champions League","equipas","futebol","futebol internacional","treinadores"],"articleSection":["Desporto","Futebol"],"inLanguage":"pt-PT"},{"@type":"WebPage","@id":"https:\/\/portaltela.pt\/noticias\/2026\/04\/28\/arteta-promete-agarrar-a-oportunidade-com-as-duas-maos\/","url":"https:\/\/portaltela.pt\/noticias\/2026\/04\/28\/arteta-promete-agarrar-a-oportunidade-com-as-duas-maos\/","name":"Arteta promete agarrar a oportunidade com as duas m\u00e3os - Portal Tela Portugal","isPartOf":{"@id":"https:\/\/portaltela.pt\/#website"},"primaryImageOfPage":{"@id":"https:\/\/portaltela.pt\/noticias\/2026\/04\/28\/arteta-promete-agarrar-a-oportunidade-com-as-duas-maos\/#primaryimage"},"image":{"@id":"https:\/\/portaltela.pt\/noticias\/2026\/04\/28\/arteta-promete-agarrar-a-oportunidade-com-as-duas-maos\/#primaryimage"},"thumbnailUrl":"https:\/\/portaltela.pt\/s.01k8rhncp4jt1\/2026\/04\/img_920x518uu2026-04-07-09-15-32-2431535-im-639130069230859415.jpg","datePublished":"2026-04-28T20:33:15+00:00","author":{"@id":"https:\/\/portaltela.pt\/#\/schema\/person\/c4278d4a6028830caff9ee44b42d32ed"},"breadcrumb":{"@id":"https:\/\/portaltela.pt\/noticias\/2026\/04\/28\/arteta-promete-agarrar-a-oportunidade-com-as-duas-maos\/#breadcrumb"},"inLanguage":"pt-PT","potentialAction":[{"@type":"ReadAction","target":["https:\/\/portaltela.pt\/noticias\/2026\/04\/28\/arteta-promete-agarrar-a-oportunidade-com-as-duas-maos\/"]}]},{"@type":"ImageObject","inLanguage":"pt-PT","@id":"https:\/\/portaltela.pt\/noticias\/2026\/04\/28\/arteta-promete-agarrar-a-oportunidade-com-as-duas-maos\/#primaryimage","url":"https:\/\/portaltela.pt\/s.01k8rhncp4jt1\/2026\/04\/img_920x518uu2026-04-07-09-15-32-2431535-im-639130069230859415.jpg","contentUrl":"https:\/\/portaltela.pt\/s.01k8rhncp4jt1\/2026\/04\/img_920x518uu2026-04-07-09-15-32-2431535-im-639130069230859415.jpg","width":796,"height":448,"caption":"Arteta est\u00e1 nas meias-finais da Champions pelo segundo ano seguido"},{"@type":"BreadcrumbList","@id":"https:\/\/portaltela.pt\/noticias\/2026\/04\/28\/arteta-promete-agarrar-a-oportunidade-com-as-duas-maos\/#breadcrumb","itemListElement":[{"@type":"ListItem","position":1,"name":"In\u00edcio","item":"https:\/\/portaltela.pt\/"},{"@type":"ListItem","position":2,"name":"Arteta promete agarrar a oportunidade com as duas m\u00e3os"}]},{"@type":"WebSite","@id":"https:\/\/portaltela.pt\/#website","url":"https:\/\/portaltela.pt\/","name":"Portal Tela Portugal","description":"","potentialAction":[{"@type":"SearchAction","target":{"@type":"EntryPoint","urlTemplate":"https:\/\/portaltela.pt\/?s={search_term_string}"},"query-input":{"@type":"PropertyValueSpecification","valueRequired":true,"valueName":"search_term_string"}}],"inLanguage":"pt-PT"},{"@type":"Person","@id":"https:\/\/portaltela.pt\/#\/schema\/person\/c4278d4a6028830caff9ee44b42d32ed","name":"Telinha","image":{"@type":"ImageObject","inLanguage":"pt-PT","@id":"https:\/\/portaltela.pt\/s.01k8rhncp4jt1\/2025\/11\/talking-bot-125x125.png","url":"https:\/\/portaltela.pt\/s.01k8rhncp4jt1\/2025\/11\/talking-bot-125x125.png","contentUrl":"https:\/\/portaltela.pt\/s.01k8rhncp4jt1\/2025\/11\/talking-bot-125x125.png","caption":"Telinha"},"sameAs":["https:\/\/portaltela.pt\/"],"url":"https:\/\/portaltela.pt\/por\/367410592786\/"}]}},"_links":{"self":[{"href":"https:\/\/portaltela.pt\/api\/wp\/v2\/posts\/460473","targetHints":{"allow":["GET"]}}],"collection":[{"href":"https:\/\/portaltela.pt\/api\/wp\/v2\/posts"}],"about":[{"href":"https:\/\/portaltela.pt\/api\/wp\/v2\/types\/post"}],"author":[{"embeddable":true,"href":"https:\/\/portaltela.pt\/api\/wp\/v2\/users\/2"}],"replies":[{"embeddable":true,"href":"https:\/\/portaltela.pt\/api\/wp\/v2\/comments?post=460473"}],"version-history":[{"count":0,"href":"https:\/\/portaltela.pt\/api\/wp\/v2\/posts\/460473\/revisions"}],"wp:featuredmedia":[{"embeddable":true,"href":"https:\/\/portaltela.pt\/api\/wp\/v2\/media\/460474"}],"wp:attachment":[{"href":"https:\/\/portaltela.pt\/api\/wp\/v2\/media?parent=460473"}],"wp:term":[{"taxonomy":"category","embeddable":true,"href":"https:\/\/portaltela.pt\/api\/wp\/v2\/categories?post=460473"},{"taxonomy":"post_tag","embeddable":true,"href":"https:\/\/portaltela.pt\/api\/wp\/v2\/tags?post=460473"}],"curies":[{"name":"wp","href":"https:\/\/api.w.org\/{rel}","templated":true}]}}