{"id":460465,"date":"2026-04-28T17:18:42","date_gmt":"2026-04-28T20:18:42","guid":{"rendered":"https:\/\/portaltela.pt\/noticias\/2026\/04\/28\/ordem-dos-medicos-alerta-violencia-contra-profissionais-sns-supera-registados\/"},"modified":"2026-04-28T17:18:42","modified_gmt":"2026-04-28T20:18:42","slug":"ordem-dos-medicos-alerta-violencia-contra-profissionais-sns-supera-registados","status":"publish","type":"post","link":"https:\/\/portaltela.pt\/saude\/2026\/04\/28\/ordem-dos-medicos-alerta-violencia-contra-profissionais-sns-supera-registados\/","title":{"rendered":"Ordem dos M\u00e9dicos alerta viol\u00eancia contra profissionais SNS supera registados"},"content":{"rendered":"<p>A Ordem dos M\u00e9dicos (OM) afirmou que o n\u00famero de epis\u00f3dios de viol\u00eancia contra profissionais do Servi\u00e7o Nacional de Sa\u00fade (SNS) no ano passado ascendeu a 3 429, mais 848 face a 2024. A entidade descreve a situa\u00e7\u00e3o como extremamente grave, sugerindo que os dados representam apenas uma parte do problema.<\/p>\n<p>Segundo a OM, os casos continuam a estar subnotificados, com muitos profissionais a n\u00e3o apresentar queixa por receio de que nada mude. O baston\u00e1rio defende medidas mais severas para os agressores e oferece propostas ao Governo e \u00e0 Assembleia da Rep\u00fablica.<\/p>\n<p>A Dire\u00e7\u00e3o-Geral da Sa\u00fade (DGS) e a Dire\u00e7\u00e3o Executiva do SNS (DE-SNS) mostram que a viol\u00eancia psicol\u00f3gica representa mais da metade dos casos, com 2 067 ocorr\u00eancias. A viol\u00eancia f\u00edsica soma 730 epis\u00f3dios, registando aumento em rela\u00e7\u00e3o a 2024 (578).<\/p>\n<h3>Dados e perfil das agress\u00f5es<\/h3>\n<p>A OM recorda que uma maioria das agress\u00f5es ocorre em ambientes hospitalares, quando os profissionais trabalham sob press\u00e3o e com condi\u00e7\u00f5es desafiantes. O \u00f3rg\u00e3o tem informa\u00e7\u00e3o de que muitos epis\u00f3dios geram impactos na sa\u00fade dos trabalhadores, incluindo per\u00edodo de incapacidade.<\/p>\n<p>No \u00e2mbito legislativo, a\u66b4 viol\u00eancia contra profissionais da sa\u00fade passou a ser, na pr\u00e1tica, crime p\u00fablico para estreitar o acompanhamento penal. A medida entrou em vigor no ano anterior, permitindo que autoridades iniciem processos sem depender de den\u00fancia direta da v\u00edtima.<\/p>\n<p>A OM aponta ainda que h\u00e1 uma sensa\u00e7\u00e3o de impunidade entre os profissionais agredidos. Um exemplo citado envolve uma m\u00e9dica que ficou afastada por meses ap\u00f3s uma agress\u00e3o grave e voltou a enfrentar amea\u00e7as no local de trabalho.<\/p>\n<p>Para enfrentar o problema, a organiza\u00e7\u00e3o solicita uma pol\u00edtica de toler\u00e2ncia zero e maior capacita\u00e7\u00e3o dos trabalhadores para lidar com situa\u00e7\u00f5es de viol\u00eancia, aliada a san\u00e7\u00f5es refor\u00e7adas para quem comete agress\u00f5es.<\/p>\n","protected":false},"excerpt":{"rendered":"<ul>\n<li>Em 2024 houve 3.429 epis\u00f3dios de viol\u00eancia contra profissionais do SNS, mais 848 do que em 2024 (2.581).<\/li>\n<li>A Ordem dos M\u00e9dicos diz que esses n\u00fameros s\u00e3o apenas a ponta do iceberg e que a situa\u00e7\u00e3o \u00e9 mais grave.<\/li>\n<li>Muitos profissionais n\u00e3o denunciam e sentem que as queixas n\u00e3o mudam nada, com receio de retalia\u00e7\u00e3o ou de n\u00e3o serem apoiados pela institui\u00e7\u00e3o.<\/li>\n<li>O baston\u00e1rio pede medidas mais duras para agressores e refor\u00e7o de pol\u00edticas de toler\u00e2ncia zero; a lei de 18 de abril do ano passado passou a classificar a maioria das agress\u00f5es como crime p\u00fablico.<\/li>\n<li>No conjunto, viol\u00eancia psicol\u00f3gica representou mais de metade dos casos (2.067); viol\u00eancia f\u00edsica aumentou para 730 casos (2024: 578).<\/li>\n<\/ul>\n","protected":false},"author":2,"featured_media":460469,"comment_status":"closed","ping_status":"closed","sticky":false,"template":"","format":"standard","meta":{"footnotes":""},"categories":[7371,6745],"tags":[8345,7889,7878,8385,8273,8252],"class_list":["post-460465","post","type-post","status-publish","format-standard","has-post-thumbnail","hentry","category-medicina","category-saude","tag-_profissionais-de-saude","tag-_saude","tag-_seguranca-publica","tag-_sns","tag-_violencia","tag-_violencia-psicologica"],"yoast_head":"<!-- This site is optimized with the Yoast SEO plugin v27.2 - https:\/\/yoast.com\/product\/yoast-seo-wordpress\/ -->\n<title>Ordem dos M\u00e9dicos alerta viol\u00eancia contra profissionais SNS supera registados - Portal Tela Portugal<\/title>\n<meta name=\"robots\" content=\"index, follow, max-snippet:-1, max-image-preview:large, max-video-preview:-1\" \/>\n<meta property=\"og:locale\" content=\"pt_PT\" \/>\n<meta property=\"og:type\" content=\"article\" \/>\n<meta property=\"og:title\" content=\"Ordem dos M\u00e9dicos alerta viol\u00eancia contra profissionais SNS supera registados - Portal Tela Portugal\" \/>\n<meta property=\"og:description\" content=\"Em 2024 houve 3.429 epis\u00f3dios de viol\u00eancia contra profissionais do SNS, mais 848 do que em 2024 (2.581). A Ordem dos M\u00e9dicos diz que esses n\u00fameros s\u00e3o apenas a ponta do iceberg e que a situa\u00e7\u00e3o \u00e9 mais grave. Muitos profissionais n\u00e3o denunciam e sentem que as queixas n\u00e3o mudam nada, com receio de retalia\u00e7\u00e3o ou de n\u00e3o serem apoiados pela institui\u00e7\u00e3o. O baston\u00e1rio pede medidas mais duras para agressores e refor\u00e7o de pol\u00edticas de toler\u00e2ncia zero; a lei de 18 de abril do ano passado passou a classificar a maioria das agress\u00f5es como crime p\u00fablico. No conjunto, viol\u00eancia psicol\u00f3gica representou mais de metade dos casos (2.067); viol\u00eancia f\u00edsica aumentou para 730 casos (2024: 578).\" \/>\n<meta property=\"og:url\" content=\"https:\/\/portaltela.pt\/noticias\/2026\/04\/28\/ordem-dos-medicos-alerta-violencia-contra-profissionais-sns-supera-registados\/\" \/>\n<meta property=\"og:site_name\" content=\"Portal Tela Portugal\" \/>\n<meta property=\"article:published_time\" content=\"2026-04-28T20:18:42+00:00\" \/>\n<meta name=\"author\" content=\"Telinha\" \/>\n<meta name=\"twitter:card\" content=\"summary_large_image\" \/>\n<meta name=\"twitter:label1\" content=\"Escrito por\" \/>\n\t<meta name=\"twitter:data1\" content=\"Telinha\" \/>\n\t<meta name=\"twitter:label2\" content=\"Tempo estimado de leitura\" \/>\n\t<meta name=\"twitter:data2\" content=\"2 minutos\" \/>\n<script type=\"application\/ld+json\" class=\"yoast-schema-graph\">{\"@context\":\"https:\/\/schema.org\",\"@graph\":[{\"@type\":\"Article\",\"@id\":\"https:\/\/portaltela.pt\/noticias\/2026\/04\/28\/ordem-dos-medicos-alerta-violencia-contra-profissionais-sns-supera-registados\/#article\",\"isPartOf\":{\"@id\":\"https:\/\/portaltela.pt\/noticias\/2026\/04\/28\/ordem-dos-medicos-alerta-violencia-contra-profissionais-sns-supera-registados\/\"},\"author\":{\"name\":\"Telinha\",\"@id\":\"https:\/\/portaltela.pt\/#\/schema\/person\/c4278d4a6028830caff9ee44b42d32ed\"},\"headline\":\"Ordem dos M\u00e9dicos alerta viol\u00eancia contra profissionais SNS supera registados\",\"datePublished\":\"2026-04-28T20:18:42+00:00\",\"mainEntityOfPage\":{\"@id\":\"https:\/\/portaltela.pt\/noticias\/2026\/04\/28\/ordem-dos-medicos-alerta-violencia-contra-profissionais-sns-supera-registados\/\"},\"wordCount\":338,\"image\":{\"@id\":\"https:\/\/portaltela.pt\/noticias\/2026\/04\/28\/ordem-dos-medicos-alerta-violencia-contra-profissionais-sns-supera-registados\/#primaryimage\"},\"thumbnailUrl\":\"https:\/\/portaltela.pt\/s.01k8rhncp4jt1\/2026\/04\/img_1500x1000uu2023-11-13-21-31-12-1492183.jpg\",\"keywords\":[\"_profissionais de sa\u00fade\",\"_sa\u00fade\",\"_seguran\u00e7a p\u00fablica\",\"_SNS\",\"_viol\u00eancia\",\"_viol\u00eancia psicol\u00f3gica\"],\"articleSection\":[\"Medicina\",\"Sa\u00fade\"],\"inLanguage\":\"pt-PT\"},{\"@type\":\"WebPage\",\"@id\":\"https:\/\/portaltela.pt\/noticias\/2026\/04\/28\/ordem-dos-medicos-alerta-violencia-contra-profissionais-sns-supera-registados\/\",\"url\":\"https:\/\/portaltela.pt\/noticias\/2026\/04\/28\/ordem-dos-medicos-alerta-violencia-contra-profissionais-sns-supera-registados\/\",\"name\":\"Ordem dos M\u00e9dicos alerta viol\u00eancia contra profissionais SNS supera registados - Portal Tela Portugal\",\"isPartOf\":{\"@id\":\"https:\/\/portaltela.pt\/#website\"},\"primaryImageOfPage\":{\"@id\":\"https:\/\/portaltela.pt\/noticias\/2026\/04\/28\/ordem-dos-medicos-alerta-violencia-contra-profissionais-sns-supera-registados\/#primaryimage\"},\"image\":{\"@id\":\"https:\/\/portaltela.pt\/noticias\/2026\/04\/28\/ordem-dos-medicos-alerta-violencia-contra-profissionais-sns-supera-registados\/#primaryimage\"},\"thumbnailUrl\":\"https:\/\/portaltela.pt\/s.01k8rhncp4jt1\/2026\/04\/img_1500x1000uu2023-11-13-21-31-12-1492183.jpg\",\"datePublished\":\"2026-04-28T20:18:42+00:00\",\"author\":{\"@id\":\"https:\/\/portaltela.pt\/#\/schema\/person\/c4278d4a6028830caff9ee44b42d32ed\"},\"breadcrumb\":{\"@id\":\"https:\/\/portaltela.pt\/noticias\/2026\/04\/28\/ordem-dos-medicos-alerta-violencia-contra-profissionais-sns-supera-registados\/#breadcrumb\"},\"inLanguage\":\"pt-PT\",\"potentialAction\":[{\"@type\":\"ReadAction\",\"target\":[\"https:\/\/portaltela.pt\/noticias\/2026\/04\/28\/ordem-dos-medicos-alerta-violencia-contra-profissionais-sns-supera-registados\/\"]}]},{\"@type\":\"ImageObject\",\"inLanguage\":\"pt-PT\",\"@id\":\"https:\/\/portaltela.pt\/noticias\/2026\/04\/28\/ordem-dos-medicos-alerta-violencia-contra-profissionais-sns-supera-registados\/#primaryimage\",\"url\":\"https:\/\/portaltela.pt\/s.01k8rhncp4jt1\/2026\/04\/img_1500x1000uu2023-11-13-21-31-12-1492183.jpg\",\"contentUrl\":\"https:\/\/portaltela.pt\/s.01k8rhncp4jt1\/2026\/04\/img_1500x1000uu2023-11-13-21-31-12-1492183.jpg\",\"width\":1500,\"height\":1000,\"caption\":\"Carlos Cortes, Baston\u00e1rio da Ordem dos M\u00e9dicos\"},{\"@type\":\"BreadcrumbList\",\"@id\":\"https:\/\/portaltela.pt\/noticias\/2026\/04\/28\/ordem-dos-medicos-alerta-violencia-contra-profissionais-sns-supera-registados\/#breadcrumb\",\"itemListElement\":[{\"@type\":\"ListItem\",\"position\":1,\"name\":\"In\u00edcio\",\"item\":\"https:\/\/portaltela.pt\/\"},{\"@type\":\"ListItem\",\"position\":2,\"name\":\"Ordem dos M\u00e9dicos alerta viol\u00eancia contra profissionais SNS supera registados\"}]},{\"@type\":\"WebSite\",\"@id\":\"https:\/\/portaltela.pt\/#website\",\"url\":\"https:\/\/portaltela.pt\/\",\"name\":\"Portal Tela Portugal\",\"description\":\"\",\"potentialAction\":[{\"@type\":\"SearchAction\",\"target\":{\"@type\":\"EntryPoint\",\"urlTemplate\":\"https:\/\/portaltela.pt\/?s={search_term_string}\"},\"query-input\":{\"@type\":\"PropertyValueSpecification\",\"valueRequired\":true,\"valueName\":\"search_term_string\"}}],\"inLanguage\":\"pt-PT\"},{\"@type\":\"Person\",\"@id\":\"https:\/\/portaltela.pt\/#\/schema\/person\/c4278d4a6028830caff9ee44b42d32ed\",\"name\":\"Telinha\",\"image\":{\"@type\":\"ImageObject\",\"inLanguage\":\"pt-PT\",\"@id\":\"https:\/\/portaltela.pt\/s.01k8rhncp4jt1\/2025\/11\/talking-bot-125x125.png\",\"url\":\"https:\/\/portaltela.pt\/s.01k8rhncp4jt1\/2025\/11\/talking-bot-125x125.png\",\"contentUrl\":\"https:\/\/portaltela.pt\/s.01k8rhncp4jt1\/2025\/11\/talking-bot-125x125.png\",\"caption\":\"Telinha\"},\"sameAs\":[\"https:\/\/portaltela.pt\/\"],\"url\":\"https:\/\/portaltela.pt\/por\/367410592786\/\"}]}<\/script>\n<!-- \/ Yoast SEO plugin. -->","yoast_head_json":{"title":"Ordem dos M\u00e9dicos alerta viol\u00eancia contra profissionais SNS supera registados - Portal Tela Portugal","robots":{"index":"index","follow":"follow","max-snippet":"max-snippet:-1","max-image-preview":"max-image-preview:large","max-video-preview":"max-video-preview:-1"},"og_locale":"pt_PT","og_type":"article","og_title":"Ordem dos M\u00e9dicos alerta viol\u00eancia contra profissionais SNS supera registados - Portal Tela Portugal","og_description":"Em 2024 houve 3.429 epis\u00f3dios de viol\u00eancia contra profissionais do SNS, mais 848 do que em 2024 (2.581). A Ordem dos M\u00e9dicos diz que esses n\u00fameros s\u00e3o apenas a ponta do iceberg e que a situa\u00e7\u00e3o \u00e9 mais grave. Muitos profissionais n\u00e3o denunciam e sentem que as queixas n\u00e3o mudam nada, com receio de retalia\u00e7\u00e3o ou de n\u00e3o serem apoiados pela institui\u00e7\u00e3o. O baston\u00e1rio pede medidas mais duras para agressores e refor\u00e7o de pol\u00edticas de toler\u00e2ncia zero; a lei de 18 de abril do ano passado passou a classificar a maioria das agress\u00f5es como crime p\u00fablico. No conjunto, viol\u00eancia psicol\u00f3gica representou mais de metade dos casos (2.067); viol\u00eancia f\u00edsica aumentou para 730 casos (2024: 578).","og_url":"https:\/\/portaltela.pt\/noticias\/2026\/04\/28\/ordem-dos-medicos-alerta-violencia-contra-profissionais-sns-supera-registados\/","og_site_name":"Portal Tela Portugal","article_published_time":"2026-04-28T20:18:42+00:00","author":"Telinha","twitter_card":"summary_large_image","twitter_misc":{"Escrito por":"Telinha","Tempo estimado de leitura":"2 minutos"},"schema":{"@context":"https:\/\/schema.org","@graph":[{"@type":"Article","@id":"https:\/\/portaltela.pt\/noticias\/2026\/04\/28\/ordem-dos-medicos-alerta-violencia-contra-profissionais-sns-supera-registados\/#article","isPartOf":{"@id":"https:\/\/portaltela.pt\/noticias\/2026\/04\/28\/ordem-dos-medicos-alerta-violencia-contra-profissionais-sns-supera-registados\/"},"author":{"name":"Telinha","@id":"https:\/\/portaltela.pt\/#\/schema\/person\/c4278d4a6028830caff9ee44b42d32ed"},"headline":"Ordem dos M\u00e9dicos alerta viol\u00eancia contra profissionais SNS supera registados","datePublished":"2026-04-28T20:18:42+00:00","mainEntityOfPage":{"@id":"https:\/\/portaltela.pt\/noticias\/2026\/04\/28\/ordem-dos-medicos-alerta-violencia-contra-profissionais-sns-supera-registados\/"},"wordCount":338,"image":{"@id":"https:\/\/portaltela.pt\/noticias\/2026\/04\/28\/ordem-dos-medicos-alerta-violencia-contra-profissionais-sns-supera-registados\/#primaryimage"},"thumbnailUrl":"https:\/\/portaltela.pt\/s.01k8rhncp4jt1\/2026\/04\/img_1500x1000uu2023-11-13-21-31-12-1492183.jpg","keywords":["_profissionais de sa\u00fade","_sa\u00fade","_seguran\u00e7a p\u00fablica","_SNS","_viol\u00eancia","_viol\u00eancia psicol\u00f3gica"],"articleSection":["Medicina","Sa\u00fade"],"inLanguage":"pt-PT"},{"@type":"WebPage","@id":"https:\/\/portaltela.pt\/noticias\/2026\/04\/28\/ordem-dos-medicos-alerta-violencia-contra-profissionais-sns-supera-registados\/","url":"https:\/\/portaltela.pt\/noticias\/2026\/04\/28\/ordem-dos-medicos-alerta-violencia-contra-profissionais-sns-supera-registados\/","name":"Ordem dos M\u00e9dicos alerta viol\u00eancia contra profissionais SNS supera registados - Portal Tela Portugal","isPartOf":{"@id":"https:\/\/portaltela.pt\/#website"},"primaryImageOfPage":{"@id":"https:\/\/portaltela.pt\/noticias\/2026\/04\/28\/ordem-dos-medicos-alerta-violencia-contra-profissionais-sns-supera-registados\/#primaryimage"},"image":{"@id":"https:\/\/portaltela.pt\/noticias\/2026\/04\/28\/ordem-dos-medicos-alerta-violencia-contra-profissionais-sns-supera-registados\/#primaryimage"},"thumbnailUrl":"https:\/\/portaltela.pt\/s.01k8rhncp4jt1\/2026\/04\/img_1500x1000uu2023-11-13-21-31-12-1492183.jpg","datePublished":"2026-04-28T20:18:42+00:00","author":{"@id":"https:\/\/portaltela.pt\/#\/schema\/person\/c4278d4a6028830caff9ee44b42d32ed"},"breadcrumb":{"@id":"https:\/\/portaltela.pt\/noticias\/2026\/04\/28\/ordem-dos-medicos-alerta-violencia-contra-profissionais-sns-supera-registados\/#breadcrumb"},"inLanguage":"pt-PT","potentialAction":[{"@type":"ReadAction","target":["https:\/\/portaltela.pt\/noticias\/2026\/04\/28\/ordem-dos-medicos-alerta-violencia-contra-profissionais-sns-supera-registados\/"]}]},{"@type":"ImageObject","inLanguage":"pt-PT","@id":"https:\/\/portaltela.pt\/noticias\/2026\/04\/28\/ordem-dos-medicos-alerta-violencia-contra-profissionais-sns-supera-registados\/#primaryimage","url":"https:\/\/portaltela.pt\/s.01k8rhncp4jt1\/2026\/04\/img_1500x1000uu2023-11-13-21-31-12-1492183.jpg","contentUrl":"https:\/\/portaltela.pt\/s.01k8rhncp4jt1\/2026\/04\/img_1500x1000uu2023-11-13-21-31-12-1492183.jpg","width":1500,"height":1000,"caption":"Carlos Cortes, Baston\u00e1rio da Ordem dos M\u00e9dicos"},{"@type":"BreadcrumbList","@id":"https:\/\/portaltela.pt\/noticias\/2026\/04\/28\/ordem-dos-medicos-alerta-violencia-contra-profissionais-sns-supera-registados\/#breadcrumb","itemListElement":[{"@type":"ListItem","position":1,"name":"In\u00edcio","item":"https:\/\/portaltela.pt\/"},{"@type":"ListItem","position":2,"name":"Ordem dos M\u00e9dicos alerta viol\u00eancia contra profissionais SNS supera registados"}]},{"@type":"WebSite","@id":"https:\/\/portaltela.pt\/#website","url":"https:\/\/portaltela.pt\/","name":"Portal Tela Portugal","description":"","potentialAction":[{"@type":"SearchAction","target":{"@type":"EntryPoint","urlTemplate":"https:\/\/portaltela.pt\/?s={search_term_string}"},"query-input":{"@type":"PropertyValueSpecification","valueRequired":true,"valueName":"search_term_string"}}],"inLanguage":"pt-PT"},{"@type":"Person","@id":"https:\/\/portaltela.pt\/#\/schema\/person\/c4278d4a6028830caff9ee44b42d32ed","name":"Telinha","image":{"@type":"ImageObject","inLanguage":"pt-PT","@id":"https:\/\/portaltela.pt\/s.01k8rhncp4jt1\/2025\/11\/talking-bot-125x125.png","url":"https:\/\/portaltela.pt\/s.01k8rhncp4jt1\/2025\/11\/talking-bot-125x125.png","contentUrl":"https:\/\/portaltela.pt\/s.01k8rhncp4jt1\/2025\/11\/talking-bot-125x125.png","caption":"Telinha"},"sameAs":["https:\/\/portaltela.pt\/"],"url":"https:\/\/portaltela.pt\/por\/367410592786\/"}]}},"_links":{"self":[{"href":"https:\/\/portaltela.pt\/api\/wp\/v2\/posts\/460465","targetHints":{"allow":["GET"]}}],"collection":[{"href":"https:\/\/portaltela.pt\/api\/wp\/v2\/posts"}],"about":[{"href":"https:\/\/portaltela.pt\/api\/wp\/v2\/types\/post"}],"author":[{"embeddable":true,"href":"https:\/\/portaltela.pt\/api\/wp\/v2\/users\/2"}],"replies":[{"embeddable":true,"href":"https:\/\/portaltela.pt\/api\/wp\/v2\/comments?post=460465"}],"version-history":[{"count":0,"href":"https:\/\/portaltela.pt\/api\/wp\/v2\/posts\/460465\/revisions"}],"wp:featuredmedia":[{"embeddable":true,"href":"https:\/\/portaltela.pt\/api\/wp\/v2\/media\/460469"}],"wp:attachment":[{"href":"https:\/\/portaltela.pt\/api\/wp\/v2\/media?parent=460465"}],"wp:term":[{"taxonomy":"category","embeddable":true,"href":"https:\/\/portaltela.pt\/api\/wp\/v2\/categories?post=460465"},{"taxonomy":"post_tag","embeddable":true,"href":"https:\/\/portaltela.pt\/api\/wp\/v2\/tags?post=460465"}],"curies":[{"name":"wp","href":"https:\/\/api.w.org\/{rel}","templated":true}]}}