{"id":460451,"date":"2026-04-28T17:03:40","date_gmt":"2026-04-28T20:03:40","guid":{"rendered":"https:\/\/portaltela.pt\/noticias\/2026\/04\/28\/feirense-torreense-0-0-em-encontro-desinspirado\/"},"modified":"2026-04-28T17:03:40","modified_gmt":"2026-04-28T20:03:40","slug":"feirense-torreense-0-0-em-encontro-desinspirado","status":"publish","type":"post","link":"https:\/\/portaltela.pt\/desporto\/futebol\/2026\/04\/28\/feirense-torreense-0-0-em-encontro-desinspirado\/","title":{"rendered":"Feirense-Torreense 0-0 em encontro desinspirado"},"content":{"rendered":"<p>Feirense e Torreense empataram 0-0 na 31.\u00aa jornada da 2.\u00aa Liga, no Est\u00e1dio Marcolino Castro, em Santa Maria da Feira, numa partida com poucas oportunidades de golo.<\/p>\n<p>O Torreense, 3.\u00ba classificado, mant\u00e9m-se na luta pela subida \u00e0 1.\u00aa Liga, ainda que tenha afastado a possibilidade de encurtar dist\u00e2ncias para o Acad\u00e9mico de Viseu, 2.\u00ba, que tamb\u00e9m empatou nesta jornada. O Feirense \u00e9 8.\u00ba com 42 pontos.<\/p>\n<p>Antes do intervalo, o encontro n\u00e3o contou com grandes ocasi\u00f5es. Aos 49 minutos, Gast\u00f3n esteve em boa posi\u00e7\u00e3o para inaugurar, mas rematou por cima.<\/p>\n<p>A melhor oportunidade pertenceu ao Torreense: Seydi aproveitou um ressalto para rematar certeiro na \u00e1rea, mas o guarda-redes Altube evitou o golo aos 77 minutos.<\/p>\n<p>Os \u00faltimos minutos foram mais agressivos, com as duas equipas a pressionarem, mas sem sucesso na finaliza\u00e7\u00e3o. A assist\u00eancia foi de 1.000 espectadores.<\/p>\n<p>\u00c1rbitro: Miguel Fonseca. Cart\u00f5es amarelos: L\u00e9o, Alfaro, Gui Meira, Javi V\u00e1zquez, Dany Jean, Samad.<\/p>\n","protected":false},"excerpt":{"rendered":"<ul>\n<li>O Feirense e o Torreense empataram a 0-0, no Est\u00e1dio Marcolino Castro, em jogo da 31.\u00aa jornada da segunda liga.<\/li>\n<li>O Torreense, 3.\u00ba classificado, mant\u00e9m-se na luta pela subida \u00e0 primeira liga, sem aproveitar para encurtar dist\u00e2ncia ao Acad\u00e9mico de Viseu, que tamb\u00e9m ficou em nulo.<\/li>\n<li>O Feirense \u00e9 8.\u00ba, com 42 pontos.<\/li>\n<li>Gast\u00f3n quase abriu o marcador aos 49 minutos, ao rematar por cima, e Seydi teve a melhor oportunidade aos 77 minutos, com o guarda-redes Altube a negar o golo.<\/li>\n<li>O jogo contou com cart\u00f5es amarelos para seis jogadores e teve cerca de 1.000 espetadores.<\/li>\n<\/ul>\n","protected":false},"author":2,"featured_media":460454,"comment_status":"closed","ping_status":"closed","sticky":false,"template":"","format":"standard","meta":{"footnotes":""},"categories":[21,24],"tags":[8832,152,4331,32,1308,3226],"class_list":["post-460451","post","type-post","status-publish","format-standard","has-post-thumbnail","hentry","category-desporto","category-futebol","tag-_2-a-liga","tag-desporto","tag-feirense","tag-futebol","tag-santa-maria-da-feira","tag-torreense"],"yoast_head":"<!-- This site is optimized with the Yoast SEO plugin v27.2 - https:\/\/yoast.com\/product\/yoast-seo-wordpress\/ -->\n<title>Feirense-Torreense 0-0 em encontro desinspirado - Portal Tela Portugal<\/title>\n<meta name=\"robots\" content=\"index, follow, max-snippet:-1, max-image-preview:large, max-video-preview:-1\" \/>\n<meta property=\"og:locale\" content=\"pt_PT\" \/>\n<meta property=\"og:type\" content=\"article\" \/>\n<meta property=\"og:title\" content=\"Feirense-Torreense 0-0 em encontro desinspirado - Portal Tela Portugal\" \/>\n<meta property=\"og:description\" content=\"O Feirense e o Torreense empataram a 0-0, no Est\u00e1dio Marcolino Castro, em jogo da 31.\u00aa jornada da segunda liga. O Torreense, 3.\u00ba classificado, mant\u00e9m-se na luta pela subida \u00e0 primeira liga, sem aproveitar para encurtar dist\u00e2ncia ao Acad\u00e9mico de Viseu, que tamb\u00e9m ficou em nulo. O Feirense \u00e9 8.\u00ba, com 42 pontos. Gast\u00f3n quase abriu o marcador aos 49 minutos, ao rematar por cima, e Seydi teve a melhor oportunidade aos 77 minutos, com o guarda-redes Altube a negar o golo. O jogo contou com cart\u00f5es amarelos para seis jogadores e teve cerca de 1.000 espetadores.\" \/>\n<meta property=\"og:url\" content=\"https:\/\/portaltela.pt\/noticias\/2026\/04\/28\/feirense-torreense-0-0-em-encontro-desinspirado\/\" \/>\n<meta property=\"og:site_name\" content=\"Portal Tela Portugal\" \/>\n<meta property=\"article:published_time\" content=\"2026-04-28T20:03:40+00:00\" \/>\n<meta name=\"author\" content=\"Telinha\" \/>\n<meta name=\"twitter:card\" content=\"summary_large_image\" \/>\n<meta name=\"twitter:label1\" content=\"Escrito por\" \/>\n\t<meta name=\"twitter:data1\" content=\"Telinha\" \/>\n\t<meta name=\"twitter:label2\" content=\"Tempo estimado de leitura\" \/>\n\t<meta name=\"twitter:data2\" content=\"1 minuto\" \/>\n<script type=\"application\/ld+json\" class=\"yoast-schema-graph\">{\"@context\":\"https:\/\/schema.org\",\"@graph\":[{\"@type\":\"Article\",\"@id\":\"https:\/\/portaltela.pt\/noticias\/2026\/04\/28\/feirense-torreense-0-0-em-encontro-desinspirado\/#article\",\"isPartOf\":{\"@id\":\"https:\/\/portaltela.pt\/noticias\/2026\/04\/28\/feirense-torreense-0-0-em-encontro-desinspirado\/\"},\"author\":{\"name\":\"Telinha\",\"@id\":\"https:\/\/portaltela.pt\/#\/schema\/person\/c4278d4a6028830caff9ee44b42d32ed\"},\"headline\":\"Feirense-Torreense 0-0 em encontro desinspirado\",\"datePublished\":\"2026-04-28T20:03:40+00:00\",\"mainEntityOfPage\":{\"@id\":\"https:\/\/portaltela.pt\/noticias\/2026\/04\/28\/feirense-torreense-0-0-em-encontro-desinspirado\/\"},\"wordCount\":159,\"image\":{\"@id\":\"https:\/\/portaltela.pt\/noticias\/2026\/04\/28\/feirense-torreense-0-0-em-encontro-desinspirado\/#primaryimage\"},\"thumbnailUrl\":\"https:\/\/portaltela.pt\/s.01k8rhncp4jt1\/2026\/04\/img_920x518uu2026-04-28-20-56-52-2435811.jpg\",\"keywords\":[\"_2.\u00aa Liga\",\"desporto\",\"Feirense\",\"futebol\",\"Santa Maria da Feira\",\"Torreense\"],\"articleSection\":[\"Desporto\",\"Futebol\"],\"inLanguage\":\"pt-PT\"},{\"@type\":\"WebPage\",\"@id\":\"https:\/\/portaltela.pt\/noticias\/2026\/04\/28\/feirense-torreense-0-0-em-encontro-desinspirado\/\",\"url\":\"https:\/\/portaltela.pt\/noticias\/2026\/04\/28\/feirense-torreense-0-0-em-encontro-desinspirado\/\",\"name\":\"Feirense-Torreense 0-0 em encontro desinspirado - Portal Tela Portugal\",\"isPartOf\":{\"@id\":\"https:\/\/portaltela.pt\/#website\"},\"primaryImageOfPage\":{\"@id\":\"https:\/\/portaltela.pt\/noticias\/2026\/04\/28\/feirense-torreense-0-0-em-encontro-desinspirado\/#primaryimage\"},\"image\":{\"@id\":\"https:\/\/portaltela.pt\/noticias\/2026\/04\/28\/feirense-torreense-0-0-em-encontro-desinspirado\/#primaryimage\"},\"thumbnailUrl\":\"https:\/\/portaltela.pt\/s.01k8rhncp4jt1\/2026\/04\/img_920x518uu2026-04-28-20-56-52-2435811.jpg\",\"datePublished\":\"2026-04-28T20:03:40+00:00\",\"author\":{\"@id\":\"https:\/\/portaltela.pt\/#\/schema\/person\/c4278d4a6028830caff9ee44b42d32ed\"},\"breadcrumb\":{\"@id\":\"https:\/\/portaltela.pt\/noticias\/2026\/04\/28\/feirense-torreense-0-0-em-encontro-desinspirado\/#breadcrumb\"},\"inLanguage\":\"pt-PT\",\"potentialAction\":[{\"@type\":\"ReadAction\",\"target\":[\"https:\/\/portaltela.pt\/noticias\/2026\/04\/28\/feirense-torreense-0-0-em-encontro-desinspirado\/\"]}]},{\"@type\":\"ImageObject\",\"inLanguage\":\"pt-PT\",\"@id\":\"https:\/\/portaltela.pt\/noticias\/2026\/04\/28\/feirense-torreense-0-0-em-encontro-desinspirado\/#primaryimage\",\"url\":\"https:\/\/portaltela.pt\/s.01k8rhncp4jt1\/2026\/04\/img_920x518uu2026-04-28-20-56-52-2435811.jpg\",\"contentUrl\":\"https:\/\/portaltela.pt\/s.01k8rhncp4jt1\/2026\/04\/img_920x518uu2026-04-28-20-56-52-2435811.jpg\",\"width\":796,\"height\":448,\"caption\":\"Lance entre dois jogadores durante o Feirense-Torreense\"},{\"@type\":\"BreadcrumbList\",\"@id\":\"https:\/\/portaltela.pt\/noticias\/2026\/04\/28\/feirense-torreense-0-0-em-encontro-desinspirado\/#breadcrumb\",\"itemListElement\":[{\"@type\":\"ListItem\",\"position\":1,\"name\":\"In\u00edcio\",\"item\":\"https:\/\/portaltela.pt\/\"},{\"@type\":\"ListItem\",\"position\":2,\"name\":\"Feirense-Torreense 0-0 em encontro desinspirado\"}]},{\"@type\":\"WebSite\",\"@id\":\"https:\/\/portaltela.pt\/#website\",\"url\":\"https:\/\/portaltela.pt\/\",\"name\":\"Portal Tela Portugal\",\"description\":\"\",\"potentialAction\":[{\"@type\":\"SearchAction\",\"target\":{\"@type\":\"EntryPoint\",\"urlTemplate\":\"https:\/\/portaltela.pt\/?s={search_term_string}\"},\"query-input\":{\"@type\":\"PropertyValueSpecification\",\"valueRequired\":true,\"valueName\":\"search_term_string\"}}],\"inLanguage\":\"pt-PT\"},{\"@type\":\"Person\",\"@id\":\"https:\/\/portaltela.pt\/#\/schema\/person\/c4278d4a6028830caff9ee44b42d32ed\",\"name\":\"Telinha\",\"image\":{\"@type\":\"ImageObject\",\"inLanguage\":\"pt-PT\",\"@id\":\"https:\/\/portaltela.pt\/s.01k8rhncp4jt1\/2025\/11\/talking-bot-125x125.png\",\"url\":\"https:\/\/portaltela.pt\/s.01k8rhncp4jt1\/2025\/11\/talking-bot-125x125.png\",\"contentUrl\":\"https:\/\/portaltela.pt\/s.01k8rhncp4jt1\/2025\/11\/talking-bot-125x125.png\",\"caption\":\"Telinha\"},\"sameAs\":[\"https:\/\/portaltela.pt\/\"],\"url\":\"https:\/\/portaltela.pt\/por\/367410592786\/\"}]}<\/script>\n<!-- \/ Yoast SEO plugin. -->","yoast_head_json":{"title":"Feirense-Torreense 0-0 em encontro desinspirado - Portal Tela Portugal","robots":{"index":"index","follow":"follow","max-snippet":"max-snippet:-1","max-image-preview":"max-image-preview:large","max-video-preview":"max-video-preview:-1"},"og_locale":"pt_PT","og_type":"article","og_title":"Feirense-Torreense 0-0 em encontro desinspirado - Portal Tela Portugal","og_description":"O Feirense e o Torreense empataram a 0-0, no Est\u00e1dio Marcolino Castro, em jogo da 31.\u00aa jornada da segunda liga. O Torreense, 3.\u00ba classificado, mant\u00e9m-se na luta pela subida \u00e0 primeira liga, sem aproveitar para encurtar dist\u00e2ncia ao Acad\u00e9mico de Viseu, que tamb\u00e9m ficou em nulo. O Feirense \u00e9 8.\u00ba, com 42 pontos. Gast\u00f3n quase abriu o marcador aos 49 minutos, ao rematar por cima, e Seydi teve a melhor oportunidade aos 77 minutos, com o guarda-redes Altube a negar o golo. O jogo contou com cart\u00f5es amarelos para seis jogadores e teve cerca de 1.000 espetadores.","og_url":"https:\/\/portaltela.pt\/noticias\/2026\/04\/28\/feirense-torreense-0-0-em-encontro-desinspirado\/","og_site_name":"Portal Tela Portugal","article_published_time":"2026-04-28T20:03:40+00:00","author":"Telinha","twitter_card":"summary_large_image","twitter_misc":{"Escrito por":"Telinha","Tempo estimado de leitura":"1 minuto"},"schema":{"@context":"https:\/\/schema.org","@graph":[{"@type":"Article","@id":"https:\/\/portaltela.pt\/noticias\/2026\/04\/28\/feirense-torreense-0-0-em-encontro-desinspirado\/#article","isPartOf":{"@id":"https:\/\/portaltela.pt\/noticias\/2026\/04\/28\/feirense-torreense-0-0-em-encontro-desinspirado\/"},"author":{"name":"Telinha","@id":"https:\/\/portaltela.pt\/#\/schema\/person\/c4278d4a6028830caff9ee44b42d32ed"},"headline":"Feirense-Torreense 0-0 em encontro desinspirado","datePublished":"2026-04-28T20:03:40+00:00","mainEntityOfPage":{"@id":"https:\/\/portaltela.pt\/noticias\/2026\/04\/28\/feirense-torreense-0-0-em-encontro-desinspirado\/"},"wordCount":159,"image":{"@id":"https:\/\/portaltela.pt\/noticias\/2026\/04\/28\/feirense-torreense-0-0-em-encontro-desinspirado\/#primaryimage"},"thumbnailUrl":"https:\/\/portaltela.pt\/s.01k8rhncp4jt1\/2026\/04\/img_920x518uu2026-04-28-20-56-52-2435811.jpg","keywords":["_2.\u00aa Liga","desporto","Feirense","futebol","Santa Maria da Feira","Torreense"],"articleSection":["Desporto","Futebol"],"inLanguage":"pt-PT"},{"@type":"WebPage","@id":"https:\/\/portaltela.pt\/noticias\/2026\/04\/28\/feirense-torreense-0-0-em-encontro-desinspirado\/","url":"https:\/\/portaltela.pt\/noticias\/2026\/04\/28\/feirense-torreense-0-0-em-encontro-desinspirado\/","name":"Feirense-Torreense 0-0 em encontro desinspirado - Portal Tela Portugal","isPartOf":{"@id":"https:\/\/portaltela.pt\/#website"},"primaryImageOfPage":{"@id":"https:\/\/portaltela.pt\/noticias\/2026\/04\/28\/feirense-torreense-0-0-em-encontro-desinspirado\/#primaryimage"},"image":{"@id":"https:\/\/portaltela.pt\/noticias\/2026\/04\/28\/feirense-torreense-0-0-em-encontro-desinspirado\/#primaryimage"},"thumbnailUrl":"https:\/\/portaltela.pt\/s.01k8rhncp4jt1\/2026\/04\/img_920x518uu2026-04-28-20-56-52-2435811.jpg","datePublished":"2026-04-28T20:03:40+00:00","author":{"@id":"https:\/\/portaltela.pt\/#\/schema\/person\/c4278d4a6028830caff9ee44b42d32ed"},"breadcrumb":{"@id":"https:\/\/portaltela.pt\/noticias\/2026\/04\/28\/feirense-torreense-0-0-em-encontro-desinspirado\/#breadcrumb"},"inLanguage":"pt-PT","potentialAction":[{"@type":"ReadAction","target":["https:\/\/portaltela.pt\/noticias\/2026\/04\/28\/feirense-torreense-0-0-em-encontro-desinspirado\/"]}]},{"@type":"ImageObject","inLanguage":"pt-PT","@id":"https:\/\/portaltela.pt\/noticias\/2026\/04\/28\/feirense-torreense-0-0-em-encontro-desinspirado\/#primaryimage","url":"https:\/\/portaltela.pt\/s.01k8rhncp4jt1\/2026\/04\/img_920x518uu2026-04-28-20-56-52-2435811.jpg","contentUrl":"https:\/\/portaltela.pt\/s.01k8rhncp4jt1\/2026\/04\/img_920x518uu2026-04-28-20-56-52-2435811.jpg","width":796,"height":448,"caption":"Lance entre dois jogadores durante o Feirense-Torreense"},{"@type":"BreadcrumbList","@id":"https:\/\/portaltela.pt\/noticias\/2026\/04\/28\/feirense-torreense-0-0-em-encontro-desinspirado\/#breadcrumb","itemListElement":[{"@type":"ListItem","position":1,"name":"In\u00edcio","item":"https:\/\/portaltela.pt\/"},{"@type":"ListItem","position":2,"name":"Feirense-Torreense 0-0 em encontro desinspirado"}]},{"@type":"WebSite","@id":"https:\/\/portaltela.pt\/#website","url":"https:\/\/portaltela.pt\/","name":"Portal Tela Portugal","description":"","potentialAction":[{"@type":"SearchAction","target":{"@type":"EntryPoint","urlTemplate":"https:\/\/portaltela.pt\/?s={search_term_string}"},"query-input":{"@type":"PropertyValueSpecification","valueRequired":true,"valueName":"search_term_string"}}],"inLanguage":"pt-PT"},{"@type":"Person","@id":"https:\/\/portaltela.pt\/#\/schema\/person\/c4278d4a6028830caff9ee44b42d32ed","name":"Telinha","image":{"@type":"ImageObject","inLanguage":"pt-PT","@id":"https:\/\/portaltela.pt\/s.01k8rhncp4jt1\/2025\/11\/talking-bot-125x125.png","url":"https:\/\/portaltela.pt\/s.01k8rhncp4jt1\/2025\/11\/talking-bot-125x125.png","contentUrl":"https:\/\/portaltela.pt\/s.01k8rhncp4jt1\/2025\/11\/talking-bot-125x125.png","caption":"Telinha"},"sameAs":["https:\/\/portaltela.pt\/"],"url":"https:\/\/portaltela.pt\/por\/367410592786\/"}]}},"_links":{"self":[{"href":"https:\/\/portaltela.pt\/api\/wp\/v2\/posts\/460451","targetHints":{"allow":["GET"]}}],"collection":[{"href":"https:\/\/portaltela.pt\/api\/wp\/v2\/posts"}],"about":[{"href":"https:\/\/portaltela.pt\/api\/wp\/v2\/types\/post"}],"author":[{"embeddable":true,"href":"https:\/\/portaltela.pt\/api\/wp\/v2\/users\/2"}],"replies":[{"embeddable":true,"href":"https:\/\/portaltela.pt\/api\/wp\/v2\/comments?post=460451"}],"version-history":[{"count":0,"href":"https:\/\/portaltela.pt\/api\/wp\/v2\/posts\/460451\/revisions"}],"wp:featuredmedia":[{"embeddable":true,"href":"https:\/\/portaltela.pt\/api\/wp\/v2\/media\/460454"}],"wp:attachment":[{"href":"https:\/\/portaltela.pt\/api\/wp\/v2\/media?parent=460451"}],"wp:term":[{"taxonomy":"category","embeddable":true,"href":"https:\/\/portaltela.pt\/api\/wp\/v2\/categories?post=460451"},{"taxonomy":"post_tag","embeddable":true,"href":"https:\/\/portaltela.pt\/api\/wp\/v2\/tags?post=460451"}],"curies":[{"name":"wp","href":"https:\/\/api.w.org\/{rel}","templated":true}]}}