{"id":460449,"date":"2026-04-28T17:03:35","date_gmt":"2026-04-28T20:03:35","guid":{"rendered":"https:\/\/portaltela.pt\/noticias\/2026\/04\/28\/carlos-iii-elogia-vinculo-inquebravel-eua-reino-unido-perante-o-congresso\/"},"modified":"2026-04-28T17:03:35","modified_gmt":"2026-04-28T20:03:35","slug":"carlos-iii-elogia-vinculo-inquebravel-eua-reino-unido-perante-o-congresso","status":"publish","type":"post","link":"https:\/\/portaltela.pt\/internacionais\/2026\/04\/28\/carlos-iii-elogia-vinculo-inquebravel-eua-reino-unido-perante-o-congresso\/","title":{"rendered":"Carlos III elogia v\u00ednculo inquebr\u00e1vel EUA-Reino Unido perante o Congresso"},"content":{"rendered":"<p>O rei Carlos III discursou hoje \u00e0s duas c\u00e2maras do Congresso dos EUA, em Washington, DC. O monarca brit\u00e2nico sublinhou o v\u00ednculo entre os dois pa\u00edses, classificado como inquebr\u00e1vel, e pediu reconcilia\u00e7\u00e3o e renova\u00e7\u00e3o entre os governos e sociedades.<\/p>\n<p>Enfrentando diferen\u00e7as e desacordos apontados entre Londres e Washington, Carlos III afirmou que as rela\u00e7\u00f5es anglo-americanas continuam a encontrar formas de coopera\u00e7\u00e3o, mesmo em contextos de tens\u00e3o. O objetivo foi refor\u00e7ar a coopera\u00e7\u00e3o de parceria estrat\u00e9gica.<\/p>\n<p>O monarca destacou que o relacionamento anglo-americano passa por desafios, mas permanece fundamentado em interesses comuns, como seguran\u00e7a, com\u00e9rcio e valores democr\u00e1ticos. O discurso foi direcionado a um p\u00fablico conjunto, com foco na continuidade da colabora\u00e7\u00e3o.<\/p>\n<p>O pronunciamento ocorreu no per\u00edodo da tarde, no sal\u00e3o da Assembleia, diante de membros do Congresso. N\u00e3o houve mudan\u00e7as de pol\u00edtica abruptas anunciadas; o objetivo foi enfatizar disponibilidade para di\u00e1logo e trabalho conjunto entre os dois pa\u00edses.<\/p>\n<p>Os representantes brit\u00e2nicos ressaltaram que o encontro refor\u00e7a la\u00e7os hist\u00f3ricos entre as na\u00e7\u00f5es, com expectativas de aprofundar coopera\u00e7\u00e3o em \u00e1reas como defesa, diplomacia e ci\u00eancia. A visita do rei faz parte de uma programa\u00e7\u00e3o diplom\u00e1tica mais ampla.<\/p>\n","protected":false},"excerpt":{"rendered":"<ul>\n<li>O rei Carlos III discursou \u00e0s duas c\u00e2maras do Congresso dos Estados Unidos nesta ter\u00e7a-feira.<\/li>\n<li>Reafirmou o v\u00ednculo inquebr\u00e1vel entre os Estados Unidos e o Reino Unido.<\/li>\n<li>Reconheceu que existem diferen\u00e7as e desacordos entre os dois pa\u00edses.<\/li>\n<li>Chamou \u00e0 reconcilia\u00e7\u00e3o e \u00e0 renova\u00e7\u00e3o das rela\u00e7\u00f5es bilaterais.<\/li>\n<li>Assinalou que, mesmo em clima de tens\u00e3o, as duas na\u00e7\u00f5es conseguem encontrar formas de trabalhar juntas.<\/li>\n<\/ul>\n","protected":false},"author":2,"featured_media":460455,"comment_status":"closed","ping_status":"closed","sticky":false,"template":"","format":"standard","meta":{"footnotes":""},"categories":[6912],"tags":[6574,6703,1600,7439,2111,27],"class_list":["post-460449","post","type-post","status-publish","format-standard","has-post-thumbnail","hentry","category-internacionais","tag-defesa","tag-diplomacia-internacional","tag-estados-unidos","tag-politica-externa","tag-reino-unido","tag-relacoes-internacionais"],"yoast_head":"<!-- This site is optimized with the Yoast SEO plugin v27.2 - https:\/\/yoast.com\/product\/yoast-seo-wordpress\/ -->\n<title>Carlos III elogia v\u00ednculo inquebr\u00e1vel EUA-Reino Unido perante o Congresso - Portal Tela Portugal<\/title>\n<meta name=\"robots\" content=\"index, follow, max-snippet:-1, max-image-preview:large, max-video-preview:-1\" \/>\n<meta property=\"og:locale\" content=\"pt_PT\" \/>\n<meta property=\"og:type\" content=\"article\" \/>\n<meta property=\"og:title\" content=\"Carlos III elogia v\u00ednculo inquebr\u00e1vel EUA-Reino Unido perante o Congresso - Portal Tela Portugal\" \/>\n<meta property=\"og:description\" content=\"O rei Carlos III discursou \u00e0s duas c\u00e2maras do Congresso dos Estados Unidos nesta ter\u00e7a-feira. Reafirmou o v\u00ednculo inquebr\u00e1vel entre os Estados Unidos e o Reino Unido. Reconheceu que existem diferen\u00e7as e desacordos entre os dois pa\u00edses. Chamou \u00e0 reconcilia\u00e7\u00e3o e \u00e0 renova\u00e7\u00e3o das rela\u00e7\u00f5es bilaterais. Assinalou que, mesmo em clima de tens\u00e3o, as duas na\u00e7\u00f5es conseguem encontrar formas de trabalhar juntas.\" \/>\n<meta property=\"og:url\" content=\"https:\/\/portaltela.pt\/noticias\/2026\/04\/28\/carlos-iii-elogia-vinculo-inquebravel-eua-reino-unido-perante-o-congresso\/\" \/>\n<meta property=\"og:site_name\" content=\"Portal Tela Portugal\" \/>\n<meta property=\"article:published_time\" content=\"2026-04-28T20:03:35+00:00\" \/>\n<meta name=\"author\" content=\"Telinha\" \/>\n<meta name=\"twitter:card\" content=\"summary_large_image\" \/>\n<meta name=\"twitter:label1\" content=\"Escrito por\" \/>\n\t<meta name=\"twitter:data1\" content=\"Telinha\" \/>\n\t<meta name=\"twitter:label2\" content=\"Tempo estimado de leitura\" \/>\n\t<meta name=\"twitter:data2\" content=\"1 minuto\" \/>\n<script type=\"application\/ld+json\" class=\"yoast-schema-graph\">{\"@context\":\"https:\/\/schema.org\",\"@graph\":[{\"@type\":\"Article\",\"@id\":\"https:\/\/portaltela.pt\/noticias\/2026\/04\/28\/carlos-iii-elogia-vinculo-inquebravel-eua-reino-unido-perante-o-congresso\/#article\",\"isPartOf\":{\"@id\":\"https:\/\/portaltela.pt\/noticias\/2026\/04\/28\/carlos-iii-elogia-vinculo-inquebravel-eua-reino-unido-perante-o-congresso\/\"},\"author\":{\"name\":\"Telinha\",\"@id\":\"https:\/\/portaltela.pt\/#\/schema\/person\/c4278d4a6028830caff9ee44b42d32ed\"},\"headline\":\"Carlos III elogia v\u00ednculo inquebr\u00e1vel EUA-Reino Unido perante o Congresso\",\"datePublished\":\"2026-04-28T20:03:35+00:00\",\"mainEntityOfPage\":{\"@id\":\"https:\/\/portaltela.pt\/noticias\/2026\/04\/28\/carlos-iii-elogia-vinculo-inquebravel-eua-reino-unido-perante-o-congresso\/\"},\"wordCount\":232,\"image\":{\"@id\":\"https:\/\/portaltela.pt\/noticias\/2026\/04\/28\/carlos-iii-elogia-vinculo-inquebravel-eua-reino-unido-perante-o-congresso\/#primaryimage\"},\"thumbnailUrl\":\"https:\/\/portaltela.pt\/s.01k8rhncp4jt1\/2026\/04\/2084597.jpg\",\"keywords\":[\"defesa\",\"diplomacia internacional\",\"Estados Unidos\",\"pol\u00edtica externa\",\"Reino Unido\",\"rela\u00e7\u00f5es internacionais\"],\"articleSection\":[\"Internacionais\"],\"inLanguage\":\"pt-PT\"},{\"@type\":\"WebPage\",\"@id\":\"https:\/\/portaltela.pt\/noticias\/2026\/04\/28\/carlos-iii-elogia-vinculo-inquebravel-eua-reino-unido-perante-o-congresso\/\",\"url\":\"https:\/\/portaltela.pt\/noticias\/2026\/04\/28\/carlos-iii-elogia-vinculo-inquebravel-eua-reino-unido-perante-o-congresso\/\",\"name\":\"Carlos III elogia v\u00ednculo inquebr\u00e1vel EUA-Reino Unido perante o Congresso - Portal Tela Portugal\",\"isPartOf\":{\"@id\":\"https:\/\/portaltela.pt\/#website\"},\"primaryImageOfPage\":{\"@id\":\"https:\/\/portaltela.pt\/noticias\/2026\/04\/28\/carlos-iii-elogia-vinculo-inquebravel-eua-reino-unido-perante-o-congresso\/#primaryimage\"},\"image\":{\"@id\":\"https:\/\/portaltela.pt\/noticias\/2026\/04\/28\/carlos-iii-elogia-vinculo-inquebravel-eua-reino-unido-perante-o-congresso\/#primaryimage\"},\"thumbnailUrl\":\"https:\/\/portaltela.pt\/s.01k8rhncp4jt1\/2026\/04\/2084597.jpg\",\"datePublished\":\"2026-04-28T20:03:35+00:00\",\"author\":{\"@id\":\"https:\/\/portaltela.pt\/#\/schema\/person\/c4278d4a6028830caff9ee44b42d32ed\"},\"breadcrumb\":{\"@id\":\"https:\/\/portaltela.pt\/noticias\/2026\/04\/28\/carlos-iii-elogia-vinculo-inquebravel-eua-reino-unido-perante-o-congresso\/#breadcrumb\"},\"inLanguage\":\"pt-PT\",\"potentialAction\":[{\"@type\":\"ReadAction\",\"target\":[\"https:\/\/portaltela.pt\/noticias\/2026\/04\/28\/carlos-iii-elogia-vinculo-inquebravel-eua-reino-unido-perante-o-congresso\/\"]}]},{\"@type\":\"ImageObject\",\"inLanguage\":\"pt-PT\",\"@id\":\"https:\/\/portaltela.pt\/noticias\/2026\/04\/28\/carlos-iii-elogia-vinculo-inquebravel-eua-reino-unido-perante-o-congresso\/#primaryimage\",\"url\":\"https:\/\/portaltela.pt\/s.01k8rhncp4jt1\/2026\/04\/2084597.jpg\",\"contentUrl\":\"https:\/\/portaltela.pt\/s.01k8rhncp4jt1\/2026\/04\/2084597.jpg\",\"width\":796,\"height\":448,\"caption\":\"O rei Carlos III e Donald Trump\"},{\"@type\":\"BreadcrumbList\",\"@id\":\"https:\/\/portaltela.pt\/noticias\/2026\/04\/28\/carlos-iii-elogia-vinculo-inquebravel-eua-reino-unido-perante-o-congresso\/#breadcrumb\",\"itemListElement\":[{\"@type\":\"ListItem\",\"position\":1,\"name\":\"In\u00edcio\",\"item\":\"https:\/\/portaltela.pt\/\"},{\"@type\":\"ListItem\",\"position\":2,\"name\":\"Carlos III elogia v\u00ednculo inquebr\u00e1vel EUA-Reino Unido perante o Congresso\"}]},{\"@type\":\"WebSite\",\"@id\":\"https:\/\/portaltela.pt\/#website\",\"url\":\"https:\/\/portaltela.pt\/\",\"name\":\"Portal Tela Portugal\",\"description\":\"\",\"potentialAction\":[{\"@type\":\"SearchAction\",\"target\":{\"@type\":\"EntryPoint\",\"urlTemplate\":\"https:\/\/portaltela.pt\/?s={search_term_string}\"},\"query-input\":{\"@type\":\"PropertyValueSpecification\",\"valueRequired\":true,\"valueName\":\"search_term_string\"}}],\"inLanguage\":\"pt-PT\"},{\"@type\":\"Person\",\"@id\":\"https:\/\/portaltela.pt\/#\/schema\/person\/c4278d4a6028830caff9ee44b42d32ed\",\"name\":\"Telinha\",\"image\":{\"@type\":\"ImageObject\",\"inLanguage\":\"pt-PT\",\"@id\":\"https:\/\/portaltela.pt\/s.01k8rhncp4jt1\/2025\/11\/talking-bot-125x125.png\",\"url\":\"https:\/\/portaltela.pt\/s.01k8rhncp4jt1\/2025\/11\/talking-bot-125x125.png\",\"contentUrl\":\"https:\/\/portaltela.pt\/s.01k8rhncp4jt1\/2025\/11\/talking-bot-125x125.png\",\"caption\":\"Telinha\"},\"sameAs\":[\"https:\/\/portaltela.pt\/\"],\"url\":\"https:\/\/portaltela.pt\/por\/367410592786\/\"}]}<\/script>\n<!-- \/ Yoast SEO plugin. -->","yoast_head_json":{"title":"Carlos III elogia v\u00ednculo inquebr\u00e1vel EUA-Reino Unido perante o Congresso - Portal Tela Portugal","robots":{"index":"index","follow":"follow","max-snippet":"max-snippet:-1","max-image-preview":"max-image-preview:large","max-video-preview":"max-video-preview:-1"},"og_locale":"pt_PT","og_type":"article","og_title":"Carlos III elogia v\u00ednculo inquebr\u00e1vel EUA-Reino Unido perante o Congresso - Portal Tela Portugal","og_description":"O rei Carlos III discursou \u00e0s duas c\u00e2maras do Congresso dos Estados Unidos nesta ter\u00e7a-feira. Reafirmou o v\u00ednculo inquebr\u00e1vel entre os Estados Unidos e o Reino Unido. Reconheceu que existem diferen\u00e7as e desacordos entre os dois pa\u00edses. Chamou \u00e0 reconcilia\u00e7\u00e3o e \u00e0 renova\u00e7\u00e3o das rela\u00e7\u00f5es bilaterais. Assinalou que, mesmo em clima de tens\u00e3o, as duas na\u00e7\u00f5es conseguem encontrar formas de trabalhar juntas.","og_url":"https:\/\/portaltela.pt\/noticias\/2026\/04\/28\/carlos-iii-elogia-vinculo-inquebravel-eua-reino-unido-perante-o-congresso\/","og_site_name":"Portal Tela Portugal","article_published_time":"2026-04-28T20:03:35+00:00","author":"Telinha","twitter_card":"summary_large_image","twitter_misc":{"Escrito por":"Telinha","Tempo estimado de leitura":"1 minuto"},"schema":{"@context":"https:\/\/schema.org","@graph":[{"@type":"Article","@id":"https:\/\/portaltela.pt\/noticias\/2026\/04\/28\/carlos-iii-elogia-vinculo-inquebravel-eua-reino-unido-perante-o-congresso\/#article","isPartOf":{"@id":"https:\/\/portaltela.pt\/noticias\/2026\/04\/28\/carlos-iii-elogia-vinculo-inquebravel-eua-reino-unido-perante-o-congresso\/"},"author":{"name":"Telinha","@id":"https:\/\/portaltela.pt\/#\/schema\/person\/c4278d4a6028830caff9ee44b42d32ed"},"headline":"Carlos III elogia v\u00ednculo inquebr\u00e1vel EUA-Reino Unido perante o Congresso","datePublished":"2026-04-28T20:03:35+00:00","mainEntityOfPage":{"@id":"https:\/\/portaltela.pt\/noticias\/2026\/04\/28\/carlos-iii-elogia-vinculo-inquebravel-eua-reino-unido-perante-o-congresso\/"},"wordCount":232,"image":{"@id":"https:\/\/portaltela.pt\/noticias\/2026\/04\/28\/carlos-iii-elogia-vinculo-inquebravel-eua-reino-unido-perante-o-congresso\/#primaryimage"},"thumbnailUrl":"https:\/\/portaltela.pt\/s.01k8rhncp4jt1\/2026\/04\/2084597.jpg","keywords":["defesa","diplomacia internacional","Estados Unidos","pol\u00edtica externa","Reino Unido","rela\u00e7\u00f5es internacionais"],"articleSection":["Internacionais"],"inLanguage":"pt-PT"},{"@type":"WebPage","@id":"https:\/\/portaltela.pt\/noticias\/2026\/04\/28\/carlos-iii-elogia-vinculo-inquebravel-eua-reino-unido-perante-o-congresso\/","url":"https:\/\/portaltela.pt\/noticias\/2026\/04\/28\/carlos-iii-elogia-vinculo-inquebravel-eua-reino-unido-perante-o-congresso\/","name":"Carlos III elogia v\u00ednculo inquebr\u00e1vel EUA-Reino Unido perante o Congresso - Portal Tela Portugal","isPartOf":{"@id":"https:\/\/portaltela.pt\/#website"},"primaryImageOfPage":{"@id":"https:\/\/portaltela.pt\/noticias\/2026\/04\/28\/carlos-iii-elogia-vinculo-inquebravel-eua-reino-unido-perante-o-congresso\/#primaryimage"},"image":{"@id":"https:\/\/portaltela.pt\/noticias\/2026\/04\/28\/carlos-iii-elogia-vinculo-inquebravel-eua-reino-unido-perante-o-congresso\/#primaryimage"},"thumbnailUrl":"https:\/\/portaltela.pt\/s.01k8rhncp4jt1\/2026\/04\/2084597.jpg","datePublished":"2026-04-28T20:03:35+00:00","author":{"@id":"https:\/\/portaltela.pt\/#\/schema\/person\/c4278d4a6028830caff9ee44b42d32ed"},"breadcrumb":{"@id":"https:\/\/portaltela.pt\/noticias\/2026\/04\/28\/carlos-iii-elogia-vinculo-inquebravel-eua-reino-unido-perante-o-congresso\/#breadcrumb"},"inLanguage":"pt-PT","potentialAction":[{"@type":"ReadAction","target":["https:\/\/portaltela.pt\/noticias\/2026\/04\/28\/carlos-iii-elogia-vinculo-inquebravel-eua-reino-unido-perante-o-congresso\/"]}]},{"@type":"ImageObject","inLanguage":"pt-PT","@id":"https:\/\/portaltela.pt\/noticias\/2026\/04\/28\/carlos-iii-elogia-vinculo-inquebravel-eua-reino-unido-perante-o-congresso\/#primaryimage","url":"https:\/\/portaltela.pt\/s.01k8rhncp4jt1\/2026\/04\/2084597.jpg","contentUrl":"https:\/\/portaltela.pt\/s.01k8rhncp4jt1\/2026\/04\/2084597.jpg","width":796,"height":448,"caption":"O rei Carlos III e Donald Trump"},{"@type":"BreadcrumbList","@id":"https:\/\/portaltela.pt\/noticias\/2026\/04\/28\/carlos-iii-elogia-vinculo-inquebravel-eua-reino-unido-perante-o-congresso\/#breadcrumb","itemListElement":[{"@type":"ListItem","position":1,"name":"In\u00edcio","item":"https:\/\/portaltela.pt\/"},{"@type":"ListItem","position":2,"name":"Carlos III elogia v\u00ednculo inquebr\u00e1vel EUA-Reino Unido perante o Congresso"}]},{"@type":"WebSite","@id":"https:\/\/portaltela.pt\/#website","url":"https:\/\/portaltela.pt\/","name":"Portal Tela Portugal","description":"","potentialAction":[{"@type":"SearchAction","target":{"@type":"EntryPoint","urlTemplate":"https:\/\/portaltela.pt\/?s={search_term_string}"},"query-input":{"@type":"PropertyValueSpecification","valueRequired":true,"valueName":"search_term_string"}}],"inLanguage":"pt-PT"},{"@type":"Person","@id":"https:\/\/portaltela.pt\/#\/schema\/person\/c4278d4a6028830caff9ee44b42d32ed","name":"Telinha","image":{"@type":"ImageObject","inLanguage":"pt-PT","@id":"https:\/\/portaltela.pt\/s.01k8rhncp4jt1\/2025\/11\/talking-bot-125x125.png","url":"https:\/\/portaltela.pt\/s.01k8rhncp4jt1\/2025\/11\/talking-bot-125x125.png","contentUrl":"https:\/\/portaltela.pt\/s.01k8rhncp4jt1\/2025\/11\/talking-bot-125x125.png","caption":"Telinha"},"sameAs":["https:\/\/portaltela.pt\/"],"url":"https:\/\/portaltela.pt\/por\/367410592786\/"}]}},"_links":{"self":[{"href":"https:\/\/portaltela.pt\/api\/wp\/v2\/posts\/460449","targetHints":{"allow":["GET"]}}],"collection":[{"href":"https:\/\/portaltela.pt\/api\/wp\/v2\/posts"}],"about":[{"href":"https:\/\/portaltela.pt\/api\/wp\/v2\/types\/post"}],"author":[{"embeddable":true,"href":"https:\/\/portaltela.pt\/api\/wp\/v2\/users\/2"}],"replies":[{"embeddable":true,"href":"https:\/\/portaltela.pt\/api\/wp\/v2\/comments?post=460449"}],"version-history":[{"count":0,"href":"https:\/\/portaltela.pt\/api\/wp\/v2\/posts\/460449\/revisions"}],"wp:featuredmedia":[{"embeddable":true,"href":"https:\/\/portaltela.pt\/api\/wp\/v2\/media\/460455"}],"wp:attachment":[{"href":"https:\/\/portaltela.pt\/api\/wp\/v2\/media?parent=460449"}],"wp:term":[{"taxonomy":"category","embeddable":true,"href":"https:\/\/portaltela.pt\/api\/wp\/v2\/categories?post=460449"},{"taxonomy":"post_tag","embeddable":true,"href":"https:\/\/portaltela.pt\/api\/wp\/v2\/tags?post=460449"}],"curies":[{"name":"wp","href":"https:\/\/api.w.org\/{rel}","templated":true}]}}