{"id":460447,"date":"2026-04-28T17:03:31","date_gmt":"2026-04-28T20:03:31","guid":{"rendered":"https:\/\/portaltela.pt\/noticias\/2026\/04\/28\/orcamento-do-estado-paga-apenas-um-terco-dos-apoios-do-mau-tempo\/"},"modified":"2026-04-28T17:03:31","modified_gmt":"2026-04-28T20:03:31","slug":"orcamento-do-estado-paga-apenas-um-terco-dos-apoios-do-mau-tempo","status":"publish","type":"post","link":"https:\/\/portaltela.pt\/orcamento\/2026\/04\/28\/orcamento-do-estado-paga-apenas-um-terco-dos-apoios-do-mau-tempo\/","title":{"rendered":"Or\u00e7amento do Estado paga apenas um ter\u00e7o dos apoios do mau tempo"},"content":{"rendered":"<p>O Governo anunciou o or\u00e7amento do programa Portugal Transforma\u00e7\u00e3o, Recupera\u00e7\u00e3o e Resili\u00eancia (PTRR) como resposta aos preju\u00edzos causados pelo conjunto de tempestades que afetou Portugal, com grande impacto na regi\u00e3o Centro. O an\u00fancio foi feito nesta ter\u00e7a-feira.<\/p>\n<p>Do total de 22,6 mil milh\u00f5es de euros do PTRR, apenas 37% prov\u00e9m diretamente do Or\u00e7amento do Estado, correspondendo a 8,4 mil milh\u00f5es. O restante do financiamento \u00e9 assegurado por v\u00e1rias fontes.<\/p>\n<p>Entre as fontes externas, destacam-se 4,2 mil milh\u00f5es de euros de fundos europeus, nomeadamente do PRR e do PT2030. Mais 2,4 mil milh\u00f5es v\u00eam da Global Parques e das \u00c1guas de Portugal, e 7,6 mil milh\u00f5es de euros s\u00e3o de capitais privados.<\/p>\n<p>O foco do PTRR est\u00e1 na reconstru\u00e7\u00e3o e na preven\u00e7\u00e3o, articulando medidas que visam recupera\u00e7\u00e3o r\u00e1pida e resili\u00eancia futura frente a eventos climatol\u00f3gicos extremos. O conjunto de a\u00e7\u00f5es envolve v\u00e1rias entidades p\u00fablicas e agentes privados.<\/p>\n","protected":false},"excerpt":{"rendered":"<ul>\n<li>O or\u00e7amento do Estado paga apenas 8,4 mil milh\u00f5es de euros, correspondentes a trinta e sete por cento do programa PTRR.<\/li>\n<li>O PTRR totaliza vinte e dois v\u00edrgula seis mil milh\u00f5es de euros para reconstru\u00e7\u00e3o e preven\u00e7\u00e3o ap\u00f3s as tempestades, com enfoque na regi\u00e3o centro.<\/li>\n<li>Quarenta e dois por cento do financiamento vem de fundos europeus, nomeadamente do PRR e do PT2030.<\/li>\n<li>Dois v\u00edrgula quatro mil milh\u00f5es de euros prov\u00eam da Global Parques e das \u00c1guas de Portugal, e sete v\u00edrgula seis mil milh\u00f5es de euros s\u00e3o de privados.<\/li>\n<\/ul>\n","protected":false},"author":2,"featured_media":460456,"comment_status":"closed","ping_status":"closed","sticky":false,"template":"","format":"standard","meta":{"footnotes":""},"categories":[7370,7383],"tags":[7922,8212,6115,8829,8228,8142],"class_list":["post-460447","post","type-post","status-publish","format-standard","has-post-thumbnail","hentry","category-financas-publicas","category-orcamento","tag-_catastrofes-naturais","tag-_desenvolvimento-regional","tag-_economia","tag-_financiamento","tag-_orcamento","tag-_regiao-centro"],"yoast_head":"<!-- This site is optimized with the Yoast SEO plugin v27.2 - https:\/\/yoast.com\/product\/yoast-seo-wordpress\/ -->\n<title>Or\u00e7amento do Estado paga apenas um ter\u00e7o dos apoios do mau tempo - Portal Tela Portugal<\/title>\n<meta name=\"robots\" content=\"index, follow, max-snippet:-1, max-image-preview:large, max-video-preview:-1\" \/>\n<meta property=\"og:locale\" content=\"pt_PT\" \/>\n<meta property=\"og:type\" content=\"article\" \/>\n<meta property=\"og:title\" content=\"Or\u00e7amento do Estado paga apenas um ter\u00e7o dos apoios do mau tempo - Portal Tela Portugal\" \/>\n<meta property=\"og:description\" content=\"O or\u00e7amento do Estado paga apenas 8,4 mil milh\u00f5es de euros, correspondentes a trinta e sete por cento do programa PTRR. O PTRR totaliza vinte e dois v\u00edrgula seis mil milh\u00f5es de euros para reconstru\u00e7\u00e3o e preven\u00e7\u00e3o ap\u00f3s as tempestades, com enfoque na regi\u00e3o centro. Quarenta e dois por cento do financiamento vem de fundos europeus, nomeadamente do PRR e do PT2030. Dois v\u00edrgula quatro mil milh\u00f5es de euros prov\u00eam da Global Parques e das \u00c1guas de Portugal, e sete v\u00edrgula seis mil milh\u00f5es de euros s\u00e3o de privados.\" \/>\n<meta property=\"og:url\" content=\"https:\/\/portaltela.pt\/noticias\/2026\/04\/28\/orcamento-do-estado-paga-apenas-um-terco-dos-apoios-do-mau-tempo\/\" \/>\n<meta property=\"og:site_name\" content=\"Portal Tela Portugal\" \/>\n<meta property=\"article:published_time\" content=\"2026-04-28T20:03:31+00:00\" \/>\n<meta name=\"author\" content=\"Telinha\" \/>\n<meta name=\"twitter:card\" content=\"summary_large_image\" \/>\n<meta name=\"twitter:label1\" content=\"Escrito por\" \/>\n\t<meta name=\"twitter:data1\" content=\"Telinha\" \/>\n\t<meta name=\"twitter:label2\" content=\"Tempo estimado de leitura\" \/>\n\t<meta name=\"twitter:data2\" content=\"1 minuto\" \/>\n<script type=\"application\/ld+json\" class=\"yoast-schema-graph\">{\"@context\":\"https:\/\/schema.org\",\"@graph\":[{\"@type\":\"Article\",\"@id\":\"https:\/\/portaltela.pt\/noticias\/2026\/04\/28\/orcamento-do-estado-paga-apenas-um-terco-dos-apoios-do-mau-tempo\/#article\",\"isPartOf\":{\"@id\":\"https:\/\/portaltela.pt\/noticias\/2026\/04\/28\/orcamento-do-estado-paga-apenas-um-terco-dos-apoios-do-mau-tempo\/\"},\"author\":{\"name\":\"Telinha\",\"@id\":\"https:\/\/portaltela.pt\/#\/schema\/person\/c4278d4a6028830caff9ee44b42d32ed\"},\"headline\":\"Or\u00e7amento do Estado paga apenas um ter\u00e7o dos apoios do mau tempo\",\"datePublished\":\"2026-04-28T20:03:31+00:00\",\"mainEntityOfPage\":{\"@id\":\"https:\/\/portaltela.pt\/noticias\/2026\/04\/28\/orcamento-do-estado-paga-apenas-um-terco-dos-apoios-do-mau-tempo\/\"},\"wordCount\":180,\"image\":{\"@id\":\"https:\/\/portaltela.pt\/noticias\/2026\/04\/28\/orcamento-do-estado-paga-apenas-um-terco-dos-apoios-do-mau-tempo\/#primaryimage\"},\"thumbnailUrl\":\"https:\/\/portaltela.pt\/s.01k8rhncp4jt1\/2026\/04\/image-1624.jpg\",\"keywords\":[\"_cat\u00e1strofes naturais\",\"_desenvolvimento regional\",\"_economia\",\"_financiamento\",\"_or\u00e7amento\",\"_Regi\u00e3o Centro\"],\"articleSection\":[\"Finan\u00e7as P\u00fablicas\",\"Or\u00e7amento\"],\"inLanguage\":\"pt-PT\"},{\"@type\":\"WebPage\",\"@id\":\"https:\/\/portaltela.pt\/noticias\/2026\/04\/28\/orcamento-do-estado-paga-apenas-um-terco-dos-apoios-do-mau-tempo\/\",\"url\":\"https:\/\/portaltela.pt\/noticias\/2026\/04\/28\/orcamento-do-estado-paga-apenas-um-terco-dos-apoios-do-mau-tempo\/\",\"name\":\"Or\u00e7amento do Estado paga apenas um ter\u00e7o dos apoios do mau tempo - Portal Tela Portugal\",\"isPartOf\":{\"@id\":\"https:\/\/portaltela.pt\/#website\"},\"primaryImageOfPage\":{\"@id\":\"https:\/\/portaltela.pt\/noticias\/2026\/04\/28\/orcamento-do-estado-paga-apenas-um-terco-dos-apoios-do-mau-tempo\/#primaryimage\"},\"image\":{\"@id\":\"https:\/\/portaltela.pt\/noticias\/2026\/04\/28\/orcamento-do-estado-paga-apenas-um-terco-dos-apoios-do-mau-tempo\/#primaryimage\"},\"thumbnailUrl\":\"https:\/\/portaltela.pt\/s.01k8rhncp4jt1\/2026\/04\/image-1624.jpg\",\"datePublished\":\"2026-04-28T20:03:31+00:00\",\"author\":{\"@id\":\"https:\/\/portaltela.pt\/#\/schema\/person\/c4278d4a6028830caff9ee44b42d32ed\"},\"breadcrumb\":{\"@id\":\"https:\/\/portaltela.pt\/noticias\/2026\/04\/28\/orcamento-do-estado-paga-apenas-um-terco-dos-apoios-do-mau-tempo\/#breadcrumb\"},\"inLanguage\":\"pt-PT\",\"potentialAction\":[{\"@type\":\"ReadAction\",\"target\":[\"https:\/\/portaltela.pt\/noticias\/2026\/04\/28\/orcamento-do-estado-paga-apenas-um-terco-dos-apoios-do-mau-tempo\/\"]}]},{\"@type\":\"ImageObject\",\"inLanguage\":\"pt-PT\",\"@id\":\"https:\/\/portaltela.pt\/noticias\/2026\/04\/28\/orcamento-do-estado-paga-apenas-um-terco-dos-apoios-do-mau-tempo\/#primaryimage\",\"url\":\"https:\/\/portaltela.pt\/s.01k8rhncp4jt1\/2026\/04\/image-1624.jpg\",\"contentUrl\":\"https:\/\/portaltela.pt\/s.01k8rhncp4jt1\/2026\/04\/image-1624.jpg\",\"width\":796,\"height\":448,\"caption\":\"PTRR contar\u00e1 com uma fatia significativa de verbas de privados\"},{\"@type\":\"BreadcrumbList\",\"@id\":\"https:\/\/portaltela.pt\/noticias\/2026\/04\/28\/orcamento-do-estado-paga-apenas-um-terco-dos-apoios-do-mau-tempo\/#breadcrumb\",\"itemListElement\":[{\"@type\":\"ListItem\",\"position\":1,\"name\":\"In\u00edcio\",\"item\":\"https:\/\/portaltela.pt\/\"},{\"@type\":\"ListItem\",\"position\":2,\"name\":\"Or\u00e7amento do Estado paga apenas um ter\u00e7o dos apoios do mau tempo\"}]},{\"@type\":\"WebSite\",\"@id\":\"https:\/\/portaltela.pt\/#website\",\"url\":\"https:\/\/portaltela.pt\/\",\"name\":\"Portal Tela Portugal\",\"description\":\"\",\"potentialAction\":[{\"@type\":\"SearchAction\",\"target\":{\"@type\":\"EntryPoint\",\"urlTemplate\":\"https:\/\/portaltela.pt\/?s={search_term_string}\"},\"query-input\":{\"@type\":\"PropertyValueSpecification\",\"valueRequired\":true,\"valueName\":\"search_term_string\"}}],\"inLanguage\":\"pt-PT\"},{\"@type\":\"Person\",\"@id\":\"https:\/\/portaltela.pt\/#\/schema\/person\/c4278d4a6028830caff9ee44b42d32ed\",\"name\":\"Telinha\",\"image\":{\"@type\":\"ImageObject\",\"inLanguage\":\"pt-PT\",\"@id\":\"https:\/\/portaltela.pt\/s.01k8rhncp4jt1\/2025\/11\/talking-bot-125x125.png\",\"url\":\"https:\/\/portaltela.pt\/s.01k8rhncp4jt1\/2025\/11\/talking-bot-125x125.png\",\"contentUrl\":\"https:\/\/portaltela.pt\/s.01k8rhncp4jt1\/2025\/11\/talking-bot-125x125.png\",\"caption\":\"Telinha\"},\"sameAs\":[\"https:\/\/portaltela.pt\/\"],\"url\":\"https:\/\/portaltela.pt\/por\/367410592786\/\"}]}<\/script>\n<!-- \/ Yoast SEO plugin. -->","yoast_head_json":{"title":"Or\u00e7amento do Estado paga apenas um ter\u00e7o dos apoios do mau tempo - Portal Tela Portugal","robots":{"index":"index","follow":"follow","max-snippet":"max-snippet:-1","max-image-preview":"max-image-preview:large","max-video-preview":"max-video-preview:-1"},"og_locale":"pt_PT","og_type":"article","og_title":"Or\u00e7amento do Estado paga apenas um ter\u00e7o dos apoios do mau tempo - Portal Tela Portugal","og_description":"O or\u00e7amento do Estado paga apenas 8,4 mil milh\u00f5es de euros, correspondentes a trinta e sete por cento do programa PTRR. O PTRR totaliza vinte e dois v\u00edrgula seis mil milh\u00f5es de euros para reconstru\u00e7\u00e3o e preven\u00e7\u00e3o ap\u00f3s as tempestades, com enfoque na regi\u00e3o centro. Quarenta e dois por cento do financiamento vem de fundos europeus, nomeadamente do PRR e do PT2030. Dois v\u00edrgula quatro mil milh\u00f5es de euros prov\u00eam da Global Parques e das \u00c1guas de Portugal, e sete v\u00edrgula seis mil milh\u00f5es de euros s\u00e3o de privados.","og_url":"https:\/\/portaltela.pt\/noticias\/2026\/04\/28\/orcamento-do-estado-paga-apenas-um-terco-dos-apoios-do-mau-tempo\/","og_site_name":"Portal Tela Portugal","article_published_time":"2026-04-28T20:03:31+00:00","author":"Telinha","twitter_card":"summary_large_image","twitter_misc":{"Escrito por":"Telinha","Tempo estimado de leitura":"1 minuto"},"schema":{"@context":"https:\/\/schema.org","@graph":[{"@type":"Article","@id":"https:\/\/portaltela.pt\/noticias\/2026\/04\/28\/orcamento-do-estado-paga-apenas-um-terco-dos-apoios-do-mau-tempo\/#article","isPartOf":{"@id":"https:\/\/portaltela.pt\/noticias\/2026\/04\/28\/orcamento-do-estado-paga-apenas-um-terco-dos-apoios-do-mau-tempo\/"},"author":{"name":"Telinha","@id":"https:\/\/portaltela.pt\/#\/schema\/person\/c4278d4a6028830caff9ee44b42d32ed"},"headline":"Or\u00e7amento do Estado paga apenas um ter\u00e7o dos apoios do mau tempo","datePublished":"2026-04-28T20:03:31+00:00","mainEntityOfPage":{"@id":"https:\/\/portaltela.pt\/noticias\/2026\/04\/28\/orcamento-do-estado-paga-apenas-um-terco-dos-apoios-do-mau-tempo\/"},"wordCount":180,"image":{"@id":"https:\/\/portaltela.pt\/noticias\/2026\/04\/28\/orcamento-do-estado-paga-apenas-um-terco-dos-apoios-do-mau-tempo\/#primaryimage"},"thumbnailUrl":"https:\/\/portaltela.pt\/s.01k8rhncp4jt1\/2026\/04\/image-1624.jpg","keywords":["_cat\u00e1strofes naturais","_desenvolvimento regional","_economia","_financiamento","_or\u00e7amento","_Regi\u00e3o Centro"],"articleSection":["Finan\u00e7as P\u00fablicas","Or\u00e7amento"],"inLanguage":"pt-PT"},{"@type":"WebPage","@id":"https:\/\/portaltela.pt\/noticias\/2026\/04\/28\/orcamento-do-estado-paga-apenas-um-terco-dos-apoios-do-mau-tempo\/","url":"https:\/\/portaltela.pt\/noticias\/2026\/04\/28\/orcamento-do-estado-paga-apenas-um-terco-dos-apoios-do-mau-tempo\/","name":"Or\u00e7amento do Estado paga apenas um ter\u00e7o dos apoios do mau tempo - Portal Tela Portugal","isPartOf":{"@id":"https:\/\/portaltela.pt\/#website"},"primaryImageOfPage":{"@id":"https:\/\/portaltela.pt\/noticias\/2026\/04\/28\/orcamento-do-estado-paga-apenas-um-terco-dos-apoios-do-mau-tempo\/#primaryimage"},"image":{"@id":"https:\/\/portaltela.pt\/noticias\/2026\/04\/28\/orcamento-do-estado-paga-apenas-um-terco-dos-apoios-do-mau-tempo\/#primaryimage"},"thumbnailUrl":"https:\/\/portaltela.pt\/s.01k8rhncp4jt1\/2026\/04\/image-1624.jpg","datePublished":"2026-04-28T20:03:31+00:00","author":{"@id":"https:\/\/portaltela.pt\/#\/schema\/person\/c4278d4a6028830caff9ee44b42d32ed"},"breadcrumb":{"@id":"https:\/\/portaltela.pt\/noticias\/2026\/04\/28\/orcamento-do-estado-paga-apenas-um-terco-dos-apoios-do-mau-tempo\/#breadcrumb"},"inLanguage":"pt-PT","potentialAction":[{"@type":"ReadAction","target":["https:\/\/portaltela.pt\/noticias\/2026\/04\/28\/orcamento-do-estado-paga-apenas-um-terco-dos-apoios-do-mau-tempo\/"]}]},{"@type":"ImageObject","inLanguage":"pt-PT","@id":"https:\/\/portaltela.pt\/noticias\/2026\/04\/28\/orcamento-do-estado-paga-apenas-um-terco-dos-apoios-do-mau-tempo\/#primaryimage","url":"https:\/\/portaltela.pt\/s.01k8rhncp4jt1\/2026\/04\/image-1624.jpg","contentUrl":"https:\/\/portaltela.pt\/s.01k8rhncp4jt1\/2026\/04\/image-1624.jpg","width":796,"height":448,"caption":"PTRR contar\u00e1 com uma fatia significativa de verbas de privados"},{"@type":"BreadcrumbList","@id":"https:\/\/portaltela.pt\/noticias\/2026\/04\/28\/orcamento-do-estado-paga-apenas-um-terco-dos-apoios-do-mau-tempo\/#breadcrumb","itemListElement":[{"@type":"ListItem","position":1,"name":"In\u00edcio","item":"https:\/\/portaltela.pt\/"},{"@type":"ListItem","position":2,"name":"Or\u00e7amento do Estado paga apenas um ter\u00e7o dos apoios do mau tempo"}]},{"@type":"WebSite","@id":"https:\/\/portaltela.pt\/#website","url":"https:\/\/portaltela.pt\/","name":"Portal Tela Portugal","description":"","potentialAction":[{"@type":"SearchAction","target":{"@type":"EntryPoint","urlTemplate":"https:\/\/portaltela.pt\/?s={search_term_string}"},"query-input":{"@type":"PropertyValueSpecification","valueRequired":true,"valueName":"search_term_string"}}],"inLanguage":"pt-PT"},{"@type":"Person","@id":"https:\/\/portaltela.pt\/#\/schema\/person\/c4278d4a6028830caff9ee44b42d32ed","name":"Telinha","image":{"@type":"ImageObject","inLanguage":"pt-PT","@id":"https:\/\/portaltela.pt\/s.01k8rhncp4jt1\/2025\/11\/talking-bot-125x125.png","url":"https:\/\/portaltela.pt\/s.01k8rhncp4jt1\/2025\/11\/talking-bot-125x125.png","contentUrl":"https:\/\/portaltela.pt\/s.01k8rhncp4jt1\/2025\/11\/talking-bot-125x125.png","caption":"Telinha"},"sameAs":["https:\/\/portaltela.pt\/"],"url":"https:\/\/portaltela.pt\/por\/367410592786\/"}]}},"_links":{"self":[{"href":"https:\/\/portaltela.pt\/api\/wp\/v2\/posts\/460447","targetHints":{"allow":["GET"]}}],"collection":[{"href":"https:\/\/portaltela.pt\/api\/wp\/v2\/posts"}],"about":[{"href":"https:\/\/portaltela.pt\/api\/wp\/v2\/types\/post"}],"author":[{"embeddable":true,"href":"https:\/\/portaltela.pt\/api\/wp\/v2\/users\/2"}],"replies":[{"embeddable":true,"href":"https:\/\/portaltela.pt\/api\/wp\/v2\/comments?post=460447"}],"version-history":[{"count":0,"href":"https:\/\/portaltela.pt\/api\/wp\/v2\/posts\/460447\/revisions"}],"wp:featuredmedia":[{"embeddable":true,"href":"https:\/\/portaltela.pt\/api\/wp\/v2\/media\/460456"}],"wp:attachment":[{"href":"https:\/\/portaltela.pt\/api\/wp\/v2\/media?parent=460447"}],"wp:term":[{"taxonomy":"category","embeddable":true,"href":"https:\/\/portaltela.pt\/api\/wp\/v2\/categories?post=460447"},{"taxonomy":"post_tag","embeddable":true,"href":"https:\/\/portaltela.pt\/api\/wp\/v2\/tags?post=460447"}],"curies":[{"name":"wp","href":"https:\/\/api.w.org\/{rel}","templated":true}]}}