{"id":460445,"date":"2026-04-28T17:03:29","date_gmt":"2026-04-28T20:03:29","guid":{"rendered":"https:\/\/portaltela.pt\/noticias\/2026\/04\/28\/parlamento-espanhol-revoga-lei-que-limitava-aumentos-de-rendas\/"},"modified":"2026-04-28T17:03:29","modified_gmt":"2026-04-28T20:03:29","slug":"parlamento-espanhol-revoga-lei-que-limitava-aumentos-de-rendas","status":"publish","type":"post","link":"https:\/\/portaltela.pt\/noticias\/internacional\/2026\/04\/28\/parlamento-espanhol-revoga-lei-que-limitava-aumentos-de-rendas\/","title":{"rendered":"Parlamento espanhol revoga lei que limitava aumentos de rendas"},"content":{"rendered":"<p>O Parlamento espanhol rejeitou hoje um decreto do Governo que limitava o aumento das rendas habitacionais e previa a renova\u00e7\u00e3o autom\u00e1tica de contratos que caducam em 2026 e 2027. A medida, implementada h\u00e1 um m\u00eas, visava conter a subida dos custos da habita\u00e7\u00e3o num contexto de escalada do pre\u00e7o de vida, agravada pela guerra no M\u00e9dio Oriente.<\/p>\n<p>O decreto foi revogado com os votos de partidos de direita e de extrema-direita, incluindo o PP, Juntos pela Catalunha e Vox, enquanto o PNV abstiveu-se. O Governo de coliga\u00e7\u00e3o, liderado pelos socialistas, foi derrotado no plen\u00e1rio. As restantes medidas para mitigar o impacto econ\u00f3mico j\u00e1 tinham sido aprovadas.<\/p>\n<h3>Medidas contestadas<\/h3>\n<p>O executivo justificou o decreto como resposta ao agravamento da crise de habita\u00e7\u00e3o associada \u00e0 guerra e \u00e0 infla\u00e7\u00e3o. O Governo tamb\u00e9m aprovou outras medidas, como a redu\u00e7\u00e3o do IVA da energia e dos combust\u00edveis para 10%, que j\u00e1 mereceram aprova\u00e7\u00e3o parlamentar.<\/p>\n<p>Os opositores destacaram inseguran\u00e7a jur\u00eddica, a arbitrariedade dos crit\u00e9rios e o risco de retirada de im\u00f3veis do mercado de renda. Alegaram ainda que a norma poderia prejudicar propriet\u00e1rios que precisam de previsibilidade.<\/p>\n<p>O ministro dos Direitos Sociais, Pablo Bustinduy, do partido Somar, afirmou que a revoga\u00e7\u00e3o impede uma solu\u00e7\u00e3o pr\u00e1tica para milh\u00f5es de pessoas. O pol\u00edtico sustentou que o decreto oferecia um caminho concreto para mitigar o custo de vida.<\/p>\n<p>Bustinduy ressaltou que quase tr\u00eas milh\u00f5es de pessoas poderiam beneficiar da medida, na perspetiva do Governo. O Somar j\u00e1 tinha incentivado os inquilinos a solicitar a renova\u00e7\u00e3o de contratos durante a vig\u00eancia do decreto.<\/p>\n","protected":false},"excerpt":{"rendered":"<ul>\n<li>O Parlamento espanhol revogou um decreto do Governo que limitava o aumento anual das rendas a 2%, independentemente da infla\u00e7\u00e3o nos 12 meses anteriores.<\/li>\n<li>O decreto previa a renova\u00e7\u00e3o autom\u00e1tica dos contratos de arrendamento que caducarem em 2026 e 2027 sem altera\u00e7\u00f5es de condi\u00e7\u00f5es.<\/li>\n<li>A revoga\u00e7\u00e3o contou com os votos de partidos de direita e de extrema-direita (Partido Popular, Juntos pela Catalunha e Vox) e com a absten\u00e7\u00e3o do Partido Nacionalista Basco.<\/li>\n<li>O Governo, de esquerda, incluiu o decreto num conjunto de medidas para mitigar o impacto da guerra no M\u00e9dio Oriente, com restantes medidas j\u00e1 aprovadas pelo Parlamento (como a descida do IVA de combust\u00edveis e energia para dez por cento).<\/li>\n<li>O ministro dos Direitos Sociais, Pablo Bustinduy, disse que quase tr\u00eas milh\u00f5es de pessoas poderiam beneficiar da medida, ap\u00f3s a revoga\u00e7\u00e3o, e o Somar apelou aos inquilinos para solicitarem a renova\u00e7\u00e3o dos contratos durante o per\u00edodo em vigor.<\/li>\n<\/ul>\n","protected":false},"author":2,"featured_media":460458,"comment_status":"closed","ping_status":"closed","sticky":false,"template":"","format":"standard","meta":{"footnotes":""},"categories":[4,7127],"tags":[2189,34,150,1010,1676,2832],"class_list":["post-460445","post","type-post","status-publish","format-standard","has-post-thumbnail","hentry","category-internacional","category-politica-internacional","tag-espana","tag-governo","tag-habitacao","tag-habitacao-publica","tag-inflacao","tag-politica"],"yoast_head":"<!-- This site is optimized with the Yoast SEO plugin v27.2 - https:\/\/yoast.com\/product\/yoast-seo-wordpress\/ -->\n<title>Parlamento espanhol revoga lei que limitava aumentos de rendas - Portal Tela Portugal<\/title>\n<meta name=\"robots\" content=\"index, follow, max-snippet:-1, max-image-preview:large, max-video-preview:-1\" \/>\n<meta property=\"og:locale\" content=\"pt_PT\" \/>\n<meta property=\"og:type\" content=\"article\" \/>\n<meta property=\"og:title\" content=\"Parlamento espanhol revoga lei que limitava aumentos de rendas - Portal Tela Portugal\" \/>\n<meta property=\"og:description\" content=\"O Parlamento espanhol revogou um decreto do Governo que limitava o aumento anual das rendas a 2%, independentemente da infla\u00e7\u00e3o nos 12 meses anteriores. O decreto previa a renova\u00e7\u00e3o autom\u00e1tica dos contratos de arrendamento que caducarem em 2026 e 2027 sem altera\u00e7\u00f5es de condi\u00e7\u00f5es. A revoga\u00e7\u00e3o contou com os votos de partidos de direita e de extrema-direita (Partido Popular, Juntos pela Catalunha e Vox) e com a absten\u00e7\u00e3o do Partido Nacionalista Basco. O Governo, de esquerda, incluiu o decreto num conjunto de medidas para mitigar o impacto da guerra no M\u00e9dio Oriente, com restantes medidas j\u00e1 aprovadas pelo Parlamento (como a descida do IVA de combust\u00edveis e energia para dez por cento). O ministro dos Direitos Sociais, Pablo Bustinduy, disse que quase tr\u00eas milh\u00f5es de pessoas poderiam beneficiar da medida, ap\u00f3s a revoga\u00e7\u00e3o, e o Somar apelou aos inquilinos para solicitarem a renova\u00e7\u00e3o dos contratos durante o per\u00edodo em vigor.\" \/>\n<meta property=\"og:url\" content=\"https:\/\/portaltela.pt\/noticias\/2026\/04\/28\/parlamento-espanhol-revoga-lei-que-limitava-aumentos-de-rendas\/\" \/>\n<meta property=\"og:site_name\" content=\"Portal Tela Portugal\" \/>\n<meta property=\"article:published_time\" content=\"2026-04-28T20:03:29+00:00\" \/>\n<meta name=\"author\" content=\"Telinha\" \/>\n<meta name=\"twitter:card\" content=\"summary_large_image\" \/>\n<meta name=\"twitter:label1\" content=\"Escrito por\" \/>\n\t<meta name=\"twitter:data1\" content=\"Telinha\" \/>\n\t<meta name=\"twitter:label2\" content=\"Tempo estimado de leitura\" \/>\n\t<meta name=\"twitter:data2\" content=\"1 minuto\" \/>\n<script type=\"application\/ld+json\" class=\"yoast-schema-graph\">{\"@context\":\"https:\/\/schema.org\",\"@graph\":[{\"@type\":\"Article\",\"@id\":\"https:\/\/portaltela.pt\/noticias\/2026\/04\/28\/parlamento-espanhol-revoga-lei-que-limitava-aumentos-de-rendas\/#article\",\"isPartOf\":{\"@id\":\"https:\/\/portaltela.pt\/noticias\/2026\/04\/28\/parlamento-espanhol-revoga-lei-que-limitava-aumentos-de-rendas\/\"},\"author\":{\"name\":\"Telinha\",\"@id\":\"https:\/\/portaltela.pt\/#\/schema\/person\/c4278d4a6028830caff9ee44b42d32ed\"},\"headline\":\"Parlamento espanhol revoga lei que limitava aumentos de rendas\",\"datePublished\":\"2026-04-28T20:03:29+00:00\",\"mainEntityOfPage\":{\"@id\":\"https:\/\/portaltela.pt\/noticias\/2026\/04\/28\/parlamento-espanhol-revoga-lei-que-limitava-aumentos-de-rendas\/\"},\"wordCount\":287,\"image\":{\"@id\":\"https:\/\/portaltela.pt\/noticias\/2026\/04\/28\/parlamento-espanhol-revoga-lei-que-limitava-aumentos-de-rendas\/#primaryimage\"},\"thumbnailUrl\":\"https:\/\/portaltela.pt\/s.01k8rhncp4jt1\/2026\/04\/image-1625.jpg\",\"keywords\":[\"Espa\u00f1a\",\"governo\",\"habita\u00e7\u00e3o\",\"habita\u00e7\u00e3o p\u00fablica\",\"infla\u00e7\u00e3o\",\"pol\u00edtica\"],\"articleSection\":[\"Internacional\",\"Pol\u00edtica Internacional\"],\"inLanguage\":\"pt-PT\"},{\"@type\":\"WebPage\",\"@id\":\"https:\/\/portaltela.pt\/noticias\/2026\/04\/28\/parlamento-espanhol-revoga-lei-que-limitava-aumentos-de-rendas\/\",\"url\":\"https:\/\/portaltela.pt\/noticias\/2026\/04\/28\/parlamento-espanhol-revoga-lei-que-limitava-aumentos-de-rendas\/\",\"name\":\"Parlamento espanhol revoga lei que limitava aumentos de rendas - Portal Tela Portugal\",\"isPartOf\":{\"@id\":\"https:\/\/portaltela.pt\/#website\"},\"primaryImageOfPage\":{\"@id\":\"https:\/\/portaltela.pt\/noticias\/2026\/04\/28\/parlamento-espanhol-revoga-lei-que-limitava-aumentos-de-rendas\/#primaryimage\"},\"image\":{\"@id\":\"https:\/\/portaltela.pt\/noticias\/2026\/04\/28\/parlamento-espanhol-revoga-lei-que-limitava-aumentos-de-rendas\/#primaryimage\"},\"thumbnailUrl\":\"https:\/\/portaltela.pt\/s.01k8rhncp4jt1\/2026\/04\/image-1625.jpg\",\"datePublished\":\"2026-04-28T20:03:29+00:00\",\"author\":{\"@id\":\"https:\/\/portaltela.pt\/#\/schema\/person\/c4278d4a6028830caff9ee44b42d32ed\"},\"breadcrumb\":{\"@id\":\"https:\/\/portaltela.pt\/noticias\/2026\/04\/28\/parlamento-espanhol-revoga-lei-que-limitava-aumentos-de-rendas\/#breadcrumb\"},\"inLanguage\":\"pt-PT\",\"potentialAction\":[{\"@type\":\"ReadAction\",\"target\":[\"https:\/\/portaltela.pt\/noticias\/2026\/04\/28\/parlamento-espanhol-revoga-lei-que-limitava-aumentos-de-rendas\/\"]}]},{\"@type\":\"ImageObject\",\"inLanguage\":\"pt-PT\",\"@id\":\"https:\/\/portaltela.pt\/noticias\/2026\/04\/28\/parlamento-espanhol-revoga-lei-que-limitava-aumentos-de-rendas\/#primaryimage\",\"url\":\"https:\/\/portaltela.pt\/s.01k8rhncp4jt1\/2026\/04\/image-1625.jpg\",\"contentUrl\":\"https:\/\/portaltela.pt\/s.01k8rhncp4jt1\/2026\/04\/image-1625.jpg\",\"width\":796,\"height\":448,\"caption\":\"Protesto em defesa da prorroga\u00e7\u00e3o dos contratos de arrendamento e do direito \u00e0 habita\u00e7\u00e3o, em Madrid\"},{\"@type\":\"BreadcrumbList\",\"@id\":\"https:\/\/portaltela.pt\/noticias\/2026\/04\/28\/parlamento-espanhol-revoga-lei-que-limitava-aumentos-de-rendas\/#breadcrumb\",\"itemListElement\":[{\"@type\":\"ListItem\",\"position\":1,\"name\":\"In\u00edcio\",\"item\":\"https:\/\/portaltela.pt\/\"},{\"@type\":\"ListItem\",\"position\":2,\"name\":\"Parlamento espanhol revoga lei que limitava aumentos de rendas\"}]},{\"@type\":\"WebSite\",\"@id\":\"https:\/\/portaltela.pt\/#website\",\"url\":\"https:\/\/portaltela.pt\/\",\"name\":\"Portal Tela Portugal\",\"description\":\"\",\"potentialAction\":[{\"@type\":\"SearchAction\",\"target\":{\"@type\":\"EntryPoint\",\"urlTemplate\":\"https:\/\/portaltela.pt\/?s={search_term_string}\"},\"query-input\":{\"@type\":\"PropertyValueSpecification\",\"valueRequired\":true,\"valueName\":\"search_term_string\"}}],\"inLanguage\":\"pt-PT\"},{\"@type\":\"Person\",\"@id\":\"https:\/\/portaltela.pt\/#\/schema\/person\/c4278d4a6028830caff9ee44b42d32ed\",\"name\":\"Telinha\",\"image\":{\"@type\":\"ImageObject\",\"inLanguage\":\"pt-PT\",\"@id\":\"https:\/\/portaltela.pt\/s.01k8rhncp4jt1\/2025\/11\/talking-bot-125x125.png\",\"url\":\"https:\/\/portaltela.pt\/s.01k8rhncp4jt1\/2025\/11\/talking-bot-125x125.png\",\"contentUrl\":\"https:\/\/portaltela.pt\/s.01k8rhncp4jt1\/2025\/11\/talking-bot-125x125.png\",\"caption\":\"Telinha\"},\"sameAs\":[\"https:\/\/portaltela.pt\/\"],\"url\":\"https:\/\/portaltela.pt\/por\/367410592786\/\"}]}<\/script>\n<!-- \/ Yoast SEO plugin. -->","yoast_head_json":{"title":"Parlamento espanhol revoga lei que limitava aumentos de rendas - Portal Tela Portugal","robots":{"index":"index","follow":"follow","max-snippet":"max-snippet:-1","max-image-preview":"max-image-preview:large","max-video-preview":"max-video-preview:-1"},"og_locale":"pt_PT","og_type":"article","og_title":"Parlamento espanhol revoga lei que limitava aumentos de rendas - Portal Tela Portugal","og_description":"O Parlamento espanhol revogou um decreto do Governo que limitava o aumento anual das rendas a 2%, independentemente da infla\u00e7\u00e3o nos 12 meses anteriores. O decreto previa a renova\u00e7\u00e3o autom\u00e1tica dos contratos de arrendamento que caducarem em 2026 e 2027 sem altera\u00e7\u00f5es de condi\u00e7\u00f5es. A revoga\u00e7\u00e3o contou com os votos de partidos de direita e de extrema-direita (Partido Popular, Juntos pela Catalunha e Vox) e com a absten\u00e7\u00e3o do Partido Nacionalista Basco. O Governo, de esquerda, incluiu o decreto num conjunto de medidas para mitigar o impacto da guerra no M\u00e9dio Oriente, com restantes medidas j\u00e1 aprovadas pelo Parlamento (como a descida do IVA de combust\u00edveis e energia para dez por cento). O ministro dos Direitos Sociais, Pablo Bustinduy, disse que quase tr\u00eas milh\u00f5es de pessoas poderiam beneficiar da medida, ap\u00f3s a revoga\u00e7\u00e3o, e o Somar apelou aos inquilinos para solicitarem a renova\u00e7\u00e3o dos contratos durante o per\u00edodo em vigor.","og_url":"https:\/\/portaltela.pt\/noticias\/2026\/04\/28\/parlamento-espanhol-revoga-lei-que-limitava-aumentos-de-rendas\/","og_site_name":"Portal Tela Portugal","article_published_time":"2026-04-28T20:03:29+00:00","author":"Telinha","twitter_card":"summary_large_image","twitter_misc":{"Escrito por":"Telinha","Tempo estimado de leitura":"1 minuto"},"schema":{"@context":"https:\/\/schema.org","@graph":[{"@type":"Article","@id":"https:\/\/portaltela.pt\/noticias\/2026\/04\/28\/parlamento-espanhol-revoga-lei-que-limitava-aumentos-de-rendas\/#article","isPartOf":{"@id":"https:\/\/portaltela.pt\/noticias\/2026\/04\/28\/parlamento-espanhol-revoga-lei-que-limitava-aumentos-de-rendas\/"},"author":{"name":"Telinha","@id":"https:\/\/portaltela.pt\/#\/schema\/person\/c4278d4a6028830caff9ee44b42d32ed"},"headline":"Parlamento espanhol revoga lei que limitava aumentos de rendas","datePublished":"2026-04-28T20:03:29+00:00","mainEntityOfPage":{"@id":"https:\/\/portaltela.pt\/noticias\/2026\/04\/28\/parlamento-espanhol-revoga-lei-que-limitava-aumentos-de-rendas\/"},"wordCount":287,"image":{"@id":"https:\/\/portaltela.pt\/noticias\/2026\/04\/28\/parlamento-espanhol-revoga-lei-que-limitava-aumentos-de-rendas\/#primaryimage"},"thumbnailUrl":"https:\/\/portaltela.pt\/s.01k8rhncp4jt1\/2026\/04\/image-1625.jpg","keywords":["Espa\u00f1a","governo","habita\u00e7\u00e3o","habita\u00e7\u00e3o p\u00fablica","infla\u00e7\u00e3o","pol\u00edtica"],"articleSection":["Internacional","Pol\u00edtica Internacional"],"inLanguage":"pt-PT"},{"@type":"WebPage","@id":"https:\/\/portaltela.pt\/noticias\/2026\/04\/28\/parlamento-espanhol-revoga-lei-que-limitava-aumentos-de-rendas\/","url":"https:\/\/portaltela.pt\/noticias\/2026\/04\/28\/parlamento-espanhol-revoga-lei-que-limitava-aumentos-de-rendas\/","name":"Parlamento espanhol revoga lei que limitava aumentos de rendas - Portal Tela Portugal","isPartOf":{"@id":"https:\/\/portaltela.pt\/#website"},"primaryImageOfPage":{"@id":"https:\/\/portaltela.pt\/noticias\/2026\/04\/28\/parlamento-espanhol-revoga-lei-que-limitava-aumentos-de-rendas\/#primaryimage"},"image":{"@id":"https:\/\/portaltela.pt\/noticias\/2026\/04\/28\/parlamento-espanhol-revoga-lei-que-limitava-aumentos-de-rendas\/#primaryimage"},"thumbnailUrl":"https:\/\/portaltela.pt\/s.01k8rhncp4jt1\/2026\/04\/image-1625.jpg","datePublished":"2026-04-28T20:03:29+00:00","author":{"@id":"https:\/\/portaltela.pt\/#\/schema\/person\/c4278d4a6028830caff9ee44b42d32ed"},"breadcrumb":{"@id":"https:\/\/portaltela.pt\/noticias\/2026\/04\/28\/parlamento-espanhol-revoga-lei-que-limitava-aumentos-de-rendas\/#breadcrumb"},"inLanguage":"pt-PT","potentialAction":[{"@type":"ReadAction","target":["https:\/\/portaltela.pt\/noticias\/2026\/04\/28\/parlamento-espanhol-revoga-lei-que-limitava-aumentos-de-rendas\/"]}]},{"@type":"ImageObject","inLanguage":"pt-PT","@id":"https:\/\/portaltela.pt\/noticias\/2026\/04\/28\/parlamento-espanhol-revoga-lei-que-limitava-aumentos-de-rendas\/#primaryimage","url":"https:\/\/portaltela.pt\/s.01k8rhncp4jt1\/2026\/04\/image-1625.jpg","contentUrl":"https:\/\/portaltela.pt\/s.01k8rhncp4jt1\/2026\/04\/image-1625.jpg","width":796,"height":448,"caption":"Protesto em defesa da prorroga\u00e7\u00e3o dos contratos de arrendamento e do direito \u00e0 habita\u00e7\u00e3o, em Madrid"},{"@type":"BreadcrumbList","@id":"https:\/\/portaltela.pt\/noticias\/2026\/04\/28\/parlamento-espanhol-revoga-lei-que-limitava-aumentos-de-rendas\/#breadcrumb","itemListElement":[{"@type":"ListItem","position":1,"name":"In\u00edcio","item":"https:\/\/portaltela.pt\/"},{"@type":"ListItem","position":2,"name":"Parlamento espanhol revoga lei que limitava aumentos de rendas"}]},{"@type":"WebSite","@id":"https:\/\/portaltela.pt\/#website","url":"https:\/\/portaltela.pt\/","name":"Portal Tela Portugal","description":"","potentialAction":[{"@type":"SearchAction","target":{"@type":"EntryPoint","urlTemplate":"https:\/\/portaltela.pt\/?s={search_term_string}"},"query-input":{"@type":"PropertyValueSpecification","valueRequired":true,"valueName":"search_term_string"}}],"inLanguage":"pt-PT"},{"@type":"Person","@id":"https:\/\/portaltela.pt\/#\/schema\/person\/c4278d4a6028830caff9ee44b42d32ed","name":"Telinha","image":{"@type":"ImageObject","inLanguage":"pt-PT","@id":"https:\/\/portaltela.pt\/s.01k8rhncp4jt1\/2025\/11\/talking-bot-125x125.png","url":"https:\/\/portaltela.pt\/s.01k8rhncp4jt1\/2025\/11\/talking-bot-125x125.png","contentUrl":"https:\/\/portaltela.pt\/s.01k8rhncp4jt1\/2025\/11\/talking-bot-125x125.png","caption":"Telinha"},"sameAs":["https:\/\/portaltela.pt\/"],"url":"https:\/\/portaltela.pt\/por\/367410592786\/"}]}},"_links":{"self":[{"href":"https:\/\/portaltela.pt\/api\/wp\/v2\/posts\/460445","targetHints":{"allow":["GET"]}}],"collection":[{"href":"https:\/\/portaltela.pt\/api\/wp\/v2\/posts"}],"about":[{"href":"https:\/\/portaltela.pt\/api\/wp\/v2\/types\/post"}],"author":[{"embeddable":true,"href":"https:\/\/portaltela.pt\/api\/wp\/v2\/users\/2"}],"replies":[{"embeddable":true,"href":"https:\/\/portaltela.pt\/api\/wp\/v2\/comments?post=460445"}],"version-history":[{"count":0,"href":"https:\/\/portaltela.pt\/api\/wp\/v2\/posts\/460445\/revisions"}],"wp:featuredmedia":[{"embeddable":true,"href":"https:\/\/portaltela.pt\/api\/wp\/v2\/media\/460458"}],"wp:attachment":[{"href":"https:\/\/portaltela.pt\/api\/wp\/v2\/media?parent=460445"}],"wp:term":[{"taxonomy":"category","embeddable":true,"href":"https:\/\/portaltela.pt\/api\/wp\/v2\/categories?post=460445"},{"taxonomy":"post_tag","embeddable":true,"href":"https:\/\/portaltela.pt\/api\/wp\/v2\/tags?post=460445"}],"curies":[{"name":"wp","href":"https:\/\/api.w.org\/{rel}","templated":true}]}}