{"id":460432,"date":"2026-04-28T16:48:42","date_gmt":"2026-04-28T19:48:42","guid":{"rendered":"https:\/\/portaltela.pt\/noticias\/2026\/04\/28\/finlandia-e-1o-pais-europeu-a-completar-ciclo-de-mineracao-e-refinacao-do-litio\/"},"modified":"2026-04-28T16:48:42","modified_gmt":"2026-04-28T19:48:42","slug":"finlandia-e-1o-pais-europeu-a-completar-ciclo-de-mineracao-e-refinacao-do-litio","status":"publish","type":"post","link":"https:\/\/portaltela.pt\/noticias\/2026\/04\/28\/finlandia-e-1o-pais-europeu-a-completar-ciclo-de-mineracao-e-refinacao-do-litio\/","title":{"rendered":"Finl\u00e2ndia \u00e9 1\u00ba pa\u00eds europeu a completar ciclo de minera\u00e7\u00e3o e refina\u00e7\u00e3o do l\u00edtio"},"content":{"rendered":"<p>A Finl\u00e2ndia tornou-se o primeiro pa\u00eds da Europa a completar o ciclo de produ\u00e7\u00e3o de l\u00edtio, da mina \u00e0 refinaria. O projeto, situado em Syv\u00e4j\u00e4rvi, Kaustinen, envolve extra\u00e7\u00e3o, concentra\u00e7\u00e3o e processamento para hidroxit de l\u00edtio. A opera\u00e7\u00e3o come\u00e7a a funcionar como unidade piloto e estrutural para a ind\u00fastria europeia.<\/p>\n<p>A mina a c\u00e9u aberto de Syv\u00e4j\u00e4rvi dever\u00e1 fornecer hidroxi de l\u00edtio para baterias, alimentando desde smartphones a ve\u00edculos el\u00e9tricos. A iniciativa insere a Finl\u00e2ndia entre os produtores-chave do recurso estrat\u00e9gico no continente.<\/p>\n<p>O projeto, gerido pela Keliber Oy, tem um custo de 783 milh\u00f5es de euros. A Sibanye-Stillwater det\u00e9m 80% das a\u00e7\u00f5es, com 20% pertencentes ao Finnish Minerals Group. O Banco Europeu de Investimento apoiou com 150 milh\u00f5es de euros.<\/p>\n<p>Neal Froneman, CEO da Sibanye-Stillwater, descreveu a mina como pequena, mas estrat\u00e9gica e de grande import\u00e2ncia tecnol\u00f3gica, marcando o primeiro grande investimento da empresa na Europa.<\/p>\n<p>A constru\u00e7\u00e3o abrange mais de 500 quil\u00f3metros quadrados e prev\u00ea seis novas \u00e1reas de extra\u00e7\u00e3o na regi\u00e3o, para al\u00e9m de Syv\u00e4j\u00e4rvi. O projeto integra a produ\u00e7\u00e3o de mineral at\u00e9 ao produto final no mesmo raio geogr\u00e1fico.<\/p>\n<h3>Rea\u00e7\u00e3o local e impactos<\/h3>\n<p>Na cidade de Kaustinen, com pouco mais de 4.000 habitantes, as posi\u00e7\u00f5es s\u00e3o amb\u00edguas. O emprego surge como vantagem, mas h\u00e1 preocupa\u00e7\u00f5es ambientais associadas ao empreendimento, dizem residentes e autoridades locais.<\/p>\n<p>Hannu Hautala, director da Keliber, prev\u00ea emprego de cerca de 300 pessoas na opera\u00e7\u00e3o. O respons\u00e1vel t\u00e9cnico da refinaria, Sami Heikkinen, anunciou testes de \u00e1gua j\u00e1 em curso e a previs\u00e3o de embalagens de hidroxi de l\u00edtio at\u00e9 final do ano, com o produto final descrito como cristais de a\u00e7\u00facar branco.<\/p>\n<p>A refinaria dever\u00e1, quando totalmente operacional, produzir aproximadamente 15 000 toneladas de hidroxi de l\u00edtio por ano. Este volume representar\u00e1 cerca de 10% da procura europeia, mantendo, no entanto, a procura asi\u00e1tica e chinesa ainda relevante.<\/p>\n","protected":false},"excerpt":{"rendered":"<ul>\n<li>A mina a c\u00e9u aberto de Syv\u00e4j\u00e4rvi, em Kaustinen, Finl\u00e2ndia, come\u00e7a a funcionar, produzindo hidr\u00f3xido de l\u00edtio para baterias.<\/li>\n<li>A Finl\u00e2ndia tornou-se o primeiro pa\u00eds da Europa a ter um ciclo completo de minera\u00e7\u00e3o-refina\u00e7\u00e3o de l\u00edtio, da mina \u00e0 refinaria.<\/li>\n<li>O projeto de setecentos e oitenta e tr\u00eas milh\u00f5es de euros \u00e9 gerido pela Keliber Oy; a Sibanye-Stillwater det\u00e9m oitenta por cento das a\u00e7\u00f5es e o Finnish Minerals Group os vinte por cento, com financiamento adicional de duzentos e cinquenta milh\u00f5es de euros pelo Banco Europeu de Investimento.<\/li>\n<li>Prev\u00ea-se que a mina esteja totalmente operacional dentro de dois anos; a refinaria dever\u00e1 produzir cerca de quinze mil toneladas de hidr\u00f3xido de l\u00edtio por ano, correspondendo a aproximadamente dez por cento da procura europeia.<\/li>\n<li>A popula\u00e7\u00e3o local est\u00e1 dividida: a opera\u00e7\u00e3o deve gerar emprego para cerca de trezentas pessoas; a refinaria j\u00e1 iniciou testes com \u00e1gua e planeia enviar os primeiros sacos ainda este ano.<\/li>\n<\/ul>\n","protected":false},"author":2,"featured_media":460434,"comment_status":"closed","ping_status":"closed","sticky":false,"template":"","format":"standard","meta":{"footnotes":""},"categories":[6806,1],"tags":[8051,8004,8114,9892,8263],"class_list":["post-460432","post","type-post","status-publish","format-standard","has-post-thumbnail","hentry","category-energia","category-noticias","tag-_energias-renovaveis","tag-_europa","tag-_investimento","tag-_mineracao-artesanal","tag-_recursos"],"yoast_head":"<!-- This site is optimized with the Yoast SEO plugin v27.2 - https:\/\/yoast.com\/product\/yoast-seo-wordpress\/ -->\n<title>Finl\u00e2ndia \u00e9 1\u00ba pa\u00eds europeu a completar ciclo de minera\u00e7\u00e3o e refina\u00e7\u00e3o do l\u00edtio - Portal Tela Portugal<\/title>\n<meta name=\"robots\" content=\"index, follow, max-snippet:-1, max-image-preview:large, max-video-preview:-1\" \/>\n<meta property=\"og:locale\" content=\"pt_PT\" \/>\n<meta property=\"og:type\" content=\"article\" \/>\n<meta property=\"og:title\" content=\"Finl\u00e2ndia \u00e9 1\u00ba pa\u00eds europeu a completar ciclo de minera\u00e7\u00e3o e refina\u00e7\u00e3o do l\u00edtio - Portal Tela Portugal\" \/>\n<meta property=\"og:description\" content=\"A mina a c\u00e9u aberto de Syv\u00e4j\u00e4rvi, em Kaustinen, Finl\u00e2ndia, come\u00e7a a funcionar, produzindo hidr\u00f3xido de l\u00edtio para baterias. A Finl\u00e2ndia tornou-se o primeiro pa\u00eds da Europa a ter um ciclo completo de minera\u00e7\u00e3o-refina\u00e7\u00e3o de l\u00edtio, da mina \u00e0 refinaria. O projeto de setecentos e oitenta e tr\u00eas milh\u00f5es de euros \u00e9 gerido pela Keliber Oy; a Sibanye-Stillwater det\u00e9m oitenta por cento das a\u00e7\u00f5es e o Finnish Minerals Group os vinte por cento, com financiamento adicional de duzentos e cinquenta milh\u00f5es de euros pelo Banco Europeu de Investimento. Prev\u00ea-se que a mina esteja totalmente operacional dentro de dois anos; a refinaria dever\u00e1 produzir cerca de quinze mil toneladas de hidr\u00f3xido de l\u00edtio por ano, correspondendo a aproximadamente dez por cento da procura europeia. A popula\u00e7\u00e3o local est\u00e1 dividida: a opera\u00e7\u00e3o deve gerar emprego para cerca de trezentas pessoas; a refinaria j\u00e1 iniciou testes com \u00e1gua e planeia enviar os primeiros sacos ainda este ano.\" \/>\n<meta property=\"og:url\" content=\"https:\/\/portaltela.pt\/noticias\/2026\/04\/28\/finlandia-e-1o-pais-europeu-a-completar-ciclo-de-mineracao-e-refinacao-do-litio\/\" \/>\n<meta property=\"og:site_name\" content=\"Portal Tela Portugal\" \/>\n<meta property=\"article:published_time\" content=\"2026-04-28T19:48:42+00:00\" \/>\n<meta name=\"author\" content=\"Telinha\" \/>\n<meta name=\"twitter:card\" content=\"summary_large_image\" \/>\n<meta name=\"twitter:label1\" content=\"Escrito por\" \/>\n\t<meta name=\"twitter:data1\" content=\"Telinha\" \/>\n\t<meta name=\"twitter:label2\" content=\"Tempo estimado de leitura\" \/>\n\t<meta name=\"twitter:data2\" content=\"2 minutos\" \/>\n<script type=\"application\/ld+json\" class=\"yoast-schema-graph\">{\"@context\":\"https:\/\/schema.org\",\"@graph\":[{\"@type\":\"Article\",\"@id\":\"https:\/\/portaltela.pt\/noticias\/2026\/04\/28\/finlandia-e-1o-pais-europeu-a-completar-ciclo-de-mineracao-e-refinacao-do-litio\/#article\",\"isPartOf\":{\"@id\":\"https:\/\/portaltela.pt\/noticias\/2026\/04\/28\/finlandia-e-1o-pais-europeu-a-completar-ciclo-de-mineracao-e-refinacao-do-litio\/\"},\"author\":{\"name\":\"Telinha\",\"@id\":\"https:\/\/portaltela.pt\/#\/schema\/person\/c4278d4a6028830caff9ee44b42d32ed\"},\"headline\":\"Finl\u00e2ndia \u00e9 1\u00ba pa\u00eds europeu a completar ciclo de minera\u00e7\u00e3o e refina\u00e7\u00e3o do l\u00edtio\",\"datePublished\":\"2026-04-28T19:48:42+00:00\",\"mainEntityOfPage\":{\"@id\":\"https:\/\/portaltela.pt\/noticias\/2026\/04\/28\/finlandia-e-1o-pais-europeu-a-completar-ciclo-de-mineracao-e-refinacao-do-litio\/\"},\"wordCount\":359,\"image\":{\"@id\":\"https:\/\/portaltela.pt\/noticias\/2026\/04\/28\/finlandia-e-1o-pais-europeu-a-completar-ciclo-de-mineracao-e-refinacao-do-litio\/#primaryimage\"},\"thumbnailUrl\":\"https:\/\/portaltela.pt\/s.01k8rhncp4jt1\/2026\/04\/1536x864_cmsv2_b5fc3d1f-a406-525d-86b2-3ee55492aefa-9739345.jpg\",\"keywords\":[\"_energias renov\u00e1veis\",\"_Europa\",\"_investimento\",\"_minera\u00e7\u00e3o artesanal\",\"_recursos\"],\"articleSection\":[\"Energia\",\"Not\u00edcias\"],\"inLanguage\":\"pt-PT\"},{\"@type\":\"WebPage\",\"@id\":\"https:\/\/portaltela.pt\/noticias\/2026\/04\/28\/finlandia-e-1o-pais-europeu-a-completar-ciclo-de-mineracao-e-refinacao-do-litio\/\",\"url\":\"https:\/\/portaltela.pt\/noticias\/2026\/04\/28\/finlandia-e-1o-pais-europeu-a-completar-ciclo-de-mineracao-e-refinacao-do-litio\/\",\"name\":\"Finl\u00e2ndia \u00e9 1\u00ba pa\u00eds europeu a completar ciclo de minera\u00e7\u00e3o e refina\u00e7\u00e3o do l\u00edtio - Portal Tela Portugal\",\"isPartOf\":{\"@id\":\"https:\/\/portaltela.pt\/#website\"},\"primaryImageOfPage\":{\"@id\":\"https:\/\/portaltela.pt\/noticias\/2026\/04\/28\/finlandia-e-1o-pais-europeu-a-completar-ciclo-de-mineracao-e-refinacao-do-litio\/#primaryimage\"},\"image\":{\"@id\":\"https:\/\/portaltela.pt\/noticias\/2026\/04\/28\/finlandia-e-1o-pais-europeu-a-completar-ciclo-de-mineracao-e-refinacao-do-litio\/#primaryimage\"},\"thumbnailUrl\":\"https:\/\/portaltela.pt\/s.01k8rhncp4jt1\/2026\/04\/1536x864_cmsv2_b5fc3d1f-a406-525d-86b2-3ee55492aefa-9739345.jpg\",\"datePublished\":\"2026-04-28T19:48:42+00:00\",\"author\":{\"@id\":\"https:\/\/portaltela.pt\/#\/schema\/person\/c4278d4a6028830caff9ee44b42d32ed\"},\"breadcrumb\":{\"@id\":\"https:\/\/portaltela.pt\/noticias\/2026\/04\/28\/finlandia-e-1o-pais-europeu-a-completar-ciclo-de-mineracao-e-refinacao-do-litio\/#breadcrumb\"},\"inLanguage\":\"pt-PT\",\"potentialAction\":[{\"@type\":\"ReadAction\",\"target\":[\"https:\/\/portaltela.pt\/noticias\/2026\/04\/28\/finlandia-e-1o-pais-europeu-a-completar-ciclo-de-mineracao-e-refinacao-do-litio\/\"]}]},{\"@type\":\"ImageObject\",\"inLanguage\":\"pt-PT\",\"@id\":\"https:\/\/portaltela.pt\/noticias\/2026\/04\/28\/finlandia-e-1o-pais-europeu-a-completar-ciclo-de-mineracao-e-refinacao-do-litio\/#primaryimage\",\"url\":\"https:\/\/portaltela.pt\/s.01k8rhncp4jt1\/2026\/04\/1536x864_cmsv2_b5fc3d1f-a406-525d-86b2-3ee55492aefa-9739345.jpg\",\"contentUrl\":\"https:\/\/portaltela.pt\/s.01k8rhncp4jt1\/2026\/04\/1536x864_cmsv2_b5fc3d1f-a406-525d-86b2-3ee55492aefa-9739345.jpg\",\"width\":796,\"height\":448,\"caption\":\"A constru\u00e7\u00e3o continua na mina da Lithium Nevada Corp. no projeto Thacker Pass, a 24 de abril de 2023, perto de Orovada, Nevada.\"},{\"@type\":\"BreadcrumbList\",\"@id\":\"https:\/\/portaltela.pt\/noticias\/2026\/04\/28\/finlandia-e-1o-pais-europeu-a-completar-ciclo-de-mineracao-e-refinacao-do-litio\/#breadcrumb\",\"itemListElement\":[{\"@type\":\"ListItem\",\"position\":1,\"name\":\"In\u00edcio\",\"item\":\"https:\/\/portaltela.pt\/\"},{\"@type\":\"ListItem\",\"position\":2,\"name\":\"Finl\u00e2ndia \u00e9 1\u00ba pa\u00eds europeu a completar ciclo de minera\u00e7\u00e3o e refina\u00e7\u00e3o do l\u00edtio\"}]},{\"@type\":\"WebSite\",\"@id\":\"https:\/\/portaltela.pt\/#website\",\"url\":\"https:\/\/portaltela.pt\/\",\"name\":\"Portal Tela Portugal\",\"description\":\"\",\"potentialAction\":[{\"@type\":\"SearchAction\",\"target\":{\"@type\":\"EntryPoint\",\"urlTemplate\":\"https:\/\/portaltela.pt\/?s={search_term_string}\"},\"query-input\":{\"@type\":\"PropertyValueSpecification\",\"valueRequired\":true,\"valueName\":\"search_term_string\"}}],\"inLanguage\":\"pt-PT\"},{\"@type\":\"Person\",\"@id\":\"https:\/\/portaltela.pt\/#\/schema\/person\/c4278d4a6028830caff9ee44b42d32ed\",\"name\":\"Telinha\",\"image\":{\"@type\":\"ImageObject\",\"inLanguage\":\"pt-PT\",\"@id\":\"https:\/\/portaltela.pt\/s.01k8rhncp4jt1\/2025\/11\/talking-bot-125x125.png\",\"url\":\"https:\/\/portaltela.pt\/s.01k8rhncp4jt1\/2025\/11\/talking-bot-125x125.png\",\"contentUrl\":\"https:\/\/portaltela.pt\/s.01k8rhncp4jt1\/2025\/11\/talking-bot-125x125.png\",\"caption\":\"Telinha\"},\"sameAs\":[\"https:\/\/portaltela.pt\/\"],\"url\":\"https:\/\/portaltela.pt\/por\/367410592786\/\"}]}<\/script>\n<!-- \/ Yoast SEO plugin. -->","yoast_head_json":{"title":"Finl\u00e2ndia \u00e9 1\u00ba pa\u00eds europeu a completar ciclo de minera\u00e7\u00e3o e refina\u00e7\u00e3o do l\u00edtio - Portal Tela Portugal","robots":{"index":"index","follow":"follow","max-snippet":"max-snippet:-1","max-image-preview":"max-image-preview:large","max-video-preview":"max-video-preview:-1"},"og_locale":"pt_PT","og_type":"article","og_title":"Finl\u00e2ndia \u00e9 1\u00ba pa\u00eds europeu a completar ciclo de minera\u00e7\u00e3o e refina\u00e7\u00e3o do l\u00edtio - Portal Tela Portugal","og_description":"A mina a c\u00e9u aberto de Syv\u00e4j\u00e4rvi, em Kaustinen, Finl\u00e2ndia, come\u00e7a a funcionar, produzindo hidr\u00f3xido de l\u00edtio para baterias. A Finl\u00e2ndia tornou-se o primeiro pa\u00eds da Europa a ter um ciclo completo de minera\u00e7\u00e3o-refina\u00e7\u00e3o de l\u00edtio, da mina \u00e0 refinaria. O projeto de setecentos e oitenta e tr\u00eas milh\u00f5es de euros \u00e9 gerido pela Keliber Oy; a Sibanye-Stillwater det\u00e9m oitenta por cento das a\u00e7\u00f5es e o Finnish Minerals Group os vinte por cento, com financiamento adicional de duzentos e cinquenta milh\u00f5es de euros pelo Banco Europeu de Investimento. Prev\u00ea-se que a mina esteja totalmente operacional dentro de dois anos; a refinaria dever\u00e1 produzir cerca de quinze mil toneladas de hidr\u00f3xido de l\u00edtio por ano, correspondendo a aproximadamente dez por cento da procura europeia. A popula\u00e7\u00e3o local est\u00e1 dividida: a opera\u00e7\u00e3o deve gerar emprego para cerca de trezentas pessoas; a refinaria j\u00e1 iniciou testes com \u00e1gua e planeia enviar os primeiros sacos ainda este ano.","og_url":"https:\/\/portaltela.pt\/noticias\/2026\/04\/28\/finlandia-e-1o-pais-europeu-a-completar-ciclo-de-mineracao-e-refinacao-do-litio\/","og_site_name":"Portal Tela Portugal","article_published_time":"2026-04-28T19:48:42+00:00","author":"Telinha","twitter_card":"summary_large_image","twitter_misc":{"Escrito por":"Telinha","Tempo estimado de leitura":"2 minutos"},"schema":{"@context":"https:\/\/schema.org","@graph":[{"@type":"Article","@id":"https:\/\/portaltela.pt\/noticias\/2026\/04\/28\/finlandia-e-1o-pais-europeu-a-completar-ciclo-de-mineracao-e-refinacao-do-litio\/#article","isPartOf":{"@id":"https:\/\/portaltela.pt\/noticias\/2026\/04\/28\/finlandia-e-1o-pais-europeu-a-completar-ciclo-de-mineracao-e-refinacao-do-litio\/"},"author":{"name":"Telinha","@id":"https:\/\/portaltela.pt\/#\/schema\/person\/c4278d4a6028830caff9ee44b42d32ed"},"headline":"Finl\u00e2ndia \u00e9 1\u00ba pa\u00eds europeu a completar ciclo de minera\u00e7\u00e3o e refina\u00e7\u00e3o do l\u00edtio","datePublished":"2026-04-28T19:48:42+00:00","mainEntityOfPage":{"@id":"https:\/\/portaltela.pt\/noticias\/2026\/04\/28\/finlandia-e-1o-pais-europeu-a-completar-ciclo-de-mineracao-e-refinacao-do-litio\/"},"wordCount":359,"image":{"@id":"https:\/\/portaltela.pt\/noticias\/2026\/04\/28\/finlandia-e-1o-pais-europeu-a-completar-ciclo-de-mineracao-e-refinacao-do-litio\/#primaryimage"},"thumbnailUrl":"https:\/\/portaltela.pt\/s.01k8rhncp4jt1\/2026\/04\/1536x864_cmsv2_b5fc3d1f-a406-525d-86b2-3ee55492aefa-9739345.jpg","keywords":["_energias renov\u00e1veis","_Europa","_investimento","_minera\u00e7\u00e3o artesanal","_recursos"],"articleSection":["Energia","Not\u00edcias"],"inLanguage":"pt-PT"},{"@type":"WebPage","@id":"https:\/\/portaltela.pt\/noticias\/2026\/04\/28\/finlandia-e-1o-pais-europeu-a-completar-ciclo-de-mineracao-e-refinacao-do-litio\/","url":"https:\/\/portaltela.pt\/noticias\/2026\/04\/28\/finlandia-e-1o-pais-europeu-a-completar-ciclo-de-mineracao-e-refinacao-do-litio\/","name":"Finl\u00e2ndia \u00e9 1\u00ba pa\u00eds europeu a completar ciclo de minera\u00e7\u00e3o e refina\u00e7\u00e3o do l\u00edtio - Portal Tela Portugal","isPartOf":{"@id":"https:\/\/portaltela.pt\/#website"},"primaryImageOfPage":{"@id":"https:\/\/portaltela.pt\/noticias\/2026\/04\/28\/finlandia-e-1o-pais-europeu-a-completar-ciclo-de-mineracao-e-refinacao-do-litio\/#primaryimage"},"image":{"@id":"https:\/\/portaltela.pt\/noticias\/2026\/04\/28\/finlandia-e-1o-pais-europeu-a-completar-ciclo-de-mineracao-e-refinacao-do-litio\/#primaryimage"},"thumbnailUrl":"https:\/\/portaltela.pt\/s.01k8rhncp4jt1\/2026\/04\/1536x864_cmsv2_b5fc3d1f-a406-525d-86b2-3ee55492aefa-9739345.jpg","datePublished":"2026-04-28T19:48:42+00:00","author":{"@id":"https:\/\/portaltela.pt\/#\/schema\/person\/c4278d4a6028830caff9ee44b42d32ed"},"breadcrumb":{"@id":"https:\/\/portaltela.pt\/noticias\/2026\/04\/28\/finlandia-e-1o-pais-europeu-a-completar-ciclo-de-mineracao-e-refinacao-do-litio\/#breadcrumb"},"inLanguage":"pt-PT","potentialAction":[{"@type":"ReadAction","target":["https:\/\/portaltela.pt\/noticias\/2026\/04\/28\/finlandia-e-1o-pais-europeu-a-completar-ciclo-de-mineracao-e-refinacao-do-litio\/"]}]},{"@type":"ImageObject","inLanguage":"pt-PT","@id":"https:\/\/portaltela.pt\/noticias\/2026\/04\/28\/finlandia-e-1o-pais-europeu-a-completar-ciclo-de-mineracao-e-refinacao-do-litio\/#primaryimage","url":"https:\/\/portaltela.pt\/s.01k8rhncp4jt1\/2026\/04\/1536x864_cmsv2_b5fc3d1f-a406-525d-86b2-3ee55492aefa-9739345.jpg","contentUrl":"https:\/\/portaltela.pt\/s.01k8rhncp4jt1\/2026\/04\/1536x864_cmsv2_b5fc3d1f-a406-525d-86b2-3ee55492aefa-9739345.jpg","width":796,"height":448,"caption":"A constru\u00e7\u00e3o continua na mina da Lithium Nevada Corp. no projeto Thacker Pass, a 24 de abril de 2023, perto de Orovada, Nevada."},{"@type":"BreadcrumbList","@id":"https:\/\/portaltela.pt\/noticias\/2026\/04\/28\/finlandia-e-1o-pais-europeu-a-completar-ciclo-de-mineracao-e-refinacao-do-litio\/#breadcrumb","itemListElement":[{"@type":"ListItem","position":1,"name":"In\u00edcio","item":"https:\/\/portaltela.pt\/"},{"@type":"ListItem","position":2,"name":"Finl\u00e2ndia \u00e9 1\u00ba pa\u00eds europeu a completar ciclo de minera\u00e7\u00e3o e refina\u00e7\u00e3o do l\u00edtio"}]},{"@type":"WebSite","@id":"https:\/\/portaltela.pt\/#website","url":"https:\/\/portaltela.pt\/","name":"Portal Tela Portugal","description":"","potentialAction":[{"@type":"SearchAction","target":{"@type":"EntryPoint","urlTemplate":"https:\/\/portaltela.pt\/?s={search_term_string}"},"query-input":{"@type":"PropertyValueSpecification","valueRequired":true,"valueName":"search_term_string"}}],"inLanguage":"pt-PT"},{"@type":"Person","@id":"https:\/\/portaltela.pt\/#\/schema\/person\/c4278d4a6028830caff9ee44b42d32ed","name":"Telinha","image":{"@type":"ImageObject","inLanguage":"pt-PT","@id":"https:\/\/portaltela.pt\/s.01k8rhncp4jt1\/2025\/11\/talking-bot-125x125.png","url":"https:\/\/portaltela.pt\/s.01k8rhncp4jt1\/2025\/11\/talking-bot-125x125.png","contentUrl":"https:\/\/portaltela.pt\/s.01k8rhncp4jt1\/2025\/11\/talking-bot-125x125.png","caption":"Telinha"},"sameAs":["https:\/\/portaltela.pt\/"],"url":"https:\/\/portaltela.pt\/por\/367410592786\/"}]}},"_links":{"self":[{"href":"https:\/\/portaltela.pt\/api\/wp\/v2\/posts\/460432","targetHints":{"allow":["GET"]}}],"collection":[{"href":"https:\/\/portaltela.pt\/api\/wp\/v2\/posts"}],"about":[{"href":"https:\/\/portaltela.pt\/api\/wp\/v2\/types\/post"}],"author":[{"embeddable":true,"href":"https:\/\/portaltela.pt\/api\/wp\/v2\/users\/2"}],"replies":[{"embeddable":true,"href":"https:\/\/portaltela.pt\/api\/wp\/v2\/comments?post=460432"}],"version-history":[{"count":0,"href":"https:\/\/portaltela.pt\/api\/wp\/v2\/posts\/460432\/revisions"}],"wp:featuredmedia":[{"embeddable":true,"href":"https:\/\/portaltela.pt\/api\/wp\/v2\/media\/460434"}],"wp:attachment":[{"href":"https:\/\/portaltela.pt\/api\/wp\/v2\/media?parent=460432"}],"wp:term":[{"taxonomy":"category","embeddable":true,"href":"https:\/\/portaltela.pt\/api\/wp\/v2\/categories?post=460432"},{"taxonomy":"post_tag","embeddable":true,"href":"https:\/\/portaltela.pt\/api\/wp\/v2\/tags?post=460432"}],"curies":[{"name":"wp","href":"https:\/\/api.w.org\/{rel}","templated":true}]}}