{"id":460430,"date":"2026-04-28T16:48:29","date_gmt":"2026-04-28T19:48:29","guid":{"rendered":"https:\/\/portaltela.pt\/noticias\/2026\/04\/28\/contas-finais-para-definir-as-duas-ultimas-jornadas-da-fase-regular\/"},"modified":"2026-04-28T16:48:29","modified_gmt":"2026-04-28T19:48:29","slug":"contas-finais-para-definir-as-duas-ultimas-jornadas-da-fase-regular","status":"publish","type":"post","link":"https:\/\/portaltela.pt\/desporto\/futebol\/2026\/04\/28\/contas-finais-para-definir-as-duas-ultimas-jornadas-da-fase-regular\/","title":{"rendered":"Contas finais para definir as duas \u00faltimas jornadas da fase regular"},"content":{"rendered":"<p>O campeonato nacional de h\u00f3quei em patins aproxima-se do t\u00e9rmino da fase regular, com apenas duas jornadas pela frente. A principal prioridade \u00e9 assegurar o playoff entre os oito primeiros, bem como o emparelhamento, e definir quem enfrenta a descida, j\u00e1 que a luta pela segunda vaga de descida est\u00e1 em curso.<\/p>\n<p>O Sporting, vencedor da Ta\u00e7a de Portugal, procura o segundo lugar no campeonato. A equipa joga fora, diante da Oliveirense, mantendo a dist\u00e2ncia de cinco pontos para o FC Porto, que j\u00e1 venceu o HC Braga por 11-4.<\/p>\n<h3>Luta pelo Playoff<\/h3>\n<p>No Minho, o OC Barcelos, finalista na Ta\u00e7a, recebe o Benfica e pode subir ao p\u00f3dio. A partida tem transmiss\u00e3o prevista em direto no nosso site, \u00e0s 21h30. O Benfica chega com o primeiro lugar j\u00e1 garantido e o fator casa no playoff.<\/p>\n<h3>Despromo\u00e7\u00e3o em perspetiva<\/h3>\n<p>O Benfica ainda n\u00e3o perdeu no campeonato, mas sofreu rev\u00e9s ao eliminar o OC Barcelos nas meias-finais da Ta\u00e7a de Portugal. O desfecho da luta pela despromo\u00e7\u00e3o envolve a equipa que fica fora dos oito de cabe\u00e7a, com decis\u00f5es finais ainda por tomar.<\/p>\n","protected":false},"excerpt":{"rendered":"<ul>\n<li>Faltam duas jornadas para o fim da fase regular do campeonato nacional e ainda h\u00e1 muito por decidir em rela\u00e7\u00e3o aos oito primeiros que v\u00e3o ao playoff, bem como o emparelhamento e a despromo\u00e7\u00e3o.<\/li>\n<li>O Sporting, que conquistou a Ta\u00e7a de Portugal, luta pelo segundo lugar e vai visitar a Oliveirense.<\/li>\n<li>O FC Porto est\u00e1 na frente, e o Sporting tem menos cinco pontos do que o Porto, que j\u00e1 bateu o HC Braga.<\/li>\n<li>O OC Barcelos recebe o Benfica em jogo que pode ver em direto no site, com o Benfica ainda com o primeiro lugar garantido e casa no playoff.<\/li>\n<li>O Benfica j\u00e1 n\u00e3o perdeu no campeonato e eliminou o OC Barcelos nas meias-finais da Ta\u00e7a de Portugal.<\/li>\n<\/ul>\n","protected":false},"author":2,"featured_media":460433,"comment_status":"closed","ping_status":"closed","sticky":false,"template":"","format":"standard","meta":{"footnotes":""},"categories":[21,24],"tags":[1946,152,2028,3280,125,1652],"class_list":["post-460430","post","type-post","status-publish","format-standard","has-post-thumbnail","hentry","category-desporto","category-futebol","tag-benfica","tag-desporto","tag-fc-porto","tag-oc-barcelos","tag-playoffs","tag-sporting"],"yoast_head":"<!-- This site is optimized with the Yoast SEO plugin v27.2 - https:\/\/yoast.com\/product\/yoast-seo-wordpress\/ -->\n<title>Contas finais para definir as duas \u00faltimas jornadas da fase regular - Portal Tela Portugal<\/title>\n<meta name=\"robots\" content=\"index, follow, max-snippet:-1, max-image-preview:large, max-video-preview:-1\" \/>\n<meta property=\"og:locale\" content=\"pt_PT\" \/>\n<meta property=\"og:type\" content=\"article\" \/>\n<meta property=\"og:title\" content=\"Contas finais para definir as duas \u00faltimas jornadas da fase regular - Portal Tela Portugal\" \/>\n<meta property=\"og:description\" content=\"Faltam duas jornadas para o fim da fase regular do campeonato nacional e ainda h\u00e1 muito por decidir em rela\u00e7\u00e3o aos oito primeiros que v\u00e3o ao playoff, bem como o emparelhamento e a despromo\u00e7\u00e3o. O Sporting, que conquistou a Ta\u00e7a de Portugal, luta pelo segundo lugar e vai visitar a Oliveirense. O FC Porto est\u00e1 na frente, e o Sporting tem menos cinco pontos do que o Porto, que j\u00e1 bateu o HC Braga. O OC Barcelos recebe o Benfica em jogo que pode ver em direto no site, com o Benfica ainda com o primeiro lugar garantido e casa no playoff. O Benfica j\u00e1 n\u00e3o perdeu no campeonato e eliminou o OC Barcelos nas meias-finais da Ta\u00e7a de Portugal.\" \/>\n<meta property=\"og:url\" content=\"https:\/\/portaltela.pt\/noticias\/2026\/04\/28\/contas-finais-para-definir-as-duas-ultimas-jornadas-da-fase-regular\/\" \/>\n<meta property=\"og:site_name\" content=\"Portal Tela Portugal\" \/>\n<meta property=\"article:published_time\" content=\"2026-04-28T19:48:29+00:00\" \/>\n<meta name=\"author\" content=\"Telinha\" \/>\n<meta name=\"twitter:card\" content=\"summary_large_image\" \/>\n<meta name=\"twitter:label1\" content=\"Escrito por\" \/>\n\t<meta name=\"twitter:data1\" content=\"Telinha\" \/>\n\t<meta name=\"twitter:label2\" content=\"Tempo estimado de leitura\" \/>\n\t<meta name=\"twitter:data2\" content=\"1 minuto\" \/>\n<script type=\"application\/ld+json\" class=\"yoast-schema-graph\">{\"@context\":\"https:\/\/schema.org\",\"@graph\":[{\"@type\":\"Article\",\"@id\":\"https:\/\/portaltela.pt\/noticias\/2026\/04\/28\/contas-finais-para-definir-as-duas-ultimas-jornadas-da-fase-regular\/#article\",\"isPartOf\":{\"@id\":\"https:\/\/portaltela.pt\/noticias\/2026\/04\/28\/contas-finais-para-definir-as-duas-ultimas-jornadas-da-fase-regular\/\"},\"author\":{\"name\":\"Telinha\",\"@id\":\"https:\/\/portaltela.pt\/#\/schema\/person\/c4278d4a6028830caff9ee44b42d32ed\"},\"headline\":\"Contas finais para definir as duas \u00faltimas jornadas da fase regular\",\"datePublished\":\"2026-04-28T19:48:29+00:00\",\"mainEntityOfPage\":{\"@id\":\"https:\/\/portaltela.pt\/noticias\/2026\/04\/28\/contas-finais-para-definir-as-duas-ultimas-jornadas-da-fase-regular\/\"},\"wordCount\":206,\"image\":{\"@id\":\"https:\/\/portaltela.pt\/noticias\/2026\/04\/28\/contas-finais-para-definir-as-duas-ultimas-jornadas-da-fase-regular\/#primaryimage\"},\"thumbnailUrl\":\"https:\/\/portaltela.pt\/s.01k8rhncp4jt1\/2026\/04\/img_920x518uu2026-04-28-20-23-47-2435805.jpg\",\"keywords\":[\"Benfica\",\"desporto\",\"FC Porto\",\"OC Barcelos\",\"playoffs\",\"Sporting\"],\"articleSection\":[\"Desporto\",\"Futebol\"],\"inLanguage\":\"pt-PT\"},{\"@type\":\"WebPage\",\"@id\":\"https:\/\/portaltela.pt\/noticias\/2026\/04\/28\/contas-finais-para-definir-as-duas-ultimas-jornadas-da-fase-regular\/\",\"url\":\"https:\/\/portaltela.pt\/noticias\/2026\/04\/28\/contas-finais-para-definir-as-duas-ultimas-jornadas-da-fase-regular\/\",\"name\":\"Contas finais para definir as duas \u00faltimas jornadas da fase regular - Portal Tela Portugal\",\"isPartOf\":{\"@id\":\"https:\/\/portaltela.pt\/#website\"},\"primaryImageOfPage\":{\"@id\":\"https:\/\/portaltela.pt\/noticias\/2026\/04\/28\/contas-finais-para-definir-as-duas-ultimas-jornadas-da-fase-regular\/#primaryimage\"},\"image\":{\"@id\":\"https:\/\/portaltela.pt\/noticias\/2026\/04\/28\/contas-finais-para-definir-as-duas-ultimas-jornadas-da-fase-regular\/#primaryimage\"},\"thumbnailUrl\":\"https:\/\/portaltela.pt\/s.01k8rhncp4jt1\/2026\/04\/img_920x518uu2026-04-28-20-23-47-2435805.jpg\",\"datePublished\":\"2026-04-28T19:48:29+00:00\",\"author\":{\"@id\":\"https:\/\/portaltela.pt\/#\/schema\/person\/c4278d4a6028830caff9ee44b42d32ed\"},\"breadcrumb\":{\"@id\":\"https:\/\/portaltela.pt\/noticias\/2026\/04\/28\/contas-finais-para-definir-as-duas-ultimas-jornadas-da-fase-regular\/#breadcrumb\"},\"inLanguage\":\"pt-PT\",\"potentialAction\":[{\"@type\":\"ReadAction\",\"target\":[\"https:\/\/portaltela.pt\/noticias\/2026\/04\/28\/contas-finais-para-definir-as-duas-ultimas-jornadas-da-fase-regular\/\"]}]},{\"@type\":\"ImageObject\",\"inLanguage\":\"pt-PT\",\"@id\":\"https:\/\/portaltela.pt\/noticias\/2026\/04\/28\/contas-finais-para-definir-as-duas-ultimas-jornadas-da-fase-regular\/#primaryimage\",\"url\":\"https:\/\/portaltela.pt\/s.01k8rhncp4jt1\/2026\/04\/img_920x518uu2026-04-28-20-23-47-2435805.jpg\",\"contentUrl\":\"https:\/\/portaltela.pt\/s.01k8rhncp4jt1\/2026\/04\/img_920x518uu2026-04-28-20-23-47-2435805.jpg\",\"width\":796,\"height\":448,\"caption\":\"Jogadores de h\u00f3quei em patins disputam lance decisivo durante um jogo do campeonato\"},{\"@type\":\"BreadcrumbList\",\"@id\":\"https:\/\/portaltela.pt\/noticias\/2026\/04\/28\/contas-finais-para-definir-as-duas-ultimas-jornadas-da-fase-regular\/#breadcrumb\",\"itemListElement\":[{\"@type\":\"ListItem\",\"position\":1,\"name\":\"In\u00edcio\",\"item\":\"https:\/\/portaltela.pt\/\"},{\"@type\":\"ListItem\",\"position\":2,\"name\":\"Contas finais para definir as duas \u00faltimas jornadas da fase regular\"}]},{\"@type\":\"WebSite\",\"@id\":\"https:\/\/portaltela.pt\/#website\",\"url\":\"https:\/\/portaltela.pt\/\",\"name\":\"Portal Tela Portugal\",\"description\":\"\",\"potentialAction\":[{\"@type\":\"SearchAction\",\"target\":{\"@type\":\"EntryPoint\",\"urlTemplate\":\"https:\/\/portaltela.pt\/?s={search_term_string}\"},\"query-input\":{\"@type\":\"PropertyValueSpecification\",\"valueRequired\":true,\"valueName\":\"search_term_string\"}}],\"inLanguage\":\"pt-PT\"},{\"@type\":\"Person\",\"@id\":\"https:\/\/portaltela.pt\/#\/schema\/person\/c4278d4a6028830caff9ee44b42d32ed\",\"name\":\"Telinha\",\"image\":{\"@type\":\"ImageObject\",\"inLanguage\":\"pt-PT\",\"@id\":\"https:\/\/portaltela.pt\/s.01k8rhncp4jt1\/2025\/11\/talking-bot-125x125.png\",\"url\":\"https:\/\/portaltela.pt\/s.01k8rhncp4jt1\/2025\/11\/talking-bot-125x125.png\",\"contentUrl\":\"https:\/\/portaltela.pt\/s.01k8rhncp4jt1\/2025\/11\/talking-bot-125x125.png\",\"caption\":\"Telinha\"},\"sameAs\":[\"https:\/\/portaltela.pt\/\"],\"url\":\"https:\/\/portaltela.pt\/por\/367410592786\/\"}]}<\/script>\n<!-- \/ Yoast SEO plugin. -->","yoast_head_json":{"title":"Contas finais para definir as duas \u00faltimas jornadas da fase regular - Portal Tela Portugal","robots":{"index":"index","follow":"follow","max-snippet":"max-snippet:-1","max-image-preview":"max-image-preview:large","max-video-preview":"max-video-preview:-1"},"og_locale":"pt_PT","og_type":"article","og_title":"Contas finais para definir as duas \u00faltimas jornadas da fase regular - Portal Tela Portugal","og_description":"Faltam duas jornadas para o fim da fase regular do campeonato nacional e ainda h\u00e1 muito por decidir em rela\u00e7\u00e3o aos oito primeiros que v\u00e3o ao playoff, bem como o emparelhamento e a despromo\u00e7\u00e3o. O Sporting, que conquistou a Ta\u00e7a de Portugal, luta pelo segundo lugar e vai visitar a Oliveirense. O FC Porto est\u00e1 na frente, e o Sporting tem menos cinco pontos do que o Porto, que j\u00e1 bateu o HC Braga. O OC Barcelos recebe o Benfica em jogo que pode ver em direto no site, com o Benfica ainda com o primeiro lugar garantido e casa no playoff. O Benfica j\u00e1 n\u00e3o perdeu no campeonato e eliminou o OC Barcelos nas meias-finais da Ta\u00e7a de Portugal.","og_url":"https:\/\/portaltela.pt\/noticias\/2026\/04\/28\/contas-finais-para-definir-as-duas-ultimas-jornadas-da-fase-regular\/","og_site_name":"Portal Tela Portugal","article_published_time":"2026-04-28T19:48:29+00:00","author":"Telinha","twitter_card":"summary_large_image","twitter_misc":{"Escrito por":"Telinha","Tempo estimado de leitura":"1 minuto"},"schema":{"@context":"https:\/\/schema.org","@graph":[{"@type":"Article","@id":"https:\/\/portaltela.pt\/noticias\/2026\/04\/28\/contas-finais-para-definir-as-duas-ultimas-jornadas-da-fase-regular\/#article","isPartOf":{"@id":"https:\/\/portaltela.pt\/noticias\/2026\/04\/28\/contas-finais-para-definir-as-duas-ultimas-jornadas-da-fase-regular\/"},"author":{"name":"Telinha","@id":"https:\/\/portaltela.pt\/#\/schema\/person\/c4278d4a6028830caff9ee44b42d32ed"},"headline":"Contas finais para definir as duas \u00faltimas jornadas da fase regular","datePublished":"2026-04-28T19:48:29+00:00","mainEntityOfPage":{"@id":"https:\/\/portaltela.pt\/noticias\/2026\/04\/28\/contas-finais-para-definir-as-duas-ultimas-jornadas-da-fase-regular\/"},"wordCount":206,"image":{"@id":"https:\/\/portaltela.pt\/noticias\/2026\/04\/28\/contas-finais-para-definir-as-duas-ultimas-jornadas-da-fase-regular\/#primaryimage"},"thumbnailUrl":"https:\/\/portaltela.pt\/s.01k8rhncp4jt1\/2026\/04\/img_920x518uu2026-04-28-20-23-47-2435805.jpg","keywords":["Benfica","desporto","FC Porto","OC Barcelos","playoffs","Sporting"],"articleSection":["Desporto","Futebol"],"inLanguage":"pt-PT"},{"@type":"WebPage","@id":"https:\/\/portaltela.pt\/noticias\/2026\/04\/28\/contas-finais-para-definir-as-duas-ultimas-jornadas-da-fase-regular\/","url":"https:\/\/portaltela.pt\/noticias\/2026\/04\/28\/contas-finais-para-definir-as-duas-ultimas-jornadas-da-fase-regular\/","name":"Contas finais para definir as duas \u00faltimas jornadas da fase regular - Portal Tela Portugal","isPartOf":{"@id":"https:\/\/portaltela.pt\/#website"},"primaryImageOfPage":{"@id":"https:\/\/portaltela.pt\/noticias\/2026\/04\/28\/contas-finais-para-definir-as-duas-ultimas-jornadas-da-fase-regular\/#primaryimage"},"image":{"@id":"https:\/\/portaltela.pt\/noticias\/2026\/04\/28\/contas-finais-para-definir-as-duas-ultimas-jornadas-da-fase-regular\/#primaryimage"},"thumbnailUrl":"https:\/\/portaltela.pt\/s.01k8rhncp4jt1\/2026\/04\/img_920x518uu2026-04-28-20-23-47-2435805.jpg","datePublished":"2026-04-28T19:48:29+00:00","author":{"@id":"https:\/\/portaltela.pt\/#\/schema\/person\/c4278d4a6028830caff9ee44b42d32ed"},"breadcrumb":{"@id":"https:\/\/portaltela.pt\/noticias\/2026\/04\/28\/contas-finais-para-definir-as-duas-ultimas-jornadas-da-fase-regular\/#breadcrumb"},"inLanguage":"pt-PT","potentialAction":[{"@type":"ReadAction","target":["https:\/\/portaltela.pt\/noticias\/2026\/04\/28\/contas-finais-para-definir-as-duas-ultimas-jornadas-da-fase-regular\/"]}]},{"@type":"ImageObject","inLanguage":"pt-PT","@id":"https:\/\/portaltela.pt\/noticias\/2026\/04\/28\/contas-finais-para-definir-as-duas-ultimas-jornadas-da-fase-regular\/#primaryimage","url":"https:\/\/portaltela.pt\/s.01k8rhncp4jt1\/2026\/04\/img_920x518uu2026-04-28-20-23-47-2435805.jpg","contentUrl":"https:\/\/portaltela.pt\/s.01k8rhncp4jt1\/2026\/04\/img_920x518uu2026-04-28-20-23-47-2435805.jpg","width":796,"height":448,"caption":"Jogadores de h\u00f3quei em patins disputam lance decisivo durante um jogo do campeonato"},{"@type":"BreadcrumbList","@id":"https:\/\/portaltela.pt\/noticias\/2026\/04\/28\/contas-finais-para-definir-as-duas-ultimas-jornadas-da-fase-regular\/#breadcrumb","itemListElement":[{"@type":"ListItem","position":1,"name":"In\u00edcio","item":"https:\/\/portaltela.pt\/"},{"@type":"ListItem","position":2,"name":"Contas finais para definir as duas \u00faltimas jornadas da fase regular"}]},{"@type":"WebSite","@id":"https:\/\/portaltela.pt\/#website","url":"https:\/\/portaltela.pt\/","name":"Portal Tela Portugal","description":"","potentialAction":[{"@type":"SearchAction","target":{"@type":"EntryPoint","urlTemplate":"https:\/\/portaltela.pt\/?s={search_term_string}"},"query-input":{"@type":"PropertyValueSpecification","valueRequired":true,"valueName":"search_term_string"}}],"inLanguage":"pt-PT"},{"@type":"Person","@id":"https:\/\/portaltela.pt\/#\/schema\/person\/c4278d4a6028830caff9ee44b42d32ed","name":"Telinha","image":{"@type":"ImageObject","inLanguage":"pt-PT","@id":"https:\/\/portaltela.pt\/s.01k8rhncp4jt1\/2025\/11\/talking-bot-125x125.png","url":"https:\/\/portaltela.pt\/s.01k8rhncp4jt1\/2025\/11\/talking-bot-125x125.png","contentUrl":"https:\/\/portaltela.pt\/s.01k8rhncp4jt1\/2025\/11\/talking-bot-125x125.png","caption":"Telinha"},"sameAs":["https:\/\/portaltela.pt\/"],"url":"https:\/\/portaltela.pt\/por\/367410592786\/"}]}},"_links":{"self":[{"href":"https:\/\/portaltela.pt\/api\/wp\/v2\/posts\/460430","targetHints":{"allow":["GET"]}}],"collection":[{"href":"https:\/\/portaltela.pt\/api\/wp\/v2\/posts"}],"about":[{"href":"https:\/\/portaltela.pt\/api\/wp\/v2\/types\/post"}],"author":[{"embeddable":true,"href":"https:\/\/portaltela.pt\/api\/wp\/v2\/users\/2"}],"replies":[{"embeddable":true,"href":"https:\/\/portaltela.pt\/api\/wp\/v2\/comments?post=460430"}],"version-history":[{"count":0,"href":"https:\/\/portaltela.pt\/api\/wp\/v2\/posts\/460430\/revisions"}],"wp:featuredmedia":[{"embeddable":true,"href":"https:\/\/portaltela.pt\/api\/wp\/v2\/media\/460433"}],"wp:attachment":[{"href":"https:\/\/portaltela.pt\/api\/wp\/v2\/media?parent=460430"}],"wp:term":[{"taxonomy":"category","embeddable":true,"href":"https:\/\/portaltela.pt\/api\/wp\/v2\/categories?post=460430"},{"taxonomy":"post_tag","embeddable":true,"href":"https:\/\/portaltela.pt\/api\/wp\/v2\/tags?post=460430"}],"curies":[{"name":"wp","href":"https:\/\/api.w.org\/{rel}","templated":true}]}}