{"id":460422,"date":"2026-04-28T16:48:12","date_gmt":"2026-04-28T19:48:12","guid":{"rendered":"https:\/\/portaltela.pt\/noticias\/2026\/04\/28\/trump-acusa-chanceler-alemao-de-nao-saber-do-que-fala-ao-questionar-eua\/"},"modified":"2026-04-28T16:48:12","modified_gmt":"2026-04-28T19:48:12","slug":"trump-acusa-chanceler-alemao-de-nao-saber-do-que-fala-ao-questionar-eua","status":"publish","type":"post","link":"https:\/\/portaltela.pt\/noticias\/politica\/2026\/04\/28\/trump-acusa-chanceler-alemao-de-nao-saber-do-que-fala-ao-questionar-eua\/","title":{"rendered":"Trump acusa chanceler alem\u00e3o de n\u00e3o saber do que fala ao questionar EUA"},"content":{"rendered":"<p>N\u00e3o tenho acesso ao conte\u00fado completo devido ao paywall. Com base apenas no t\u00edtulo, n\u00e3o \u00e9 poss\u00edvel confirmar factos, contexto ou cita\u00e7\u00f5es de forma precisa.<\/p>\n<p>Pode fornecer o texto completo ou indicar fontes confi\u00e1veis para que eu permita redigir o artigo completo em conformidade com as diretrizes? Se preferir, tamb\u00e9m posso criar uma vers\u00e3o preliminar apenas a partir do t\u00edtulo, mas ficar\u00e1 baseada em suposi\u00e7\u00e3o e n\u00e3o em informa\u00e7\u00f5es verificadas.<\/p>\n","protected":false},"excerpt":{"rendered":"<ul>\n<li>O ex-presidente dos Estados Unidos, Donald Trump, afirmou que o chanceler alem\u00e3o \u201cn\u00e3o sabe do que fala\u201d ao questionar os EUA.<\/li>\n<li>A rea\u00e7\u00e3o foi publicada ap\u00f3s o chanceler alem\u00e3o ter questionado o papel dos EUA na pol\u00edtica internacional.<\/li>\n<li>O conte\u00fado completo da not\u00edcia est\u00e1 dispon\u00edvel apenas para subscritores.<\/li>\n<\/ul>\n","protected":false},"author":2,"featured_media":460427,"comment_status":"closed","ping_status":"closed","sticky":false,"template":"","format":"standard","meta":{"footnotes":""},"categories":[6912,5],"tags":[1603,4953,1600,2832,7439,27],"class_list":["post-460422","post","type-post","status-publish","format-standard","has-post-thumbnail","hentry","category-internacionais","category-politica","tag-alemanha","tag-donald-trump","tag-estados-unidos","tag-politica","tag-politica-externa","tag-relacoes-internacionais"],"yoast_head":"<!-- This site is optimized with the Yoast SEO plugin v27.2 - https:\/\/yoast.com\/product\/yoast-seo-wordpress\/ -->\n<title>Trump acusa chanceler alem\u00e3o de n\u00e3o saber do que fala ao questionar EUA - Portal Tela Portugal<\/title>\n<meta name=\"robots\" content=\"index, follow, max-snippet:-1, max-image-preview:large, max-video-preview:-1\" \/>\n<meta property=\"og:locale\" content=\"pt_PT\" \/>\n<meta property=\"og:type\" content=\"article\" \/>\n<meta property=\"og:title\" content=\"Trump acusa chanceler alem\u00e3o de n\u00e3o saber do que fala ao questionar EUA - Portal Tela Portugal\" \/>\n<meta property=\"og:description\" content=\"O ex-presidente dos Estados Unidos, Donald Trump, afirmou que o chanceler alem\u00e3o \u201cn\u00e3o sabe do que fala\u201d ao questionar os EUA. A rea\u00e7\u00e3o foi publicada ap\u00f3s o chanceler alem\u00e3o ter questionado o papel dos EUA na pol\u00edtica internacional. O conte\u00fado completo da not\u00edcia est\u00e1 dispon\u00edvel apenas para subscritores.\" \/>\n<meta property=\"og:url\" content=\"https:\/\/portaltela.pt\/noticias\/2026\/04\/28\/trump-acusa-chanceler-alemao-de-nao-saber-do-que-fala-ao-questionar-eua\/\" \/>\n<meta property=\"og:site_name\" content=\"Portal Tela Portugal\" \/>\n<meta property=\"article:published_time\" content=\"2026-04-28T19:48:12+00:00\" \/>\n<meta name=\"author\" content=\"Telinha\" \/>\n<meta name=\"twitter:card\" content=\"summary_large_image\" \/>\n<meta name=\"twitter:label1\" content=\"Escrito por\" \/>\n\t<meta name=\"twitter:data1\" content=\"Telinha\" \/>\n<script type=\"application\/ld+json\" class=\"yoast-schema-graph\">{\"@context\":\"https:\/\/schema.org\",\"@graph\":[{\"@type\":\"Article\",\"@id\":\"https:\/\/portaltela.pt\/noticias\/2026\/04\/28\/trump-acusa-chanceler-alemao-de-nao-saber-do-que-fala-ao-questionar-eua\/#article\",\"isPartOf\":{\"@id\":\"https:\/\/portaltela.pt\/noticias\/2026\/04\/28\/trump-acusa-chanceler-alemao-de-nao-saber-do-que-fala-ao-questionar-eua\/\"},\"author\":{\"name\":\"Telinha\",\"@id\":\"https:\/\/portaltela.pt\/#\/schema\/person\/c4278d4a6028830caff9ee44b42d32ed\"},\"headline\":\"Trump acusa chanceler alem\u00e3o de n\u00e3o saber do que fala ao questionar EUA\",\"datePublished\":\"2026-04-28T19:48:12+00:00\",\"mainEntityOfPage\":{\"@id\":\"https:\/\/portaltela.pt\/noticias\/2026\/04\/28\/trump-acusa-chanceler-alemao-de-nao-saber-do-que-fala-ao-questionar-eua\/\"},\"wordCount\":97,\"image\":{\"@id\":\"https:\/\/portaltela.pt\/noticias\/2026\/04\/28\/trump-acusa-chanceler-alemao-de-nao-saber-do-que-fala-ao-questionar-eua\/#primaryimage\"},\"thumbnailUrl\":\"https:\/\/portaltela.pt\/s.01k8rhncp4jt1\/2026\/04\/CACHE_780X1200_ANALOG_WATERMARKED_46997584_497511427370781.jpg\",\"keywords\":[\"Alemanha\",\"Donald Trump\",\"Estados Unidos\",\"pol\u00edtica\",\"pol\u00edtica externa\",\"rela\u00e7\u00f5es internacionais\"],\"articleSection\":[\"Internacionais\",\"Pol\u00edtica\"],\"inLanguage\":\"pt-PT\"},{\"@type\":\"WebPage\",\"@id\":\"https:\/\/portaltela.pt\/noticias\/2026\/04\/28\/trump-acusa-chanceler-alemao-de-nao-saber-do-que-fala-ao-questionar-eua\/\",\"url\":\"https:\/\/portaltela.pt\/noticias\/2026\/04\/28\/trump-acusa-chanceler-alemao-de-nao-saber-do-que-fala-ao-questionar-eua\/\",\"name\":\"Trump acusa chanceler alem\u00e3o de n\u00e3o saber do que fala ao questionar EUA - Portal Tela Portugal\",\"isPartOf\":{\"@id\":\"https:\/\/portaltela.pt\/#website\"},\"primaryImageOfPage\":{\"@id\":\"https:\/\/portaltela.pt\/noticias\/2026\/04\/28\/trump-acusa-chanceler-alemao-de-nao-saber-do-que-fala-ao-questionar-eua\/#primaryimage\"},\"image\":{\"@id\":\"https:\/\/portaltela.pt\/noticias\/2026\/04\/28\/trump-acusa-chanceler-alemao-de-nao-saber-do-que-fala-ao-questionar-eua\/#primaryimage\"},\"thumbnailUrl\":\"https:\/\/portaltela.pt\/s.01k8rhncp4jt1\/2026\/04\/CACHE_780X1200_ANALOG_WATERMARKED_46997584_497511427370781.jpg\",\"datePublished\":\"2026-04-28T19:48:12+00:00\",\"author\":{\"@id\":\"https:\/\/portaltela.pt\/#\/schema\/person\/c4278d4a6028830caff9ee44b42d32ed\"},\"breadcrumb\":{\"@id\":\"https:\/\/portaltela.pt\/noticias\/2026\/04\/28\/trump-acusa-chanceler-alemao-de-nao-saber-do-que-fala-ao-questionar-eua\/#breadcrumb\"},\"inLanguage\":\"pt-PT\",\"potentialAction\":[{\"@type\":\"ReadAction\",\"target\":[\"https:\/\/portaltela.pt\/noticias\/2026\/04\/28\/trump-acusa-chanceler-alemao-de-nao-saber-do-que-fala-ao-questionar-eua\/\"]}]},{\"@type\":\"ImageObject\",\"inLanguage\":\"pt-PT\",\"@id\":\"https:\/\/portaltela.pt\/noticias\/2026\/04\/28\/trump-acusa-chanceler-alemao-de-nao-saber-do-que-fala-ao-questionar-eua\/#primaryimage\",\"url\":\"https:\/\/portaltela.pt\/s.01k8rhncp4jt1\/2026\/04\/CACHE_780X1200_ANALOG_WATERMARKED_46997584_497511427370781.jpg\",\"contentUrl\":\"https:\/\/portaltela.pt\/s.01k8rhncp4jt1\/2026\/04\/CACHE_780X1200_ANALOG_WATERMARKED_46997584_497511427370781.jpg\",\"width\":768,\"height\":512,\"caption\":\"Ir\u00e3o: Trump diz que chanceler alem\u00e3o \u201cn\u00e3o sabe do que fala\u201d quando questiona EUA\"},{\"@type\":\"BreadcrumbList\",\"@id\":\"https:\/\/portaltela.pt\/noticias\/2026\/04\/28\/trump-acusa-chanceler-alemao-de-nao-saber-do-que-fala-ao-questionar-eua\/#breadcrumb\",\"itemListElement\":[{\"@type\":\"ListItem\",\"position\":1,\"name\":\"In\u00edcio\",\"item\":\"https:\/\/portaltela.pt\/\"},{\"@type\":\"ListItem\",\"position\":2,\"name\":\"Trump acusa chanceler alem\u00e3o de n\u00e3o saber do que fala ao questionar EUA\"}]},{\"@type\":\"WebSite\",\"@id\":\"https:\/\/portaltela.pt\/#website\",\"url\":\"https:\/\/portaltela.pt\/\",\"name\":\"Portal Tela Portugal\",\"description\":\"\",\"potentialAction\":[{\"@type\":\"SearchAction\",\"target\":{\"@type\":\"EntryPoint\",\"urlTemplate\":\"https:\/\/portaltela.pt\/?s={search_term_string}\"},\"query-input\":{\"@type\":\"PropertyValueSpecification\",\"valueRequired\":true,\"valueName\":\"search_term_string\"}}],\"inLanguage\":\"pt-PT\"},{\"@type\":\"Person\",\"@id\":\"https:\/\/portaltela.pt\/#\/schema\/person\/c4278d4a6028830caff9ee44b42d32ed\",\"name\":\"Telinha\",\"image\":{\"@type\":\"ImageObject\",\"inLanguage\":\"pt-PT\",\"@id\":\"https:\/\/portaltela.pt\/s.01k8rhncp4jt1\/2025\/11\/talking-bot-125x125.png\",\"url\":\"https:\/\/portaltela.pt\/s.01k8rhncp4jt1\/2025\/11\/talking-bot-125x125.png\",\"contentUrl\":\"https:\/\/portaltela.pt\/s.01k8rhncp4jt1\/2025\/11\/talking-bot-125x125.png\",\"caption\":\"Telinha\"},\"sameAs\":[\"https:\/\/portaltela.pt\/\"],\"url\":\"https:\/\/portaltela.pt\/por\/367410592786\/\"}]}<\/script>\n<!-- \/ Yoast SEO plugin. -->","yoast_head_json":{"title":"Trump acusa chanceler alem\u00e3o de n\u00e3o saber do que fala ao questionar EUA - Portal Tela Portugal","robots":{"index":"index","follow":"follow","max-snippet":"max-snippet:-1","max-image-preview":"max-image-preview:large","max-video-preview":"max-video-preview:-1"},"og_locale":"pt_PT","og_type":"article","og_title":"Trump acusa chanceler alem\u00e3o de n\u00e3o saber do que fala ao questionar EUA - Portal Tela Portugal","og_description":"O ex-presidente dos Estados Unidos, Donald Trump, afirmou que o chanceler alem\u00e3o \u201cn\u00e3o sabe do que fala\u201d ao questionar os EUA. A rea\u00e7\u00e3o foi publicada ap\u00f3s o chanceler alem\u00e3o ter questionado o papel dos EUA na pol\u00edtica internacional. O conte\u00fado completo da not\u00edcia est\u00e1 dispon\u00edvel apenas para subscritores.","og_url":"https:\/\/portaltela.pt\/noticias\/2026\/04\/28\/trump-acusa-chanceler-alemao-de-nao-saber-do-que-fala-ao-questionar-eua\/","og_site_name":"Portal Tela Portugal","article_published_time":"2026-04-28T19:48:12+00:00","author":"Telinha","twitter_card":"summary_large_image","twitter_misc":{"Escrito por":"Telinha"},"schema":{"@context":"https:\/\/schema.org","@graph":[{"@type":"Article","@id":"https:\/\/portaltela.pt\/noticias\/2026\/04\/28\/trump-acusa-chanceler-alemao-de-nao-saber-do-que-fala-ao-questionar-eua\/#article","isPartOf":{"@id":"https:\/\/portaltela.pt\/noticias\/2026\/04\/28\/trump-acusa-chanceler-alemao-de-nao-saber-do-que-fala-ao-questionar-eua\/"},"author":{"name":"Telinha","@id":"https:\/\/portaltela.pt\/#\/schema\/person\/c4278d4a6028830caff9ee44b42d32ed"},"headline":"Trump acusa chanceler alem\u00e3o de n\u00e3o saber do que fala ao questionar EUA","datePublished":"2026-04-28T19:48:12+00:00","mainEntityOfPage":{"@id":"https:\/\/portaltela.pt\/noticias\/2026\/04\/28\/trump-acusa-chanceler-alemao-de-nao-saber-do-que-fala-ao-questionar-eua\/"},"wordCount":97,"image":{"@id":"https:\/\/portaltela.pt\/noticias\/2026\/04\/28\/trump-acusa-chanceler-alemao-de-nao-saber-do-que-fala-ao-questionar-eua\/#primaryimage"},"thumbnailUrl":"https:\/\/portaltela.pt\/s.01k8rhncp4jt1\/2026\/04\/CACHE_780X1200_ANALOG_WATERMARKED_46997584_497511427370781.jpg","keywords":["Alemanha","Donald Trump","Estados Unidos","pol\u00edtica","pol\u00edtica externa","rela\u00e7\u00f5es internacionais"],"articleSection":["Internacionais","Pol\u00edtica"],"inLanguage":"pt-PT"},{"@type":"WebPage","@id":"https:\/\/portaltela.pt\/noticias\/2026\/04\/28\/trump-acusa-chanceler-alemao-de-nao-saber-do-que-fala-ao-questionar-eua\/","url":"https:\/\/portaltela.pt\/noticias\/2026\/04\/28\/trump-acusa-chanceler-alemao-de-nao-saber-do-que-fala-ao-questionar-eua\/","name":"Trump acusa chanceler alem\u00e3o de n\u00e3o saber do que fala ao questionar EUA - Portal Tela Portugal","isPartOf":{"@id":"https:\/\/portaltela.pt\/#website"},"primaryImageOfPage":{"@id":"https:\/\/portaltela.pt\/noticias\/2026\/04\/28\/trump-acusa-chanceler-alemao-de-nao-saber-do-que-fala-ao-questionar-eua\/#primaryimage"},"image":{"@id":"https:\/\/portaltela.pt\/noticias\/2026\/04\/28\/trump-acusa-chanceler-alemao-de-nao-saber-do-que-fala-ao-questionar-eua\/#primaryimage"},"thumbnailUrl":"https:\/\/portaltela.pt\/s.01k8rhncp4jt1\/2026\/04\/CACHE_780X1200_ANALOG_WATERMARKED_46997584_497511427370781.jpg","datePublished":"2026-04-28T19:48:12+00:00","author":{"@id":"https:\/\/portaltela.pt\/#\/schema\/person\/c4278d4a6028830caff9ee44b42d32ed"},"breadcrumb":{"@id":"https:\/\/portaltela.pt\/noticias\/2026\/04\/28\/trump-acusa-chanceler-alemao-de-nao-saber-do-que-fala-ao-questionar-eua\/#breadcrumb"},"inLanguage":"pt-PT","potentialAction":[{"@type":"ReadAction","target":["https:\/\/portaltela.pt\/noticias\/2026\/04\/28\/trump-acusa-chanceler-alemao-de-nao-saber-do-que-fala-ao-questionar-eua\/"]}]},{"@type":"ImageObject","inLanguage":"pt-PT","@id":"https:\/\/portaltela.pt\/noticias\/2026\/04\/28\/trump-acusa-chanceler-alemao-de-nao-saber-do-que-fala-ao-questionar-eua\/#primaryimage","url":"https:\/\/portaltela.pt\/s.01k8rhncp4jt1\/2026\/04\/CACHE_780X1200_ANALOG_WATERMARKED_46997584_497511427370781.jpg","contentUrl":"https:\/\/portaltela.pt\/s.01k8rhncp4jt1\/2026\/04\/CACHE_780X1200_ANALOG_WATERMARKED_46997584_497511427370781.jpg","width":768,"height":512,"caption":"Ir\u00e3o: Trump diz que chanceler alem\u00e3o \u201cn\u00e3o sabe do que fala\u201d quando questiona EUA"},{"@type":"BreadcrumbList","@id":"https:\/\/portaltela.pt\/noticias\/2026\/04\/28\/trump-acusa-chanceler-alemao-de-nao-saber-do-que-fala-ao-questionar-eua\/#breadcrumb","itemListElement":[{"@type":"ListItem","position":1,"name":"In\u00edcio","item":"https:\/\/portaltela.pt\/"},{"@type":"ListItem","position":2,"name":"Trump acusa chanceler alem\u00e3o de n\u00e3o saber do que fala ao questionar EUA"}]},{"@type":"WebSite","@id":"https:\/\/portaltela.pt\/#website","url":"https:\/\/portaltela.pt\/","name":"Portal Tela Portugal","description":"","potentialAction":[{"@type":"SearchAction","target":{"@type":"EntryPoint","urlTemplate":"https:\/\/portaltela.pt\/?s={search_term_string}"},"query-input":{"@type":"PropertyValueSpecification","valueRequired":true,"valueName":"search_term_string"}}],"inLanguage":"pt-PT"},{"@type":"Person","@id":"https:\/\/portaltela.pt\/#\/schema\/person\/c4278d4a6028830caff9ee44b42d32ed","name":"Telinha","image":{"@type":"ImageObject","inLanguage":"pt-PT","@id":"https:\/\/portaltela.pt\/s.01k8rhncp4jt1\/2025\/11\/talking-bot-125x125.png","url":"https:\/\/portaltela.pt\/s.01k8rhncp4jt1\/2025\/11\/talking-bot-125x125.png","contentUrl":"https:\/\/portaltela.pt\/s.01k8rhncp4jt1\/2025\/11\/talking-bot-125x125.png","caption":"Telinha"},"sameAs":["https:\/\/portaltela.pt\/"],"url":"https:\/\/portaltela.pt\/por\/367410592786\/"}]}},"_links":{"self":[{"href":"https:\/\/portaltela.pt\/api\/wp\/v2\/posts\/460422","targetHints":{"allow":["GET"]}}],"collection":[{"href":"https:\/\/portaltela.pt\/api\/wp\/v2\/posts"}],"about":[{"href":"https:\/\/portaltela.pt\/api\/wp\/v2\/types\/post"}],"author":[{"embeddable":true,"href":"https:\/\/portaltela.pt\/api\/wp\/v2\/users\/2"}],"replies":[{"embeddable":true,"href":"https:\/\/portaltela.pt\/api\/wp\/v2\/comments?post=460422"}],"version-history":[{"count":0,"href":"https:\/\/portaltela.pt\/api\/wp\/v2\/posts\/460422\/revisions"}],"wp:featuredmedia":[{"embeddable":true,"href":"https:\/\/portaltela.pt\/api\/wp\/v2\/media\/460427"}],"wp:attachment":[{"href":"https:\/\/portaltela.pt\/api\/wp\/v2\/media?parent=460422"}],"wp:term":[{"taxonomy":"category","embeddable":true,"href":"https:\/\/portaltela.pt\/api\/wp\/v2\/categories?post=460422"},{"taxonomy":"post_tag","embeddable":true,"href":"https:\/\/portaltela.pt\/api\/wp\/v2\/tags?post=460422"}],"curies":[{"name":"wp","href":"https:\/\/api.w.org\/{rel}","templated":true}]}}