{"id":460420,"date":"2026-04-28T16:48:10","date_gmt":"2026-04-28T19:48:10","guid":{"rendered":"https:\/\/portaltela.pt\/noticias\/2026\/04\/28\/inauguracao-de-data-center-reforca-soberania-digital-de-angola\/"},"modified":"2026-04-28T16:48:10","modified_gmt":"2026-04-28T19:48:10","slug":"inauguracao-de-data-center-reforca-soberania-digital-de-angola","status":"publish","type":"post","link":"https:\/\/portaltela.pt\/tecnologia\/2026\/04\/28\/inauguracao-de-data-center-reforca-soberania-digital-de-angola\/","title":{"rendered":"Inaugura\u00e7\u00e3o de data center refor\u00e7a soberania digital de Angola"},"content":{"rendered":"<p>Um novo Data Center foi inaugurado em Angola, com o objetivo de refor\u00e7ar a soberania digital do pa\u00eds, de acordo com o Governo. A cerim\u00f3nia foi anunciada pelo Executivo, mas a data exacta n\u00e3o foi detalhada neste comunicado.<\/p>\n<p>Segundo a nota oficial, a infraestrutura visa aumentar a autonomia em servi\u00e7os cr\u00edticos de dados e reduzir depend\u00eancias externas. O Governo sublinha a import\u00e2ncia estrat\u00e9gica para a seguran\u00e7a nacional e para a transforma\u00e7\u00e3o digital.<\/p>\n","protected":false},"excerpt":{"rendered":"<ul>\n<li>O governo de Angola anunciou a inaugura\u00e7\u00e3o de um data center para refor\u00e7ar a soberania digital do pa\u00eds.<\/li>\n<li>O objetivo \u00e9 aumentar a independ\u00eancia e a resili\u00eancia das infraestruturas de tecnologia da informa\u00e7\u00e3o angolanas.<\/li>\n<li>A not\u00edcia completa est\u00e1 dispon\u00edvel apenas para subscritores.<\/li>\n<li>O resumo apresenta apenas as informa\u00e7\u00f5es j\u00e1 divulgadas no corpo p\u00fablico.<\/li>\n<\/ul>\n","protected":false},"author":2,"featured_media":460424,"comment_status":"closed","ping_status":"closed","sticky":false,"template":"","format":"standard","meta":{"footnotes":""},"categories":[6716],"tags":[4837,8682,3908,5489,153,759],"class_list":["post-460420","post","type-post","status-publish","format-standard","has-post-thumbnail","hentry","category-tecnologia","tag-angola","tag-informacao-institucional","tag-seguranca-nacional","tag-soberania-nacional","tag-tecnologia","tag-transformacao-digital"],"yoast_head":"<!-- This site is optimized with the Yoast SEO plugin v27.2 - https:\/\/yoast.com\/product\/yoast-seo-wordpress\/ -->\n<title>Inaugura\u00e7\u00e3o de data center refor\u00e7a soberania digital de Angola - Portal Tela Portugal<\/title>\n<meta name=\"robots\" content=\"index, follow, max-snippet:-1, max-image-preview:large, max-video-preview:-1\" \/>\n<meta property=\"og:locale\" content=\"pt_PT\" \/>\n<meta property=\"og:type\" content=\"article\" \/>\n<meta property=\"og:title\" content=\"Inaugura\u00e7\u00e3o de data center refor\u00e7a soberania digital de Angola - Portal Tela Portugal\" \/>\n<meta property=\"og:description\" content=\"O governo de Angola anunciou a inaugura\u00e7\u00e3o de um data center para refor\u00e7ar a soberania digital do pa\u00eds. O objetivo \u00e9 aumentar a independ\u00eancia e a resili\u00eancia das infraestruturas de tecnologia da informa\u00e7\u00e3o angolanas. A not\u00edcia completa est\u00e1 dispon\u00edvel apenas para subscritores. O resumo apresenta apenas as informa\u00e7\u00f5es j\u00e1 divulgadas no corpo p\u00fablico.\" \/>\n<meta property=\"og:url\" content=\"https:\/\/portaltela.pt\/noticias\/2026\/04\/28\/inauguracao-de-data-center-reforca-soberania-digital-de-angola\/\" \/>\n<meta property=\"og:site_name\" content=\"Portal Tela Portugal\" \/>\n<meta property=\"article:published_time\" content=\"2026-04-28T19:48:10+00:00\" \/>\n<meta name=\"author\" content=\"Telinha\" \/>\n<meta name=\"twitter:card\" content=\"summary_large_image\" \/>\n<meta name=\"twitter:label1\" content=\"Escrito por\" \/>\n\t<meta name=\"twitter:data1\" content=\"Telinha\" \/>\n<script type=\"application\/ld+json\" class=\"yoast-schema-graph\">{\"@context\":\"https:\/\/schema.org\",\"@graph\":[{\"@type\":\"Article\",\"@id\":\"https:\/\/portaltela.pt\/noticias\/2026\/04\/28\/inauguracao-de-data-center-reforca-soberania-digital-de-angola\/#article\",\"isPartOf\":{\"@id\":\"https:\/\/portaltela.pt\/noticias\/2026\/04\/28\/inauguracao-de-data-center-reforca-soberania-digital-de-angola\/\"},\"author\":{\"name\":\"Telinha\",\"@id\":\"https:\/\/portaltela.pt\/#\/schema\/person\/c4278d4a6028830caff9ee44b42d32ed\"},\"headline\":\"Inaugura\u00e7\u00e3o de data center refor\u00e7a soberania digital de Angola\",\"datePublished\":\"2026-04-28T19:48:10+00:00\",\"mainEntityOfPage\":{\"@id\":\"https:\/\/portaltela.pt\/noticias\/2026\/04\/28\/inauguracao-de-data-center-reforca-soberania-digital-de-angola\/\"},\"wordCount\":94,\"image\":{\"@id\":\"https:\/\/portaltela.pt\/noticias\/2026\/04\/28\/inauguracao-de-data-center-reforca-soberania-digital-de-angola\/#primaryimage\"},\"thumbnailUrl\":\"https:\/\/portaltela.pt\/s.01k8rhncp4jt1\/2026\/04\/CACHE_780X1200_ANALOG_WATERMARKED_47009290_5911932_28042026032750.jpg\",\"keywords\":[\"Angola\",\"informa\u00e7\u00e3o institucional\",\"Seguran\u00e7a Nacional\",\"soberania nacional\",\"tecnologia\",\"transforma\u00e7\u00e3o digital\"],\"articleSection\":[\"Tecnologia\"],\"inLanguage\":\"pt-PT\"},{\"@type\":\"WebPage\",\"@id\":\"https:\/\/portaltela.pt\/noticias\/2026\/04\/28\/inauguracao-de-data-center-reforca-soberania-digital-de-angola\/\",\"url\":\"https:\/\/portaltela.pt\/noticias\/2026\/04\/28\/inauguracao-de-data-center-reforca-soberania-digital-de-angola\/\",\"name\":\"Inaugura\u00e7\u00e3o de data center refor\u00e7a soberania digital de Angola - Portal Tela Portugal\",\"isPartOf\":{\"@id\":\"https:\/\/portaltela.pt\/#website\"},\"primaryImageOfPage\":{\"@id\":\"https:\/\/portaltela.pt\/noticias\/2026\/04\/28\/inauguracao-de-data-center-reforca-soberania-digital-de-angola\/#primaryimage\"},\"image\":{\"@id\":\"https:\/\/portaltela.pt\/noticias\/2026\/04\/28\/inauguracao-de-data-center-reforca-soberania-digital-de-angola\/#primaryimage\"},\"thumbnailUrl\":\"https:\/\/portaltela.pt\/s.01k8rhncp4jt1\/2026\/04\/CACHE_780X1200_ANALOG_WATERMARKED_47009290_5911932_28042026032750.jpg\",\"datePublished\":\"2026-04-28T19:48:10+00:00\",\"author\":{\"@id\":\"https:\/\/portaltela.pt\/#\/schema\/person\/c4278d4a6028830caff9ee44b42d32ed\"},\"breadcrumb\":{\"@id\":\"https:\/\/portaltela.pt\/noticias\/2026\/04\/28\/inauguracao-de-data-center-reforca-soberania-digital-de-angola\/#breadcrumb\"},\"inLanguage\":\"pt-PT\",\"potentialAction\":[{\"@type\":\"ReadAction\",\"target\":[\"https:\/\/portaltela.pt\/noticias\/2026\/04\/28\/inauguracao-de-data-center-reforca-soberania-digital-de-angola\/\"]}]},{\"@type\":\"ImageObject\",\"inLanguage\":\"pt-PT\",\"@id\":\"https:\/\/portaltela.pt\/noticias\/2026\/04\/28\/inauguracao-de-data-center-reforca-soberania-digital-de-angola\/#primaryimage\",\"url\":\"https:\/\/portaltela.pt\/s.01k8rhncp4jt1\/2026\/04\/CACHE_780X1200_ANALOG_WATERMARKED_47009290_5911932_28042026032750.jpg\",\"contentUrl\":\"https:\/\/portaltela.pt\/s.01k8rhncp4jt1\/2026\/04\/CACHE_780X1200_ANALOG_WATERMARKED_47009290_5911932_28042026032750.jpg\",\"width\":768,\"height\":512,\"caption\":\"Inaugura\u00e7\u00e3o de Data Center refor\u00e7a soberania digital de Angola \u2013 Governo\"},{\"@type\":\"BreadcrumbList\",\"@id\":\"https:\/\/portaltela.pt\/noticias\/2026\/04\/28\/inauguracao-de-data-center-reforca-soberania-digital-de-angola\/#breadcrumb\",\"itemListElement\":[{\"@type\":\"ListItem\",\"position\":1,\"name\":\"In\u00edcio\",\"item\":\"https:\/\/portaltela.pt\/\"},{\"@type\":\"ListItem\",\"position\":2,\"name\":\"Inaugura\u00e7\u00e3o de data center refor\u00e7a soberania digital de Angola\"}]},{\"@type\":\"WebSite\",\"@id\":\"https:\/\/portaltela.pt\/#website\",\"url\":\"https:\/\/portaltela.pt\/\",\"name\":\"Portal Tela Portugal\",\"description\":\"\",\"potentialAction\":[{\"@type\":\"SearchAction\",\"target\":{\"@type\":\"EntryPoint\",\"urlTemplate\":\"https:\/\/portaltela.pt\/?s={search_term_string}\"},\"query-input\":{\"@type\":\"PropertyValueSpecification\",\"valueRequired\":true,\"valueName\":\"search_term_string\"}}],\"inLanguage\":\"pt-PT\"},{\"@type\":\"Person\",\"@id\":\"https:\/\/portaltela.pt\/#\/schema\/person\/c4278d4a6028830caff9ee44b42d32ed\",\"name\":\"Telinha\",\"image\":{\"@type\":\"ImageObject\",\"inLanguage\":\"pt-PT\",\"@id\":\"https:\/\/portaltela.pt\/s.01k8rhncp4jt1\/2025\/11\/talking-bot-125x125.png\",\"url\":\"https:\/\/portaltela.pt\/s.01k8rhncp4jt1\/2025\/11\/talking-bot-125x125.png\",\"contentUrl\":\"https:\/\/portaltela.pt\/s.01k8rhncp4jt1\/2025\/11\/talking-bot-125x125.png\",\"caption\":\"Telinha\"},\"sameAs\":[\"https:\/\/portaltela.pt\/\"],\"url\":\"https:\/\/portaltela.pt\/por\/367410592786\/\"}]}<\/script>\n<!-- \/ Yoast SEO plugin. -->","yoast_head_json":{"title":"Inaugura\u00e7\u00e3o de data center refor\u00e7a soberania digital de Angola - Portal Tela Portugal","robots":{"index":"index","follow":"follow","max-snippet":"max-snippet:-1","max-image-preview":"max-image-preview:large","max-video-preview":"max-video-preview:-1"},"og_locale":"pt_PT","og_type":"article","og_title":"Inaugura\u00e7\u00e3o de data center refor\u00e7a soberania digital de Angola - Portal Tela Portugal","og_description":"O governo de Angola anunciou a inaugura\u00e7\u00e3o de um data center para refor\u00e7ar a soberania digital do pa\u00eds. O objetivo \u00e9 aumentar a independ\u00eancia e a resili\u00eancia das infraestruturas de tecnologia da informa\u00e7\u00e3o angolanas. A not\u00edcia completa est\u00e1 dispon\u00edvel apenas para subscritores. O resumo apresenta apenas as informa\u00e7\u00f5es j\u00e1 divulgadas no corpo p\u00fablico.","og_url":"https:\/\/portaltela.pt\/noticias\/2026\/04\/28\/inauguracao-de-data-center-reforca-soberania-digital-de-angola\/","og_site_name":"Portal Tela Portugal","article_published_time":"2026-04-28T19:48:10+00:00","author":"Telinha","twitter_card":"summary_large_image","twitter_misc":{"Escrito por":"Telinha"},"schema":{"@context":"https:\/\/schema.org","@graph":[{"@type":"Article","@id":"https:\/\/portaltela.pt\/noticias\/2026\/04\/28\/inauguracao-de-data-center-reforca-soberania-digital-de-angola\/#article","isPartOf":{"@id":"https:\/\/portaltela.pt\/noticias\/2026\/04\/28\/inauguracao-de-data-center-reforca-soberania-digital-de-angola\/"},"author":{"name":"Telinha","@id":"https:\/\/portaltela.pt\/#\/schema\/person\/c4278d4a6028830caff9ee44b42d32ed"},"headline":"Inaugura\u00e7\u00e3o de data center refor\u00e7a soberania digital de Angola","datePublished":"2026-04-28T19:48:10+00:00","mainEntityOfPage":{"@id":"https:\/\/portaltela.pt\/noticias\/2026\/04\/28\/inauguracao-de-data-center-reforca-soberania-digital-de-angola\/"},"wordCount":94,"image":{"@id":"https:\/\/portaltela.pt\/noticias\/2026\/04\/28\/inauguracao-de-data-center-reforca-soberania-digital-de-angola\/#primaryimage"},"thumbnailUrl":"https:\/\/portaltela.pt\/s.01k8rhncp4jt1\/2026\/04\/CACHE_780X1200_ANALOG_WATERMARKED_47009290_5911932_28042026032750.jpg","keywords":["Angola","informa\u00e7\u00e3o institucional","Seguran\u00e7a Nacional","soberania nacional","tecnologia","transforma\u00e7\u00e3o digital"],"articleSection":["Tecnologia"],"inLanguage":"pt-PT"},{"@type":"WebPage","@id":"https:\/\/portaltela.pt\/noticias\/2026\/04\/28\/inauguracao-de-data-center-reforca-soberania-digital-de-angola\/","url":"https:\/\/portaltela.pt\/noticias\/2026\/04\/28\/inauguracao-de-data-center-reforca-soberania-digital-de-angola\/","name":"Inaugura\u00e7\u00e3o de data center refor\u00e7a soberania digital de Angola - Portal Tela Portugal","isPartOf":{"@id":"https:\/\/portaltela.pt\/#website"},"primaryImageOfPage":{"@id":"https:\/\/portaltela.pt\/noticias\/2026\/04\/28\/inauguracao-de-data-center-reforca-soberania-digital-de-angola\/#primaryimage"},"image":{"@id":"https:\/\/portaltela.pt\/noticias\/2026\/04\/28\/inauguracao-de-data-center-reforca-soberania-digital-de-angola\/#primaryimage"},"thumbnailUrl":"https:\/\/portaltela.pt\/s.01k8rhncp4jt1\/2026\/04\/CACHE_780X1200_ANALOG_WATERMARKED_47009290_5911932_28042026032750.jpg","datePublished":"2026-04-28T19:48:10+00:00","author":{"@id":"https:\/\/portaltela.pt\/#\/schema\/person\/c4278d4a6028830caff9ee44b42d32ed"},"breadcrumb":{"@id":"https:\/\/portaltela.pt\/noticias\/2026\/04\/28\/inauguracao-de-data-center-reforca-soberania-digital-de-angola\/#breadcrumb"},"inLanguage":"pt-PT","potentialAction":[{"@type":"ReadAction","target":["https:\/\/portaltela.pt\/noticias\/2026\/04\/28\/inauguracao-de-data-center-reforca-soberania-digital-de-angola\/"]}]},{"@type":"ImageObject","inLanguage":"pt-PT","@id":"https:\/\/portaltela.pt\/noticias\/2026\/04\/28\/inauguracao-de-data-center-reforca-soberania-digital-de-angola\/#primaryimage","url":"https:\/\/portaltela.pt\/s.01k8rhncp4jt1\/2026\/04\/CACHE_780X1200_ANALOG_WATERMARKED_47009290_5911932_28042026032750.jpg","contentUrl":"https:\/\/portaltela.pt\/s.01k8rhncp4jt1\/2026\/04\/CACHE_780X1200_ANALOG_WATERMARKED_47009290_5911932_28042026032750.jpg","width":768,"height":512,"caption":"Inaugura\u00e7\u00e3o de Data Center refor\u00e7a soberania digital de Angola \u2013 Governo"},{"@type":"BreadcrumbList","@id":"https:\/\/portaltela.pt\/noticias\/2026\/04\/28\/inauguracao-de-data-center-reforca-soberania-digital-de-angola\/#breadcrumb","itemListElement":[{"@type":"ListItem","position":1,"name":"In\u00edcio","item":"https:\/\/portaltela.pt\/"},{"@type":"ListItem","position":2,"name":"Inaugura\u00e7\u00e3o de data center refor\u00e7a soberania digital de Angola"}]},{"@type":"WebSite","@id":"https:\/\/portaltela.pt\/#website","url":"https:\/\/portaltela.pt\/","name":"Portal Tela Portugal","description":"","potentialAction":[{"@type":"SearchAction","target":{"@type":"EntryPoint","urlTemplate":"https:\/\/portaltela.pt\/?s={search_term_string}"},"query-input":{"@type":"PropertyValueSpecification","valueRequired":true,"valueName":"search_term_string"}}],"inLanguage":"pt-PT"},{"@type":"Person","@id":"https:\/\/portaltela.pt\/#\/schema\/person\/c4278d4a6028830caff9ee44b42d32ed","name":"Telinha","image":{"@type":"ImageObject","inLanguage":"pt-PT","@id":"https:\/\/portaltela.pt\/s.01k8rhncp4jt1\/2025\/11\/talking-bot-125x125.png","url":"https:\/\/portaltela.pt\/s.01k8rhncp4jt1\/2025\/11\/talking-bot-125x125.png","contentUrl":"https:\/\/portaltela.pt\/s.01k8rhncp4jt1\/2025\/11\/talking-bot-125x125.png","caption":"Telinha"},"sameAs":["https:\/\/portaltela.pt\/"],"url":"https:\/\/portaltela.pt\/por\/367410592786\/"}]}},"_links":{"self":[{"href":"https:\/\/portaltela.pt\/api\/wp\/v2\/posts\/460420","targetHints":{"allow":["GET"]}}],"collection":[{"href":"https:\/\/portaltela.pt\/api\/wp\/v2\/posts"}],"about":[{"href":"https:\/\/portaltela.pt\/api\/wp\/v2\/types\/post"}],"author":[{"embeddable":true,"href":"https:\/\/portaltela.pt\/api\/wp\/v2\/users\/2"}],"replies":[{"embeddable":true,"href":"https:\/\/portaltela.pt\/api\/wp\/v2\/comments?post=460420"}],"version-history":[{"count":0,"href":"https:\/\/portaltela.pt\/api\/wp\/v2\/posts\/460420\/revisions"}],"wp:featuredmedia":[{"embeddable":true,"href":"https:\/\/portaltela.pt\/api\/wp\/v2\/media\/460424"}],"wp:attachment":[{"href":"https:\/\/portaltela.pt\/api\/wp\/v2\/media?parent=460420"}],"wp:term":[{"taxonomy":"category","embeddable":true,"href":"https:\/\/portaltela.pt\/api\/wp\/v2\/categories?post=460420"},{"taxonomy":"post_tag","embeddable":true,"href":"https:\/\/portaltela.pt\/api\/wp\/v2\/tags?post=460420"}],"curies":[{"name":"wp","href":"https:\/\/api.w.org\/{rel}","templated":true}]}}