{"id":460410,"date":"2026-04-28T16:34:02","date_gmt":"2026-04-28T19:34:02","guid":{"rendered":"https:\/\/portaltela.pt\/noticias\/2026\/04\/28\/ac-viseu-campeao-da-liga-revelacao-pela-primeira-vez\/"},"modified":"2026-04-28T16:34:02","modified_gmt":"2026-04-28T19:34:02","slug":"ac-viseu-campeao-da-liga-revelacao-pela-primeira-vez","status":"publish","type":"post","link":"https:\/\/portaltela.pt\/desporto\/futebol\/2026\/04\/28\/ac-viseu-campeao-da-liga-revelacao-pela-primeira-vez\/","title":{"rendered":"Ac. Viseu campe\u00e3o da Liga Revela\u00e7\u00e3o pela primeira vez"},"content":{"rendered":"<p>O Acad\u00e9mico de Viseu sagrou-se esta ter\u00e7a-feira campe\u00e3o da Liga Revela\u00e7\u00e3o pela primeira vez, ao empatar 0-0 com o Leix\u00f5es, no Est\u00e1dio do Fontelo, na 14.\u00aa e \u00faltima jornada da fase de apuramento.<\/p>\n<p>Os viseenses terminaram com 32 pontos, mantendo a lideran\u00e7a, apenas um ponto acima do Famalic\u00e3o, que bateu o Benfica em casa por 2-1 e fechou em segundo.<\/p>\n<p>O t\u00edtulo sucede ao Torreense no palmar\u00e9s da Liga Revela\u00e7\u00e3o. O Estoril \u00e9 o clube com mais trof\u00e9us (3 em 7 edi\u00e7\u00f5es); Desportivo das Aves e Estrela da Amadora tamb\u00e9m j\u00e1 venceram a competi\u00e7\u00e3o, cada um com uma conquista.<\/p>\n","protected":false},"excerpt":{"rendered":"<ul>\n<li>O Acad\u00e9mico de Viseu tornou-se campe\u00e3o da Liga Revela\u00e7\u00e3o pela primeira vez, ao empatar 0-0 com Leix\u00f5es no Est\u00e1dio do Fontelo, na 14.\u00aa e \u00faltima jornada.<\/li>\n<li>Os viseenses mantiveram a lideran\u00e7a com 32 pontos, dois acima do Famalic\u00e3o, que venceu o Benfica por 2-1 e ficou em segundo.<\/li>\n<li>O t\u00edtulo sucede ao Torreense, clube que era o campe\u00e3o anterior da Liga Revela\u00e7\u00e3o.<\/li>\n<li>O Estoril \u00e9 o clube com mais trof\u00e9us na competi\u00e7\u00e3o de sub-23, com tr\u00eas t\u00edtulos em sete edi\u00e7\u00f5es; Desportivo das Aves e Estrela da Amadora j\u00e1 venceram uma vez cada.<\/li>\n<li>A Liga Revela\u00e7\u00e3o \u00e9 a competi\u00e7\u00e3o de refor\u00e7o de jogadores sub-23 organizada pela Associa\u00e7\u00e3o de Futebol.<\/li>\n<\/ul>\n","protected":false},"author":2,"featured_media":460414,"comment_status":"closed","ping_status":"closed","sticky":false,"template":"","format":"standard","meta":{"footnotes":""},"categories":[21,24],"tags":[8211,4143,152,32,1890,1786],"class_list":["post-460410","post","type-post","status-publish","format-standard","has-post-thumbnail","hentry","category-desporto","category-futebol","tag-_viseu","tag-1-liga","tag-desporto","tag-futebol","tag-leixoes","tag-liga"],"yoast_head":"<!-- This site is optimized with the Yoast SEO plugin v27.2 - https:\/\/yoast.com\/product\/yoast-seo-wordpress\/ -->\n<title>Ac. Viseu campe\u00e3o da Liga Revela\u00e7\u00e3o pela primeira vez - Portal Tela Portugal<\/title>\n<meta name=\"robots\" content=\"index, follow, max-snippet:-1, max-image-preview:large, max-video-preview:-1\" \/>\n<meta property=\"og:locale\" content=\"pt_PT\" \/>\n<meta property=\"og:type\" content=\"article\" \/>\n<meta property=\"og:title\" content=\"Ac. Viseu campe\u00e3o da Liga Revela\u00e7\u00e3o pela primeira vez - Portal Tela Portugal\" \/>\n<meta property=\"og:description\" content=\"O Acad\u00e9mico de Viseu tornou-se campe\u00e3o da Liga Revela\u00e7\u00e3o pela primeira vez, ao empatar 0-0 com Leix\u00f5es no Est\u00e1dio do Fontelo, na 14.\u00aa e \u00faltima jornada. Os viseenses mantiveram a lideran\u00e7a com 32 pontos, dois acima do Famalic\u00e3o, que venceu o Benfica por 2-1 e ficou em segundo. O t\u00edtulo sucede ao Torreense, clube que era o campe\u00e3o anterior da Liga Revela\u00e7\u00e3o. O Estoril \u00e9 o clube com mais trof\u00e9us na competi\u00e7\u00e3o de sub-23, com tr\u00eas t\u00edtulos em sete edi\u00e7\u00f5es; Desportivo das Aves e Estrela da Amadora j\u00e1 venceram uma vez cada. A Liga Revela\u00e7\u00e3o \u00e9 a competi\u00e7\u00e3o de refor\u00e7o de jogadores sub-23 organizada pela Associa\u00e7\u00e3o de Futebol.\" \/>\n<meta property=\"og:url\" content=\"https:\/\/portaltela.pt\/noticias\/2026\/04\/28\/ac-viseu-campeao-da-liga-revelacao-pela-primeira-vez\/\" \/>\n<meta property=\"og:site_name\" content=\"Portal Tela Portugal\" \/>\n<meta property=\"article:published_time\" content=\"2026-04-28T19:34:02+00:00\" \/>\n<meta name=\"author\" content=\"Telinha\" \/>\n<meta name=\"twitter:card\" content=\"summary_large_image\" \/>\n<meta name=\"twitter:label1\" content=\"Escrito por\" \/>\n\t<meta name=\"twitter:data1\" content=\"Telinha\" \/>\n\t<meta name=\"twitter:label2\" content=\"Tempo estimado de leitura\" \/>\n\t<meta name=\"twitter:data2\" content=\"1 minuto\" \/>\n<script type=\"application\/ld+json\" class=\"yoast-schema-graph\">{\"@context\":\"https:\/\/schema.org\",\"@graph\":[{\"@type\":\"Article\",\"@id\":\"https:\/\/portaltela.pt\/noticias\/2026\/04\/28\/ac-viseu-campeao-da-liga-revelacao-pela-primeira-vez\/#article\",\"isPartOf\":{\"@id\":\"https:\/\/portaltela.pt\/noticias\/2026\/04\/28\/ac-viseu-campeao-da-liga-revelacao-pela-primeira-vez\/\"},\"author\":{\"name\":\"Telinha\",\"@id\":\"https:\/\/portaltela.pt\/#\/schema\/person\/c4278d4a6028830caff9ee44b42d32ed\"},\"headline\":\"Ac. Viseu campe\u00e3o da Liga Revela\u00e7\u00e3o pela primeira vez\",\"datePublished\":\"2026-04-28T19:34:02+00:00\",\"mainEntityOfPage\":{\"@id\":\"https:\/\/portaltela.pt\/noticias\/2026\/04\/28\/ac-viseu-campeao-da-liga-revelacao-pela-primeira-vez\/\"},\"wordCount\":120,\"image\":{\"@id\":\"https:\/\/portaltela.pt\/noticias\/2026\/04\/28\/ac-viseu-campeao-da-liga-revelacao-pela-primeira-vez\/#primaryimage\"},\"thumbnailUrl\":\"https:\/\/portaltela.pt\/s.01k8rhncp4jt1\/2026\/04\/img_1200x721uu2026-04-28-20-26-32-2435806.jpg\",\"keywords\":[\"_Viseu\",\"1. Liga\",\"desporto\",\"futebol\",\"Leix\u00f5es\",\"Liga\"],\"articleSection\":[\"Desporto\",\"Futebol\"],\"inLanguage\":\"pt-PT\"},{\"@type\":\"WebPage\",\"@id\":\"https:\/\/portaltela.pt\/noticias\/2026\/04\/28\/ac-viseu-campeao-da-liga-revelacao-pela-primeira-vez\/\",\"url\":\"https:\/\/portaltela.pt\/noticias\/2026\/04\/28\/ac-viseu-campeao-da-liga-revelacao-pela-primeira-vez\/\",\"name\":\"Ac. Viseu campe\u00e3o da Liga Revela\u00e7\u00e3o pela primeira vez - Portal Tela Portugal\",\"isPartOf\":{\"@id\":\"https:\/\/portaltela.pt\/#website\"},\"primaryImageOfPage\":{\"@id\":\"https:\/\/portaltela.pt\/noticias\/2026\/04\/28\/ac-viseu-campeao-da-liga-revelacao-pela-primeira-vez\/#primaryimage\"},\"image\":{\"@id\":\"https:\/\/portaltela.pt\/noticias\/2026\/04\/28\/ac-viseu-campeao-da-liga-revelacao-pela-primeira-vez\/#primaryimage\"},\"thumbnailUrl\":\"https:\/\/portaltela.pt\/s.01k8rhncp4jt1\/2026\/04\/img_1200x721uu2026-04-28-20-26-32-2435806.jpg\",\"datePublished\":\"2026-04-28T19:34:02+00:00\",\"author\":{\"@id\":\"https:\/\/portaltela.pt\/#\/schema\/person\/c4278d4a6028830caff9ee44b42d32ed\"},\"breadcrumb\":{\"@id\":\"https:\/\/portaltela.pt\/noticias\/2026\/04\/28\/ac-viseu-campeao-da-liga-revelacao-pela-primeira-vez\/#breadcrumb\"},\"inLanguage\":\"pt-PT\",\"potentialAction\":[{\"@type\":\"ReadAction\",\"target\":[\"https:\/\/portaltela.pt\/noticias\/2026\/04\/28\/ac-viseu-campeao-da-liga-revelacao-pela-primeira-vez\/\"]}]},{\"@type\":\"ImageObject\",\"inLanguage\":\"pt-PT\",\"@id\":\"https:\/\/portaltela.pt\/noticias\/2026\/04\/28\/ac-viseu-campeao-da-liga-revelacao-pela-primeira-vez\/#primaryimage\",\"url\":\"https:\/\/portaltela.pt\/s.01k8rhncp4jt1\/2026\/04\/img_1200x721uu2026-04-28-20-26-32-2435806.jpg\",\"contentUrl\":\"https:\/\/portaltela.pt\/s.01k8rhncp4jt1\/2026\/04\/img_1200x721uu2026-04-28-20-26-32-2435806.jpg\",\"width\":796,\"height\":448,\"caption\":\"O momento em que o Ac. Viseu se sagrou campe\u00e3o da Liga Revela\u00e7\u00e3o\"},{\"@type\":\"BreadcrumbList\",\"@id\":\"https:\/\/portaltela.pt\/noticias\/2026\/04\/28\/ac-viseu-campeao-da-liga-revelacao-pela-primeira-vez\/#breadcrumb\",\"itemListElement\":[{\"@type\":\"ListItem\",\"position\":1,\"name\":\"In\u00edcio\",\"item\":\"https:\/\/portaltela.pt\/\"},{\"@type\":\"ListItem\",\"position\":2,\"name\":\"Ac. Viseu campe\u00e3o da Liga Revela\u00e7\u00e3o pela primeira vez\"}]},{\"@type\":\"WebSite\",\"@id\":\"https:\/\/portaltela.pt\/#website\",\"url\":\"https:\/\/portaltela.pt\/\",\"name\":\"Portal Tela Portugal\",\"description\":\"\",\"potentialAction\":[{\"@type\":\"SearchAction\",\"target\":{\"@type\":\"EntryPoint\",\"urlTemplate\":\"https:\/\/portaltela.pt\/?s={search_term_string}\"},\"query-input\":{\"@type\":\"PropertyValueSpecification\",\"valueRequired\":true,\"valueName\":\"search_term_string\"}}],\"inLanguage\":\"pt-PT\"},{\"@type\":\"Person\",\"@id\":\"https:\/\/portaltela.pt\/#\/schema\/person\/c4278d4a6028830caff9ee44b42d32ed\",\"name\":\"Telinha\",\"image\":{\"@type\":\"ImageObject\",\"inLanguage\":\"pt-PT\",\"@id\":\"https:\/\/portaltela.pt\/s.01k8rhncp4jt1\/2025\/11\/talking-bot-125x125.png\",\"url\":\"https:\/\/portaltela.pt\/s.01k8rhncp4jt1\/2025\/11\/talking-bot-125x125.png\",\"contentUrl\":\"https:\/\/portaltela.pt\/s.01k8rhncp4jt1\/2025\/11\/talking-bot-125x125.png\",\"caption\":\"Telinha\"},\"sameAs\":[\"https:\/\/portaltela.pt\/\"],\"url\":\"https:\/\/portaltela.pt\/por\/367410592786\/\"}]}<\/script>\n<!-- \/ Yoast SEO plugin. -->","yoast_head_json":{"title":"Ac. Viseu campe\u00e3o da Liga Revela\u00e7\u00e3o pela primeira vez - Portal Tela Portugal","robots":{"index":"index","follow":"follow","max-snippet":"max-snippet:-1","max-image-preview":"max-image-preview:large","max-video-preview":"max-video-preview:-1"},"og_locale":"pt_PT","og_type":"article","og_title":"Ac. Viseu campe\u00e3o da Liga Revela\u00e7\u00e3o pela primeira vez - Portal Tela Portugal","og_description":"O Acad\u00e9mico de Viseu tornou-se campe\u00e3o da Liga Revela\u00e7\u00e3o pela primeira vez, ao empatar 0-0 com Leix\u00f5es no Est\u00e1dio do Fontelo, na 14.\u00aa e \u00faltima jornada. Os viseenses mantiveram a lideran\u00e7a com 32 pontos, dois acima do Famalic\u00e3o, que venceu o Benfica por 2-1 e ficou em segundo. O t\u00edtulo sucede ao Torreense, clube que era o campe\u00e3o anterior da Liga Revela\u00e7\u00e3o. O Estoril \u00e9 o clube com mais trof\u00e9us na competi\u00e7\u00e3o de sub-23, com tr\u00eas t\u00edtulos em sete edi\u00e7\u00f5es; Desportivo das Aves e Estrela da Amadora j\u00e1 venceram uma vez cada. A Liga Revela\u00e7\u00e3o \u00e9 a competi\u00e7\u00e3o de refor\u00e7o de jogadores sub-23 organizada pela Associa\u00e7\u00e3o de Futebol.","og_url":"https:\/\/portaltela.pt\/noticias\/2026\/04\/28\/ac-viseu-campeao-da-liga-revelacao-pela-primeira-vez\/","og_site_name":"Portal Tela Portugal","article_published_time":"2026-04-28T19:34:02+00:00","author":"Telinha","twitter_card":"summary_large_image","twitter_misc":{"Escrito por":"Telinha","Tempo estimado de leitura":"1 minuto"},"schema":{"@context":"https:\/\/schema.org","@graph":[{"@type":"Article","@id":"https:\/\/portaltela.pt\/noticias\/2026\/04\/28\/ac-viseu-campeao-da-liga-revelacao-pela-primeira-vez\/#article","isPartOf":{"@id":"https:\/\/portaltela.pt\/noticias\/2026\/04\/28\/ac-viseu-campeao-da-liga-revelacao-pela-primeira-vez\/"},"author":{"name":"Telinha","@id":"https:\/\/portaltela.pt\/#\/schema\/person\/c4278d4a6028830caff9ee44b42d32ed"},"headline":"Ac. Viseu campe\u00e3o da Liga Revela\u00e7\u00e3o pela primeira vez","datePublished":"2026-04-28T19:34:02+00:00","mainEntityOfPage":{"@id":"https:\/\/portaltela.pt\/noticias\/2026\/04\/28\/ac-viseu-campeao-da-liga-revelacao-pela-primeira-vez\/"},"wordCount":120,"image":{"@id":"https:\/\/portaltela.pt\/noticias\/2026\/04\/28\/ac-viseu-campeao-da-liga-revelacao-pela-primeira-vez\/#primaryimage"},"thumbnailUrl":"https:\/\/portaltela.pt\/s.01k8rhncp4jt1\/2026\/04\/img_1200x721uu2026-04-28-20-26-32-2435806.jpg","keywords":["_Viseu","1. Liga","desporto","futebol","Leix\u00f5es","Liga"],"articleSection":["Desporto","Futebol"],"inLanguage":"pt-PT"},{"@type":"WebPage","@id":"https:\/\/portaltela.pt\/noticias\/2026\/04\/28\/ac-viseu-campeao-da-liga-revelacao-pela-primeira-vez\/","url":"https:\/\/portaltela.pt\/noticias\/2026\/04\/28\/ac-viseu-campeao-da-liga-revelacao-pela-primeira-vez\/","name":"Ac. Viseu campe\u00e3o da Liga Revela\u00e7\u00e3o pela primeira vez - Portal Tela Portugal","isPartOf":{"@id":"https:\/\/portaltela.pt\/#website"},"primaryImageOfPage":{"@id":"https:\/\/portaltela.pt\/noticias\/2026\/04\/28\/ac-viseu-campeao-da-liga-revelacao-pela-primeira-vez\/#primaryimage"},"image":{"@id":"https:\/\/portaltela.pt\/noticias\/2026\/04\/28\/ac-viseu-campeao-da-liga-revelacao-pela-primeira-vez\/#primaryimage"},"thumbnailUrl":"https:\/\/portaltela.pt\/s.01k8rhncp4jt1\/2026\/04\/img_1200x721uu2026-04-28-20-26-32-2435806.jpg","datePublished":"2026-04-28T19:34:02+00:00","author":{"@id":"https:\/\/portaltela.pt\/#\/schema\/person\/c4278d4a6028830caff9ee44b42d32ed"},"breadcrumb":{"@id":"https:\/\/portaltela.pt\/noticias\/2026\/04\/28\/ac-viseu-campeao-da-liga-revelacao-pela-primeira-vez\/#breadcrumb"},"inLanguage":"pt-PT","potentialAction":[{"@type":"ReadAction","target":["https:\/\/portaltela.pt\/noticias\/2026\/04\/28\/ac-viseu-campeao-da-liga-revelacao-pela-primeira-vez\/"]}]},{"@type":"ImageObject","inLanguage":"pt-PT","@id":"https:\/\/portaltela.pt\/noticias\/2026\/04\/28\/ac-viseu-campeao-da-liga-revelacao-pela-primeira-vez\/#primaryimage","url":"https:\/\/portaltela.pt\/s.01k8rhncp4jt1\/2026\/04\/img_1200x721uu2026-04-28-20-26-32-2435806.jpg","contentUrl":"https:\/\/portaltela.pt\/s.01k8rhncp4jt1\/2026\/04\/img_1200x721uu2026-04-28-20-26-32-2435806.jpg","width":796,"height":448,"caption":"O momento em que o Ac. Viseu se sagrou campe\u00e3o da Liga Revela\u00e7\u00e3o"},{"@type":"BreadcrumbList","@id":"https:\/\/portaltela.pt\/noticias\/2026\/04\/28\/ac-viseu-campeao-da-liga-revelacao-pela-primeira-vez\/#breadcrumb","itemListElement":[{"@type":"ListItem","position":1,"name":"In\u00edcio","item":"https:\/\/portaltela.pt\/"},{"@type":"ListItem","position":2,"name":"Ac. Viseu campe\u00e3o da Liga Revela\u00e7\u00e3o pela primeira vez"}]},{"@type":"WebSite","@id":"https:\/\/portaltela.pt\/#website","url":"https:\/\/portaltela.pt\/","name":"Portal Tela Portugal","description":"","potentialAction":[{"@type":"SearchAction","target":{"@type":"EntryPoint","urlTemplate":"https:\/\/portaltela.pt\/?s={search_term_string}"},"query-input":{"@type":"PropertyValueSpecification","valueRequired":true,"valueName":"search_term_string"}}],"inLanguage":"pt-PT"},{"@type":"Person","@id":"https:\/\/portaltela.pt\/#\/schema\/person\/c4278d4a6028830caff9ee44b42d32ed","name":"Telinha","image":{"@type":"ImageObject","inLanguage":"pt-PT","@id":"https:\/\/portaltela.pt\/s.01k8rhncp4jt1\/2025\/11\/talking-bot-125x125.png","url":"https:\/\/portaltela.pt\/s.01k8rhncp4jt1\/2025\/11\/talking-bot-125x125.png","contentUrl":"https:\/\/portaltela.pt\/s.01k8rhncp4jt1\/2025\/11\/talking-bot-125x125.png","caption":"Telinha"},"sameAs":["https:\/\/portaltela.pt\/"],"url":"https:\/\/portaltela.pt\/por\/367410592786\/"}]}},"_links":{"self":[{"href":"https:\/\/portaltela.pt\/api\/wp\/v2\/posts\/460410","targetHints":{"allow":["GET"]}}],"collection":[{"href":"https:\/\/portaltela.pt\/api\/wp\/v2\/posts"}],"about":[{"href":"https:\/\/portaltela.pt\/api\/wp\/v2\/types\/post"}],"author":[{"embeddable":true,"href":"https:\/\/portaltela.pt\/api\/wp\/v2\/users\/2"}],"replies":[{"embeddable":true,"href":"https:\/\/portaltela.pt\/api\/wp\/v2\/comments?post=460410"}],"version-history":[{"count":0,"href":"https:\/\/portaltela.pt\/api\/wp\/v2\/posts\/460410\/revisions"}],"wp:featuredmedia":[{"embeddable":true,"href":"https:\/\/portaltela.pt\/api\/wp\/v2\/media\/460414"}],"wp:attachment":[{"href":"https:\/\/portaltela.pt\/api\/wp\/v2\/media?parent=460410"}],"wp:term":[{"taxonomy":"category","embeddable":true,"href":"https:\/\/portaltela.pt\/api\/wp\/v2\/categories?post=460410"},{"taxonomy":"post_tag","embeddable":true,"href":"https:\/\/portaltela.pt\/api\/wp\/v2\/tags?post=460410"}],"curies":[{"name":"wp","href":"https:\/\/api.w.org\/{rel}","templated":true}]}}